{"id":45406,"date":"2018-07-30T13:19:51","date_gmt":"2018-07-30T11:19:51","guid":{"rendered":"https:\/\/www.sprachschule-aktiv-muenchen.de\/?p=45406"},"modified":"2022-10-02T07:44:56","modified_gmt":"2022-10-02T05:44:56","slug":"la-costruzione-della-frase-wann-warum-wie-e-wo-wohin-tekamolo","status":"publish","type":"post","link":"https:\/\/www.sprachschule-aktiv-muenchen.de\/it\/la-costruzione-della-frase-wann-warum-wie-e-wo-wohin-tekamolo\/","title":{"rendered":"La costruzione della frase: Wann, warum, wie e wo\/wohin &#8211; TeKaMoLo"},"content":{"rendered":"<h1><strong>La costruzione della frase: Wann, warum, wie e wo\/wohin &#8211; TeKaMoLo<\/strong><\/h1>\n<p>Wann (quando), warum (perch\u00e9), wie (come), wo (dove-stato in luogo) e wohin (dove-moto a luogo) hanno una posizione fissa nella frase tedesca. Tuttavia, non esiste una regola fissa, come sempre ci possono essere delle eccezioni. Le seguenti spiegazioni fungono da orientamento generale.<\/p>\n<h2><strong>Wann, warum, wie, wo, wohin \u2013 Grammatica ed esempi <\/strong><\/h2>\n<p><strong>Esempio: <\/strong><\/p>\n<p><strong>Thomas kommt heute wegen eines Streiks zu sp\u00e4t ins B\u00fcro. <\/strong><\/p>\n<p>Thomas oggi \u00e8 arrivato in ritardo in ufficio a causa di uno sciopero.<\/p>\n<p><strong>Thomas kommt heute (wann) wegen eines Streiks (warum) zu sp\u00e4t (wie) ins B\u00fcro (wo\/wohin)<\/strong><\/p>\n<p>Intendiamo quindi:<\/p>\n<ul>\n<li>Wann con un valore temporale \u2013 temporal-<\/li>\n<li>Warum con un valore causale \u2013kausal-<\/li>\n<li>Wie con un valore modale \u2013modal-<\/li>\n<li>Wo\/wohin con un valore locale \u2013 lokal-<\/li>\n<\/ul>\n<p>Regola generale: <strong>TeKaMoLo<\/strong><\/p>\n<p>Se tutti gli elementi sono presenti nella frase, vengono posizionati secondo questo ordine: in prima posizione l\u00b4elemento temporale, di seguito quello causale poi quello modale e infine il locale.<\/p>\n<a href=\"https:\/\/www.sprachschule-aktiv-muenchen.de\/it\/corsi-di-tedesco-a-monaco-di-baviera\/\"><img decoding=\"async\" class=\"alignnone size-full wp-image-53932\" src=\"https:\/\/www.sprachschule-aktiv-muenchen.de\/wp-content\/uploads\/2019\/08\/i-nostri-corsi-di-tedesco-a-monaco-di-baviera-1.jpg\" alt=\"I nostri corsi di tedesco a Monaco di Baviera\" width=\"300\" height=\"358\" srcset=\"https:\/\/www.sprachschule-aktiv-muenchen.de\/wp-content\/uploads\/2019\/08\/i-nostri-corsi-di-tedesco-a-monaco-di-baviera-1.jpg 300w, https:\/\/www.sprachschule-aktiv-muenchen.de\/wp-content\/uploads\/2019\/08\/i-nostri-corsi-di-tedesco-a-monaco-di-baviera-1-251x300.jpg 251w\" sizes=\"(max-width: 300px) 100vw, 300px\" \/><\/a>\n<h2><strong>Alternativa:<\/strong><\/h2>\n<p>Ovviamente \u00e8 possibile modificare l\u00b4ordine degli elementi nella frase, per esempio se si vuole dare enfasi a un aspetto piuttosto che a un altro.<\/p>\n<p>Nel seguente esempio vogliamo enfatizzare la causa quindi l\u00b4elemento causale- ci\u00f2 che risponde alla domanda Warum.<\/p>\n<p><strong>Esempio:<\/strong><\/p>\n<p><strong>Wegen eines Streiks kommt Thomas heute zu sp\u00e4t ins B\u00fcro.<\/strong><\/p>\n<p>Warum + wann + wie + wo\/wohin<\/p>\n<p>Kausal + temporal + modal + lokal<\/p>\n<p>Se un elemento passa in posizione 1, il soggetto si sposta in posizione 3 perch\u00e9 Il verbo deve sempre rimanere in posizione 2.<\/p>\n<h2><strong>TeKaMoLo con dativo e accusativo<\/strong><\/h2>\n<p>Se nella frase sono presenti elementi al dativo o all\u00b4accusativo, essi verranno inseriti tra un elemento e l\u2019altro della nostra costruzione detta TeKaMoLo:<\/p>\n<p><strong>Esempio: <\/strong><\/p>\n<p>Herr Meier hilft seiner Schwester am Samstag aus Geschwisterliebe gerne in ihrer Wohnung die W\u00e4nde zu streichen. (Il signor Meier sabato aiuta sua sorella a dipingere le pareti del suo appartamento per amore fraterno).<\/p>\n<ul>\n<li>seiner Schwester (dativo)<\/li>\n<li>am Samstag (wann-temporale)<\/li>\n<li>aus Geschwisterliebe (warum-causale)<\/li>\n<li>gerne (wie-modale)<\/li>\n<li>die W\u00e4nde (accusativo)<\/li>\n<li>in Ihrer Wohnung (wo\/wohin-locale)<\/li>\n<\/ul>\n<p>Per questo, come gi\u00e0 detto all\u00b4inizio, TeKaMoLo non \u00e8 una regola fissa al 100% ma pu\u00f2 essere variata secondo determinati criteri.<\/p>\n<p>Gi\u00e0 meglio, vero? Pi\u00f9 lezioni di tedesco farete, pi\u00f9 il vostro tedesco diventer\u00e0 scorrevole e automatico.<\/p>\n<p>Buona fortuna!<\/p>\n","protected":false},"excerpt":{"rendered":"<p>La costruzione della frase: Wann, warum, wie e wo\/wohin &#8211; TeKaMoLo Wann (quando), warum (perch\u00e9), wie (come), wo (dove-stato in luogo) e wohin (dove-moto a luogo) hanno una posizione fissa nella frase tedesca. Tuttavia, non esiste una regola fissa, come sempre ci possono essere delle eccezioni. Le seguenti spiegazioni fungono da orientamento generale. Wann, warum, [&hellip;]<\/p>\n","protected":false},"author":2,"featured_media":45407,"comment_status":"open","ping_status":"open","sticky":false,"template":"","format":"standard","meta":{"footnotes":""},"categories":[12],"tags":[],"class_list":["post-45406","post","type-post","status-publish","format-standard","has-post-thumbnail","hentry","category-impara-il-tedesco-gratis"],"yoast_head":"<!-- This site is optimized with the Yoast SEO plugin v27.1.1 - https:\/\/yoast.com\/product\/yoast-seo-wordpress\/ -->\n<title>La costruzione della frase: Wann, warum, wie e wo\/wohin<\/title>\n<meta name=\"description\" content=\"Wann (quando), warum (perch\u00e9), wie (come), wo (dove-stato in luogo) e wohin (dove-moto a luogo) hanno una posizione fissa nella frase tedesca.\" \/>\n<meta name=\"robots\" content=\"index, follow, max-snippet:-1, max-image-preview:large, max-video-preview:-1\" \/>\n<link rel=\"canonical\" href=\"https:\/\/www.sprachschule-aktiv-muenchen.de\/it\/la-costruzione-della-frase-wann-warum-wie-e-wo-wohin-tekamolo\/\" \/>\n<meta property=\"og:locale\" content=\"it_IT\" \/>\n<meta property=\"og:type\" content=\"article\" \/>\n<meta property=\"og:title\" content=\"La costruzione della frase: Wann, warum, wie e wo\/wohin\" \/>\n<meta property=\"og:description\" content=\"Wann (quando), warum (perch\u00e9), wie (come), wo (dove-stato in luogo) e wohin (dove-moto a luogo) hanno una posizione fissa nella frase tedesca.\" \/>\n<meta property=\"og:url\" content=\"https:\/\/www.sprachschule-aktiv-muenchen.de\/it\/la-costruzione-della-frase-wann-warum-wie-e-wo-wohin-tekamolo\/\" \/>\n<meta property=\"og:site_name\" content=\"Sprachschule Aktiv\" \/>\n<meta property=\"article:published_time\" content=\"2018-07-30T11:19:51+00:00\" \/>\n<meta property=\"article:modified_time\" content=\"2022-10-02T05:44:56+00:00\" \/>\n<meta property=\"og:image\" content=\"https:\/\/www.sprachschule-aktiv-muenchen.de\/wp-content\/uploads\/2018\/07\/la-costruzione-della-frase-wann-warum-wie-e-wo-wohin-tekamolo.jpg\" \/>\n\t<meta property=\"og:image:width\" content=\"600\" \/>\n\t<meta property=\"og:image:height\" content=\"352\" \/>\n\t<meta property=\"og:image:type\" content=\"image\/jpeg\" \/>\n<meta name=\"author\" content=\"Martin Polo\" \/>\n<meta name=\"twitter:card\" content=\"summary_large_image\" \/>\n<meta name=\"twitter:label1\" content=\"Scritto da\" \/>\n\t<meta name=\"twitter:data1\" content=\"Martin Polo\" \/>\n\t<meta name=\"twitter:label2\" content=\"Tempo di lettura stimato\" \/>\n\t<meta name=\"twitter:data2\" content=\"2 minuti\" \/>\n<script type=\"application\/ld+json\" class=\"yoast-schema-graph\">{\"@context\":\"https:\/\/schema.org\",\"@graph\":[{\"@type\":\"Article\",\"@id\":\"https:\/\/www.sprachschule-aktiv-muenchen.de\/it\/la-costruzione-della-frase-wann-warum-wie-e-wo-wohin-tekamolo\/#article\",\"isPartOf\":{\"@id\":\"https:\/\/www.sprachschule-aktiv-muenchen.de\/it\/la-costruzione-della-frase-wann-warum-wie-e-wo-wohin-tekamolo\/\"},\"author\":{\"name\":\"Martin Polo\",\"@id\":\"https:\/\/www.sprachschule-aktiv-muenchen.de\/#\/schema\/person\/a74a6322db9745fd586f7e97f1ee5724\"},\"headline\":\"La costruzione della frase: Wann, warum, wie e wo\/wohin &#8211; TeKaMoLo\",\"datePublished\":\"2018-07-30T11:19:51+00:00\",\"dateModified\":\"2022-10-02T05:44:56+00:00\",\"mainEntityOfPage\":{\"@id\":\"https:\/\/www.sprachschule-aktiv-muenchen.de\/it\/la-costruzione-della-frase-wann-warum-wie-e-wo-wohin-tekamolo\/\"},\"wordCount\":384,\"commentCount\":0,\"image\":{\"@id\":\"https:\/\/www.sprachschule-aktiv-muenchen.de\/it\/la-costruzione-della-frase-wann-warum-wie-e-wo-wohin-tekamolo\/#primaryimage\"},\"thumbnailUrl\":\"https:\/\/www.sprachschule-aktiv-muenchen.de\/wp-content\/uploads\/2018\/07\/la-costruzione-della-frase-wann-warum-wie-e-wo-wohin-tekamolo.jpg\",\"articleSection\":[\"Impara il tedesco gratis\"],\"inLanguage\":\"it-IT\"},{\"@type\":\"WebPage\",\"@id\":\"https:\/\/www.sprachschule-aktiv-muenchen.de\/it\/la-costruzione-della-frase-wann-warum-wie-e-wo-wohin-tekamolo\/\",\"url\":\"https:\/\/www.sprachschule-aktiv-muenchen.de\/it\/la-costruzione-della-frase-wann-warum-wie-e-wo-wohin-tekamolo\/\",\"name\":\"La costruzione della frase: Wann, warum, wie e wo\/wohin\",\"isPartOf\":{\"@id\":\"https:\/\/www.sprachschule-aktiv-muenchen.de\/#website\"},\"primaryImageOfPage\":{\"@id\":\"https:\/\/www.sprachschule-aktiv-muenchen.de\/it\/la-costruzione-della-frase-wann-warum-wie-e-wo-wohin-tekamolo\/#primaryimage\"},\"image\":{\"@id\":\"https:\/\/www.sprachschule-aktiv-muenchen.de\/it\/la-costruzione-della-frase-wann-warum-wie-e-wo-wohin-tekamolo\/#primaryimage\"},\"thumbnailUrl\":\"https:\/\/www.sprachschule-aktiv-muenchen.de\/wp-content\/uploads\/2018\/07\/la-costruzione-della-frase-wann-warum-wie-e-wo-wohin-tekamolo.jpg\",\"datePublished\":\"2018-07-30T11:19:51+00:00\",\"dateModified\":\"2022-10-02T05:44:56+00:00\",\"author\":{\"@id\":\"https:\/\/www.sprachschule-aktiv-muenchen.de\/#\/schema\/person\/a74a6322db9745fd586f7e97f1ee5724\"},\"description\":\"Wann (quando), warum (perch\u00e9), wie (come), wo (dove-stato in luogo) e wohin (dove-moto a luogo) hanno una posizione fissa nella frase tedesca.\",\"breadcrumb\":{\"@id\":\"https:\/\/www.sprachschule-aktiv-muenchen.de\/it\/la-costruzione-della-frase-wann-warum-wie-e-wo-wohin-tekamolo\/#breadcrumb\"},\"inLanguage\":\"it-IT\",\"potentialAction\":[{\"@type\":\"ReadAction\",\"target\":[\"https:\/\/www.sprachschule-aktiv-muenchen.de\/it\/la-costruzione-della-frase-wann-warum-wie-e-wo-wohin-tekamolo\/\"]}]},{\"@type\":\"ImageObject\",\"inLanguage\":\"it-IT\",\"@id\":\"https:\/\/www.sprachschule-aktiv-muenchen.de\/it\/la-costruzione-della-frase-wann-warum-wie-e-wo-wohin-tekamolo\/#primaryimage\",\"url\":\"https:\/\/www.sprachschule-aktiv-muenchen.de\/wp-content\/uploads\/2018\/07\/la-costruzione-della-frase-wann-warum-wie-e-wo-wohin-tekamolo.jpg\",\"contentUrl\":\"https:\/\/www.sprachschule-aktiv-muenchen.de\/wp-content\/uploads\/2018\/07\/la-costruzione-della-frase-wann-warum-wie-e-wo-wohin-tekamolo.jpg\",\"width\":\"600\",\"height\":\"352\",\"caption\":\"La costruzione della frase: Wann, warum, wie e wo\/wohin - TeKaMoLo\"},{\"@type\":\"BreadcrumbList\",\"@id\":\"https:\/\/www.sprachschule-aktiv-muenchen.de\/it\/la-costruzione-della-frase-wann-warum-wie-e-wo-wohin-tekamolo\/#breadcrumb\",\"itemListElement\":[{\"@type\":\"ListItem\",\"position\":1,\"name\":\"Portada\",\"item\":\"https:\/\/www.sprachschule-aktiv-muenchen.de\/it\/\"},{\"@type\":\"ListItem\",\"position\":2,\"name\":\"La costruzione della frase: Wann, warum, wie e wo\/wohin &#8211; TeKaMoLo\"}]},{\"@type\":\"WebSite\",\"@id\":\"https:\/\/www.sprachschule-aktiv-muenchen.de\/#website\",\"url\":\"https:\/\/www.sprachschule-aktiv-muenchen.de\/\",\"name\":\"Sprachschule Aktiv\",\"description\":\"\",\"potentialAction\":[{\"@type\":\"SearchAction\",\"target\":{\"@type\":\"EntryPoint\",\"urlTemplate\":\"https:\/\/www.sprachschule-aktiv-muenchen.de\/?s={search_term_string}\"},\"query-input\":{\"@type\":\"PropertyValueSpecification\",\"valueRequired\":true,\"valueName\":\"search_term_string\"}}],\"inLanguage\":\"it-IT\"},{\"@type\":\"Person\",\"@id\":\"https:\/\/www.sprachschule-aktiv-muenchen.de\/#\/schema\/person\/a74a6322db9745fd586f7e97f1ee5724\",\"name\":\"Martin Polo\",\"image\":{\"@type\":\"ImageObject\",\"inLanguage\":\"it-IT\",\"@id\":\"https:\/\/www.sprachschule-aktiv-muenchen.de\/#\/schema\/person\/image\/\",\"url\":\"https:\/\/secure.gravatar.com\/avatar\/2cbe6176b6be8b122284c50d9e7a11af9502529eae284fd73534defd313e4152?s=96&d=mm&r=g\",\"contentUrl\":\"https:\/\/secure.gravatar.com\/avatar\/2cbe6176b6be8b122284c50d9e7a11af9502529eae284fd73534defd313e4152?s=96&d=mm&r=g\",\"caption\":\"Martin Polo\"}}]}<\/script>\n<!-- \/ Yoast SEO plugin. -->","yoast_head_json":{"title":"La costruzione della frase: Wann, warum, wie e wo\/wohin","description":"Wann (quando), warum (perch\u00e9), wie (come), wo (dove-stato in luogo) e wohin (dove-moto a luogo) hanno una posizione fissa nella frase tedesca.","robots":{"index":"index","follow":"follow","max-snippet":"max-snippet:-1","max-image-preview":"max-image-preview:large","max-video-preview":"max-video-preview:-1"},"canonical":"https:\/\/www.sprachschule-aktiv-muenchen.de\/it\/la-costruzione-della-frase-wann-warum-wie-e-wo-wohin-tekamolo\/","og_locale":"it_IT","og_type":"article","og_title":"La costruzione della frase: Wann, warum, wie e wo\/wohin","og_description":"Wann (quando), warum (perch\u00e9), wie (come), wo (dove-stato in luogo) e wohin (dove-moto a luogo) hanno una posizione fissa nella frase tedesca.","og_url":"https:\/\/www.sprachschule-aktiv-muenchen.de\/it\/la-costruzione-della-frase-wann-warum-wie-e-wo-wohin-tekamolo\/","og_site_name":"Sprachschule Aktiv","article_published_time":"2018-07-30T11:19:51+00:00","article_modified_time":"2022-10-02T05:44:56+00:00","og_image":[{"width":600,"height":352,"url":"https:\/\/www.sprachschule-aktiv-muenchen.de\/wp-content\/uploads\/2018\/07\/la-costruzione-della-frase-wann-warum-wie-e-wo-wohin-tekamolo.jpg","type":"image\/jpeg"}],"author":"Martin Polo","twitter_card":"summary_large_image","twitter_misc":{"Scritto da":"Martin Polo","Tempo di lettura stimato":"2 minuti"},"schema":{"@context":"https:\/\/schema.org","@graph":[{"@type":"Article","@id":"https:\/\/www.sprachschule-aktiv-muenchen.de\/it\/la-costruzione-della-frase-wann-warum-wie-e-wo-wohin-tekamolo\/#article","isPartOf":{"@id":"https:\/\/www.sprachschule-aktiv-muenchen.de\/it\/la-costruzione-della-frase-wann-warum-wie-e-wo-wohin-tekamolo\/"},"author":{"name":"Martin Polo","@id":"https:\/\/www.sprachschule-aktiv-muenchen.de\/#\/schema\/person\/a74a6322db9745fd586f7e97f1ee5724"},"headline":"La costruzione della frase: Wann, warum, wie e wo\/wohin &#8211; TeKaMoLo","datePublished":"2018-07-30T11:19:51+00:00","dateModified":"2022-10-02T05:44:56+00:00","mainEntityOfPage":{"@id":"https:\/\/www.sprachschule-aktiv-muenchen.de\/it\/la-costruzione-della-frase-wann-warum-wie-e-wo-wohin-tekamolo\/"},"wordCount":384,"commentCount":0,"image":{"@id":"https:\/\/www.sprachschule-aktiv-muenchen.de\/it\/la-costruzione-della-frase-wann-warum-wie-e-wo-wohin-tekamolo\/#primaryimage"},"thumbnailUrl":"https:\/\/www.sprachschule-aktiv-muenchen.de\/wp-content\/uploads\/2018\/07\/la-costruzione-della-frase-wann-warum-wie-e-wo-wohin-tekamolo.jpg","articleSection":["Impara il tedesco gratis"],"inLanguage":"it-IT"},{"@type":"WebPage","@id":"https:\/\/www.sprachschule-aktiv-muenchen.de\/it\/la-costruzione-della-frase-wann-warum-wie-e-wo-wohin-tekamolo\/","url":"https:\/\/www.sprachschule-aktiv-muenchen.de\/it\/la-costruzione-della-frase-wann-warum-wie-e-wo-wohin-tekamolo\/","name":"La costruzione della frase: Wann, warum, wie e wo\/wohin","isPartOf":{"@id":"https:\/\/www.sprachschule-aktiv-muenchen.de\/#website"},"primaryImageOfPage":{"@id":"https:\/\/www.sprachschule-aktiv-muenchen.de\/it\/la-costruzione-della-frase-wann-warum-wie-e-wo-wohin-tekamolo\/#primaryimage"},"image":{"@id":"https:\/\/www.sprachschule-aktiv-muenchen.de\/it\/la-costruzione-della-frase-wann-warum-wie-e-wo-wohin-tekamolo\/#primaryimage"},"thumbnailUrl":"https:\/\/www.sprachschule-aktiv-muenchen.de\/wp-content\/uploads\/2018\/07\/la-costruzione-della-frase-wann-warum-wie-e-wo-wohin-tekamolo.jpg","datePublished":"2018-07-30T11:19:51+00:00","dateModified":"2022-10-02T05:44:56+00:00","author":{"@id":"https:\/\/www.sprachschule-aktiv-muenchen.de\/#\/schema\/person\/a74a6322db9745fd586f7e97f1ee5724"},"description":"Wann (quando), warum (perch\u00e9), wie (come), wo (dove-stato in luogo) e wohin (dove-moto a luogo) hanno una posizione fissa nella frase tedesca.","breadcrumb":{"@id":"https:\/\/www.sprachschule-aktiv-muenchen.de\/it\/la-costruzione-della-frase-wann-warum-wie-e-wo-wohin-tekamolo\/#breadcrumb"},"inLanguage":"it-IT","potentialAction":[{"@type":"ReadAction","target":["https:\/\/www.sprachschule-aktiv-muenchen.de\/it\/la-costruzione-della-frase-wann-warum-wie-e-wo-wohin-tekamolo\/"]}]},{"@type":"ImageObject","inLanguage":"it-IT","@id":"https:\/\/www.sprachschule-aktiv-muenchen.de\/it\/la-costruzione-della-frase-wann-warum-wie-e-wo-wohin-tekamolo\/#primaryimage","url":"https:\/\/www.sprachschule-aktiv-muenchen.de\/wp-content\/uploads\/2018\/07\/la-costruzione-della-frase-wann-warum-wie-e-wo-wohin-tekamolo.jpg","contentUrl":"https:\/\/www.sprachschule-aktiv-muenchen.de\/wp-content\/uploads\/2018\/07\/la-costruzione-della-frase-wann-warum-wie-e-wo-wohin-tekamolo.jpg","width":"600","height":"352","caption":"La costruzione della frase: Wann, warum, wie e wo\/wohin - TeKaMoLo"},{"@type":"BreadcrumbList","@id":"https:\/\/www.sprachschule-aktiv-muenchen.de\/it\/la-costruzione-della-frase-wann-warum-wie-e-wo-wohin-tekamolo\/#breadcrumb","itemListElement":[{"@type":"ListItem","position":1,"name":"Portada","item":"https:\/\/www.sprachschule-aktiv-muenchen.de\/it\/"},{"@type":"ListItem","position":2,"name":"La costruzione della frase: Wann, warum, wie e wo\/wohin &#8211; TeKaMoLo"}]},{"@type":"WebSite","@id":"https:\/\/www.sprachschule-aktiv-muenchen.de\/#website","url":"https:\/\/www.sprachschule-aktiv-muenchen.de\/","name":"Sprachschule Aktiv","description":"","potentialAction":[{"@type":"SearchAction","target":{"@type":"EntryPoint","urlTemplate":"https:\/\/www.sprachschule-aktiv-muenchen.de\/?s={search_term_string}"},"query-input":{"@type":"PropertyValueSpecification","valueRequired":true,"valueName":"search_term_string"}}],"inLanguage":"it-IT"},{"@type":"Person","@id":"https:\/\/www.sprachschule-aktiv-muenchen.de\/#\/schema\/person\/a74a6322db9745fd586f7e97f1ee5724","name":"Martin Polo","image":{"@type":"ImageObject","inLanguage":"it-IT","@id":"https:\/\/www.sprachschule-aktiv-muenchen.de\/#\/schema\/person\/image\/","url":"https:\/\/secure.gravatar.com\/avatar\/2cbe6176b6be8b122284c50d9e7a11af9502529eae284fd73534defd313e4152?s=96&d=mm&r=g","contentUrl":"https:\/\/secure.gravatar.com\/avatar\/2cbe6176b6be8b122284c50d9e7a11af9502529eae284fd73534defd313e4152?s=96&d=mm&r=g","caption":"Martin Polo"}}]}},"_links":{"self":[{"href":"https:\/\/www.sprachschule-aktiv-muenchen.de\/it\/wp-json\/wp\/v2\/posts\/45406","targetHints":{"allow":["GET"]}}],"collection":[{"href":"https:\/\/www.sprachschule-aktiv-muenchen.de\/it\/wp-json\/wp\/v2\/posts"}],"about":[{"href":"https:\/\/www.sprachschule-aktiv-muenchen.de\/it\/wp-json\/wp\/v2\/types\/post"}],"author":[{"embeddable":true,"href":"https:\/\/www.sprachschule-aktiv-muenchen.de\/it\/wp-json\/wp\/v2\/users\/2"}],"replies":[{"embeddable":true,"href":"https:\/\/www.sprachschule-aktiv-muenchen.de\/it\/wp-json\/wp\/v2\/comments?post=45406"}],"version-history":[{"count":2,"href":"https:\/\/www.sprachschule-aktiv-muenchen.de\/it\/wp-json\/wp\/v2\/posts\/45406\/revisions"}],"predecessor-version":[{"id":72117,"href":"https:\/\/www.sprachschule-aktiv-muenchen.de\/it\/wp-json\/wp\/v2\/posts\/45406\/revisions\/72117"}],"wp:featuredmedia":[{"embeddable":true,"href":"https:\/\/www.sprachschule-aktiv-muenchen.de\/it\/wp-json\/wp\/v2\/media\/45407"}],"wp:attachment":[{"href":"https:\/\/www.sprachschule-aktiv-muenchen.de\/it\/wp-json\/wp\/v2\/media?parent=45406"}],"wp:term":[{"taxonomy":"category","embeddable":true,"href":"https:\/\/www.sprachschule-aktiv-muenchen.de\/it\/wp-json\/wp\/v2\/categories?post=45406"},{"taxonomy":"post_tag","embeddable":true,"href":"https:\/\/www.sprachschule-aktiv-muenchen.de\/it\/wp-json\/wp\/v2\/tags?post=45406"}],"curies":[{"name":"wp","href":"https:\/\/api.w.org\/{rel}","templated":true}]}}