{"id":42269,"date":"2018-02-08T14:52:41","date_gmt":"2018-02-08T13:52:41","guid":{"rendered":"https:\/\/www.sprachschule-aktiv-muenchen.de\/?p=42269"},"modified":"2019-12-20T16:53:45","modified_gmt":"2019-12-20T15:53:45","slug":"il-dativo-spiegazione-forme-funzione-utilizzo","status":"publish","type":"post","link":"https:\/\/www.sprachschule-aktiv-muenchen.de\/it\/il-dativo-spiegazione-forme-funzione-utilizzo\/","title":{"rendered":"Il Dativo \u2013 spiegazione, forme, funzione, utilizzo"},"content":{"rendered":"<h1><strong>Il Dativo in tedesco \u2013 spiegazione, forme, funzione, utilizzo<\/strong><\/h1>\n<h2><strong>Funzione<\/strong><\/h2>\n<p>In tedesco i vari elementi della frase ( soggetto, complemento oggetto ecc) possono avere diverse posizioni. Per capire chi esegue un\u2019azione e chi invece la \u201criceve\u201d, in tedesco esistono i 4 casi. Il nominativo indica il soggetto, quindi chi esegue un\u2019azione. Il genitivo serve ad esprimere rapporti di possesso e di appartenenza ma viene spesso sostituito dalla preposizione \u201cvon\u201d che regge il caso dativo. Il dativo e l\u2019accusativo vengono utilizzati per identificare l\u2019oggetto di una frase. Ci potranno essere molti complementi ma sempre solo un soggetto! Solitamente il dativo indica una persona. Il pronome interrogativo al caso dativo \u00e8 \u201cwem?\u201d. L\u2019oggetto che sta al dativo viene spesso chiamato complemento indiretto. <span class=\"tlid-translation translation\" lang=\"it\"><span class=\"\" title=\"\">Leggi il nostro blog qui<\/span><\/span>: Il Dativo in tedesco \u2013 spiegazione<strong>,<\/strong> forme, funzione, utilizzo.<\/p>\n<a href=\"https:\/\/www.sprachschule-aktiv-muenchen.de\/it\/corsi-di-tedesco-a-monaco-di-baviera\/\"><img decoding=\"async\" class=\"alignnone size-full wp-image-53932\" src=\"https:\/\/www.sprachschule-aktiv-muenchen.de\/wp-content\/uploads\/2019\/08\/i-nostri-corsi-di-tedesco-a-monaco-di-baviera-1.jpg\" alt=\"I nostri corsi di tedesco a Monaco di Baviera\" width=\"300\" height=\"358\" srcset=\"https:\/\/www.sprachschule-aktiv-muenchen.de\/wp-content\/uploads\/2019\/08\/i-nostri-corsi-di-tedesco-a-monaco-di-baviera-1.jpg 300w, https:\/\/www.sprachschule-aktiv-muenchen.de\/wp-content\/uploads\/2019\/08\/i-nostri-corsi-di-tedesco-a-monaco-di-baviera-1-251x300.jpg 251w\" sizes=\"(max-width: 300px) 100vw, 300px\" \/><\/a>\n<h2><strong>Forme\u00a0<\/strong><strong>Articoli<\/strong><\/h2>\n<table width=\"500\">\n<tbody>\n<tr>\n<td><\/td>\n<td>Articolo determinativo<\/td>\n<td>Articolo indeterminativo<\/td>\n<td>Articolo negativo, possessivo ecc.<\/td>\n<\/tr>\n<tr>\n<td>Maschile<\/td>\n<td>dem Mann<\/td>\n<td>einem Mann<\/td>\n<td>keinem Mann<\/td>\n<\/tr>\n<tr>\n<td>Femminile<\/td>\n<td>der Frau<\/td>\n<td>einer Frau<\/td>\n<td>keiner Frau<\/td>\n<\/tr>\n<tr>\n<td>Neutro<\/td>\n<td>dem Kind<\/td>\n<td>einem Kind<\/td>\n<td>keinem Kind<\/td>\n<\/tr>\n<tr>\n<td>Plurale<\/td>\n<td>den Leuten<\/td>\n<td>Leuten<\/td>\n<td>keinen Leuten<\/td>\n<\/tr>\n<\/tbody>\n<\/table>\n<p>Anche gli aggettivi sono al dativo e devono essere declinati a seconda che siano preceduti da un articolo determinativo, indeterminativo ecc.<\/p>\n<p>Normalmente i nomi non subiscono variazioni, eccezion fatta per il caso genitivo. Esistono tuttavia alcuni nomi maschili che aggiungono la desinenza \u2013n o \u2013en al dativo.<\/p>\n<p>Nomi maschili che finiscono in -e: der Junge \u2013 dem Jungen<\/p>\n<p>Nomi maschili che finiscono in -ent: der Student \u2013 dem Studenten<\/p>\n<p>Eccezioni sono anche: der Herr \u2013 dem Herren, der Mensch \u2013 dem Menschen<\/p>\n<p>Bisogna fare per\u00f2 attenzione al plurale: se la parola al singolare non termina in \u2013n o in \u2013s, al plurale aggiunge la desinenza \u2013n: die Lehrer \u2013 den Lehrern!<\/p>\n<h2><strong>Pronomi al dativo-\u00a0pronomi possessivi<\/strong><\/h2>\n<table width=\"500\">\n<tbody>\n<tr>\n<td><\/td>\n<td>Pronomi personali<\/td>\n<td>maschile\/ neutro<\/td>\n<td>Femminile<\/td>\n<td>Plurale<\/td>\n<\/tr>\n<tr>\n<td>1. Persona Sg.<\/td>\n<td>mir<\/td>\n<td>meinem<\/td>\n<td>meiner<\/td>\n<td>meinen<\/td>\n<\/tr>\n<tr>\n<td>2. Persona Sg.<\/td>\n<td>dir<\/td>\n<td>deinem<\/td>\n<td>deiner<\/td>\n<td>deinen<\/td>\n<\/tr>\n<tr>\n<td>3. Persona Sg. (m)<\/td>\n<td>ihm<\/td>\n<td>seinem<\/td>\n<td>seiner<\/td>\n<td>seinen<\/td>\n<\/tr>\n<tr>\n<td>3. Persona Sg. (f)<\/td>\n<td>ihr<\/td>\n<td>ihrem<\/td>\n<td>ihrer<\/td>\n<td>ihren<\/td>\n<\/tr>\n<tr>\n<td>3. Persona Sg. (n)<\/td>\n<td>ihm<\/td>\n<td>seinem<\/td>\n<td>seiner<\/td>\n<td>seinen<\/td>\n<\/tr>\n<tr>\n<td>1. Persona Pl.<\/td>\n<td>uns<\/td>\n<td>unserem<\/td>\n<td>unserer<\/td>\n<td>unseren<\/td>\n<\/tr>\n<tr>\n<td>2. Persona Pl.<\/td>\n<td>euch<\/td>\n<td>eurem<\/td>\n<td>eurer<\/td>\n<td>euren<\/td>\n<\/tr>\n<tr>\n<td>3. Persona Pl.<\/td>\n<td>ihnen\/Ihnen<\/td>\n<td>ihrem\/Ihrem<\/td>\n<td>ihrer\/Ihrer<\/td>\n<td>ihren\/Ihren<\/td>\n<\/tr>\n<\/tbody>\n<\/table>\n<h2><strong>Utilizzo del dativo<\/strong><\/h2>\n<p>\u201eQuando devo utilizzare il dativo?\u201c Per rispondere a questa domanda ti diamo quattro suggerimenti:<\/p>\n<p><strong>Verbi<\/strong><\/p>\n<p>In tedesco \u00e8 il verbo che determina il caso del complemento. Questo significa che ci sono alcuni verbi che richiedono la presenza del caso dativo. Tali verbi costituiscono un gruppo pi\u00f9 piccolo rispetto a quello dei verbi che reggono l\u2019accusativo, per questo si possono imparare a memoria i verbi pi\u00f9 diffusi. Tali verbi sono per esempio:<\/p>\n<p>Helfen ( aiutare), gefallen ( piacere), passen ( andare bene), danken ( ringraziare), antworten ( rispondere), vertrauen ( fidarsi), n\u00fctzen ( servire), weh tun ( far male), gratulieren ( congratularsi), geh\u00f6ren ( appartenere), schmecken ( piacere a), passieren ( succedere), zuh\u00f6ren ( ascoltare), widersprechen (contraddire) etc.<\/p>\n<p>Alcuni verbi hanno bisogno di due complementi, come per \u201eschenken\u201d. In questo caso \u00e8 sempre la persona ad essere al caso dativo. \u201eIch schenke dem Kind den Ball.\u201c<\/p>\n<p><strong>Preposizioni<\/strong><\/p>\n<p>Ci sono anche preposizioni che reggono il caso dativo. Queste sono per esempio:<\/p>\n<p>aus, bei, gegen\u00fcber, nach, von, zu, seit, mit, etc.<\/p>\n<p>Alcune preposizioni, le cosiddette \u201eWechselpr\u00e4positionen\u201c, reggono sia il dativo che l\u2018accusativo. In questo caso si usa il dativo quando si tratta di un complemento di stato in luogo, mentre si usa l\u2019accusativo se si tratta di un complemento di moto a luogo. Tali preposizioni sono:<\/p>\n<p>an, auf, hinter, in, neben, \u00fcber, unter, vor, zwischen<\/p>\n<p>Formule fisse<\/p>\n<p>Ci sono determinate espressioni in tedesco nelle quali viene sempre utilizzato il caso dativo, per esempio: Wie geht es dir?, Mir ist kalt. ecc<\/p>\n<h2><strong>Altri link interessanti<\/strong><\/h2>\n<ul>\n<li><a href=\"https:\/\/www.sprachschule-aktiv-muenchen.de\/it\/perfekt-usi-regole-grammatica\/\">Il Perfekt in tedesco<\/a><\/li>\n<li><a href=\"https:\/\/www.sprachschule-aktiv-muenchen.de\/it\/il-plurale-in-tedesco-regole-per-la-formazione-luso-e-la-forma\/\">Il Plurale in tedesco<\/a><\/li>\n<\/ul>\n","protected":false},"excerpt":{"rendered":"<p>Il Dativo in tedesco \u2013 spiegazione, forme, funzione, utilizzo Funzione In tedesco i vari elementi della frase ( soggetto, complemento oggetto ecc) possono avere diverse posizioni. Per capire chi esegue un\u2019azione e chi invece la \u201criceve\u201d, in tedesco esistono i 4 casi. Il nominativo indica il soggetto, quindi chi esegue un\u2019azione. Il genitivo serve ad [&hellip;]<\/p>\n","protected":false},"author":2,"featured_media":42804,"comment_status":"open","ping_status":"open","sticky":false,"template":"","format":"standard","meta":{"footnotes":""},"categories":[12],"tags":[],"class_list":["post-42269","post","type-post","status-publish","format-standard","has-post-thumbnail","hentry","category-impara-il-tedesco-gratis"],"yoast_head":"<!-- This site is optimized with the Yoast SEO plugin v27.1.1 - https:\/\/yoast.com\/product\/yoast-seo-wordpress\/ -->\n<title>Il Dativo \u2013 spiegazione, forme, funzione, utilizzo<\/title>\n<meta name=\"description\" content=\"Il Dativo \u2013 spiegazione, forme, funzione, utilizzo. In tedesco i vari elementi della frase ( soggetto, complemento oggetto ecc) possono avere diverse posizioni.\" \/>\n<meta name=\"robots\" content=\"index, follow, max-snippet:-1, max-image-preview:large, max-video-preview:-1\" \/>\n<link rel=\"canonical\" href=\"https:\/\/www.sprachschule-aktiv-muenchen.de\/it\/il-dativo-spiegazione-forme-funzione-utilizzo\/\" \/>\n<meta property=\"og:locale\" content=\"it_IT\" \/>\n<meta property=\"og:type\" content=\"article\" \/>\n<meta property=\"og:title\" content=\"Il Dativo \u2013 spiegazione, forme, funzione, utilizzo\" \/>\n<meta property=\"og:description\" content=\"Il Dativo \u2013 spiegazione, forme, funzione, utilizzo. In tedesco i vari elementi della frase ( soggetto, complemento oggetto ecc) possono avere diverse posizioni.\" \/>\n<meta property=\"og:url\" content=\"https:\/\/www.sprachschule-aktiv-muenchen.de\/it\/il-dativo-spiegazione-forme-funzione-utilizzo\/\" \/>\n<meta property=\"og:site_name\" content=\"Sprachschule Aktiv\" \/>\n<meta property=\"article:published_time\" content=\"2018-02-08T13:52:41+00:00\" \/>\n<meta property=\"article:modified_time\" content=\"2019-12-20T15:53:45+00:00\" \/>\n<meta property=\"og:image\" content=\"https:\/\/www.sprachschule-aktiv-muenchen.de\/wp-content\/uploads\/2018\/02\/il-dativo-tedesco.jpg\" \/>\n\t<meta property=\"og:image:width\" content=\"723\" \/>\n\t<meta property=\"og:image:height\" content=\"482\" \/>\n\t<meta property=\"og:image:type\" content=\"image\/jpeg\" \/>\n<meta name=\"author\" content=\"Martin Polo\" \/>\n<meta name=\"twitter:card\" content=\"summary_large_image\" \/>\n<meta name=\"twitter:label1\" content=\"Scritto da\" \/>\n\t<meta name=\"twitter:data1\" content=\"Martin Polo\" \/>\n\t<meta name=\"twitter:label2\" content=\"Tempo di lettura stimato\" \/>\n\t<meta name=\"twitter:data2\" content=\"3 minuti\" \/>\n<script type=\"application\/ld+json\" class=\"yoast-schema-graph\">{\"@context\":\"https:\/\/schema.org\",\"@graph\":[{\"@type\":\"Article\",\"@id\":\"https:\/\/www.sprachschule-aktiv-muenchen.de\/it\/il-dativo-spiegazione-forme-funzione-utilizzo\/#article\",\"isPartOf\":{\"@id\":\"https:\/\/www.sprachschule-aktiv-muenchen.de\/it\/il-dativo-spiegazione-forme-funzione-utilizzo\/\"},\"author\":{\"name\":\"Martin Polo\",\"@id\":\"https:\/\/www.sprachschule-aktiv-muenchen.de\/#\/schema\/person\/a74a6322db9745fd586f7e97f1ee5724\"},\"headline\":\"Il Dativo \u2013 spiegazione, forme, funzione, utilizzo\",\"datePublished\":\"2018-02-08T13:52:41+00:00\",\"dateModified\":\"2019-12-20T15:53:45+00:00\",\"mainEntityOfPage\":{\"@id\":\"https:\/\/www.sprachschule-aktiv-muenchen.de\/it\/il-dativo-spiegazione-forme-funzione-utilizzo\/\"},\"wordCount\":604,\"commentCount\":0,\"image\":{\"@id\":\"https:\/\/www.sprachschule-aktiv-muenchen.de\/it\/il-dativo-spiegazione-forme-funzione-utilizzo\/#primaryimage\"},\"thumbnailUrl\":\"https:\/\/www.sprachschule-aktiv-muenchen.de\/wp-content\/uploads\/2018\/02\/il-dativo-tedesco.jpg\",\"articleSection\":[\"Impara il tedesco gratis\"],\"inLanguage\":\"it-IT\"},{\"@type\":\"WebPage\",\"@id\":\"https:\/\/www.sprachschule-aktiv-muenchen.de\/it\/il-dativo-spiegazione-forme-funzione-utilizzo\/\",\"url\":\"https:\/\/www.sprachschule-aktiv-muenchen.de\/it\/il-dativo-spiegazione-forme-funzione-utilizzo\/\",\"name\":\"Il Dativo \u2013 spiegazione, forme, funzione, utilizzo\",\"isPartOf\":{\"@id\":\"https:\/\/www.sprachschule-aktiv-muenchen.de\/#website\"},\"primaryImageOfPage\":{\"@id\":\"https:\/\/www.sprachschule-aktiv-muenchen.de\/it\/il-dativo-spiegazione-forme-funzione-utilizzo\/#primaryimage\"},\"image\":{\"@id\":\"https:\/\/www.sprachschule-aktiv-muenchen.de\/it\/il-dativo-spiegazione-forme-funzione-utilizzo\/#primaryimage\"},\"thumbnailUrl\":\"https:\/\/www.sprachschule-aktiv-muenchen.de\/wp-content\/uploads\/2018\/02\/il-dativo-tedesco.jpg\",\"datePublished\":\"2018-02-08T13:52:41+00:00\",\"dateModified\":\"2019-12-20T15:53:45+00:00\",\"author\":{\"@id\":\"https:\/\/www.sprachschule-aktiv-muenchen.de\/#\/schema\/person\/a74a6322db9745fd586f7e97f1ee5724\"},\"description\":\"Il Dativo \u2013 spiegazione, forme, funzione, utilizzo. In tedesco i vari elementi della frase ( soggetto, complemento oggetto ecc) possono avere diverse posizioni.\",\"breadcrumb\":{\"@id\":\"https:\/\/www.sprachschule-aktiv-muenchen.de\/it\/il-dativo-spiegazione-forme-funzione-utilizzo\/#breadcrumb\"},\"inLanguage\":\"it-IT\",\"potentialAction\":[{\"@type\":\"ReadAction\",\"target\":[\"https:\/\/www.sprachschule-aktiv-muenchen.de\/it\/il-dativo-spiegazione-forme-funzione-utilizzo\/\"]}]},{\"@type\":\"ImageObject\",\"inLanguage\":\"it-IT\",\"@id\":\"https:\/\/www.sprachschule-aktiv-muenchen.de\/it\/il-dativo-spiegazione-forme-funzione-utilizzo\/#primaryimage\",\"url\":\"https:\/\/www.sprachschule-aktiv-muenchen.de\/wp-content\/uploads\/2018\/02\/il-dativo-tedesco.jpg\",\"contentUrl\":\"https:\/\/www.sprachschule-aktiv-muenchen.de\/wp-content\/uploads\/2018\/02\/il-dativo-tedesco.jpg\",\"width\":\"723\",\"height\":\"482\",\"caption\":\"Il Dativo in Tedesco\"},{\"@type\":\"BreadcrumbList\",\"@id\":\"https:\/\/www.sprachschule-aktiv-muenchen.de\/it\/il-dativo-spiegazione-forme-funzione-utilizzo\/#breadcrumb\",\"itemListElement\":[{\"@type\":\"ListItem\",\"position\":1,\"name\":\"Portada\",\"item\":\"https:\/\/www.sprachschule-aktiv-muenchen.de\/it\/\"},{\"@type\":\"ListItem\",\"position\":2,\"name\":\"Il Dativo \u2013 spiegazione, forme, funzione, utilizzo\"}]},{\"@type\":\"WebSite\",\"@id\":\"https:\/\/www.sprachschule-aktiv-muenchen.de\/#website\",\"url\":\"https:\/\/www.sprachschule-aktiv-muenchen.de\/\",\"name\":\"Sprachschule Aktiv\",\"description\":\"\",\"potentialAction\":[{\"@type\":\"SearchAction\",\"target\":{\"@type\":\"EntryPoint\",\"urlTemplate\":\"https:\/\/www.sprachschule-aktiv-muenchen.de\/?s={search_term_string}\"},\"query-input\":{\"@type\":\"PropertyValueSpecification\",\"valueRequired\":true,\"valueName\":\"search_term_string\"}}],\"inLanguage\":\"it-IT\"},{\"@type\":\"Person\",\"@id\":\"https:\/\/www.sprachschule-aktiv-muenchen.de\/#\/schema\/person\/a74a6322db9745fd586f7e97f1ee5724\",\"name\":\"Martin Polo\",\"image\":{\"@type\":\"ImageObject\",\"inLanguage\":\"it-IT\",\"@id\":\"https:\/\/www.sprachschule-aktiv-muenchen.de\/#\/schema\/person\/image\/\",\"url\":\"https:\/\/secure.gravatar.com\/avatar\/2cbe6176b6be8b122284c50d9e7a11af9502529eae284fd73534defd313e4152?s=96&d=mm&r=g\",\"contentUrl\":\"https:\/\/secure.gravatar.com\/avatar\/2cbe6176b6be8b122284c50d9e7a11af9502529eae284fd73534defd313e4152?s=96&d=mm&r=g\",\"caption\":\"Martin Polo\"}}]}<\/script>\n<!-- \/ Yoast SEO plugin. -->","yoast_head_json":{"title":"Il Dativo \u2013 spiegazione, forme, funzione, utilizzo","description":"Il Dativo \u2013 spiegazione, forme, funzione, utilizzo. In tedesco i vari elementi della frase ( soggetto, complemento oggetto ecc) possono avere diverse posizioni.","robots":{"index":"index","follow":"follow","max-snippet":"max-snippet:-1","max-image-preview":"max-image-preview:large","max-video-preview":"max-video-preview:-1"},"canonical":"https:\/\/www.sprachschule-aktiv-muenchen.de\/it\/il-dativo-spiegazione-forme-funzione-utilizzo\/","og_locale":"it_IT","og_type":"article","og_title":"Il Dativo \u2013 spiegazione, forme, funzione, utilizzo","og_description":"Il Dativo \u2013 spiegazione, forme, funzione, utilizzo. In tedesco i vari elementi della frase ( soggetto, complemento oggetto ecc) possono avere diverse posizioni.","og_url":"https:\/\/www.sprachschule-aktiv-muenchen.de\/it\/il-dativo-spiegazione-forme-funzione-utilizzo\/","og_site_name":"Sprachschule Aktiv","article_published_time":"2018-02-08T13:52:41+00:00","article_modified_time":"2019-12-20T15:53:45+00:00","og_image":[{"width":723,"height":482,"url":"https:\/\/www.sprachschule-aktiv-muenchen.de\/wp-content\/uploads\/2018\/02\/il-dativo-tedesco.jpg","type":"image\/jpeg"}],"author":"Martin Polo","twitter_card":"summary_large_image","twitter_misc":{"Scritto da":"Martin Polo","Tempo di lettura stimato":"3 minuti"},"schema":{"@context":"https:\/\/schema.org","@graph":[{"@type":"Article","@id":"https:\/\/www.sprachschule-aktiv-muenchen.de\/it\/il-dativo-spiegazione-forme-funzione-utilizzo\/#article","isPartOf":{"@id":"https:\/\/www.sprachschule-aktiv-muenchen.de\/it\/il-dativo-spiegazione-forme-funzione-utilizzo\/"},"author":{"name":"Martin Polo","@id":"https:\/\/www.sprachschule-aktiv-muenchen.de\/#\/schema\/person\/a74a6322db9745fd586f7e97f1ee5724"},"headline":"Il Dativo \u2013 spiegazione, forme, funzione, utilizzo","datePublished":"2018-02-08T13:52:41+00:00","dateModified":"2019-12-20T15:53:45+00:00","mainEntityOfPage":{"@id":"https:\/\/www.sprachschule-aktiv-muenchen.de\/it\/il-dativo-spiegazione-forme-funzione-utilizzo\/"},"wordCount":604,"commentCount":0,"image":{"@id":"https:\/\/www.sprachschule-aktiv-muenchen.de\/it\/il-dativo-spiegazione-forme-funzione-utilizzo\/#primaryimage"},"thumbnailUrl":"https:\/\/www.sprachschule-aktiv-muenchen.de\/wp-content\/uploads\/2018\/02\/il-dativo-tedesco.jpg","articleSection":["Impara il tedesco gratis"],"inLanguage":"it-IT"},{"@type":"WebPage","@id":"https:\/\/www.sprachschule-aktiv-muenchen.de\/it\/il-dativo-spiegazione-forme-funzione-utilizzo\/","url":"https:\/\/www.sprachschule-aktiv-muenchen.de\/it\/il-dativo-spiegazione-forme-funzione-utilizzo\/","name":"Il Dativo \u2013 spiegazione, forme, funzione, utilizzo","isPartOf":{"@id":"https:\/\/www.sprachschule-aktiv-muenchen.de\/#website"},"primaryImageOfPage":{"@id":"https:\/\/www.sprachschule-aktiv-muenchen.de\/it\/il-dativo-spiegazione-forme-funzione-utilizzo\/#primaryimage"},"image":{"@id":"https:\/\/www.sprachschule-aktiv-muenchen.de\/it\/il-dativo-spiegazione-forme-funzione-utilizzo\/#primaryimage"},"thumbnailUrl":"https:\/\/www.sprachschule-aktiv-muenchen.de\/wp-content\/uploads\/2018\/02\/il-dativo-tedesco.jpg","datePublished":"2018-02-08T13:52:41+00:00","dateModified":"2019-12-20T15:53:45+00:00","author":{"@id":"https:\/\/www.sprachschule-aktiv-muenchen.de\/#\/schema\/person\/a74a6322db9745fd586f7e97f1ee5724"},"description":"Il Dativo \u2013 spiegazione, forme, funzione, utilizzo. In tedesco i vari elementi della frase ( soggetto, complemento oggetto ecc) possono avere diverse posizioni.","breadcrumb":{"@id":"https:\/\/www.sprachschule-aktiv-muenchen.de\/it\/il-dativo-spiegazione-forme-funzione-utilizzo\/#breadcrumb"},"inLanguage":"it-IT","potentialAction":[{"@type":"ReadAction","target":["https:\/\/www.sprachschule-aktiv-muenchen.de\/it\/il-dativo-spiegazione-forme-funzione-utilizzo\/"]}]},{"@type":"ImageObject","inLanguage":"it-IT","@id":"https:\/\/www.sprachschule-aktiv-muenchen.de\/it\/il-dativo-spiegazione-forme-funzione-utilizzo\/#primaryimage","url":"https:\/\/www.sprachschule-aktiv-muenchen.de\/wp-content\/uploads\/2018\/02\/il-dativo-tedesco.jpg","contentUrl":"https:\/\/www.sprachschule-aktiv-muenchen.de\/wp-content\/uploads\/2018\/02\/il-dativo-tedesco.jpg","width":"723","height":"482","caption":"Il Dativo in Tedesco"},{"@type":"BreadcrumbList","@id":"https:\/\/www.sprachschule-aktiv-muenchen.de\/it\/il-dativo-spiegazione-forme-funzione-utilizzo\/#breadcrumb","itemListElement":[{"@type":"ListItem","position":1,"name":"Portada","item":"https:\/\/www.sprachschule-aktiv-muenchen.de\/it\/"},{"@type":"ListItem","position":2,"name":"Il Dativo \u2013 spiegazione, forme, funzione, utilizzo"}]},{"@type":"WebSite","@id":"https:\/\/www.sprachschule-aktiv-muenchen.de\/#website","url":"https:\/\/www.sprachschule-aktiv-muenchen.de\/","name":"Sprachschule Aktiv","description":"","potentialAction":[{"@type":"SearchAction","target":{"@type":"EntryPoint","urlTemplate":"https:\/\/www.sprachschule-aktiv-muenchen.de\/?s={search_term_string}"},"query-input":{"@type":"PropertyValueSpecification","valueRequired":true,"valueName":"search_term_string"}}],"inLanguage":"it-IT"},{"@type":"Person","@id":"https:\/\/www.sprachschule-aktiv-muenchen.de\/#\/schema\/person\/a74a6322db9745fd586f7e97f1ee5724","name":"Martin Polo","image":{"@type":"ImageObject","inLanguage":"it-IT","@id":"https:\/\/www.sprachschule-aktiv-muenchen.de\/#\/schema\/person\/image\/","url":"https:\/\/secure.gravatar.com\/avatar\/2cbe6176b6be8b122284c50d9e7a11af9502529eae284fd73534defd313e4152?s=96&d=mm&r=g","contentUrl":"https:\/\/secure.gravatar.com\/avatar\/2cbe6176b6be8b122284c50d9e7a11af9502529eae284fd73534defd313e4152?s=96&d=mm&r=g","caption":"Martin Polo"}}]}},"_links":{"self":[{"href":"https:\/\/www.sprachschule-aktiv-muenchen.de\/it\/wp-json\/wp\/v2\/posts\/42269","targetHints":{"allow":["GET"]}}],"collection":[{"href":"https:\/\/www.sprachschule-aktiv-muenchen.de\/it\/wp-json\/wp\/v2\/posts"}],"about":[{"href":"https:\/\/www.sprachschule-aktiv-muenchen.de\/it\/wp-json\/wp\/v2\/types\/post"}],"author":[{"embeddable":true,"href":"https:\/\/www.sprachschule-aktiv-muenchen.de\/it\/wp-json\/wp\/v2\/users\/2"}],"replies":[{"embeddable":true,"href":"https:\/\/www.sprachschule-aktiv-muenchen.de\/it\/wp-json\/wp\/v2\/comments?post=42269"}],"version-history":[{"count":1,"href":"https:\/\/www.sprachschule-aktiv-muenchen.de\/it\/wp-json\/wp\/v2\/posts\/42269\/revisions"}],"predecessor-version":[{"id":54041,"href":"https:\/\/www.sprachschule-aktiv-muenchen.de\/it\/wp-json\/wp\/v2\/posts\/42269\/revisions\/54041"}],"wp:featuredmedia":[{"embeddable":true,"href":"https:\/\/www.sprachschule-aktiv-muenchen.de\/it\/wp-json\/wp\/v2\/media\/42804"}],"wp:attachment":[{"href":"https:\/\/www.sprachschule-aktiv-muenchen.de\/it\/wp-json\/wp\/v2\/media?parent=42269"}],"wp:term":[{"taxonomy":"category","embeddable":true,"href":"https:\/\/www.sprachschule-aktiv-muenchen.de\/it\/wp-json\/wp\/v2\/categories?post=42269"},{"taxonomy":"post_tag","embeddable":true,"href":"https:\/\/www.sprachschule-aktiv-muenchen.de\/it\/wp-json\/wp\/v2\/tags?post=42269"}],"curies":[{"name":"wp","href":"https:\/\/api.w.org\/{rel}","templated":true}]}}