{"id":42244,"date":"2018-02-08T14:46:54","date_gmt":"2018-02-08T13:46:54","guid":{"rendered":"https:\/\/www.sprachschule-aktiv-muenchen.de\/?p=42244"},"modified":"2019-12-20T16:55:13","modified_gmt":"2019-12-20T15:55:13","slug":"il-nominativo-in-tedesco-forme-funzione-e-utilizzo","status":"publish","type":"post","link":"https:\/\/www.sprachschule-aktiv-muenchen.de\/it\/il-nominativo-in-tedesco-forme-funzione-e-utilizzo\/","title":{"rendered":"Il nominativo in tedesco \u2013 forme, funzione e utilizzo"},"content":{"rendered":"<h1><strong>Il nominativo in tedesco \u2013 forme, funzione e utilizzo<\/strong><\/h1>\n<h2><strong>Funzione<\/strong><\/h2>\n<p>In tedesco i vari elementi della frase ( soggetto, complemento oggetto ecc) possono avere diverse posizioni. Per capire chi esegue un\u2019azione e chi invece la \u201criceve\u201d, in tedesco esistono i 4 casi. Il nominativo indica il soggetto, quindi chi esegue un\u2019azione. Il genitivo serve ad esprimere rapporti di possesso e di appartenenza ma viene spesso sostituito dalla preposizione \u201cvon\u201d che regge il caso dativo. Il dativo e l\u2019accusativo vengono utilizzati per identificare l\u2019oggetto di una frase. Ci potranno essere molti complementi ma sempre solo un soggetto! Il pronome interrogativo per il caso nominativo del soggetto \u00e8 \u201cwer?\u201d o \u201cwas?\u201d.<\/p>\n<a href=\"https:\/\/www.sprachschule-aktiv-muenchen.de\/it\/corsi-di-tedesco-a-monaco-di-baviera\/\"><img decoding=\"async\" class=\"alignnone size-full wp-image-53932\" src=\"https:\/\/www.sprachschule-aktiv-muenchen.de\/wp-content\/uploads\/2019\/08\/i-nostri-corsi-di-tedesco-a-monaco-di-baviera-1.jpg\" alt=\"I nostri corsi di tedesco a Monaco di Baviera\" width=\"300\" height=\"358\" srcset=\"https:\/\/www.sprachschule-aktiv-muenchen.de\/wp-content\/uploads\/2019\/08\/i-nostri-corsi-di-tedesco-a-monaco-di-baviera-1.jpg 300w, https:\/\/www.sprachschule-aktiv-muenchen.de\/wp-content\/uploads\/2019\/08\/i-nostri-corsi-di-tedesco-a-monaco-di-baviera-1-251x300.jpg 251w\" sizes=\"(max-width: 300px) 100vw, 300px\" \/><\/a>\n<h2><strong>Forme\u00a0<\/strong><strong>Articoli<\/strong><\/h2>\n<table width=\"500\">\n<tbody>\n<tr>\n<td><\/td>\n<td width=\"132\">Articolo determinativo<\/td>\n<td width=\"150\">Articolo indeterminativo<\/td>\n<td>Articolo negativo, possessivo ecc.<\/td>\n<\/tr>\n<tr>\n<td>Maschile<\/td>\n<td width=\"132\">der Mann<\/td>\n<td width=\"150\">ein Mann<\/td>\n<td>kein Mann<\/td>\n<\/tr>\n<tr>\n<td>Femminile<\/td>\n<td width=\"132\">die Frau<\/td>\n<td width=\"150\">eine Frau<\/td>\n<td>keine Frau<\/td>\n<\/tr>\n<tr>\n<td>Neutro<\/td>\n<td width=\"132\">das Kind<\/td>\n<td width=\"150\">ein Kind<\/td>\n<td>kein Kind<\/td>\n<\/tr>\n<tr>\n<td>Plurale<\/td>\n<td width=\"132\">die Menschen<\/td>\n<td width=\"150\">Menschen<\/td>\n<td>keine Menschen<\/td>\n<\/tr>\n<\/tbody>\n<\/table>\n<p>Anche gli aggettivi sono al nominativo e devono essere declinati a seconda che siano preceduti da un articolo determinativo, indeterminativo ecc.<\/p>\n<p>I nomi al nominativo no subiscono variazioni e vengono utilizzati nella forma che troviamo nel dizionario. Bisogna fare per\u00f2 attenzione alle varie forme del plurale.<\/p>\n<h2><strong>Pronomi al nominativo<\/strong><\/h2>\n<p><strong>Pronomi personali<\/strong><\/p>\n<table width=\"500\">\n<tbody>\n<tr>\n<td>1. Persona Singulare<\/td>\n<td>ich<\/td>\n<\/tr>\n<tr>\n<td>2. Persona Singulare<\/td>\n<td>du<\/td>\n<\/tr>\n<tr>\n<td>3. Persona Singulare (m)<\/td>\n<td>er<\/td>\n<\/tr>\n<tr>\n<td>3. Persona Singulare (f)<\/td>\n<td>sie<\/td>\n<\/tr>\n<tr>\n<td>3. Persona Singulare (n)<\/td>\n<td>es<\/td>\n<\/tr>\n<tr>\n<td>1. Persona Plurale<\/td>\n<td>wir<\/td>\n<\/tr>\n<tr>\n<td>2. Persona Plurale<\/td>\n<td>ihr<\/td>\n<\/tr>\n<tr>\n<td>3. Persona Plurale<\/td>\n<td>sie\/Sie<\/td>\n<\/tr>\n<\/tbody>\n<\/table>\n<h2><strong>Pronomi possessivi<\/strong><\/h2>\n<table width=\"500\">\n<tbody>\n<tr>\n<td><\/td>\n<td>maschile\/neutro<\/td>\n<td>femminile\/Plurale<\/td>\n<td>maschile<\/td>\n<td>neutro<\/td>\n<td>femminile\/Plurale<\/td>\n<\/tr>\n<tr>\n<td>1. Pers. Sg.<\/td>\n<td>mein<\/td>\n<td>meine<\/td>\n<td>meiner<\/td>\n<td>meins<\/td>\n<td>meine<\/td>\n<\/tr>\n<tr>\n<td>2. Pers. Sg.<\/td>\n<td>dein<\/td>\n<td>deine<\/td>\n<td>deiner<\/td>\n<td>deins<\/td>\n<td>seine<\/td>\n<\/tr>\n<tr>\n<td>3. Pers. Sg. (m)<\/td>\n<td>sein<\/td>\n<td>seine<\/td>\n<td>seiner<\/td>\n<td>seins<\/td>\n<td>seine<\/td>\n<\/tr>\n<tr>\n<td>3. Pers. Sg. (f)<\/td>\n<td>ihr<\/td>\n<td>ihre<\/td>\n<td>ihrer<\/td>\n<td>ihres<\/td>\n<td>ihre<\/td>\n<\/tr>\n<tr>\n<td>3. Pers Sg. (n)<\/td>\n<td>sein<\/td>\n<td>seine<\/td>\n<td>seiner<\/td>\n<td>seins<\/td>\n<td>seine<\/td>\n<\/tr>\n<tr>\n<td>1. Pers. Pl.<\/td>\n<td>unser<\/td>\n<td>unsere<\/td>\n<td>unserer<\/td>\n<td>unseres<\/td>\n<td>unsere<\/td>\n<\/tr>\n<tr>\n<td>2. Pers. Pl.<\/td>\n<td>euer<\/td>\n<td>eure<\/td>\n<td>eurer<\/td>\n<td>eures<\/td>\n<td>eure<\/td>\n<\/tr>\n<tr>\n<td>3. Pers. Pl.<\/td>\n<td>ihr\/Ihr<\/td>\n<td>ihre\/Ihre<\/td>\n<td>ihrer\/Ihrer<\/td>\n<td>ihres\/Ihres<\/td>\n<td>ihre\/Ihre<\/td>\n<\/tr>\n<\/tbody>\n<\/table>\n<h2><strong>Utilizzo <\/strong><\/h2>\n<p><strong><em>\u201eQuando si utilizza il Nominativo?\u201c Per rispondere a questa domanda possiamo darti 4 utili suggerimenti: <\/em><\/strong><\/p>\n<p><strong>Soggetto<\/strong><\/p>\n<p>La pi\u00f9 piccola frase in tedesco \u00e8 formata da un soggetto e un predicato. Quasi ogni frase quindi necessita di un soggetto. Il caso del soggetto \u00e8 sempre il nominativo! Quindi: il nome che \u00e8 al nominativo deve essere il soggetto della frase.<\/p>\n<p><strong>Pronomi<\/strong><\/p>\n<p>Questo vale anche per i pronomi: se il soggetto della frase \u00e8 un pronome, questo deve andare al caso nominativo.<\/p>\n<p><strong>Tre esempi:<\/strong><\/p>\n<p>Utilizzo di un pronome personale:\u00a0\u00a0\u00a0\u00a0\u00a0\u00a0\u00a0\u00a0\u00a0\u00a0\u00a0\u00a0\u00a0\u00a0\u00a0\u00a0\u00a0\u00a0\u00a0\u00a0\u00a0\u00a0\u00a0\u00a0\u00a0\u00a0\u00a0\u00a0\u00a0\u00a0\u00a0 Er trinkt gern Milch.<\/p>\n<p>Utilizzo di un aggettivo possessivo:\u00a0\u00a0\u00a0\u00a0\u00a0\u00a0\u00a0\u00a0\u00a0\u00a0\u00a0\u00a0\u00a0\u00a0\u00a0 \u00a0\u00a0\u00a0 \u00a0\u00a0\u00a0\u00a0\u00a0\u00a0\u00a0 Mein Auto f\u00e4hrt schnell.<\/p>\n<p>Utilizzo di un pronome possessivo:\u00a0\u00a0\u00a0\u00a0\u00a0\u00a0\u00a0\u00a0\u00a0\u00a0\u00a0\u00a0 \u00a0\u00a0\u00a0\u00a0\u00a0\u00a0\u00a0\u00a0\u00a0\u00a0\u00a0\u00a0\u00a0\u00a0\u00a0 Kannst du mir dein Auto leihen? Meins ist kaputt.<\/p>\n<p><strong>Preposizioni<\/strong><\/p>\n<p>Esiste anche una preposizione che richiede la presenza del caso nominativo dopo di s\u00e9. Si tratta della preposizione \u201cals\u201d nei seguenti usi:<\/p>\n<p>Julia arbeitet als Krankenschwester.<\/p>\n<p>Qui la parola \u201eKrankenschwester\u201c \u00e8 un attante al caso nominativo (Nominativ-Erg\u00e4nzung).<\/p>\n<p><strong>Eccezione<\/strong><\/p>\n<p>Tuttavia esiste un\u2019eccezione per la quale possono essere presenti due nomi al caso nominativo nella stessa frase. Questo succede in frasi del tipo:<\/p>\n<p>Benno ist Lehrer<\/p>\n<p>Er ist Arzt.<\/p>\n<p>Der Mann ist Mechaniker.<\/p>\n<p>Lisa ist Architektin.<\/p>\n<p>Seid ihr Stewardessen?<\/p>\n<p>Il nome, il sostantivo o il pronome personale sono il soggetto della frase. La professione invece \u00e8 sempre un attante al caso nominativo (Nominativ-Erg\u00e4nzung).<\/p>\n<h2><strong>Altri link ineressanti:<\/strong><\/h2>\n<ul>\n<li><a href=\"https:\/\/www.sprachschule-aktiv-muenchen.de\/it\/dove-si-puo-imparare-il-tedesco-in-germania\/\">Dove si pu\u00f2 imparare il tedesco in Germania?<\/a><\/li>\n<li><a href=\"https:\/\/www.sprachschule-aktiv-muenchen.de\/it\/fare-uno-stage-nella-sprachschule-aktiv\/\">Stage in Germania &#8211; Monaco di Baviera<\/a><\/li>\n<\/ul>\n","protected":false},"excerpt":{"rendered":"<p>Il nominativo in tedesco \u2013 forme, funzione e utilizzo Funzione In tedesco i vari elementi della frase ( soggetto, complemento oggetto ecc) possono avere diverse posizioni. Per capire chi esegue un\u2019azione e chi invece la \u201criceve\u201d, in tedesco esistono i 4 casi. Il nominativo indica il soggetto, quindi chi esegue un\u2019azione. Il genitivo serve ad [&hellip;]<\/p>\n","protected":false},"author":2,"featured_media":42245,"comment_status":"open","ping_status":"open","sticky":false,"template":"","format":"standard","meta":{"footnotes":""},"categories":[12],"tags":[],"class_list":["post-42244","post","type-post","status-publish","format-standard","has-post-thumbnail","hentry","category-impara-il-tedesco-gratis"],"yoast_head":"<!-- This site is optimized with the Yoast SEO plugin v27.1.1 - https:\/\/yoast.com\/product\/yoast-seo-wordpress\/ -->\n<title>Il nominativo in tedesco \u2013 forme, funzione e utilizzo<\/title>\n<meta name=\"description\" content=\"In tedesco i vari elementi della frase ( soggetto ecc) possono avere diverse posizioni. Il pronome interrogativo per il caso nominativo \u00e8 \u201cwer?\u201d o \u201cwas?\u201d.\" \/>\n<meta name=\"robots\" content=\"index, follow, max-snippet:-1, max-image-preview:large, max-video-preview:-1\" \/>\n<link rel=\"canonical\" href=\"https:\/\/www.sprachschule-aktiv-muenchen.de\/it\/il-nominativo-in-tedesco-forme-funzione-e-utilizzo\/\" \/>\n<meta property=\"og:locale\" content=\"it_IT\" \/>\n<meta property=\"og:type\" content=\"article\" \/>\n<meta property=\"og:title\" content=\"Il nominativo in tedesco \u2013 forme, funzione e utilizzo\" \/>\n<meta property=\"og:description\" content=\"In tedesco i vari elementi della frase ( soggetto ecc) possono avere diverse posizioni. Il pronome interrogativo per il caso nominativo \u00e8 \u201cwer?\u201d o \u201cwas?\u201d.\" \/>\n<meta property=\"og:url\" content=\"https:\/\/www.sprachschule-aktiv-muenchen.de\/it\/il-nominativo-in-tedesco-forme-funzione-e-utilizzo\/\" \/>\n<meta property=\"og:site_name\" content=\"Sprachschule Aktiv\" \/>\n<meta property=\"article:published_time\" content=\"2018-02-08T13:46:54+00:00\" \/>\n<meta property=\"article:modified_time\" content=\"2019-12-20T15:55:13+00:00\" \/>\n<meta property=\"og:image\" content=\"https:\/\/www.sprachschule-aktiv-muenchen.de\/wp-content\/uploads\/2018\/02\/nominativo-tedesco-forme-funzione.jpg\" \/>\n\t<meta property=\"og:image:width\" content=\"723\" \/>\n\t<meta property=\"og:image:height\" content=\"479\" \/>\n\t<meta property=\"og:image:type\" content=\"image\/jpeg\" \/>\n<meta name=\"author\" content=\"Martin Polo\" \/>\n<meta name=\"twitter:card\" content=\"summary_large_image\" \/>\n<meta name=\"twitter:label1\" content=\"Scritto da\" \/>\n\t<meta name=\"twitter:data1\" content=\"Martin Polo\" \/>\n\t<meta name=\"twitter:label2\" content=\"Tempo di lettura stimato\" \/>\n\t<meta name=\"twitter:data2\" content=\"3 minuti\" \/>\n<script type=\"application\/ld+json\" class=\"yoast-schema-graph\">{\"@context\":\"https:\/\/schema.org\",\"@graph\":[{\"@type\":\"Article\",\"@id\":\"https:\/\/www.sprachschule-aktiv-muenchen.de\/it\/il-nominativo-in-tedesco-forme-funzione-e-utilizzo\/#article\",\"isPartOf\":{\"@id\":\"https:\/\/www.sprachschule-aktiv-muenchen.de\/it\/il-nominativo-in-tedesco-forme-funzione-e-utilizzo\/\"},\"author\":{\"name\":\"Martin Polo\",\"@id\":\"https:\/\/www.sprachschule-aktiv-muenchen.de\/#\/schema\/person\/a74a6322db9745fd586f7e97f1ee5724\"},\"headline\":\"Il nominativo in tedesco \u2013 forme, funzione e utilizzo\",\"datePublished\":\"2018-02-08T13:46:54+00:00\",\"dateModified\":\"2019-12-20T15:55:13+00:00\",\"mainEntityOfPage\":{\"@id\":\"https:\/\/www.sprachschule-aktiv-muenchen.de\/it\/il-nominativo-in-tedesco-forme-funzione-e-utilizzo\/\"},\"wordCount\":539,\"commentCount\":0,\"image\":{\"@id\":\"https:\/\/www.sprachschule-aktiv-muenchen.de\/it\/il-nominativo-in-tedesco-forme-funzione-e-utilizzo\/#primaryimage\"},\"thumbnailUrl\":\"https:\/\/www.sprachschule-aktiv-muenchen.de\/wp-content\/uploads\/2018\/02\/nominativo-tedesco-forme-funzione.jpg\",\"articleSection\":[\"Impara il tedesco gratis\"],\"inLanguage\":\"it-IT\"},{\"@type\":\"WebPage\",\"@id\":\"https:\/\/www.sprachschule-aktiv-muenchen.de\/it\/il-nominativo-in-tedesco-forme-funzione-e-utilizzo\/\",\"url\":\"https:\/\/www.sprachschule-aktiv-muenchen.de\/it\/il-nominativo-in-tedesco-forme-funzione-e-utilizzo\/\",\"name\":\"Il nominativo in tedesco \u2013 forme, funzione e utilizzo\",\"isPartOf\":{\"@id\":\"https:\/\/www.sprachschule-aktiv-muenchen.de\/#website\"},\"primaryImageOfPage\":{\"@id\":\"https:\/\/www.sprachschule-aktiv-muenchen.de\/it\/il-nominativo-in-tedesco-forme-funzione-e-utilizzo\/#primaryimage\"},\"image\":{\"@id\":\"https:\/\/www.sprachschule-aktiv-muenchen.de\/it\/il-nominativo-in-tedesco-forme-funzione-e-utilizzo\/#primaryimage\"},\"thumbnailUrl\":\"https:\/\/www.sprachschule-aktiv-muenchen.de\/wp-content\/uploads\/2018\/02\/nominativo-tedesco-forme-funzione.jpg\",\"datePublished\":\"2018-02-08T13:46:54+00:00\",\"dateModified\":\"2019-12-20T15:55:13+00:00\",\"author\":{\"@id\":\"https:\/\/www.sprachschule-aktiv-muenchen.de\/#\/schema\/person\/a74a6322db9745fd586f7e97f1ee5724\"},\"description\":\"In tedesco i vari elementi della frase ( soggetto ecc) possono avere diverse posizioni. Il pronome interrogativo per il caso nominativo \u00e8 \u201cwer?\u201d o \u201cwas?\u201d.\",\"breadcrumb\":{\"@id\":\"https:\/\/www.sprachschule-aktiv-muenchen.de\/it\/il-nominativo-in-tedesco-forme-funzione-e-utilizzo\/#breadcrumb\"},\"inLanguage\":\"it-IT\",\"potentialAction\":[{\"@type\":\"ReadAction\",\"target\":[\"https:\/\/www.sprachschule-aktiv-muenchen.de\/it\/il-nominativo-in-tedesco-forme-funzione-e-utilizzo\/\"]}]},{\"@type\":\"ImageObject\",\"inLanguage\":\"it-IT\",\"@id\":\"https:\/\/www.sprachschule-aktiv-muenchen.de\/it\/il-nominativo-in-tedesco-forme-funzione-e-utilizzo\/#primaryimage\",\"url\":\"https:\/\/www.sprachschule-aktiv-muenchen.de\/wp-content\/uploads\/2018\/02\/nominativo-tedesco-forme-funzione.jpg\",\"contentUrl\":\"https:\/\/www.sprachschule-aktiv-muenchen.de\/wp-content\/uploads\/2018\/02\/nominativo-tedesco-forme-funzione.jpg\",\"width\":\"723\",\"height\":\"479\",\"caption\":\"Il nominativo in tedesco-funzione, forme, utilizzo\"},{\"@type\":\"BreadcrumbList\",\"@id\":\"https:\/\/www.sprachschule-aktiv-muenchen.de\/it\/il-nominativo-in-tedesco-forme-funzione-e-utilizzo\/#breadcrumb\",\"itemListElement\":[{\"@type\":\"ListItem\",\"position\":1,\"name\":\"Portada\",\"item\":\"https:\/\/www.sprachschule-aktiv-muenchen.de\/it\/\"},{\"@type\":\"ListItem\",\"position\":2,\"name\":\"Il nominativo in tedesco \u2013 forme, funzione e utilizzo\"}]},{\"@type\":\"WebSite\",\"@id\":\"https:\/\/www.sprachschule-aktiv-muenchen.de\/#website\",\"url\":\"https:\/\/www.sprachschule-aktiv-muenchen.de\/\",\"name\":\"Sprachschule Aktiv\",\"description\":\"\",\"potentialAction\":[{\"@type\":\"SearchAction\",\"target\":{\"@type\":\"EntryPoint\",\"urlTemplate\":\"https:\/\/www.sprachschule-aktiv-muenchen.de\/?s={search_term_string}\"},\"query-input\":{\"@type\":\"PropertyValueSpecification\",\"valueRequired\":true,\"valueName\":\"search_term_string\"}}],\"inLanguage\":\"it-IT\"},{\"@type\":\"Person\",\"@id\":\"https:\/\/www.sprachschule-aktiv-muenchen.de\/#\/schema\/person\/a74a6322db9745fd586f7e97f1ee5724\",\"name\":\"Martin Polo\",\"image\":{\"@type\":\"ImageObject\",\"inLanguage\":\"it-IT\",\"@id\":\"https:\/\/www.sprachschule-aktiv-muenchen.de\/#\/schema\/person\/image\/\",\"url\":\"https:\/\/secure.gravatar.com\/avatar\/2cbe6176b6be8b122284c50d9e7a11af9502529eae284fd73534defd313e4152?s=96&d=mm&r=g\",\"contentUrl\":\"https:\/\/secure.gravatar.com\/avatar\/2cbe6176b6be8b122284c50d9e7a11af9502529eae284fd73534defd313e4152?s=96&d=mm&r=g\",\"caption\":\"Martin Polo\"}}]}<\/script>\n<!-- \/ Yoast SEO plugin. -->","yoast_head_json":{"title":"Il nominativo in tedesco \u2013 forme, funzione e utilizzo","description":"In tedesco i vari elementi della frase ( soggetto ecc) possono avere diverse posizioni. Il pronome interrogativo per il caso nominativo \u00e8 \u201cwer?\u201d o \u201cwas?\u201d.","robots":{"index":"index","follow":"follow","max-snippet":"max-snippet:-1","max-image-preview":"max-image-preview:large","max-video-preview":"max-video-preview:-1"},"canonical":"https:\/\/www.sprachschule-aktiv-muenchen.de\/it\/il-nominativo-in-tedesco-forme-funzione-e-utilizzo\/","og_locale":"it_IT","og_type":"article","og_title":"Il nominativo in tedesco \u2013 forme, funzione e utilizzo","og_description":"In tedesco i vari elementi della frase ( soggetto ecc) possono avere diverse posizioni. Il pronome interrogativo per il caso nominativo \u00e8 \u201cwer?\u201d o \u201cwas?\u201d.","og_url":"https:\/\/www.sprachschule-aktiv-muenchen.de\/it\/il-nominativo-in-tedesco-forme-funzione-e-utilizzo\/","og_site_name":"Sprachschule Aktiv","article_published_time":"2018-02-08T13:46:54+00:00","article_modified_time":"2019-12-20T15:55:13+00:00","og_image":[{"width":723,"height":479,"url":"https:\/\/www.sprachschule-aktiv-muenchen.de\/wp-content\/uploads\/2018\/02\/nominativo-tedesco-forme-funzione.jpg","type":"image\/jpeg"}],"author":"Martin Polo","twitter_card":"summary_large_image","twitter_misc":{"Scritto da":"Martin Polo","Tempo di lettura stimato":"3 minuti"},"schema":{"@context":"https:\/\/schema.org","@graph":[{"@type":"Article","@id":"https:\/\/www.sprachschule-aktiv-muenchen.de\/it\/il-nominativo-in-tedesco-forme-funzione-e-utilizzo\/#article","isPartOf":{"@id":"https:\/\/www.sprachschule-aktiv-muenchen.de\/it\/il-nominativo-in-tedesco-forme-funzione-e-utilizzo\/"},"author":{"name":"Martin Polo","@id":"https:\/\/www.sprachschule-aktiv-muenchen.de\/#\/schema\/person\/a74a6322db9745fd586f7e97f1ee5724"},"headline":"Il nominativo in tedesco \u2013 forme, funzione e utilizzo","datePublished":"2018-02-08T13:46:54+00:00","dateModified":"2019-12-20T15:55:13+00:00","mainEntityOfPage":{"@id":"https:\/\/www.sprachschule-aktiv-muenchen.de\/it\/il-nominativo-in-tedesco-forme-funzione-e-utilizzo\/"},"wordCount":539,"commentCount":0,"image":{"@id":"https:\/\/www.sprachschule-aktiv-muenchen.de\/it\/il-nominativo-in-tedesco-forme-funzione-e-utilizzo\/#primaryimage"},"thumbnailUrl":"https:\/\/www.sprachschule-aktiv-muenchen.de\/wp-content\/uploads\/2018\/02\/nominativo-tedesco-forme-funzione.jpg","articleSection":["Impara il tedesco gratis"],"inLanguage":"it-IT"},{"@type":"WebPage","@id":"https:\/\/www.sprachschule-aktiv-muenchen.de\/it\/il-nominativo-in-tedesco-forme-funzione-e-utilizzo\/","url":"https:\/\/www.sprachschule-aktiv-muenchen.de\/it\/il-nominativo-in-tedesco-forme-funzione-e-utilizzo\/","name":"Il nominativo in tedesco \u2013 forme, funzione e utilizzo","isPartOf":{"@id":"https:\/\/www.sprachschule-aktiv-muenchen.de\/#website"},"primaryImageOfPage":{"@id":"https:\/\/www.sprachschule-aktiv-muenchen.de\/it\/il-nominativo-in-tedesco-forme-funzione-e-utilizzo\/#primaryimage"},"image":{"@id":"https:\/\/www.sprachschule-aktiv-muenchen.de\/it\/il-nominativo-in-tedesco-forme-funzione-e-utilizzo\/#primaryimage"},"thumbnailUrl":"https:\/\/www.sprachschule-aktiv-muenchen.de\/wp-content\/uploads\/2018\/02\/nominativo-tedesco-forme-funzione.jpg","datePublished":"2018-02-08T13:46:54+00:00","dateModified":"2019-12-20T15:55:13+00:00","author":{"@id":"https:\/\/www.sprachschule-aktiv-muenchen.de\/#\/schema\/person\/a74a6322db9745fd586f7e97f1ee5724"},"description":"In tedesco i vari elementi della frase ( soggetto ecc) possono avere diverse posizioni. Il pronome interrogativo per il caso nominativo \u00e8 \u201cwer?\u201d o \u201cwas?\u201d.","breadcrumb":{"@id":"https:\/\/www.sprachschule-aktiv-muenchen.de\/it\/il-nominativo-in-tedesco-forme-funzione-e-utilizzo\/#breadcrumb"},"inLanguage":"it-IT","potentialAction":[{"@type":"ReadAction","target":["https:\/\/www.sprachschule-aktiv-muenchen.de\/it\/il-nominativo-in-tedesco-forme-funzione-e-utilizzo\/"]}]},{"@type":"ImageObject","inLanguage":"it-IT","@id":"https:\/\/www.sprachschule-aktiv-muenchen.de\/it\/il-nominativo-in-tedesco-forme-funzione-e-utilizzo\/#primaryimage","url":"https:\/\/www.sprachschule-aktiv-muenchen.de\/wp-content\/uploads\/2018\/02\/nominativo-tedesco-forme-funzione.jpg","contentUrl":"https:\/\/www.sprachschule-aktiv-muenchen.de\/wp-content\/uploads\/2018\/02\/nominativo-tedesco-forme-funzione.jpg","width":"723","height":"479","caption":"Il nominativo in tedesco-funzione, forme, utilizzo"},{"@type":"BreadcrumbList","@id":"https:\/\/www.sprachschule-aktiv-muenchen.de\/it\/il-nominativo-in-tedesco-forme-funzione-e-utilizzo\/#breadcrumb","itemListElement":[{"@type":"ListItem","position":1,"name":"Portada","item":"https:\/\/www.sprachschule-aktiv-muenchen.de\/it\/"},{"@type":"ListItem","position":2,"name":"Il nominativo in tedesco \u2013 forme, funzione e utilizzo"}]},{"@type":"WebSite","@id":"https:\/\/www.sprachschule-aktiv-muenchen.de\/#website","url":"https:\/\/www.sprachschule-aktiv-muenchen.de\/","name":"Sprachschule Aktiv","description":"","potentialAction":[{"@type":"SearchAction","target":{"@type":"EntryPoint","urlTemplate":"https:\/\/www.sprachschule-aktiv-muenchen.de\/?s={search_term_string}"},"query-input":{"@type":"PropertyValueSpecification","valueRequired":true,"valueName":"search_term_string"}}],"inLanguage":"it-IT"},{"@type":"Person","@id":"https:\/\/www.sprachschule-aktiv-muenchen.de\/#\/schema\/person\/a74a6322db9745fd586f7e97f1ee5724","name":"Martin Polo","image":{"@type":"ImageObject","inLanguage":"it-IT","@id":"https:\/\/www.sprachschule-aktiv-muenchen.de\/#\/schema\/person\/image\/","url":"https:\/\/secure.gravatar.com\/avatar\/2cbe6176b6be8b122284c50d9e7a11af9502529eae284fd73534defd313e4152?s=96&d=mm&r=g","contentUrl":"https:\/\/secure.gravatar.com\/avatar\/2cbe6176b6be8b122284c50d9e7a11af9502529eae284fd73534defd313e4152?s=96&d=mm&r=g","caption":"Martin Polo"}}]}},"_links":{"self":[{"href":"https:\/\/www.sprachschule-aktiv-muenchen.de\/it\/wp-json\/wp\/v2\/posts\/42244","targetHints":{"allow":["GET"]}}],"collection":[{"href":"https:\/\/www.sprachschule-aktiv-muenchen.de\/it\/wp-json\/wp\/v2\/posts"}],"about":[{"href":"https:\/\/www.sprachschule-aktiv-muenchen.de\/it\/wp-json\/wp\/v2\/types\/post"}],"author":[{"embeddable":true,"href":"https:\/\/www.sprachschule-aktiv-muenchen.de\/it\/wp-json\/wp\/v2\/users\/2"}],"replies":[{"embeddable":true,"href":"https:\/\/www.sprachschule-aktiv-muenchen.de\/it\/wp-json\/wp\/v2\/comments?post=42244"}],"version-history":[{"count":1,"href":"https:\/\/www.sprachschule-aktiv-muenchen.de\/it\/wp-json\/wp\/v2\/posts\/42244\/revisions"}],"predecessor-version":[{"id":54042,"href":"https:\/\/www.sprachschule-aktiv-muenchen.de\/it\/wp-json\/wp\/v2\/posts\/42244\/revisions\/54042"}],"wp:featuredmedia":[{"embeddable":true,"href":"https:\/\/www.sprachschule-aktiv-muenchen.de\/it\/wp-json\/wp\/v2\/media\/42245"}],"wp:attachment":[{"href":"https:\/\/www.sprachschule-aktiv-muenchen.de\/it\/wp-json\/wp\/v2\/media?parent=42244"}],"wp:term":[{"taxonomy":"category","embeddable":true,"href":"https:\/\/www.sprachschule-aktiv-muenchen.de\/it\/wp-json\/wp\/v2\/categories?post=42244"},{"taxonomy":"post_tag","embeddable":true,"href":"https:\/\/www.sprachschule-aktiv-muenchen.de\/it\/wp-json\/wp\/v2\/tags?post=42244"}],"curies":[{"name":"wp","href":"https:\/\/api.w.org\/{rel}","templated":true}]}}