{"id":42219,"date":"2018-02-08T14:43:14","date_gmt":"2018-02-08T13:43:14","guid":{"rendered":"https:\/\/www.sprachschule-aktiv-muenchen.de\/?p=42219"},"modified":"2019-12-20T16:56:10","modified_gmt":"2019-12-20T15:56:10","slug":"il-genitivo-in-tedesco-forma-funzione-ed-utilizzo","status":"publish","type":"post","link":"https:\/\/www.sprachschule-aktiv-muenchen.de\/it\/il-genitivo-in-tedesco-forma-funzione-ed-utilizzo\/","title":{"rendered":"Il Genitivo in tedesco \u2013 forma, funzione ed utilizzo."},"content":{"rendered":"<h1><strong>Il Genitivo in tedesco \u2013 forma, funzione ed utilizzo<\/strong><\/h1>\n<p>In questo post imparerai: Caso genitivo tedesco formazione utilizzi\u00a0e\u00a0funzioni.<\/p>\n<h2><strong>Funzione<\/strong><\/h2>\n<p>In tedesco i vari elementi della frase ( soggetto, complemento oggetto ecc) possono avere diverse posizioni. Per capire chi esegue un\u2019azione e chi invece la \u201criceve\u201d, in tedesco esistono i 4 casi. Il nominativo indica il soggetto, quindi chi esegue un\u2019azione. Il genitivo serve ad esprimere rapporti di possesso e di appartenenza ma viene spesso sostituito dalla preposizione \u201cvon\u201d che regge il caso dativo. Il dativo e l\u2019accusativo vengono utilizzati per identificare l\u2019oggetto di una frase. \u00a0A questo proposito \u00e8 bene specificare che l\u2019accusativo pu\u00f2 essere usato sia per indicare una persona che per una cosa. Il pronome interrogativo del genitivo \u00e8 \u201ewessen?\u201c. Il dativo e l\u2019accusativo vengono utilizzati per identificare l\u2019oggetto di una frase. \u00a0A questo proposito \u00e8 bene specificare che l\u2019accusativo pu\u00f2 essere usato sia per indicare una persona che per una cosa.<\/p>\n<a href=\"https:\/\/www.sprachschule-aktiv-muenchen.de\/it\/corsi-di-tedesco-a-monaco-di-baviera\/\"><img decoding=\"async\" class=\"alignnone size-full wp-image-53932\" src=\"https:\/\/www.sprachschule-aktiv-muenchen.de\/wp-content\/uploads\/2019\/08\/i-nostri-corsi-di-tedesco-a-monaco-di-baviera-1.jpg\" alt=\"I nostri corsi di tedesco a Monaco di Baviera\" width=\"300\" height=\"358\" srcset=\"https:\/\/www.sprachschule-aktiv-muenchen.de\/wp-content\/uploads\/2019\/08\/i-nostri-corsi-di-tedesco-a-monaco-di-baviera-1.jpg 300w, https:\/\/www.sprachschule-aktiv-muenchen.de\/wp-content\/uploads\/2019\/08\/i-nostri-corsi-di-tedesco-a-monaco-di-baviera-1-251x300.jpg 251w\" sizes=\"(max-width: 300px) 100vw, 300px\" \/><\/a>\n<h2><strong>Forme<\/strong><\/h2>\n<p><strong>Articoli<\/strong><\/p>\n<table width=\"500\">\n<tbody>\n<tr>\n<td><\/td>\n<td>Articolo determinativo<\/td>\n<td>Articolo indeterminativo<\/td>\n<td>Articolo negativo, possessivo ecc.<\/td>\n<\/tr>\n<tr>\n<td>Maschile<\/td>\n<td>des Mannes<\/td>\n<td>eines Mannes<\/td>\n<td>keines Mannes<\/td>\n<\/tr>\n<tr>\n<td>Femminile<\/td>\n<td>der Frau<\/td>\n<td>einer Frau<\/td>\n<td>keiner Frau<\/td>\n<\/tr>\n<tr>\n<td>Neutro<\/td>\n<td>des Kindes<\/td>\n<td>eines Kindes<\/td>\n<td>keines Kindes<\/td>\n<\/tr>\n<tr>\n<td>Plurale<\/td>\n<td>der Menschen<\/td>\n<td>Menschen<\/td>\n<td>keiner Menschen<\/td>\n<\/tr>\n<\/tbody>\n<\/table>\n<p>Anche gli aggettivi sono al genitivo e devono essere declinati a seconda che siano preceduti da un articolo determinativo, indeterminativo ecc.<\/p>\n<p>Al gentivo i nomi maschili e neutri aggiungono \u2013s o \u2013es. I nomi femminili invece non cambiano. Im<\/p>\n<p><strong>Nomi maschili:<\/strong>\u00a0der Vater \u2013 des Vaters<\/p>\n<p><strong>Nomi neutri:\u00a0<\/strong>das Auto \u2013 des Autos<\/p>\n<p>Ci sono per\u00f2 alcuni nomi maschili che al genitivo aggiungono un \u2013n o \u2013en.<\/p>\n<p>Nomi maschili che finiscono in -e: der Affe \u2013 des Affen<\/p>\n<p>Nomi maschili che finiscono in -ent: der Pr\u00e4sident \u2013 des Pr\u00e4sidenten<\/p>\n<p><strong>Pronomi possessivi al genitivo<\/strong><\/p>\n<table width=\"500\">\n<tbody>\n<tr>\n<td><\/td>\n<td>maschile<\/td>\n<td>femminile<\/td>\n<td>neutro<\/td>\n<td>Plurale<\/td>\n<\/tr>\n<tr>\n<td>1. Persona Sg<\/td>\n<td>meines<\/td>\n<td>meiner<\/td>\n<td>meines<\/td>\n<td>meiner<\/td>\n<\/tr>\n<tr>\n<td>2. Persona Sg<\/td>\n<td>deines<\/td>\n<td>deiner<\/td>\n<td>deines<\/td>\n<td>deiner<\/td>\n<\/tr>\n<tr>\n<td>3. Persona Sg. (m)<\/td>\n<td>seines<\/td>\n<td>seiner<\/td>\n<td>seines<\/td>\n<td>deiner<\/td>\n<\/tr>\n<tr>\n<td>3. Persona Sg. (f)<\/td>\n<td>ihres<\/td>\n<td>ihrer<\/td>\n<td>ihres<\/td>\n<td>ihrer<\/td>\n<\/tr>\n<tr>\n<td>3. Persona Sg. (n)<\/td>\n<td>seines<\/td>\n<td>seiner<\/td>\n<td>seines<\/td>\n<td>seiner<\/td>\n<\/tr>\n<tr>\n<td>1. Persona Pl.<\/td>\n<td>unseres<\/td>\n<td>unserer<\/td>\n<td>unseres<\/td>\n<td>unserer<\/td>\n<\/tr>\n<tr>\n<td>2. Persona Pl.<\/td>\n<td>eures<\/td>\n<td>eurer<\/td>\n<td>eures<\/td>\n<td>eurer<\/td>\n<\/tr>\n<tr>\n<td>3. Persona Pl.<\/td>\n<td>ihres\/Ihres<\/td>\n<td>ihrer\/Ihrer<\/td>\n<td>ihres\/Ihres<\/td>\n<td>ihrer\/Ihrer<\/td>\n<\/tr>\n<\/tbody>\n<\/table>\n<h2><strong>Utilizzo<\/strong><\/h2>\n<p>\u201eQuando devo usare il genitivo?\u201c Per rispondere a questa domanda ti diamo 4 consigli utili:<\/p>\n<p>Ogni volta che dobbiamo esprimere l\u2019appartenenza ad una persona o cosa, si utilizza nella lingua scritta il genitivo per: \u201eIch mag den Hund meines Freundes.\u201d \u201cDas Dach unseres Hauses ist kaputt.\u201c<\/p>\n<p><strong>Verbi<\/strong><\/p>\n<p>In tedesco il verbo deinisce il caso del complemento che lo segue. Ci\u00f2 significa che, dopo determinati verbi, \u00e8 necessario utilizzare il genitivo. I verbi che appartengono a questa categoria non sono molti e possono essere facilmente imparati a memoria:<\/p>\n<p>einer Sache bed\u00fcrfen (necessitare di qualcosa), sich einer Sache r\u00fchmen (vantarsi di una cosa), jemanden einer Sache beschuldigen (incolpare qualcuno di qualcosa), einer Sache gedenken ( commemorare qualcosa), sich einer Sache erinnern (ricordardarsi di qualcosa), jemanden einer Sache anklagen ( incolpare qualcuno di qualcosa) etc.<\/p>\n<p><strong>Preposizioni<\/strong><\/p>\n<p>Ci sono anche preposizioni che richiedono il genitivo:<\/p>\n<p>an Stelle, auf Grund, trotz, wegen, w\u00e4hrend, au\u00dferhalb, innerhalb, n\u00f6rdlich, s\u00fcdlich, rechts, links, etc.<\/p>\n<p><strong>Aggettivi<\/strong><\/p>\n<p>Alcuni ( molto pochi) aggettivi richiedono per completare il proprio significato lessico. Anche questi possono essere imparati a memoria. Si tratta per esempio di:<\/p>\n<p>einer Sache m\u00e4chtig sein ( avere la padronanza di qualcosa), einer Sache w\u00fcrdig sein ( essere degno di qualcosa), einer Sache unw\u00fcrdig sein ( essere indegno di qualcosa), einer Sache \u00fcberdr\u00fcssig sein ( essere stufo di qualcosa), einer Sache kundig sein ( conoscere bene qualcosa) etc.<\/p>\n<h3>Altri link interessanti:<\/h3>\n<ul>\n<li><a href=\"https:\/\/www.sprachschule-aktiv-muenchen.de\/it\/il-dativo-spiegazione-forme-funzione-utilizzo\/\">Il Dativo in tedesco<\/a><\/li>\n<li><a href=\"https:\/\/www.sprachschule-aktiv-muenchen.de\/it\/laccusativo-in-tedesco-funzioni-forme-e-utilizzo\/\">L&#8217;Accusativo in tedesco<\/a><\/li>\n<li><a href=\"https:\/\/www.sprachschule-aktiv-muenchen.de\/it\/test-di-tedesco\/\">Test di Tedesco Online<\/a><\/li>\n<\/ul>\n","protected":false},"excerpt":{"rendered":"<p>Il Genitivo in tedesco \u2013 forma, funzione ed utilizzo In questo post imparerai: Caso genitivo tedesco formazione utilizzi\u00a0e\u00a0funzioni. Funzione In tedesco i vari elementi della frase ( soggetto, complemento oggetto ecc) possono avere diverse posizioni. Per capire chi esegue un\u2019azione e chi invece la \u201criceve\u201d, in tedesco esistono i 4 casi. Il nominativo indica il [&hellip;]<\/p>\n","protected":false},"author":2,"featured_media":42778,"comment_status":"open","ping_status":"open","sticky":false,"template":"","format":"standard","meta":{"footnotes":""},"categories":[12],"tags":[],"class_list":["post-42219","post","type-post","status-publish","format-standard","has-post-thumbnail","hentry","category-impara-il-tedesco-gratis"],"yoast_head":"<!-- This site is optimized with the Yoast SEO plugin v27.1.1 - https:\/\/yoast.com\/product\/yoast-seo-wordpress\/ -->\n<title>Caso genitivo tedesco formazione utilizzi e funzioni<\/title>\n<meta name=\"description\" content=\"Caso genitivo tedesco formazione utilizzi e funzioni. In tedesco i vari elementi della frase (soggetto, ecc) possono avere diverse posizioni.\" \/>\n<meta name=\"robots\" content=\"index, follow, max-snippet:-1, max-image-preview:large, max-video-preview:-1\" \/>\n<link rel=\"canonical\" href=\"https:\/\/www.sprachschule-aktiv-muenchen.de\/it\/il-genitivo-in-tedesco-forma-funzione-ed-utilizzo\/\" \/>\n<meta property=\"og:locale\" content=\"it_IT\" \/>\n<meta property=\"og:type\" content=\"article\" \/>\n<meta property=\"og:title\" content=\"Caso genitivo tedesco formazione utilizzi e funzioni\" \/>\n<meta property=\"og:description\" content=\"Caso genitivo tedesco formazione utilizzi e funzioni. In tedesco i vari elementi della frase (soggetto, ecc) possono avere diverse posizioni.\" \/>\n<meta property=\"og:url\" content=\"https:\/\/www.sprachschule-aktiv-muenchen.de\/it\/il-genitivo-in-tedesco-forma-funzione-ed-utilizzo\/\" \/>\n<meta property=\"og:site_name\" content=\"Sprachschule Aktiv\" \/>\n<meta property=\"article:published_time\" content=\"2018-02-08T13:43:14+00:00\" \/>\n<meta property=\"article:modified_time\" content=\"2019-12-20T15:56:10+00:00\" \/>\n<meta property=\"og:image\" content=\"https:\/\/www.sprachschule-aktiv-muenchen.de\/wp-content\/uploads\/2018\/02\/il-genitivo-in-tedesco.jpg\" \/>\n\t<meta property=\"og:image:width\" content=\"500\" \/>\n\t<meta property=\"og:image:height\" content=\"281\" \/>\n\t<meta property=\"og:image:type\" content=\"image\/jpeg\" \/>\n<meta name=\"author\" content=\"Martin Polo\" \/>\n<meta name=\"twitter:card\" content=\"summary_large_image\" \/>\n<meta name=\"twitter:label1\" content=\"Scritto da\" \/>\n\t<meta name=\"twitter:data1\" content=\"Martin Polo\" \/>\n\t<meta name=\"twitter:label2\" content=\"Tempo di lettura stimato\" \/>\n\t<meta name=\"twitter:data2\" content=\"3 minuti\" \/>\n<script type=\"application\/ld+json\" class=\"yoast-schema-graph\">{\"@context\":\"https:\/\/schema.org\",\"@graph\":[{\"@type\":\"Article\",\"@id\":\"https:\/\/www.sprachschule-aktiv-muenchen.de\/it\/il-genitivo-in-tedesco-forma-funzione-ed-utilizzo\/#article\",\"isPartOf\":{\"@id\":\"https:\/\/www.sprachschule-aktiv-muenchen.de\/it\/il-genitivo-in-tedesco-forma-funzione-ed-utilizzo\/\"},\"author\":{\"name\":\"Martin Polo\",\"@id\":\"https:\/\/www.sprachschule-aktiv-muenchen.de\/#\/schema\/person\/a74a6322db9745fd586f7e97f1ee5724\"},\"headline\":\"Il Genitivo in tedesco \u2013 forma, funzione ed utilizzo.\",\"datePublished\":\"2018-02-08T13:43:14+00:00\",\"dateModified\":\"2019-12-20T15:56:10+00:00\",\"mainEntityOfPage\":{\"@id\":\"https:\/\/www.sprachschule-aktiv-muenchen.de\/it\/il-genitivo-in-tedesco-forma-funzione-ed-utilizzo\/\"},\"wordCount\":596,\"commentCount\":0,\"image\":{\"@id\":\"https:\/\/www.sprachschule-aktiv-muenchen.de\/it\/il-genitivo-in-tedesco-forma-funzione-ed-utilizzo\/#primaryimage\"},\"thumbnailUrl\":\"https:\/\/www.sprachschule-aktiv-muenchen.de\/wp-content\/uploads\/2018\/02\/il-genitivo-in-tedesco.jpg\",\"articleSection\":[\"Impara il tedesco gratis\"],\"inLanguage\":\"it-IT\"},{\"@type\":\"WebPage\",\"@id\":\"https:\/\/www.sprachschule-aktiv-muenchen.de\/it\/il-genitivo-in-tedesco-forma-funzione-ed-utilizzo\/\",\"url\":\"https:\/\/www.sprachschule-aktiv-muenchen.de\/it\/il-genitivo-in-tedesco-forma-funzione-ed-utilizzo\/\",\"name\":\"Caso genitivo tedesco formazione utilizzi e funzioni\",\"isPartOf\":{\"@id\":\"https:\/\/www.sprachschule-aktiv-muenchen.de\/#website\"},\"primaryImageOfPage\":{\"@id\":\"https:\/\/www.sprachschule-aktiv-muenchen.de\/it\/il-genitivo-in-tedesco-forma-funzione-ed-utilizzo\/#primaryimage\"},\"image\":{\"@id\":\"https:\/\/www.sprachschule-aktiv-muenchen.de\/it\/il-genitivo-in-tedesco-forma-funzione-ed-utilizzo\/#primaryimage\"},\"thumbnailUrl\":\"https:\/\/www.sprachschule-aktiv-muenchen.de\/wp-content\/uploads\/2018\/02\/il-genitivo-in-tedesco.jpg\",\"datePublished\":\"2018-02-08T13:43:14+00:00\",\"dateModified\":\"2019-12-20T15:56:10+00:00\",\"author\":{\"@id\":\"https:\/\/www.sprachschule-aktiv-muenchen.de\/#\/schema\/person\/a74a6322db9745fd586f7e97f1ee5724\"},\"description\":\"Caso genitivo tedesco formazione utilizzi e funzioni. In tedesco i vari elementi della frase (soggetto, ecc) possono avere diverse posizioni.\",\"breadcrumb\":{\"@id\":\"https:\/\/www.sprachschule-aktiv-muenchen.de\/it\/il-genitivo-in-tedesco-forma-funzione-ed-utilizzo\/#breadcrumb\"},\"inLanguage\":\"it-IT\",\"potentialAction\":[{\"@type\":\"ReadAction\",\"target\":[\"https:\/\/www.sprachschule-aktiv-muenchen.de\/it\/il-genitivo-in-tedesco-forma-funzione-ed-utilizzo\/\"]}]},{\"@type\":\"ImageObject\",\"inLanguage\":\"it-IT\",\"@id\":\"https:\/\/www.sprachschule-aktiv-muenchen.de\/it\/il-genitivo-in-tedesco-forma-funzione-ed-utilizzo\/#primaryimage\",\"url\":\"https:\/\/www.sprachschule-aktiv-muenchen.de\/wp-content\/uploads\/2018\/02\/il-genitivo-in-tedesco.jpg\",\"contentUrl\":\"https:\/\/www.sprachschule-aktiv-muenchen.de\/wp-content\/uploads\/2018\/02\/il-genitivo-in-tedesco.jpg\",\"width\":\"500\",\"height\":\"281\",\"caption\":\"Il Genitivo in Tedesco\"},{\"@type\":\"BreadcrumbList\",\"@id\":\"https:\/\/www.sprachschule-aktiv-muenchen.de\/it\/il-genitivo-in-tedesco-forma-funzione-ed-utilizzo\/#breadcrumb\",\"itemListElement\":[{\"@type\":\"ListItem\",\"position\":1,\"name\":\"Portada\",\"item\":\"https:\/\/www.sprachschule-aktiv-muenchen.de\/it\/\"},{\"@type\":\"ListItem\",\"position\":2,\"name\":\"Il Genitivo in tedesco \u2013 forma, funzione ed utilizzo.\"}]},{\"@type\":\"WebSite\",\"@id\":\"https:\/\/www.sprachschule-aktiv-muenchen.de\/#website\",\"url\":\"https:\/\/www.sprachschule-aktiv-muenchen.de\/\",\"name\":\"Sprachschule Aktiv\",\"description\":\"\",\"potentialAction\":[{\"@type\":\"SearchAction\",\"target\":{\"@type\":\"EntryPoint\",\"urlTemplate\":\"https:\/\/www.sprachschule-aktiv-muenchen.de\/?s={search_term_string}\"},\"query-input\":{\"@type\":\"PropertyValueSpecification\",\"valueRequired\":true,\"valueName\":\"search_term_string\"}}],\"inLanguage\":\"it-IT\"},{\"@type\":\"Person\",\"@id\":\"https:\/\/www.sprachschule-aktiv-muenchen.de\/#\/schema\/person\/a74a6322db9745fd586f7e97f1ee5724\",\"name\":\"Martin Polo\",\"image\":{\"@type\":\"ImageObject\",\"inLanguage\":\"it-IT\",\"@id\":\"https:\/\/www.sprachschule-aktiv-muenchen.de\/#\/schema\/person\/image\/\",\"url\":\"https:\/\/secure.gravatar.com\/avatar\/2cbe6176b6be8b122284c50d9e7a11af9502529eae284fd73534defd313e4152?s=96&d=mm&r=g\",\"contentUrl\":\"https:\/\/secure.gravatar.com\/avatar\/2cbe6176b6be8b122284c50d9e7a11af9502529eae284fd73534defd313e4152?s=96&d=mm&r=g\",\"caption\":\"Martin Polo\"}}]}<\/script>\n<!-- \/ Yoast SEO plugin. -->","yoast_head_json":{"title":"Caso genitivo tedesco formazione utilizzi e funzioni","description":"Caso genitivo tedesco formazione utilizzi e funzioni. In tedesco i vari elementi della frase (soggetto, ecc) possono avere diverse posizioni.","robots":{"index":"index","follow":"follow","max-snippet":"max-snippet:-1","max-image-preview":"max-image-preview:large","max-video-preview":"max-video-preview:-1"},"canonical":"https:\/\/www.sprachschule-aktiv-muenchen.de\/it\/il-genitivo-in-tedesco-forma-funzione-ed-utilizzo\/","og_locale":"it_IT","og_type":"article","og_title":"Caso genitivo tedesco formazione utilizzi e funzioni","og_description":"Caso genitivo tedesco formazione utilizzi e funzioni. In tedesco i vari elementi della frase (soggetto, ecc) possono avere diverse posizioni.","og_url":"https:\/\/www.sprachschule-aktiv-muenchen.de\/it\/il-genitivo-in-tedesco-forma-funzione-ed-utilizzo\/","og_site_name":"Sprachschule Aktiv","article_published_time":"2018-02-08T13:43:14+00:00","article_modified_time":"2019-12-20T15:56:10+00:00","og_image":[{"width":500,"height":281,"url":"https:\/\/www.sprachschule-aktiv-muenchen.de\/wp-content\/uploads\/2018\/02\/il-genitivo-in-tedesco.jpg","type":"image\/jpeg"}],"author":"Martin Polo","twitter_card":"summary_large_image","twitter_misc":{"Scritto da":"Martin Polo","Tempo di lettura stimato":"3 minuti"},"schema":{"@context":"https:\/\/schema.org","@graph":[{"@type":"Article","@id":"https:\/\/www.sprachschule-aktiv-muenchen.de\/it\/il-genitivo-in-tedesco-forma-funzione-ed-utilizzo\/#article","isPartOf":{"@id":"https:\/\/www.sprachschule-aktiv-muenchen.de\/it\/il-genitivo-in-tedesco-forma-funzione-ed-utilizzo\/"},"author":{"name":"Martin Polo","@id":"https:\/\/www.sprachschule-aktiv-muenchen.de\/#\/schema\/person\/a74a6322db9745fd586f7e97f1ee5724"},"headline":"Il Genitivo in tedesco \u2013 forma, funzione ed utilizzo.","datePublished":"2018-02-08T13:43:14+00:00","dateModified":"2019-12-20T15:56:10+00:00","mainEntityOfPage":{"@id":"https:\/\/www.sprachschule-aktiv-muenchen.de\/it\/il-genitivo-in-tedesco-forma-funzione-ed-utilizzo\/"},"wordCount":596,"commentCount":0,"image":{"@id":"https:\/\/www.sprachschule-aktiv-muenchen.de\/it\/il-genitivo-in-tedesco-forma-funzione-ed-utilizzo\/#primaryimage"},"thumbnailUrl":"https:\/\/www.sprachschule-aktiv-muenchen.de\/wp-content\/uploads\/2018\/02\/il-genitivo-in-tedesco.jpg","articleSection":["Impara il tedesco gratis"],"inLanguage":"it-IT"},{"@type":"WebPage","@id":"https:\/\/www.sprachschule-aktiv-muenchen.de\/it\/il-genitivo-in-tedesco-forma-funzione-ed-utilizzo\/","url":"https:\/\/www.sprachschule-aktiv-muenchen.de\/it\/il-genitivo-in-tedesco-forma-funzione-ed-utilizzo\/","name":"Caso genitivo tedesco formazione utilizzi e funzioni","isPartOf":{"@id":"https:\/\/www.sprachschule-aktiv-muenchen.de\/#website"},"primaryImageOfPage":{"@id":"https:\/\/www.sprachschule-aktiv-muenchen.de\/it\/il-genitivo-in-tedesco-forma-funzione-ed-utilizzo\/#primaryimage"},"image":{"@id":"https:\/\/www.sprachschule-aktiv-muenchen.de\/it\/il-genitivo-in-tedesco-forma-funzione-ed-utilizzo\/#primaryimage"},"thumbnailUrl":"https:\/\/www.sprachschule-aktiv-muenchen.de\/wp-content\/uploads\/2018\/02\/il-genitivo-in-tedesco.jpg","datePublished":"2018-02-08T13:43:14+00:00","dateModified":"2019-12-20T15:56:10+00:00","author":{"@id":"https:\/\/www.sprachschule-aktiv-muenchen.de\/#\/schema\/person\/a74a6322db9745fd586f7e97f1ee5724"},"description":"Caso genitivo tedesco formazione utilizzi e funzioni. In tedesco i vari elementi della frase (soggetto, ecc) possono avere diverse posizioni.","breadcrumb":{"@id":"https:\/\/www.sprachschule-aktiv-muenchen.de\/it\/il-genitivo-in-tedesco-forma-funzione-ed-utilizzo\/#breadcrumb"},"inLanguage":"it-IT","potentialAction":[{"@type":"ReadAction","target":["https:\/\/www.sprachschule-aktiv-muenchen.de\/it\/il-genitivo-in-tedesco-forma-funzione-ed-utilizzo\/"]}]},{"@type":"ImageObject","inLanguage":"it-IT","@id":"https:\/\/www.sprachschule-aktiv-muenchen.de\/it\/il-genitivo-in-tedesco-forma-funzione-ed-utilizzo\/#primaryimage","url":"https:\/\/www.sprachschule-aktiv-muenchen.de\/wp-content\/uploads\/2018\/02\/il-genitivo-in-tedesco.jpg","contentUrl":"https:\/\/www.sprachschule-aktiv-muenchen.de\/wp-content\/uploads\/2018\/02\/il-genitivo-in-tedesco.jpg","width":"500","height":"281","caption":"Il Genitivo in Tedesco"},{"@type":"BreadcrumbList","@id":"https:\/\/www.sprachschule-aktiv-muenchen.de\/it\/il-genitivo-in-tedesco-forma-funzione-ed-utilizzo\/#breadcrumb","itemListElement":[{"@type":"ListItem","position":1,"name":"Portada","item":"https:\/\/www.sprachschule-aktiv-muenchen.de\/it\/"},{"@type":"ListItem","position":2,"name":"Il Genitivo in tedesco \u2013 forma, funzione ed utilizzo."}]},{"@type":"WebSite","@id":"https:\/\/www.sprachschule-aktiv-muenchen.de\/#website","url":"https:\/\/www.sprachschule-aktiv-muenchen.de\/","name":"Sprachschule Aktiv","description":"","potentialAction":[{"@type":"SearchAction","target":{"@type":"EntryPoint","urlTemplate":"https:\/\/www.sprachschule-aktiv-muenchen.de\/?s={search_term_string}"},"query-input":{"@type":"PropertyValueSpecification","valueRequired":true,"valueName":"search_term_string"}}],"inLanguage":"it-IT"},{"@type":"Person","@id":"https:\/\/www.sprachschule-aktiv-muenchen.de\/#\/schema\/person\/a74a6322db9745fd586f7e97f1ee5724","name":"Martin Polo","image":{"@type":"ImageObject","inLanguage":"it-IT","@id":"https:\/\/www.sprachschule-aktiv-muenchen.de\/#\/schema\/person\/image\/","url":"https:\/\/secure.gravatar.com\/avatar\/2cbe6176b6be8b122284c50d9e7a11af9502529eae284fd73534defd313e4152?s=96&d=mm&r=g","contentUrl":"https:\/\/secure.gravatar.com\/avatar\/2cbe6176b6be8b122284c50d9e7a11af9502529eae284fd73534defd313e4152?s=96&d=mm&r=g","caption":"Martin Polo"}}]}},"_links":{"self":[{"href":"https:\/\/www.sprachschule-aktiv-muenchen.de\/it\/wp-json\/wp\/v2\/posts\/42219","targetHints":{"allow":["GET"]}}],"collection":[{"href":"https:\/\/www.sprachschule-aktiv-muenchen.de\/it\/wp-json\/wp\/v2\/posts"}],"about":[{"href":"https:\/\/www.sprachschule-aktiv-muenchen.de\/it\/wp-json\/wp\/v2\/types\/post"}],"author":[{"embeddable":true,"href":"https:\/\/www.sprachschule-aktiv-muenchen.de\/it\/wp-json\/wp\/v2\/users\/2"}],"replies":[{"embeddable":true,"href":"https:\/\/www.sprachschule-aktiv-muenchen.de\/it\/wp-json\/wp\/v2\/comments?post=42219"}],"version-history":[{"count":1,"href":"https:\/\/www.sprachschule-aktiv-muenchen.de\/it\/wp-json\/wp\/v2\/posts\/42219\/revisions"}],"predecessor-version":[{"id":54043,"href":"https:\/\/www.sprachschule-aktiv-muenchen.de\/it\/wp-json\/wp\/v2\/posts\/42219\/revisions\/54043"}],"wp:featuredmedia":[{"embeddable":true,"href":"https:\/\/www.sprachschule-aktiv-muenchen.de\/it\/wp-json\/wp\/v2\/media\/42778"}],"wp:attachment":[{"href":"https:\/\/www.sprachschule-aktiv-muenchen.de\/it\/wp-json\/wp\/v2\/media?parent=42219"}],"wp:term":[{"taxonomy":"category","embeddable":true,"href":"https:\/\/www.sprachschule-aktiv-muenchen.de\/it\/wp-json\/wp\/v2\/categories?post=42219"},{"taxonomy":"post_tag","embeddable":true,"href":"https:\/\/www.sprachschule-aktiv-muenchen.de\/it\/wp-json\/wp\/v2\/tags?post=42219"}],"curies":[{"name":"wp","href":"https:\/\/api.w.org\/{rel}","templated":true}]}}