{"id":41954,"date":"2018-02-07T14:03:28","date_gmt":"2018-02-07T13:03:28","guid":{"rendered":"https:\/\/www.sprachschule-aktiv-muenchen.de\/?p=41954"},"modified":"2019-12-20T16:58:08","modified_gmt":"2019-12-20T15:58:08","slug":"il-plurale-in-tedesco-regole-per-la-formazione-luso-e-la-forma","status":"publish","type":"post","link":"https:\/\/www.sprachschule-aktiv-muenchen.de\/it\/il-plurale-in-tedesco-regole-per-la-formazione-luso-e-la-forma\/","title":{"rendered":"Il plurale in tedesco \u2013 regole per la formazione, l\u2019uso e la forma."},"content":{"rendered":"<h1><strong>Il plurale in tedesco \u2013 regole per la formazione, l\u2019uso e la forma<\/strong><\/h1>\n<p>In questo post imparerai: Plurale in tedesco uso formazione regole grammaticali.<\/p>\n<h2><strong>Funzione<\/strong><\/h2>\n<p>Il plurale di una parola serve ad esprimere una pluralit\u00e0 di cose o persone. Ma per prima cosa \u00e8 bene precisare che in tedesco non esiste un unico plurale. Nella lingua tedesca infatti si possono trovare 5 forme diverse di Plurale. La domanda da porsi adesso \u00e8 naturalmente: \u201c Quando devo utilizzare ciascuna di queste forme?\u201d. Nella formazione del plurale non c\u2019\u00e8 alcuna regola generalmente valida. Un consiglio utile \u00e8 quello di imparare la forma del plurale assieme alla forma del singolare. Spesso si pu\u00f2 anche guardare alla parte finale della parola dalla quale spesso dipende la forma al plurale. Ci sono per\u00f2 tante eccezioni!<\/p>\n<p>Per\u00f2 tutti le parole hanno come articola al plurale\u00a0<strong>\u201edie\u201c.<\/strong><\/p>\n<a href=\"https:\/\/www.sprachschule-aktiv-muenchen.de\/it\/corsi-di-tedesco-a-monaco-di-baviera\/\"><img decoding=\"async\" class=\"alignnone size-full wp-image-53932\" src=\"https:\/\/www.sprachschule-aktiv-muenchen.de\/wp-content\/uploads\/2019\/08\/i-nostri-corsi-di-tedesco-a-monaco-di-baviera-1.jpg\" alt=\"I nostri corsi di tedesco a Monaco di Baviera\" width=\"300\" height=\"358\" srcset=\"https:\/\/www.sprachschule-aktiv-muenchen.de\/wp-content\/uploads\/2019\/08\/i-nostri-corsi-di-tedesco-a-monaco-di-baviera-1.jpg 300w, https:\/\/www.sprachschule-aktiv-muenchen.de\/wp-content\/uploads\/2019\/08\/i-nostri-corsi-di-tedesco-a-monaco-di-baviera-1-251x300.jpg 251w\" sizes=\"(max-width: 300px) 100vw, 300px\" \/><\/a>\n<p>&nbsp;<\/p>\n<h2><strong>Forme<\/strong><\/h2>\n<p>Le forma la plurale pi\u00f9 frequentemente usate sono quelle che finiscono in \u2013e o \u2013(e)n. Alcuni Nomi costruiscono il plurale anche con l\u2019 Umlaut (\u00e4\/\u00f6\/\u00fc).<\/p>\n<h2><strong>Plurale in \u2013e<\/strong><\/h2>\n<p>La maggior parte die nomi maschili e neutri come per esempio der Tag \u2013 die Tage (il giorno \u2013 i giorni), der Beruf \u2013 die Berufe (il lavoro \u2013 i lavori), der Schuh \u2013 die Schuhe ( a scarpa \u2013 le scarpe), das Jahr \u2013 die Jahre ( l\u2019anno \u2013 gli anni), das Heft \u2013 die Hefte ( il quaderno \u2013 i quaderni), das Regal \u2013 die Regale ( lo scaffale \u2013 gli scaffali), etc.<\/p>\n<p>Inoltre i nomi maschili hanno spesso un Umlaut, per esempio der Ball \u2013 die B\u00e4lle (la palla \u2013 le palle), der Stuhl \u2013 die St\u00fchle (la sedia \u2013 le sedie), der Korb \u2013 die K\u00f6rbe (il cestino, i cestini) etc.<\/p>\n<p>Anche i nomi femminili hanno questa desinenza e molti aggiungono anche l\u2019Umlaut, per esempio die Kuh \u2013 die K\u00fche (la mucca \u2013 le mucche), die Nacht \u2013 die N\u00e4chte (la notte &#8211; le notti), die Gans \u2013 die G\u00e4nse (la papera \u2013 le papere) etc.<\/p>\n<h2><strong>Plurale in \u2013(e)n<\/strong><\/h2>\n<p>La maggior parte dei nomi femminili aggiungono \u2013(e)n per formare il plurale, come per esempio die Frau \u2013 die Frauen (la donna \u2013 le donne), die Lampe \u2013 die Lampen (la lampada \u2013 le lampade), die Tasche \u2013 die Taschen ( la borsa \u2013 le borse) etc.<\/p>\n<p>Anche tutti i nomi maschili della N-Deklination formano il plurale aggiungendo \u2013n, come per esempio der Junge \u2013 die Jungen ( il giovane \u2013 i giovani), der L\u00f6we \u2013 die L\u00f6wen ( il leone \u2013 i leoni), der Name \u2013 die Namen ( il leone \u2013 i leoni) etc.<\/p>\n<p>Appartengono a questo gruppo anche molte parole straniere come die Universit\u00e4t \u2013 die Universit\u00e4ten ( l\u2019universit\u00e0 \u2013 le universit\u00e0), das Museum \u2013 die Museen ( il museo \u2013 i musei), das Thema \u2013 die Themen ( il tema \u2013 i temi) etc.<\/p>\n<p>ANche alcuni nomi neutri formano il plurale in questo modo: das Auge \u2013 die Augen ( l\u2019occhio \u2013 gli occhi) das Ohr \u2013 die Ohren ( l\u2019orecchio \u2013 le orecchie), das Bett \u2013 die Betten (il letto \u2013 i letti) etc.<\/p>\n<p>Le parole di questo gruppo formano il plurale generalmente senza Umlaut.<\/p>\n<h2><strong>\u00a0<\/strong><strong>Plurale senza desinenza<\/strong><\/h2>\n<p>Appartengono a questa categoria:<\/p>\n<p>I nomi maschili che finiscono in \u2013er, -en, -el come per esempio: der Computer \u2013 die Computer, der Spaten \u2013 die Spaten, der L\u00f6ffel \u2013 die L\u00f6ffel (il cucchiaio \u2013 i cucchiai), etc.<\/p>\n<p>Alcuni nomi maschili aggiungono l\u2018Umlaut come per esempio der Apfel \u2013 die \u00c4pfel ( la mela \u2013 le mele), der Vogel \u2013 die V\u00f6gel ( l\u2019uccello \u2013 gli uccelli), der Garten \u2013 die G\u00e4rten (il giardino \u2013 i giardini) etc.<\/p>\n<p>Nomi neutri che finiscono in \u2013chen e \u2013lein, come das Zeichen \u2013 die Zeichen (il segno \u2013 i segni), das M\u00e4dchen \u2013 die M\u00e4dchen ( la ragazza \u2013 le ragazze) etc.<\/p>\n<h2><strong>Plurale in \u2013er<\/strong><\/h2>\n<p>La maggior parte dei nomi neutri e alcuni nomi maschili costruiscono il plurale con \u2013er come per esempio das Bild \u2013 die Bilder (l\u2019immagine \u2013 le immagini), das Lied \u2013 die Lieder ( la canzone \u2013 le canzoni), der Geist \u2013 die Geister ( lo spirito \u2013 gli spiriti) etc.<\/p>\n<p>Inoltre, la maggior parte dei nomi di questo gruppo aggiungono un Umlaut come per esempio das Buch \u2013 die B\u00fccher (il libro \u2013 i libri), der Mann \u2013 die M\u00e4nner (l\u2019uomo \u2013 gli uomini), der Wald \u2013 die W\u00e4lder ( la foresta \u2013 le foreste) etc.<\/p>\n<h2><strong>Plurale in \u2013s<\/strong><\/h2>\n<p>La maggior parte dei nomi che finiscono in \u2013a, -i o \u2013o, abbreviazioni e parole straniere che vengono dal francese o dall\u2019inglese per esempio das Foto \u2013 die Fotos, die CD \u2013 die CDs, das Restaurant \u2013 die Restaurants, etc.<\/p>\n<h2><strong>Attenzione:<\/strong><\/h2>\n<p>La maggior parte dei nomi possiedono un singolare ed un plurale. Ci sono alcuni per\u00f2 che possono essere usati solo al singolare o al plurale.<\/p>\n<p>Le parole che vengono usate solo al singolare sono per esempio das Wasser (l\u2019acqua), die Milch ( il latte), das Geld ( i soldi), die Zeit ( il tempo), das Gl\u00fcck ( la fortuna), das Pech ( la sfortuna), das Alter ( l\u2019et\u00e0), das Obst ( la frutta), das Gem\u00fcse ( la verdura), die Musik ( la musica) etc.<\/p>\n<p>Le parole che vengono usate solo al plurale sono per esempio die Eltern ( i genitori), die Leute ( la gente), die Lebensmittel ( i generi aliementari), die Ferien ( le ferie), die Geschwister ( i fratelli), die Schreibwaren ( la cancelleria), die Spielwaren ( i giocattoli) etc.<\/p>\n<h2><strong>Ulteriori informazioni:<\/strong><\/h2>\n<ul>\n<li><a href=\"https:\/\/www.sprachschule-aktiv-muenchen.de\/it\/perfekt-usi-regole-grammatica\/\">Il Perfekt in tedesco<\/a><\/li>\n<li><a href=\"https:\/\/www.sprachschule-aktiv-muenchen.de\/it\/i-maggiori-musei-di-monaco\/\">I maggiori musei di Monaco<\/a><\/li>\n<\/ul>\n","protected":false},"excerpt":{"rendered":"<p>Il plurale in tedesco \u2013 regole per la formazione, l\u2019uso e la forma In questo post imparerai: Plurale in tedesco uso formazione regole grammaticali. Funzione Il plurale di una parola serve ad esprimere una pluralit\u00e0 di cose o persone. Ma per prima cosa \u00e8 bene precisare che in tedesco non esiste un unico plurale. Nella [&hellip;]<\/p>\n","protected":false},"author":2,"featured_media":41955,"comment_status":"open","ping_status":"open","sticky":false,"template":"","format":"standard","meta":{"footnotes":""},"categories":[12],"tags":[],"class_list":["post-41954","post","type-post","status-publish","format-standard","has-post-thumbnail","hentry","category-impara-il-tedesco-gratis"],"yoast_head":"<!-- This site is optimized with the Yoast SEO plugin v27.1.1 - https:\/\/yoast.com\/product\/yoast-seo-wordpress\/ -->\n<title>Plurale in tedesco uso formazione regole grammaticali<\/title>\n<meta name=\"description\" content=\"Plurale in tedesco-regole grammaticali. In tedesco non esiste un unico plurale. Nella lingua tedesca infatti si possono trovare 5 forme diverse di Plurale.\" \/>\n<meta name=\"robots\" content=\"index, follow, max-snippet:-1, max-image-preview:large, max-video-preview:-1\" \/>\n<link rel=\"canonical\" href=\"https:\/\/www.sprachschule-aktiv-muenchen.de\/it\/il-plurale-in-tedesco-regole-per-la-formazione-luso-e-la-forma\/\" \/>\n<meta property=\"og:locale\" content=\"it_IT\" \/>\n<meta property=\"og:type\" content=\"article\" \/>\n<meta property=\"og:title\" content=\"Plurale in tedesco uso formazione regole grammaticali\" \/>\n<meta property=\"og:description\" content=\"Plurale in tedesco-regole grammaticali. In tedesco non esiste un unico plurale. Nella lingua tedesca infatti si possono trovare 5 forme diverse di Plurale.\" \/>\n<meta property=\"og:url\" content=\"https:\/\/www.sprachschule-aktiv-muenchen.de\/it\/il-plurale-in-tedesco-regole-per-la-formazione-luso-e-la-forma\/\" \/>\n<meta property=\"og:site_name\" content=\"Sprachschule Aktiv\" \/>\n<meta property=\"article:published_time\" content=\"2018-02-07T13:03:28+00:00\" \/>\n<meta property=\"article:modified_time\" content=\"2019-12-20T15:58:08+00:00\" \/>\n<meta property=\"og:image\" content=\"https:\/\/www.sprachschule-aktiv-muenchen.de\/wp-content\/uploads\/2018\/02\/Plurale-formazione-uso-regole.jpg\" \/>\n\t<meta property=\"og:image:width\" content=\"500\" \/>\n\t<meta property=\"og:image:height\" content=\"281\" \/>\n\t<meta property=\"og:image:type\" content=\"image\/jpeg\" \/>\n<meta name=\"author\" content=\"Martin Polo\" \/>\n<meta name=\"twitter:card\" content=\"summary_large_image\" \/>\n<meta name=\"twitter:label1\" content=\"Scritto da\" \/>\n\t<meta name=\"twitter:data1\" content=\"Martin Polo\" \/>\n\t<meta name=\"twitter:label2\" content=\"Tempo di lettura stimato\" \/>\n\t<meta name=\"twitter:data2\" content=\"4 minuti\" \/>\n<script type=\"application\/ld+json\" class=\"yoast-schema-graph\">{\"@context\":\"https:\/\/schema.org\",\"@graph\":[{\"@type\":\"Article\",\"@id\":\"https:\/\/www.sprachschule-aktiv-muenchen.de\/it\/il-plurale-in-tedesco-regole-per-la-formazione-luso-e-la-forma\/#article\",\"isPartOf\":{\"@id\":\"https:\/\/www.sprachschule-aktiv-muenchen.de\/it\/il-plurale-in-tedesco-regole-per-la-formazione-luso-e-la-forma\/\"},\"author\":{\"name\":\"Martin Polo\",\"@id\":\"https:\/\/www.sprachschule-aktiv-muenchen.de\/#\/schema\/person\/a74a6322db9745fd586f7e97f1ee5724\"},\"headline\":\"Il plurale in tedesco \u2013 regole per la formazione, l\u2019uso e la forma.\",\"datePublished\":\"2018-02-07T13:03:28+00:00\",\"dateModified\":\"2019-12-20T15:58:08+00:00\",\"mainEntityOfPage\":{\"@id\":\"https:\/\/www.sprachschule-aktiv-muenchen.de\/it\/il-plurale-in-tedesco-regole-per-la-formazione-luso-e-la-forma\/\"},\"wordCount\":853,\"commentCount\":0,\"image\":{\"@id\":\"https:\/\/www.sprachschule-aktiv-muenchen.de\/it\/il-plurale-in-tedesco-regole-per-la-formazione-luso-e-la-forma\/#primaryimage\"},\"thumbnailUrl\":\"https:\/\/www.sprachschule-aktiv-muenchen.de\/wp-content\/uploads\/2018\/02\/Plurale-formazione-uso-regole.jpg\",\"articleSection\":[\"Impara il tedesco gratis\"],\"inLanguage\":\"it-IT\"},{\"@type\":\"WebPage\",\"@id\":\"https:\/\/www.sprachschule-aktiv-muenchen.de\/it\/il-plurale-in-tedesco-regole-per-la-formazione-luso-e-la-forma\/\",\"url\":\"https:\/\/www.sprachschule-aktiv-muenchen.de\/it\/il-plurale-in-tedesco-regole-per-la-formazione-luso-e-la-forma\/\",\"name\":\"Plurale in tedesco uso formazione regole grammaticali\",\"isPartOf\":{\"@id\":\"https:\/\/www.sprachschule-aktiv-muenchen.de\/#website\"},\"primaryImageOfPage\":{\"@id\":\"https:\/\/www.sprachschule-aktiv-muenchen.de\/it\/il-plurale-in-tedesco-regole-per-la-formazione-luso-e-la-forma\/#primaryimage\"},\"image\":{\"@id\":\"https:\/\/www.sprachschule-aktiv-muenchen.de\/it\/il-plurale-in-tedesco-regole-per-la-formazione-luso-e-la-forma\/#primaryimage\"},\"thumbnailUrl\":\"https:\/\/www.sprachschule-aktiv-muenchen.de\/wp-content\/uploads\/2018\/02\/Plurale-formazione-uso-regole.jpg\",\"datePublished\":\"2018-02-07T13:03:28+00:00\",\"dateModified\":\"2019-12-20T15:58:08+00:00\",\"author\":{\"@id\":\"https:\/\/www.sprachschule-aktiv-muenchen.de\/#\/schema\/person\/a74a6322db9745fd586f7e97f1ee5724\"},\"description\":\"Plurale in tedesco-regole grammaticali. In tedesco non esiste un unico plurale. Nella lingua tedesca infatti si possono trovare 5 forme diverse di Plurale.\",\"breadcrumb\":{\"@id\":\"https:\/\/www.sprachschule-aktiv-muenchen.de\/it\/il-plurale-in-tedesco-regole-per-la-formazione-luso-e-la-forma\/#breadcrumb\"},\"inLanguage\":\"it-IT\",\"potentialAction\":[{\"@type\":\"ReadAction\",\"target\":[\"https:\/\/www.sprachschule-aktiv-muenchen.de\/it\/il-plurale-in-tedesco-regole-per-la-formazione-luso-e-la-forma\/\"]}]},{\"@type\":\"ImageObject\",\"inLanguage\":\"it-IT\",\"@id\":\"https:\/\/www.sprachschule-aktiv-muenchen.de\/it\/il-plurale-in-tedesco-regole-per-la-formazione-luso-e-la-forma\/#primaryimage\",\"url\":\"https:\/\/www.sprachschule-aktiv-muenchen.de\/wp-content\/uploads\/2018\/02\/Plurale-formazione-uso-regole.jpg\",\"contentUrl\":\"https:\/\/www.sprachschule-aktiv-muenchen.de\/wp-content\/uploads\/2018\/02\/Plurale-formazione-uso-regole.jpg\",\"width\":\"500\",\"height\":\"281\",\"caption\":\"Plurale tedesco regole grammaticali\"},{\"@type\":\"BreadcrumbList\",\"@id\":\"https:\/\/www.sprachschule-aktiv-muenchen.de\/it\/il-plurale-in-tedesco-regole-per-la-formazione-luso-e-la-forma\/#breadcrumb\",\"itemListElement\":[{\"@type\":\"ListItem\",\"position\":1,\"name\":\"Portada\",\"item\":\"https:\/\/www.sprachschule-aktiv-muenchen.de\/it\/\"},{\"@type\":\"ListItem\",\"position\":2,\"name\":\"Il plurale in tedesco \u2013 regole per la formazione, l\u2019uso e la forma.\"}]},{\"@type\":\"WebSite\",\"@id\":\"https:\/\/www.sprachschule-aktiv-muenchen.de\/#website\",\"url\":\"https:\/\/www.sprachschule-aktiv-muenchen.de\/\",\"name\":\"Sprachschule Aktiv\",\"description\":\"\",\"potentialAction\":[{\"@type\":\"SearchAction\",\"target\":{\"@type\":\"EntryPoint\",\"urlTemplate\":\"https:\/\/www.sprachschule-aktiv-muenchen.de\/?s={search_term_string}\"},\"query-input\":{\"@type\":\"PropertyValueSpecification\",\"valueRequired\":true,\"valueName\":\"search_term_string\"}}],\"inLanguage\":\"it-IT\"},{\"@type\":\"Person\",\"@id\":\"https:\/\/www.sprachschule-aktiv-muenchen.de\/#\/schema\/person\/a74a6322db9745fd586f7e97f1ee5724\",\"name\":\"Martin Polo\",\"image\":{\"@type\":\"ImageObject\",\"inLanguage\":\"it-IT\",\"@id\":\"https:\/\/www.sprachschule-aktiv-muenchen.de\/#\/schema\/person\/image\/\",\"url\":\"https:\/\/secure.gravatar.com\/avatar\/2cbe6176b6be8b122284c50d9e7a11af9502529eae284fd73534defd313e4152?s=96&d=mm&r=g\",\"contentUrl\":\"https:\/\/secure.gravatar.com\/avatar\/2cbe6176b6be8b122284c50d9e7a11af9502529eae284fd73534defd313e4152?s=96&d=mm&r=g\",\"caption\":\"Martin Polo\"}}]}<\/script>\n<!-- \/ Yoast SEO plugin. -->","yoast_head_json":{"title":"Plurale in tedesco uso formazione regole grammaticali","description":"Plurale in tedesco-regole grammaticali. In tedesco non esiste un unico plurale. Nella lingua tedesca infatti si possono trovare 5 forme diverse di Plurale.","robots":{"index":"index","follow":"follow","max-snippet":"max-snippet:-1","max-image-preview":"max-image-preview:large","max-video-preview":"max-video-preview:-1"},"canonical":"https:\/\/www.sprachschule-aktiv-muenchen.de\/it\/il-plurale-in-tedesco-regole-per-la-formazione-luso-e-la-forma\/","og_locale":"it_IT","og_type":"article","og_title":"Plurale in tedesco uso formazione regole grammaticali","og_description":"Plurale in tedesco-regole grammaticali. In tedesco non esiste un unico plurale. Nella lingua tedesca infatti si possono trovare 5 forme diverse di Plurale.","og_url":"https:\/\/www.sprachschule-aktiv-muenchen.de\/it\/il-plurale-in-tedesco-regole-per-la-formazione-luso-e-la-forma\/","og_site_name":"Sprachschule Aktiv","article_published_time":"2018-02-07T13:03:28+00:00","article_modified_time":"2019-12-20T15:58:08+00:00","og_image":[{"width":500,"height":281,"url":"https:\/\/www.sprachschule-aktiv-muenchen.de\/wp-content\/uploads\/2018\/02\/Plurale-formazione-uso-regole.jpg","type":"image\/jpeg"}],"author":"Martin Polo","twitter_card":"summary_large_image","twitter_misc":{"Scritto da":"Martin Polo","Tempo di lettura stimato":"4 minuti"},"schema":{"@context":"https:\/\/schema.org","@graph":[{"@type":"Article","@id":"https:\/\/www.sprachschule-aktiv-muenchen.de\/it\/il-plurale-in-tedesco-regole-per-la-formazione-luso-e-la-forma\/#article","isPartOf":{"@id":"https:\/\/www.sprachschule-aktiv-muenchen.de\/it\/il-plurale-in-tedesco-regole-per-la-formazione-luso-e-la-forma\/"},"author":{"name":"Martin Polo","@id":"https:\/\/www.sprachschule-aktiv-muenchen.de\/#\/schema\/person\/a74a6322db9745fd586f7e97f1ee5724"},"headline":"Il plurale in tedesco \u2013 regole per la formazione, l\u2019uso e la forma.","datePublished":"2018-02-07T13:03:28+00:00","dateModified":"2019-12-20T15:58:08+00:00","mainEntityOfPage":{"@id":"https:\/\/www.sprachschule-aktiv-muenchen.de\/it\/il-plurale-in-tedesco-regole-per-la-formazione-luso-e-la-forma\/"},"wordCount":853,"commentCount":0,"image":{"@id":"https:\/\/www.sprachschule-aktiv-muenchen.de\/it\/il-plurale-in-tedesco-regole-per-la-formazione-luso-e-la-forma\/#primaryimage"},"thumbnailUrl":"https:\/\/www.sprachschule-aktiv-muenchen.de\/wp-content\/uploads\/2018\/02\/Plurale-formazione-uso-regole.jpg","articleSection":["Impara il tedesco gratis"],"inLanguage":"it-IT"},{"@type":"WebPage","@id":"https:\/\/www.sprachschule-aktiv-muenchen.de\/it\/il-plurale-in-tedesco-regole-per-la-formazione-luso-e-la-forma\/","url":"https:\/\/www.sprachschule-aktiv-muenchen.de\/it\/il-plurale-in-tedesco-regole-per-la-formazione-luso-e-la-forma\/","name":"Plurale in tedesco uso formazione regole grammaticali","isPartOf":{"@id":"https:\/\/www.sprachschule-aktiv-muenchen.de\/#website"},"primaryImageOfPage":{"@id":"https:\/\/www.sprachschule-aktiv-muenchen.de\/it\/il-plurale-in-tedesco-regole-per-la-formazione-luso-e-la-forma\/#primaryimage"},"image":{"@id":"https:\/\/www.sprachschule-aktiv-muenchen.de\/it\/il-plurale-in-tedesco-regole-per-la-formazione-luso-e-la-forma\/#primaryimage"},"thumbnailUrl":"https:\/\/www.sprachschule-aktiv-muenchen.de\/wp-content\/uploads\/2018\/02\/Plurale-formazione-uso-regole.jpg","datePublished":"2018-02-07T13:03:28+00:00","dateModified":"2019-12-20T15:58:08+00:00","author":{"@id":"https:\/\/www.sprachschule-aktiv-muenchen.de\/#\/schema\/person\/a74a6322db9745fd586f7e97f1ee5724"},"description":"Plurale in tedesco-regole grammaticali. In tedesco non esiste un unico plurale. Nella lingua tedesca infatti si possono trovare 5 forme diverse di Plurale.","breadcrumb":{"@id":"https:\/\/www.sprachschule-aktiv-muenchen.de\/it\/il-plurale-in-tedesco-regole-per-la-formazione-luso-e-la-forma\/#breadcrumb"},"inLanguage":"it-IT","potentialAction":[{"@type":"ReadAction","target":["https:\/\/www.sprachschule-aktiv-muenchen.de\/it\/il-plurale-in-tedesco-regole-per-la-formazione-luso-e-la-forma\/"]}]},{"@type":"ImageObject","inLanguage":"it-IT","@id":"https:\/\/www.sprachschule-aktiv-muenchen.de\/it\/il-plurale-in-tedesco-regole-per-la-formazione-luso-e-la-forma\/#primaryimage","url":"https:\/\/www.sprachschule-aktiv-muenchen.de\/wp-content\/uploads\/2018\/02\/Plurale-formazione-uso-regole.jpg","contentUrl":"https:\/\/www.sprachschule-aktiv-muenchen.de\/wp-content\/uploads\/2018\/02\/Plurale-formazione-uso-regole.jpg","width":"500","height":"281","caption":"Plurale tedesco regole grammaticali"},{"@type":"BreadcrumbList","@id":"https:\/\/www.sprachschule-aktiv-muenchen.de\/it\/il-plurale-in-tedesco-regole-per-la-formazione-luso-e-la-forma\/#breadcrumb","itemListElement":[{"@type":"ListItem","position":1,"name":"Portada","item":"https:\/\/www.sprachschule-aktiv-muenchen.de\/it\/"},{"@type":"ListItem","position":2,"name":"Il plurale in tedesco \u2013 regole per la formazione, l\u2019uso e la forma."}]},{"@type":"WebSite","@id":"https:\/\/www.sprachschule-aktiv-muenchen.de\/#website","url":"https:\/\/www.sprachschule-aktiv-muenchen.de\/","name":"Sprachschule Aktiv","description":"","potentialAction":[{"@type":"SearchAction","target":{"@type":"EntryPoint","urlTemplate":"https:\/\/www.sprachschule-aktiv-muenchen.de\/?s={search_term_string}"},"query-input":{"@type":"PropertyValueSpecification","valueRequired":true,"valueName":"search_term_string"}}],"inLanguage":"it-IT"},{"@type":"Person","@id":"https:\/\/www.sprachschule-aktiv-muenchen.de\/#\/schema\/person\/a74a6322db9745fd586f7e97f1ee5724","name":"Martin Polo","image":{"@type":"ImageObject","inLanguage":"it-IT","@id":"https:\/\/www.sprachschule-aktiv-muenchen.de\/#\/schema\/person\/image\/","url":"https:\/\/secure.gravatar.com\/avatar\/2cbe6176b6be8b122284c50d9e7a11af9502529eae284fd73534defd313e4152?s=96&d=mm&r=g","contentUrl":"https:\/\/secure.gravatar.com\/avatar\/2cbe6176b6be8b122284c50d9e7a11af9502529eae284fd73534defd313e4152?s=96&d=mm&r=g","caption":"Martin Polo"}}]}},"_links":{"self":[{"href":"https:\/\/www.sprachschule-aktiv-muenchen.de\/it\/wp-json\/wp\/v2\/posts\/41954","targetHints":{"allow":["GET"]}}],"collection":[{"href":"https:\/\/www.sprachschule-aktiv-muenchen.de\/it\/wp-json\/wp\/v2\/posts"}],"about":[{"href":"https:\/\/www.sprachschule-aktiv-muenchen.de\/it\/wp-json\/wp\/v2\/types\/post"}],"author":[{"embeddable":true,"href":"https:\/\/www.sprachschule-aktiv-muenchen.de\/it\/wp-json\/wp\/v2\/users\/2"}],"replies":[{"embeddable":true,"href":"https:\/\/www.sprachschule-aktiv-muenchen.de\/it\/wp-json\/wp\/v2\/comments?post=41954"}],"version-history":[{"count":1,"href":"https:\/\/www.sprachschule-aktiv-muenchen.de\/it\/wp-json\/wp\/v2\/posts\/41954\/revisions"}],"predecessor-version":[{"id":54045,"href":"https:\/\/www.sprachschule-aktiv-muenchen.de\/it\/wp-json\/wp\/v2\/posts\/41954\/revisions\/54045"}],"wp:featuredmedia":[{"embeddable":true,"href":"https:\/\/www.sprachschule-aktiv-muenchen.de\/it\/wp-json\/wp\/v2\/media\/41955"}],"wp:attachment":[{"href":"https:\/\/www.sprachschule-aktiv-muenchen.de\/it\/wp-json\/wp\/v2\/media?parent=41954"}],"wp:term":[{"taxonomy":"category","embeddable":true,"href":"https:\/\/www.sprachschule-aktiv-muenchen.de\/it\/wp-json\/wp\/v2\/categories?post=41954"},{"taxonomy":"post_tag","embeddable":true,"href":"https:\/\/www.sprachschule-aktiv-muenchen.de\/it\/wp-json\/wp\/v2\/tags?post=41954"}],"curies":[{"name":"wp","href":"https:\/\/api.w.org\/{rel}","templated":true}]}}