{"id":22186,"date":"2017-08-10T15:27:19","date_gmt":"2017-08-10T13:27:19","guid":{"rendered":"https:\/\/www.sprachschule-aktiv-muenchen.de\/?p=22186\/"},"modified":"2021-12-22T05:55:52","modified_gmt":"2021-12-22T04:55:52","slug":"un-fine-settimana-a-monaco-di-baviera","status":"publish","type":"post","link":"https:\/\/www.sprachschule-aktiv-muenchen.de\/it\/un-fine-settimana-a-monaco-di-baviera\/","title":{"rendered":"Un fine settimana a Monaco di Baviera"},"content":{"rendered":"<h1><strong>Un fine settimana a Monaco di Baviera<\/strong><\/h1>\n<p><span style=\"font-size: 14px;\">A volte, un weekend \u00e8 sufficiente per staccare dalla monotonia della vita quotidiana.<\/span><span style=\"font-size: 14px;\">Ma cosa ha da offrire la capitale bavarese? Prima di tutto, Monaco \u00e8 molto pulita. Chiunque venga a Monaco pu\u00f2 spostarsi per la citt\u00e0 in bicicletta, passeggiare e fare shopping nell\u2019accogliente atmosfera bavarese.\u00a0<\/span><span style=\"font-size: 14px;\">Ma senz\u2019altro Monaco offre molto di pi\u00f9: arte, cultura, cucina&#8230;e naturalmente l\u2019Oktoberfest!\u00a0<\/span><\/p>\n<a class=\"alignnone\" title=\"Corso di Tedesco a Monaco\" href=\"https:\/\/www.sprachschule-aktiv-muenchen.de\/it\/corsi-di-tedesco-a-monaco-di-baviera\/\"><img decoding=\"async\" class=\"alignnone\" title=\"Corsi di tedesco a Monaco di Baviera\" src=\"https:\/\/www.sprachschule-aktiv-muenchen.de\/uploads\/image\/30f0b845446a44bab5365b9edd2e8bb9\/Corsi-di-tedesco_1.jpg\" alt=\"Corsi di tedesco a Monaco di Baviera\" width=\"723\" height=\"223\" \/><\/a>\n<h2><strong>Come arrivarci e dove dormire<\/strong><\/h2>\n<h2><span style=\"font-size: 14px;\">Monaco \u00e8 una delle citt\u00e0 in Germania con le strade pi\u00f9 accessibili. L\u2019autostrada A 99, lunga 53 chilometri, collega le varie parti della citt\u00e0. L\u2019aeroporto Franz Josef Strauss si trova 28,5 chilometri a nord di Monaco, il cui centro pu\u00f2 essere raggiunto attraverso l\u2019autostrada A 92.\u00a0L\u2019Aeroporto di Monaco \u00e8 uno dei principali centri di aviazione in Europa e non \u00e8 affatto difficile trovare un volo low-cost nel week-end.<\/span><\/h2>\n<p><span style=\"font-size: 14px;\">Anche il treno \u00e8 una soluzione semplice per raggiungere la capitale bavarese e ci sono tre stazioni che ricevono treni nazionali e internazionali: la stazione centrale, la stazione di Pasing e ad est la Ostbahnhof.<\/span><\/p>\n<p><span style=\"font-size: 14px;\">Per gli alberghi, i pi\u00f9 facoltosi possono alloggiare al \u201cBayerischer Hof\u201d nella Promenadeplatz <a href=\"http:\/\/www.bayerischerhof.de\">www.bayerischerhof.de<\/a>. Questo tradizionale hotel di lusso ha ospitato numerose celebrit\u00e0 e personaggi politici. L\u2019hotel offre 340 stanze, tra cui 60 suites, sei bar ed un fantastico centro benessere, tra i pi\u00f9 famosi di Monaco. La sua terrazza offre una splendida vista sulla citt\u00e0.<br \/>\nPiccola ma elegante, \u00e8 la \u201cBoutique Hotel Olympic Garni\u201d (www.hotelolympic.de) nei pressi di Glockenbachviertel. Uscendo troverete molti bar e ristoranti. A piedi si impiega solo pochi minuti per arrivare al centro..<br \/>\nNell\u2019incantevole \u201cHotel Mariandl\u201d <a href=\"http:\/\/www.hotelmariandl.de\">www.hotelmariandl.de<\/a>\u00a0nella Beethovenplatz, dove si pu\u00f2 godere di un ambiente e di un vero caff\u00e8 viennese nel \u201cCaf\u00e9 di Beethovenplatz\u201d, offre anche una cucina regionale e luoghi molto romantici in cui soggiornare.<\/span><\/p>\n<p><span style=\"font-size: 14px;\">Coloro che vogliono pernottare nel modo pi\u00f9 economico possibile, possono soggiornare, ad esempio, presso il \u201cMotel One\u201d: solo a Monaco di Baviera e dintorni ci sono sette alberghi di questa catena (www.motel-one.com).<\/span><\/p>\n<h2><strong>Dove e cosa mangiare<\/strong><\/h2>\n<h2><span style=\"font-size: 14px;\">Arrosto di maiale, Kn\u00f6del (gnocchi di patate), salsicce bianche, bretzel: contare le calorie durante il vostro viaggio a Monaco non \u00e8 una buona idea! Potrete assaggiare squisiti piatti bavaresi nel ristorante \u201cWeisses Brauhaus\u201d <a href=\"http:\/\/www.weisses-brauhaus.de\">www.weisses-brauhaus.de<\/a>, nel ristorante \u201cAugustiner am Dom\u201d <a href=\"http:\/\/www.augustineramdom.de\">www.augustineramdom.de<\/a>\u00a0o nella taverna \u201cFraunhofer\u201d (Fraunhofer Stra\u00dfe 9, 80469 Monaco di Baviera, Germania).<\/span><\/h2>\n<p><span style=\"font-size: 14px;\">Non c&#8217;\u00e8 dubbio che la cucina tipica di Monaco abbia molte calorie, ma si possono comunque trovare molti altri ristoranti raffinati che offrono vini di alta qualit\u00e0, come il \u201cLander und Innerhofer\u201d <a href=\"http:\/\/www.landersdorferundinnerhofer.de\">www.landersdorferundinnerhofer.de<\/a>.\u00a0<\/span><\/p>\n<p><span style=\"font-size: 14px;\">Potrete assaggiare la miglior pasta della citt\u00e0 da \u201cHey Luigi\u201d in Glockenbachviertel <a href=\"http:\/\/www.heyluigi.de\">www.heyluigi.de<\/a>\u00a0e da \u201cIl Grappolo\u201d nel quartiere Schwabing (Adalbertstra\u00dfe 28). Per gli amanti delle Tapas una tappa da non perdere assolutamente \u00e8 il \u201cTapas Bar\u201d, in Amalienstra\u00dfe <a href=\"http:\/\/www.bar-tapas.com\">www.bar-tapas.com<\/a>.<\/span><\/p>\n<p><span style=\"font-size: 14px;\">Ma veniamo ai pub. Il \u201cBar James T. Hunt\u201d prende il nome dal grande bevitore, nonch\u00e9 campione del mondo di Formula 1. Al suo esterno appare selvaggio ed \u00e8 illuminato da una luce arancione, all\u2019interno le candele sulle pareti scure creano un&#8217;atmosfera soffusa.<a href=\"http:\/\/www.jameshuntbar.com\">www.jameshuntbar.com<\/a>. Interessante \u00e8 il \u201cLola Bar\u201d, in cui ordinare ottimi cocktails, con le sue pareti dorate, i suoi soffici divani e un pianoforte, sul quale si dice abbia suonato personalmente Freddy Mercury <a href=\"http:\/\/www.lola-bar.de\">www.lola-bar.de<\/a>. Sicuramente tra i migliori bar della citt\u00e0 c\u2019\u00e8 il \u201cGoldene Bar\u201d presso l\u2019Haus der Kunst (la Casa dell&#8217;arte). Il suo nome \u00e8 dovuto alla luce, alle pareti dorate, all&#8217;atmosfera e alle sue bevande <a href=\"http:\/\/www.goldenebar.de\">www.goldenebar.de<\/a>.<\/span><\/p>\n<p><span style=\"font-size: 14px;\">Chi preferisce qualcosa di pi\u00f9 informale, pu\u00f2 andare al \u201cBierboarzn\u201d, al \u201cZum Jennerwein\u201d <a href=\"http:\/\/www.zumjennerwein.de\">www.zumjennerwein.de<\/a>\u00a0.Due dei migliori club della citt\u00e0 sono il \u201cBob Beaman\u201d \u00a0a Maxvorstadt <a href=\"http:\/\/www.bobbeamanclub.com\">www.bobbeamanclub.com<\/a>, la cui musica \u00e8 principalmente elettronica e house e l\u201dHeart&#8221; in Lenbachplatz.<\/span><\/p>\n<h2><strong>Shopping e cultura a Monaco<\/strong><\/h2>\n<p>Non c&#8217;\u00e8 dubbio che nella capitale bavarese, \u00e8 possibile spendere moltissimi soldi in diversi negozi. La carta di credito sar\u00e0 molto utile se si decide di fare shoppinng lungo la Maximilianstra\u00dfe. La clientela di questi negozi d\u00e0 a Monaco una reputazione di \u201ccitt\u00e0 trendy (\u201cSchickimick-Gesellschaft\u201d), con la presenza di grandi firme come \u201cGucci\u201d, \u201cPrada\u201d ed altre.<\/p>\n<p>Marchi pi\u00f9 economici si trovano nella Kaufingerstra\u00dfe, che porta direttamente a Marienplatz. L\u00ec si trova anche il famoso grande magazzino \u201cLudwig Beck\u201d in cui ci sono numerosi negozi di moda e di cosmetici.<\/p>\n<p>Un suggerimento: percorrete la Hohenzollernsytra\u00dfe, a Schwabing, dove ci sono piccoli negozi e boutiques, o raggiungete G\u00e4rtnerplatz dove troverete numerosi negozi di designer eleganti e indipendenti.<\/p>\n<p>Oltre gi\u00e0 ai musei citati nella sezione &#8220;I maggiori musei di Monaco&#8221; e &#8220;IL Deutsches M;useum&#8221;, se si desidera approfondire la storia della citt\u00e0, visitate il \u201cM\u00fcnchner Staatsmuseum\u201d (il \u201cMuseo della Citt\u00e0 di Monaco\u201d) nella St.-Jakobs\u2013Platz. Nella citt\u00e0 vecchia invece, potrete trovare il museo della \u201cResidenz\u201d, nell\u2019antica residenza della famiglia reale Wittelsbach, uno dei musei-palazzo pi\u00f9 importanti in Europa.<\/p>\n<p>Un suggerimento: visitate anche il \u201cCastello di Nymphenburg\u201d, in cui vi \u00e8 anche il museo di scienze naturali \u201cMensch und Natur\u201d.<\/p>\n<p>Tra gli eventi culturali pi\u00f9 importanti troviamo il Festival dell\u2019Opera di Monaco a giugno e a luglio, i nove giorni dell\u2019Auer Dult a maggio.<\/p>\n<img decoding=\"async\" class=\"alignnone\" title=\"Tedesco Monaco di Baviera\" src=\"https:\/\/www.sprachschule-aktiv-muenchen.de\/uploads\/image\/3f2fd63164e84e2d97b4910fce3342e7\/sprachschule-aktiv-muenchen-deutsch-kompakt.jpg\" alt=\"Tedesco Monaco di Baviera\" width=\"723\" height=\"482\" \/>\n<h2><strong>Un giorno perfetto a Monaco<\/strong><\/h2>\n<p>Fare colazione al \u201cCaf\u00e9 Jasmin\u201d in Maxvorstadt \u00e8 come sentirsi nel soggiorno della nonna. L&#8217;arredamento del 1950, rende il Caf\u00e9 una grande attrazione. Le torte che vengono servite qui sono deliziose e rigorosamente del giorno <a href=\"http:\/\/www.cafe-jasmin.com\">www.cafe-jasmin.com<\/a>.<\/p>\n<p>Le calorie assunte a colazione possono essere perse spostandosi per il centro con un vasto programma culturale. Camminando si pu\u00f2 raggiungere la Ludwig Maximilians-Universit\u00e4t, un luogo molto interessante da vedere non solo per gli studenti. In questo edificio storico, infatti, nacque durante la Seconda Guerra mondiale il gruppo di resistenza anti-nazista Wei\u00dfe Rose, la Rosa Bianca, intorno ai fratelli Scholl.<\/p>\n<p>Infine, sempre a piedi o in bicicletta, si arriva a K\u00f6nigsplatz, un\u2019imponente area che con i suoi musei ed esposizioni ci ricorda l\u2019epoca classica.<br \/>\nA seconda dell\u2019interesse, si pu\u00f2 visitare anche la \u201cGliptoteca\u201d, la \u201cCollezione Statale di Antichit\u00e0\u201d o la \u201cSt\u00e4dtische Galerie\u201d im Lenbachhaus. Qui \u00e8 possibile pranzare nel ristorante\u00a0\u201cElla\u201d e recuperare le forze con un bicchiere di Spritz ed un piatto di pasta.<\/p>\n<p>Dopo la pausa pranzo \u00e8 il momento dello shopping. Se si va verso dall\u2019Odeonsplatz\u00a0 lungo la Theatinerstra\u00dfe in direzione di, bisogna visitare i \u201cF\u00fcnf H\u00f6fen\u201d, un\u2019elegante galleria con piccoli negozi <a href=\"http:\/\/www.fuenfhoefe.de\">www.fuenfhoefe.de<\/a>\u00a0e la boutique \u201cTheresa\u201d (in Maffei Stra\u00dfe 3, 80333 Monaco), per poi raggiungere il negozio di specialit\u00e0 gastronomiche \u201cDallmayr\u201d, dove oltre al caff\u00e8 si possono trovare le migliori specialit\u00e0 bavaresi.<\/p>\n<p>Alla sera si pu\u00f2 andare nell\u2019animato quartiere di Glockenbachviertel, pieno di ristoranti e bar. Oppure si pu\u00f2 cenare nella rustica locanda \u201cFraunhofer\u201d prima di iniziare il tour dei pub.<br \/>\nNelle notti pi\u00f9 miti \u00e8 ancora pi\u00f9 bello sedersi nei Biergarten dove gustare buone birre, dimenticare le preoccupazioni e godersi la vita notturna di Monaco.<\/p>\n<p>Un suggerimento per evitare la sbornia: mangiate un Currywurst da \u201cBergwolf\u201d\u00a0(Fraunhofer Stra\u00dfe 17, 80469 Monaco).<\/p>\n<p>E dopo aver trascorso un fine settimana a Monaco, iniziate ad imparare il tedesco nella nostra scuola.\u00a0A questo link troverete tutte le nostre offerte riguardo i corsi di tedesco:\u00a0<a href=\"https:\/\/www.sprachschule-aktiv-muenchen.de\/it\/\">https:\/\/www.sprachschule-aktiv-muenchen.de\/it\/<\/a><\/p>\n<h3><strong>Pu\u00f3 interessarti anche<\/strong><\/h3>\n<ul>\n<li><a href=\"https:\/\/www.sprachschule-aktiv-muenchen.de\/it\/i-castelli-reali-di-fuessen\/\">Castelli reali della Baviera<\/a><\/li>\n<li><a href=\"https:\/\/www.sprachschule-aktiv-muenchen.de\/it\/il-genitivo-in-tedesco-forma-funzione-ed-utilizzo\/\">Il Genitivo in tedesco<\/a><\/li>\n<\/ul>\n","protected":false},"excerpt":{"rendered":"<p>Un fine settimana a Monaco di Baviera A volte, un weekend \u00e8 sufficiente per staccare dalla monotonia della vita quotidiana.Ma cosa ha da offrire la capitale bavarese? Prima di tutto, Monaco \u00e8 molto pulita. Chiunque venga a Monaco pu\u00f2 spostarsi per la citt\u00e0 in bicicletta, passeggiare e fare shopping nell\u2019accogliente atmosfera bavarese.\u00a0Ma senz\u2019altro Monaco offre [&hellip;]<\/p>\n","protected":false},"author":2,"featured_media":33194,"comment_status":"open","ping_status":"open","sticky":false,"template":"","format":"standard","meta":{"footnotes":""},"categories":[12],"tags":[],"class_list":["post-22186","post","type-post","status-publish","format-standard","has-post-thumbnail","hentry","category-impara-il-tedesco-gratis"],"yoast_head":"<!-- This site is optimized with the Yoast SEO plugin v27.1.1 - https:\/\/yoast.com\/product\/yoast-seo-wordpress\/ -->\n<title>Un fine settimana a Monaco di Baviera<\/title>\n<meta name=\"description\" content=\"Un fine settimana a Monaco. Cosa dovresti visitare a Monaco? Suggerimenti e raccomandazioni.\" \/>\n<meta name=\"robots\" content=\"index, follow, max-snippet:-1, max-image-preview:large, max-video-preview:-1\" \/>\n<link rel=\"canonical\" href=\"https:\/\/www.sprachschule-aktiv-muenchen.de\/it\/un-fine-settimana-a-monaco-di-baviera\/\" \/>\n<meta property=\"og:locale\" content=\"it_IT\" \/>\n<meta property=\"og:type\" content=\"article\" \/>\n<meta property=\"og:title\" content=\"Un fine settimana a Monaco di Baviera\" \/>\n<meta property=\"og:description\" content=\"Un fine settimana a Monaco. Cosa dovresti visitare a Monaco? Suggerimenti e raccomandazioni.\" \/>\n<meta property=\"og:url\" content=\"https:\/\/www.sprachschule-aktiv-muenchen.de\/it\/un-fine-settimana-a-monaco-di-baviera\/\" \/>\n<meta property=\"og:site_name\" content=\"Sprachschule Aktiv\" \/>\n<meta property=\"article:published_time\" content=\"2017-08-10T13:27:19+00:00\" \/>\n<meta property=\"article:modified_time\" content=\"2021-12-22T04:55:52+00:00\" \/>\n<meta property=\"og:image\" content=\"https:\/\/www.sprachschule-aktiv-muenchen.de\/wp-content\/uploads\/2017\/08\/un-fine-settimana-a-monaco-di-baviera.jpg\" \/>\n\t<meta property=\"og:image:width\" content=\"500\" \/>\n\t<meta property=\"og:image:height\" content=\"281\" \/>\n\t<meta property=\"og:image:type\" content=\"image\/jpeg\" \/>\n<meta name=\"author\" content=\"Martin Polo\" \/>\n<meta name=\"twitter:card\" content=\"summary_large_image\" \/>\n<meta name=\"twitter:label1\" content=\"Scritto da\" \/>\n\t<meta name=\"twitter:data1\" content=\"Martin Polo\" \/>\n\t<meta name=\"twitter:label2\" content=\"Tempo di lettura stimato\" \/>\n\t<meta name=\"twitter:data2\" content=\"6 minuti\" \/>\n<script type=\"application\/ld+json\" class=\"yoast-schema-graph\">{\"@context\":\"https:\/\/schema.org\",\"@graph\":[{\"@type\":\"Article\",\"@id\":\"https:\/\/www.sprachschule-aktiv-muenchen.de\/it\/un-fine-settimana-a-monaco-di-baviera\/#article\",\"isPartOf\":{\"@id\":\"https:\/\/www.sprachschule-aktiv-muenchen.de\/it\/un-fine-settimana-a-monaco-di-baviera\/\"},\"author\":{\"name\":\"Martin Polo\",\"@id\":\"https:\/\/www.sprachschule-aktiv-muenchen.de\/#\/schema\/person\/a74a6322db9745fd586f7e97f1ee5724\"},\"headline\":\"Un fine settimana a Monaco di Baviera\",\"datePublished\":\"2017-08-10T13:27:19+00:00\",\"dateModified\":\"2021-12-22T04:55:52+00:00\",\"mainEntityOfPage\":{\"@id\":\"https:\/\/www.sprachschule-aktiv-muenchen.de\/it\/un-fine-settimana-a-monaco-di-baviera\/\"},\"wordCount\":1225,\"commentCount\":0,\"image\":{\"@id\":\"https:\/\/www.sprachschule-aktiv-muenchen.de\/it\/un-fine-settimana-a-monaco-di-baviera\/#primaryimage\"},\"thumbnailUrl\":\"https:\/\/www.sprachschule-aktiv-muenchen.de\/wp-content\/uploads\/2017\/08\/un-fine-settimana-a-monaco-di-baviera.jpg\",\"articleSection\":[\"Impara il tedesco gratis\"],\"inLanguage\":\"it-IT\"},{\"@type\":\"WebPage\",\"@id\":\"https:\/\/www.sprachschule-aktiv-muenchen.de\/it\/un-fine-settimana-a-monaco-di-baviera\/\",\"url\":\"https:\/\/www.sprachschule-aktiv-muenchen.de\/it\/un-fine-settimana-a-monaco-di-baviera\/\",\"name\":\"Un fine settimana a Monaco di Baviera\",\"isPartOf\":{\"@id\":\"https:\/\/www.sprachschule-aktiv-muenchen.de\/#website\"},\"primaryImageOfPage\":{\"@id\":\"https:\/\/www.sprachschule-aktiv-muenchen.de\/it\/un-fine-settimana-a-monaco-di-baviera\/#primaryimage\"},\"image\":{\"@id\":\"https:\/\/www.sprachschule-aktiv-muenchen.de\/it\/un-fine-settimana-a-monaco-di-baviera\/#primaryimage\"},\"thumbnailUrl\":\"https:\/\/www.sprachschule-aktiv-muenchen.de\/wp-content\/uploads\/2017\/08\/un-fine-settimana-a-monaco-di-baviera.jpg\",\"datePublished\":\"2017-08-10T13:27:19+00:00\",\"dateModified\":\"2021-12-22T04:55:52+00:00\",\"author\":{\"@id\":\"https:\/\/www.sprachschule-aktiv-muenchen.de\/#\/schema\/person\/a74a6322db9745fd586f7e97f1ee5724\"},\"description\":\"Un fine settimana a Monaco. Cosa dovresti visitare a Monaco? Suggerimenti e raccomandazioni.\",\"breadcrumb\":{\"@id\":\"https:\/\/www.sprachschule-aktiv-muenchen.de\/it\/un-fine-settimana-a-monaco-di-baviera\/#breadcrumb\"},\"inLanguage\":\"it-IT\",\"potentialAction\":[{\"@type\":\"ReadAction\",\"target\":[\"https:\/\/www.sprachschule-aktiv-muenchen.de\/it\/un-fine-settimana-a-monaco-di-baviera\/\"]}]},{\"@type\":\"ImageObject\",\"inLanguage\":\"it-IT\",\"@id\":\"https:\/\/www.sprachschule-aktiv-muenchen.de\/it\/un-fine-settimana-a-monaco-di-baviera\/#primaryimage\",\"url\":\"https:\/\/www.sprachschule-aktiv-muenchen.de\/wp-content\/uploads\/2017\/08\/un-fine-settimana-a-monaco-di-baviera.jpg\",\"contentUrl\":\"https:\/\/www.sprachschule-aktiv-muenchen.de\/wp-content\/uploads\/2017\/08\/un-fine-settimana-a-monaco-di-baviera.jpg\",\"width\":500,\"height\":281,\"caption\":\"Un fine settimana a Monaco di Baviera\"},{\"@type\":\"BreadcrumbList\",\"@id\":\"https:\/\/www.sprachschule-aktiv-muenchen.de\/it\/un-fine-settimana-a-monaco-di-baviera\/#breadcrumb\",\"itemListElement\":[{\"@type\":\"ListItem\",\"position\":1,\"name\":\"Portada\",\"item\":\"https:\/\/www.sprachschule-aktiv-muenchen.de\/it\/\"},{\"@type\":\"ListItem\",\"position\":2,\"name\":\"Un fine settimana a Monaco di Baviera\"}]},{\"@type\":\"WebSite\",\"@id\":\"https:\/\/www.sprachschule-aktiv-muenchen.de\/#website\",\"url\":\"https:\/\/www.sprachschule-aktiv-muenchen.de\/\",\"name\":\"Sprachschule Aktiv\",\"description\":\"\",\"potentialAction\":[{\"@type\":\"SearchAction\",\"target\":{\"@type\":\"EntryPoint\",\"urlTemplate\":\"https:\/\/www.sprachschule-aktiv-muenchen.de\/?s={search_term_string}\"},\"query-input\":{\"@type\":\"PropertyValueSpecification\",\"valueRequired\":true,\"valueName\":\"search_term_string\"}}],\"inLanguage\":\"it-IT\"},{\"@type\":\"Person\",\"@id\":\"https:\/\/www.sprachschule-aktiv-muenchen.de\/#\/schema\/person\/a74a6322db9745fd586f7e97f1ee5724\",\"name\":\"Martin Polo\",\"image\":{\"@type\":\"ImageObject\",\"inLanguage\":\"it-IT\",\"@id\":\"https:\/\/www.sprachschule-aktiv-muenchen.de\/#\/schema\/person\/image\/\",\"url\":\"https:\/\/secure.gravatar.com\/avatar\/2cbe6176b6be8b122284c50d9e7a11af9502529eae284fd73534defd313e4152?s=96&d=mm&r=g\",\"contentUrl\":\"https:\/\/secure.gravatar.com\/avatar\/2cbe6176b6be8b122284c50d9e7a11af9502529eae284fd73534defd313e4152?s=96&d=mm&r=g\",\"caption\":\"Martin Polo\"}}]}<\/script>\n<!-- \/ Yoast SEO plugin. -->","yoast_head_json":{"title":"Un fine settimana a Monaco di Baviera","description":"Un fine settimana a Monaco. Cosa dovresti visitare a Monaco? Suggerimenti e raccomandazioni.","robots":{"index":"index","follow":"follow","max-snippet":"max-snippet:-1","max-image-preview":"max-image-preview:large","max-video-preview":"max-video-preview:-1"},"canonical":"https:\/\/www.sprachschule-aktiv-muenchen.de\/it\/un-fine-settimana-a-monaco-di-baviera\/","og_locale":"it_IT","og_type":"article","og_title":"Un fine settimana a Monaco di Baviera","og_description":"Un fine settimana a Monaco. Cosa dovresti visitare a Monaco? Suggerimenti e raccomandazioni.","og_url":"https:\/\/www.sprachschule-aktiv-muenchen.de\/it\/un-fine-settimana-a-monaco-di-baviera\/","og_site_name":"Sprachschule Aktiv","article_published_time":"2017-08-10T13:27:19+00:00","article_modified_time":"2021-12-22T04:55:52+00:00","og_image":[{"width":500,"height":281,"url":"https:\/\/www.sprachschule-aktiv-muenchen.de\/wp-content\/uploads\/2017\/08\/un-fine-settimana-a-monaco-di-baviera.jpg","type":"image\/jpeg"}],"author":"Martin Polo","twitter_card":"summary_large_image","twitter_misc":{"Scritto da":"Martin Polo","Tempo di lettura stimato":"6 minuti"},"schema":{"@context":"https:\/\/schema.org","@graph":[{"@type":"Article","@id":"https:\/\/www.sprachschule-aktiv-muenchen.de\/it\/un-fine-settimana-a-monaco-di-baviera\/#article","isPartOf":{"@id":"https:\/\/www.sprachschule-aktiv-muenchen.de\/it\/un-fine-settimana-a-monaco-di-baviera\/"},"author":{"name":"Martin Polo","@id":"https:\/\/www.sprachschule-aktiv-muenchen.de\/#\/schema\/person\/a74a6322db9745fd586f7e97f1ee5724"},"headline":"Un fine settimana a Monaco di Baviera","datePublished":"2017-08-10T13:27:19+00:00","dateModified":"2021-12-22T04:55:52+00:00","mainEntityOfPage":{"@id":"https:\/\/www.sprachschule-aktiv-muenchen.de\/it\/un-fine-settimana-a-monaco-di-baviera\/"},"wordCount":1225,"commentCount":0,"image":{"@id":"https:\/\/www.sprachschule-aktiv-muenchen.de\/it\/un-fine-settimana-a-monaco-di-baviera\/#primaryimage"},"thumbnailUrl":"https:\/\/www.sprachschule-aktiv-muenchen.de\/wp-content\/uploads\/2017\/08\/un-fine-settimana-a-monaco-di-baviera.jpg","articleSection":["Impara il tedesco gratis"],"inLanguage":"it-IT"},{"@type":"WebPage","@id":"https:\/\/www.sprachschule-aktiv-muenchen.de\/it\/un-fine-settimana-a-monaco-di-baviera\/","url":"https:\/\/www.sprachschule-aktiv-muenchen.de\/it\/un-fine-settimana-a-monaco-di-baviera\/","name":"Un fine settimana a Monaco di Baviera","isPartOf":{"@id":"https:\/\/www.sprachschule-aktiv-muenchen.de\/#website"},"primaryImageOfPage":{"@id":"https:\/\/www.sprachschule-aktiv-muenchen.de\/it\/un-fine-settimana-a-monaco-di-baviera\/#primaryimage"},"image":{"@id":"https:\/\/www.sprachschule-aktiv-muenchen.de\/it\/un-fine-settimana-a-monaco-di-baviera\/#primaryimage"},"thumbnailUrl":"https:\/\/www.sprachschule-aktiv-muenchen.de\/wp-content\/uploads\/2017\/08\/un-fine-settimana-a-monaco-di-baviera.jpg","datePublished":"2017-08-10T13:27:19+00:00","dateModified":"2021-12-22T04:55:52+00:00","author":{"@id":"https:\/\/www.sprachschule-aktiv-muenchen.de\/#\/schema\/person\/a74a6322db9745fd586f7e97f1ee5724"},"description":"Un fine settimana a Monaco. Cosa dovresti visitare a Monaco? Suggerimenti e raccomandazioni.","breadcrumb":{"@id":"https:\/\/www.sprachschule-aktiv-muenchen.de\/it\/un-fine-settimana-a-monaco-di-baviera\/#breadcrumb"},"inLanguage":"it-IT","potentialAction":[{"@type":"ReadAction","target":["https:\/\/www.sprachschule-aktiv-muenchen.de\/it\/un-fine-settimana-a-monaco-di-baviera\/"]}]},{"@type":"ImageObject","inLanguage":"it-IT","@id":"https:\/\/www.sprachschule-aktiv-muenchen.de\/it\/un-fine-settimana-a-monaco-di-baviera\/#primaryimage","url":"https:\/\/www.sprachschule-aktiv-muenchen.de\/wp-content\/uploads\/2017\/08\/un-fine-settimana-a-monaco-di-baviera.jpg","contentUrl":"https:\/\/www.sprachschule-aktiv-muenchen.de\/wp-content\/uploads\/2017\/08\/un-fine-settimana-a-monaco-di-baviera.jpg","width":500,"height":281,"caption":"Un fine settimana a Monaco di Baviera"},{"@type":"BreadcrumbList","@id":"https:\/\/www.sprachschule-aktiv-muenchen.de\/it\/un-fine-settimana-a-monaco-di-baviera\/#breadcrumb","itemListElement":[{"@type":"ListItem","position":1,"name":"Portada","item":"https:\/\/www.sprachschule-aktiv-muenchen.de\/it\/"},{"@type":"ListItem","position":2,"name":"Un fine settimana a Monaco di Baviera"}]},{"@type":"WebSite","@id":"https:\/\/www.sprachschule-aktiv-muenchen.de\/#website","url":"https:\/\/www.sprachschule-aktiv-muenchen.de\/","name":"Sprachschule Aktiv","description":"","potentialAction":[{"@type":"SearchAction","target":{"@type":"EntryPoint","urlTemplate":"https:\/\/www.sprachschule-aktiv-muenchen.de\/?s={search_term_string}"},"query-input":{"@type":"PropertyValueSpecification","valueRequired":true,"valueName":"search_term_string"}}],"inLanguage":"it-IT"},{"@type":"Person","@id":"https:\/\/www.sprachschule-aktiv-muenchen.de\/#\/schema\/person\/a74a6322db9745fd586f7e97f1ee5724","name":"Martin Polo","image":{"@type":"ImageObject","inLanguage":"it-IT","@id":"https:\/\/www.sprachschule-aktiv-muenchen.de\/#\/schema\/person\/image\/","url":"https:\/\/secure.gravatar.com\/avatar\/2cbe6176b6be8b122284c50d9e7a11af9502529eae284fd73534defd313e4152?s=96&d=mm&r=g","contentUrl":"https:\/\/secure.gravatar.com\/avatar\/2cbe6176b6be8b122284c50d9e7a11af9502529eae284fd73534defd313e4152?s=96&d=mm&r=g","caption":"Martin Polo"}}]}},"_links":{"self":[{"href":"https:\/\/www.sprachschule-aktiv-muenchen.de\/it\/wp-json\/wp\/v2\/posts\/22186","targetHints":{"allow":["GET"]}}],"collection":[{"href":"https:\/\/www.sprachschule-aktiv-muenchen.de\/it\/wp-json\/wp\/v2\/posts"}],"about":[{"href":"https:\/\/www.sprachschule-aktiv-muenchen.de\/it\/wp-json\/wp\/v2\/types\/post"}],"author":[{"embeddable":true,"href":"https:\/\/www.sprachschule-aktiv-muenchen.de\/it\/wp-json\/wp\/v2\/users\/2"}],"replies":[{"embeddable":true,"href":"https:\/\/www.sprachschule-aktiv-muenchen.de\/it\/wp-json\/wp\/v2\/comments?post=22186"}],"version-history":[{"count":2,"href":"https:\/\/www.sprachschule-aktiv-muenchen.de\/it\/wp-json\/wp\/v2\/posts\/22186\/revisions"}],"predecessor-version":[{"id":70505,"href":"https:\/\/www.sprachschule-aktiv-muenchen.de\/it\/wp-json\/wp\/v2\/posts\/22186\/revisions\/70505"}],"wp:featuredmedia":[{"embeddable":true,"href":"https:\/\/www.sprachschule-aktiv-muenchen.de\/it\/wp-json\/wp\/v2\/media\/33194"}],"wp:attachment":[{"href":"https:\/\/www.sprachschule-aktiv-muenchen.de\/it\/wp-json\/wp\/v2\/media?parent=22186"}],"wp:term":[{"taxonomy":"category","embeddable":true,"href":"https:\/\/www.sprachschule-aktiv-muenchen.de\/it\/wp-json\/wp\/v2\/categories?post=22186"},{"taxonomy":"post_tag","embeddable":true,"href":"https:\/\/www.sprachschule-aktiv-muenchen.de\/it\/wp-json\/wp\/v2\/tags?post=22186"}],"curies":[{"name":"wp","href":"https:\/\/api.w.org\/{rel}","templated":true}]}}