{"id":22181,"date":"2017-08-10T09:30:32","date_gmt":"2017-08-10T07:30:32","guid":{"rendered":"https:\/\/www.sprachschule-aktiv-muenchen.de\/?p=22181\/"},"modified":"2021-12-22T05:58:09","modified_gmt":"2021-12-22T04:58:09","slug":"alloggio-a-monaco-di-baviera","status":"publish","type":"post","link":"https:\/\/www.sprachschule-aktiv-muenchen.de\/it\/alloggio-a-monaco-di-baviera\/","title":{"rendered":"Alloggio a Monaco di Baviera"},"content":{"rendered":"<h1>Alloggio a Monaco di Baviera &#8211; Impara il tedesco con alloggio<\/h1>\n<p style=\"line-height: 20.7999992370605px;\">Trovare un appartamento adatto alle proprie esigenze non \u00e8 facile, ma ancora pi\u00f9 difficile \u00e8 trovare un appartamento in affitto a Monaco. Il problema \u00e8 ormai conosciuto: affitti cari e molti candidati sono all\u2019ordine del giorno. Nonostante esistano molti siti web che si occupano dell\u2019area urbana di Monaco, chi cerca un appartamento in affitto ha grandi problemi a trovare una soluzione. Chi studia a Monaco e vuole abitare in un appartamento con altri coinquilini si deve aspettare di pagare in media 521 \u20ac per una stanza di 20 m<sup>2<\/sup>.<\/p>\n<a href=\"https:\/\/www.sprachschule-aktiv-muenchen.de\/it\/corsi-di-tedesco-a-monaco-di-baviera\/\"><img decoding=\"async\" style=\"opacity: 0.9; line-height: 20.8px; text-align: center; width: 100%;\" title=\"Corso Intensivo Speciale\" src=\"https:\/\/www.sprachschule-aktiv-muenchen.de\/uploads\/image\/bd03bdd4fe3347cf923e22d9223d2617\/corsi_intensivi_di_tedesco.jpg\" alt=\"Corsi di Tedesco a Monaco di Baviera\" \/><\/a>\n<h2>La situazione a Monaco<\/h2>\n<p style=\"line-height: 20.7999992370605px;\">In tutta la Germania ci sono sempre pi\u00f9 persone che studiano. Stando alle statistiche, nell\u2019anno accademico 2014\/2015, 67.500 nuovi studenti si sono iscritti nelle universit\u00e0 della Baviera. In tutta la Germania c\u2019\u00e8 stato un aumento del 5,5%. Soprattutto la citt\u00e0 di Monaco \u00e8 stata la meta pi\u00f9 gettonata. Il Politecnico di Monaco accoglie quest\u2019anno 6.000 nuovi studenti, cio\u00e8 l\u201911% in pi\u00f9 rispetto all\u2019anno precedente. Lo stesso si pu\u00f2 dire per la Ludwig &#8211; Maximilian Universit\u00e4t.<\/p>\n<p style=\"line-height: 20.7999992370605px;\">Il grande problema \u00e8 che l\u2019universit\u00e0 di Monaco \u00e8 sempre pi\u00f9 frequentata e la disponibilit\u00e0 di stanze in affitto per gli studenti non aumenta. In molti fanno richiesta di una stanza in condivisione, ma purtroppo il periodo di attesa per un alloggio in uno studentato \u00e8 quasi sempre di due anni. La ricerca di una stanza in affitto a Monaco non \u00e8 facile e chiunque pu\u00f2 avere particolari difficolt\u00e0. Il pregiudizio che gli studenti siano disordinati e inaffidabili \u00e8 molto diffuso.<\/p>\n<p style=\"line-height: 20.7999992370605px;\"><a title=\"Corso di tedesco a Monaco di Baviera\" href=\"https:\/\/www.sprachschule-aktiv-muenchen.de\/it\/corso-intensivo-a-monaco-di-baviera\/\"><img decoding=\"async\" class=\"alignnone\" title=\"Corsi Intensivi di Tedesco\" src=\"https:\/\/www.sprachschule-aktiv-muenchen.de\/uploads\/image\/30f0b845446a44bab5365b9edd2e8bb9\/Corsi-di-tedesco_1.jpg\" alt=\"Corsi Intensivi di Tedesco\" width=\"723\" height=\"223\" \/><\/a><\/p>\n<h2><strong>Consigli per trovare un alloggio a Monaco<\/strong><\/h2>\n<p style=\"line-height: 20.7999992370605px;\">Bisogna iniziare per tempo con la ricerca, perch\u00e9 la disponibilit\u00e0 di stanze in affitto a Monaco \u00e8 molto limitata. Inoltre, dovete decidere dove e come volete abitare. A Monaco ci sono molte possibilit\u00e0:<\/p>\n<ul style=\"line-height: 20.7999992370605px;\">\n<li>I dormitori per gli studenti. Ci sono lunghe liste d\u2019attesa, quindi bisogna iniziare la ricerca il pi\u00f9 presto possibile. Alcuni studenti possono aspettare anche due anni prima di ricevere una stanza.<\/li>\n<\/ul>\n<ul style=\"line-height: 20.7999992370605px;\">\n<li>Le agenzie immobiliari possono essere una soluzione per una permanenza breve (per esempio un tirocinio).<\/li>\n<\/ul>\n<ul style=\"line-height: 20.7999992370605px;\">\n<li>Gli appartamenti in condivisone a Monaco sono sempre l\u2019alternativa pi\u00f9 semplice e conveniente. I siti internet che si occupano di questo sono molto conosciuti. Nel sito wg-gesucht.de si possono trovare le migliori offerte mentre il sito dreamflat.de \u00e8 quello pi\u00f9 facile da utilizzare. Chi cerca un appartamento dovrebbe consultare questi siti il prima possibile. Lo svantaggio di questi portali \u00e8 la difficolt\u00e0 di mettersi in contatto con l\u2019offerente. Molti di questi non rispondono alle email. Per questo non bisogna demordere e cercare di prendere contatto con pi\u00f9 persone allo stesso tempo.<\/li>\n<\/ul>\n<ul style=\"line-height: 20.7999992370605px;\">\n<li>Anche un\u2019occhiata ai giornali pu\u00f2 essere utile. Siccome molti cercano solo in internet, il feedback degli annunci sui giornali \u00e8 generalmente inferiore. Il mercato non \u00e8 molto competitivo qui, tuttavia il numero delle offerte \u00e8 molto pi\u00f9 basso.<\/li>\n<\/ul>\n<h2>I migliori quartieri di Monaco<\/h2>\n<table style=\"line-height: 20.7999992370605px; width: 630px;\" border=\"\" width=\"\" cellspacing=\"0\" cellpadding=\"0\">\n<tbody>\n<tr>\n<td style=\"width: 139px;\"><\/td>\n<td style=\"width: 491px;\"><strong>Descrizione e costo medio degli affitti<\/strong><\/td>\n<\/tr>\n<tr>\n<td style=\"width: 139px;\"><\/td>\n<td style=\"width: 491px;\">Intorno al castello di Nymphenburg gli affitti sono abbastanza cari. Qui normalmente, il prezzo al m<sup>2<\/sup>\u00a0va dai 18 ai 28 \u20ac<\/td>\n<\/tr>\n<tr>\n<td style=\"width: 139px;\"><\/td>\n<td style=\"width: 491px;\">Questo quartiere ha il fascino di un piccolo paese. Il prezzo al m<sup>2<\/sup>\u00a0\u00e8 abbordabile per molti e va dai 15 \u20ac ai 20 \u20ac<\/td>\n<\/tr>\n<tr>\n<td style=\"width: 139px;\"><\/td>\n<td style=\"width: 491px;\">Questa parte della citt\u00e0 \u00e8 stata costruita nel 1930 e oggi \u00e8 uno dei luoghi migliori di Monaco. Il prezzo degli affitti al m<sup>2<\/sup>\u00a0\u00e8 circa 18 \u20ac<\/td>\n<\/tr>\n<tr>\n<td style=\"width: 139px;\"><\/td>\n<td style=\"width: 491px;\">Chi desidera abitare vicino all\u2019Englischer Garten di Monaco deve fare i conti con gli affitti da 15 \u20ac a 21\u20ac al m<sup>2<\/sup><\/td>\n<\/tr>\n<tr>\n<td style=\"width: 139px;\"><\/td>\n<td style=\"width: 491px;\">Per chi vuole abitare vicino al Maximilian Park, deve essere preparato ad affitti molto alti, fino a 28 \u20ac al m<sup>2<\/sup><\/td>\n<\/tr>\n<tr>\n<td style=\"width: 139px;\"><\/td>\n<td style=\"width: 491px;\">Una delle strade pi\u00f9 belle \u00e8 via Richard-Wagner. Qui si possono trovare degli affitti a prezzi relativamente modesti, 20 \u20ac al m<sup>2<\/sup><\/td>\n<\/tr>\n<tr>\n<td style=\"width: 139px;\"><\/td>\n<td style=\"width: 491px;\">A causa della vicinanza alla cattedrale e alla piazza centrale, qui il prezzo degli affitti pu\u00f2 arrivare fino a 35 \u20ac al m<sup>2<\/sup><\/td>\n<\/tr>\n<tr>\n<td style=\"width: 139px;\"><\/td>\n<td style=\"width: 491px;\">Si tratta di una zona residenziale a sud di Monaco, abbastanza lontano dal centro. Il prezzo al m<sup>2<\/sup>\u00a0pu\u00f2 variare dai 15 \u20ac fino ai 20 \u20ac<\/td>\n<\/tr>\n<tr>\n<td style=\"width: 139px;\"><\/td>\n<td style=\"width: 491px;\">Vicino a dove si svolge il famoso Oktoberfest si pu\u00f2 trovare anche un appartamento. Normalmente il prezzo al m<sup>2\u00a0<\/sup>in questo quartiere \u00e8 19 \u20ac<\/p>\n<div><\/div>\n<\/td>\n<\/tr>\n<\/tbody>\n<\/table>\n<h2>Alloggi a Monaco di Baviera: visione generale del mercato degli alloggi a Monaco<\/h2>\n<p>Monaco di Baviera \u00e8 una delle citt\u00e0 pi\u00f9 amate della Germania, quindi non \u00e8 sempre facile trovare un alloggio conveniente. Sprachschule Aktiv vuole sostenere i nostri partecipanti stranieri ed agevolare il loro ingresso alla ricerca di un alloggio. Questa brochure vi d\u00e0 una visione generale delle possibilit\u00e0 di alloggio per trascorrere un piacevole soggiorno linguistico a Monaco di Baviera. Alcuni siti utili in tal proposito:<\/p>\n<p><a href=\"http:\/\/www.immobilienscout24.de\">www.immobilienscout24.de<\/a><\/p>\n<p><a href=\"http:\/\/www.immonet.de\">www.immonet.de<\/a><\/p>\n<p>www.wohnungsmarkt24.de<\/p>\n<p><a href=\"http:\/\/www.easywg.de\">www.easywg.de<\/a><\/p>\n<p><a href=\"http:\/\/www.wg-gesucht.de\">www.wg-gesucht.de<\/a><\/p>\n<h2>Annunci sui giornali<\/h2>\n<p><strong>S\u00fcddeutsche Zeitung\u00a0\u00a0\u00a0<\/strong>\u00a0\u00a0\u00a0\u00a0\u00a0\u00a0\u00a0\u00a0\u00a0\u00a0\u00a0\u00a0\u00a0\u00a0\u00a0\u00a0\u00a0\u00a0\u00a0\u00a0\u00a0\u00a0\u00a0\u00a0\u00a0\u00a0\u00a0\u00a0\u00a0\u00a0\u00a0\u00a0\u00a0\u00a0\u00a0\u00a0\u00a0\u00a0\u00a0\u00a0\u00a0\u00a0\u00a0\u00a0\u00a0\u00a0\u00a0\u00a0\u00a0\u00a0\u00a0 <strong>tz M\u00fcnchen<\/strong><\/p>\n<p><a href=\"http:\/\/www.sueddeutsche.de\">www.sueddeutsche.de<\/a>\u00a0\u00a0\u00a0\u00a0\u00a0\u00a0\u00a0\u00a0\u00a0\u00a0\u00a0\u00a0\u00a0\u00a0\u00a0\u00a0\u00a0\u00a0\u00a0\u00a0\u00a0\u00a0\u00a0\u00a0\u00a0\u00a0\u00a0\u00a0\u00a0\u00a0\u00a0\u00a0\u00a0\u00a0\u00a0\u00a0\u00a0\u00a0\u00a0\u00a0\u00a0\u00a0\u00a0\u00a0\u00a0\u00a0\u00a0\u00a0\u00a0\u00a0\u00a0\u00a0 <a href=\"http:\/\/www.tz-online.de\">www.tz-online.de<\/a><\/p>\n<p>Annunci immobiliari: mercoled\u00ec e venerd\u00ec\u00a0\u00a0\u00a0\u00a0\u00a0\u00a0\u00a0\u00a0\u00a0\u00a0\u00a0\u00a0\u00a0\u00a0\u00a0\u00a0\u00a0\u00a0\u00a0\u00a0\u00a0 Annunci immobiliari: gioved\u00ec e<\/p>\n<p>sabato<\/p>\n<p><strong>M\u00fcnchner Merkur \u00a0<\/strong>\u00a0\u00a0\u00a0\u00a0\u00a0\u00a0\u00a0\u00a0\u00a0\u00a0\u00a0\u00a0\u00a0\u00a0\u00a0\u00a0\u00a0\u00a0\u00a0\u00a0\u00a0\u00a0\u00a0\u00a0\u00a0\u00a0\u00a0\u00a0\u00a0\u00a0\u00a0\u00a0\u00a0\u00a0\u00a0\u00a0\u00a0\u00a0\u00a0\u00a0\u00a0\u00a0\u00a0\u00a0\u00a0\u00a0\u00a0\u00a0\u00a0\u00a0\u00a0\u00a0\u00a0\u00a0<strong>\u00a0\u00a0HALLO M\u00fcnchen \u00a0<\/strong><\/p>\n<p><a href=\"http:\/\/www.merkur-online.de\">www.merkur-online.de\u00a0<\/a>\u00a0\u00a0\u00a0\u00a0\u00a0\u00a0\u00a0\u00a0\u00a0\u00a0\u00a0\u00a0\u00a0\u00a0\u00a0\u00a0\u00a0\u00a0\u00a0\u00a0\u00a0\u00a0\u00a0\u00a0\u00a0\u00a0\u00a0\u00a0\u00a0\u00a0\u00a0\u00a0\u00a0\u00a0\u00a0\u00a0\u00a0\u00a0\u00a0\u00a0\u00a0\u00a0\u00a0\u00a0\u00a0\u00a0\u00a0\u00a0 <a href=\"http:\/\/www.hallo-muenchen.de\">www.hallo-muenchen.de<\/a><\/p>\n<p>Annunci immobiliari: gioved\u00ec e sabato<\/p>\n<h2>Agenzie immobiliari<\/h2>\n<p><strong>City Mitwohnzentrale e.K.\u00a0\u00a0<\/strong>\u00a0\u00a0\u00a0\u00a0\u00a0\u00a0\u00a0\u00a0\u00a0\u00a0\u00a0\u00a0\u00a0\u00a0\u00a0\u00a0\u00a0\u00a0\u00a0\u00a0\u00a0\u00a0\u00a0\u00a0\u00a0\u00a0\u00a0\u00a0\u00a0\u00a0\u00a0\u00a0\u00a0\u00a0\u00a0\u00a0\u00a0\u00a0\u00a0<strong>\u00a0\u00a0\u00a0 Easy Apartment<\/strong><\/p>\n<p>L\u00e4mmerstr. 6, 80335 Monaco \u00a0\u00a0\u00a0\u00a0\u00a0\u00a0\u00a0\u00a0\u00a0\u00a0\u00a0\u00a0\u00a0\u00a0\u00a0\u00a0\u00a0\u00a0\u00a0\u00a0\u00a0\u00a0\u00a0\u00a0\u00a0\u00a0\u00a0\u00a0\u00a0\u00a0\u00a0\u00a0\u00a0\u00a0\u00a0\u00a0\u00a0\u00a0\u00a0Tel. +49.(0)89.57959159<\/p>\n<p>Tel. +49. (0)89.592510<\/p>\n<p>post@mitwohn.org<\/p>\n<p><a href=\"http:\/\/www.elodge.de\">www.elodge.de<\/a><\/p>\n<p><strong>HomeCompany Monaco\u00a0\u00a0\u00a0\u00a0\u00a0\u00a0\u00a0\u00a0\u00a0\u00a0\u00a0\u00a0\u00a0\u00a0 \u00a0\u00a0\u00a0\u00a0\u00a0\u00a0\u00a0\u00a0\u00a0\u00a0\u00a0\u00a0\u00a0\u00a0\u00a0\u00a0\u00a0\u00a0\u00a0\u00a0\u00a0\u00a0\u00a0\u00a0\u00a0\u00a0\u00a0\u00a0\u00a0\u00a0Mr.Lodge GmbH<\/strong><\/p>\n<p>Germaniastr. 20, 80802 Monaco\u00a0\u00a0 \u00a0\u00a0\u00a0\u00a0\u00a0\u00a0\u00a0\u00a0\u00a0\u00a0\u00a0\u00a0\u00a0\u00a0\u00a0\u00a0\u00a0\u00a0\u00a0\u00a0\u00a0\u00a0\u00a0\u00a0\u00a0\u00a0\u00a0\u00a0\u00a0Barer Str. 32, 80333 Monaco<\/p>\n<p>Tel. +49. (0)80.19445\u00a0\u00a0\u00a0\u00a0\u00a0\u00a0\u00a0\u00a0\u00a0\u00a0\u00a0\u00a0\u00a0\u00a0\u00a0\u00a0\u00a0\u00a0\u00a0 \u00a0\u00a0\u00a0\u00a0\u00a0\u00a0\u00a0\u00a0\u00a0\u00a0\u00a0\u00a0\u00a0\u00a0\u00a0\u00a0\u00a0\u00a0\u00a0\u00a0\u00a0\u00a0\u00a0\u00a0\u00a0\u00a0\u00a0\u00a0\u00a0Tel. +49. (0)89.3408230<\/p>\n<p><a href=\"http:\/\/www.muenchen.homecompany.de\">www.muenchen.homecompany.de<\/a> \u00a0\u00a0\u00a0\u00a0\u00a0\u00a0\u00a0\u00a0\u00a0\u00a0\u00a0\u00a0\u00a0\u00a0\u00a0\u00a0\u00a0\u00a0\u00a0\u00a0\u00a0\u00a0\u00a0\u00a0\u00a0\u00a0\u00a0\u00a0info@mrlodge.de<\/p>\n<p><a href=\"http:\/\/www.mrlodge.de\">www.mrlodge.de<\/a><\/p>\n<p><strong>Sunnyside Apartments\u00a0\u00a0\u00a0\u00a0\u00a0\u00a0\u00a0\u00a0\u00a0\u00a0\u00a0\u00a0\u00a0\u00a0\u00a0\u00a0\u00a0 \u00a0\u00a0\u00a0\u00a0\u00a0\u00a0\u00a0\u00a0\u00a0\u00a0\u00a0\u00a0\u00a0\u00a0\u00a0\u00a0\u00a0\u00a0\u00a0\u00a0\u00a0\u00a0\u00a0\u00a0\u00a0\u00a0\u00a0\u00a0Wohnen-auf-Zeit<\/strong><\/p>\n<p>Perhamerstr. 78, 80687 Monaco \u00a0\u00a0\u00a0\u00a0\u00a0\u00a0\u00a0\u00a0\u00a0\u00a0\u00a0\u00a0\u00a0\u00a0\u00a0\u00a0\u00a0\u00a0\u00a0\u00a0\u00a0\u00a0\u00a0\u00a0\u00a0\u00a0\u00a0\u00a0\u00a0\u00a0Harrisfeldweg 16, 80939 Monaco<\/p>\n<p>Tel. +49. (0)89. 4522440 \u00a0\u00a0\u00a0\u00a0\u00a0\u00a0\u00a0\u00a0\u00a0\u00a0\u00a0\u00a0\u00a0\u00a0\u00a0\u00a0\u00a0\u00a0\u00a0\u00a0\u00a0\u00a0\u00a0\u00a0\u00a0\u00a0\u00a0\u00a0\u00a0\u00a0\u00a0\u00a0\u00a0\u00a0\u00a0\u00a0\u00a0\u00a0\u00a0\u00a0\u00a0Tel. +49. (0)89.1577.3239993<\/p>\n<p><a href=\"http:\/\/www.sunnyside-apartments-muenchen.de\">www.sunnyside-apartments-muenchen.de\u00a0<\/a>\u00a0\u00a0\u00a0\u00a0\u00a0\u00a0\u00a0\u00a0\u00a0\u00a0\u00a0\u00a0\u00a0 info@muenchen-wohnen-auf-zeit.de<\/p>\n<h2>Hotel, pensioni e ostelli<\/h2>\n<p><strong>Portale ufficiale della citt\u00e0 di Monaco\u00a0\u00a0\u00a0\u00a0\u00a0\u00a0\u00a0\u00a0\u00a0\u00a0\u00a0\u00a0\u00a0\u00a0\u00a0\u00a0\u00a0\u00a0\u00a0\u00a0\u00a0\u00a0\u00a0 Affittacamere\u00a0\u00a0\u00a0\u00a0<\/strong><\/p>\n<p><a href=\"http:\/\/www.muenchen.de\/uebernachten.html\">www.muenchen.de\/uebernachten.html\u00a0<\/a>\u00a0\u00a0\u00a0\u00a0\u00a0\u00a0\u00a0\u00a0\u00a0\u00a0\u00a0\u00a0\u00a0\u00a0\u00a0\u00a0\u00a0\u00a0\u00a0\u00a0<a href=\"http:\/\/www.bedandbreakfast.de\"> www.bedandbreakfast.de<\/a><\/p>\n<p><a href=\"http:\/\/www.bed-and-breakfast.de\">www.bed-and-breakfast.de<\/a><\/p>\n<p><strong>A&amp;O City Hauptbahnhof\u00a0\u00a0\u00a0\u00a0\u00a0\u00a0\u00a0\u00a0 \u00a0\u00a0\u00a0\u00a0\u00a0\u00a0\u00a0\u00a0\u00a0\u00a0\u00a0\u00a0\u00a0\u00a0\u00a0\u00a0\u00a0\u00a0\u00a0\u00a0\u00a0\u00a0\u00a0\u00a0\u00a0\u00a0\u00a0\u00a0\u00a0\u00a0\u00a0\u00a0\u00a0A&amp;O M\u00fcnchen Hackerbr\u00fccke<\/strong><\/p>\n<p>Bayerstr. 75, 80335 Monaco\u00a0\u00a0\u00a0\u00a0\u00a0\u00a0\u00a0 \u00a0\u00a0\u00a0\u00a0\u00a0\u00a0\u00a0\u00a0\u00a0\u00a0\u00a0\u00a0\u00a0\u00a0\u00a0\u00a0\u00a0\u00a0\u00a0\u00a0\u00a0\u00a0\u00a0\u00a0\u00a0\u00a0\u00a0\u00a0\u00a0Arnulfstr. 102, 80636 Monaco<\/p>\n<p>Tel. +49. (0)89.4523575700\u00a0\u00a0\u00a0\u00a0\u00a0\u00a0\u00a0 \u00a0\u00a0\u00a0\u00a0\u00a0\u00a0\u00a0\u00a0\u00a0\u00a0\u00a0\u00a0\u00a0\u00a0\u00a0\u00a0\u00a0\u00a0\u00a0\u00a0\u00a0\u00a0\u00a0\u00a0\u00a0\u00a0\u00a0\u00a0\u00a0\u00a0Tel. +49. (0)89. 4523595800<\/p>\n<p>reception@aohostels.com \u00a0\u00a0\u00a0\u00a0\u00a0\u00a0\u00a0\u00a0\u00a0\u00a0\u00a0\u00a0\u00a0\u00a0\u00a0\u00a0\u00a0\u00a0\u00a0\u00a0\u00a0\u00a0\u00a0\u00a0\u00a0\u00a0\u00a0\u00a0\u00a0\u00a0\u00a0\u00a0\u00a0\u00a0\u00a0\u00a0\u00a0\u00a0\u00a0\u00a0\u00a0booking@aohostels.com<\/p>\n<p><a href=\"http:\/\/www.aohostels.com\">www.aohostels.com\u00a0<\/a>\u00a0\u00a0\u00a0\u00a0\u00a0\u00a0\u00a0\u00a0\u00a0\u00a0\u00a0\u00a0\u00a0\u00a0\u00a0\u00a0\u00a0\u00a0 \u00a0\u00a0\u00a0\u00a0\u00a0\u00a0\u00a0\u00a0\u00a0\u00a0\u00a0\u00a0\u00a0\u00a0\u00a0\u00a0\u00a0\u00a0\u00a0\u00a0\u00a0\u00a0\u00a0\u00a0\u00a0\u00a0\u00a0\u00a0\u00a0<a href=\"http:\/\/www.aohostels.com\">\u00a0\u00a0www.aohostels.com<\/a><\/p>\n<p><strong>CVJIM Jugendg\u00e4stehaus\u00a0\u00a0\u00a0\u00a0\u00a0\u00a0\u00a0\u00a0\u00a0\u00a0\u00a0\u00a0\u00a0 \u00a0\u00a0\u00a0\u00a0\u00a0\u00a0\u00a0\u00a0\u00a0\u00a0\u00a0\u00a0\u00a0\u00a0\u00a0\u00a0\u00a0\u00a0\u00a0\u00a0\u00a0\u00a0\u00a0\u00a0\u00a0\u00a0\u00a0\u00a0Euro Youth Hotel Munich<\/strong><\/p>\n<p>Landwehrstr. 13, 80336 Monaco \u00a0\u00a0\u00a0\u00a0\u00a0\u00a0\u00a0\u00a0\u00a0\u00a0\u00a0\u00a0\u00a0\u00a0\u00a0\u00a0\u00a0\u00a0\u00a0\u00a0\u00a0\u00a0\u00a0\u00a0\u00a0\u00a0\u00a0\u00a0Senefelderstr. 5, 80336 Monaco<\/p>\n<p>Tel. +49 (0)89.5521410 \u00a0\u00a0\u00a0\u00a0\u00a0\u00a0\u00a0\u00a0\u00a0\u00a0\u00a0\u00a0\u00a0\u00a0\u00a0\u00a0\u00a0\u00a0\u00a0\u00a0\u00a0\u00a0\u00a0\u00a0\u00a0\u00a0\u00a0\u00a0\u00a0\u00a0\u00a0\u00a0\u00a0\u00a0\u00a0\u00a0\u00a0\u00a0\u00a0\u00a0\u00a0\u00a0Tel. +49. (0)89.59908811<\/p>\n<p>info@cvjim-muenchen.org \u00a0\u00a0\u00a0\u00a0\u00a0\u00a0\u00a0\u00a0\u00a0\u00a0\u00a0\u00a0\u00a0\u00a0\u00a0\u00a0\u00a0\u00a0\u00a0\u00a0\u00a0\u00a0\u00a0\u00a0\u00a0\u00a0\u00a0\u00a0\u00a0\u00a0\u00a0\u00a0\u00a0\u00a0\u00a0\u00a0\u00a0info@euro-youth-hotel.de<\/p>\n<p><a href=\"https:\/\/www.cvjm-muenchen.org\/\">https:\/\/www.cvjm-muenchen.org\/<\/a>\u00a0 \u00a0 \u00a0 \u00a0 \u00a0 \u00a0 \u00a0 \u00a0 \u00a0 \u00a0 \u00a0 \u00a0 \u00a0 \u00a0 \u00a0<a href=\"http:\/\/www.euro-youth-hotel.de\">www.euro-youth-hotel.de<\/a><\/p>\n<p><strong>Gasthaus und Pension Jagerhof\u00a0 \u00a0 \u00a0 \u00a0 \u00a0 \u00a0 \u00a0 \u00a0 \u00a0 \u00a0 \u00a0 \u00a0 \u00a0 \u00a0 \u00a0\u00a0<\/strong><\/p>\n<p>Schlei\u00dfheimer Stra\u00dfe 83<\/p>\n<p>85748 Garching<\/p>\n<p>Tel. +49. (0)89.3076850<\/p>\n<p>info@jagerhof.de<\/p>\n<p><strong>Hotel-Pensione Theresia-Regina\u00a0\u00a0\u00a0\u00a0\u00a0\u00a0\u00a0\u00a0\u00a0\u00a0\u00a0\u00a0\u00a0\u00a0\u00a0\u00a0\u00a0\u00a0\u00a0\u00a0\u00a0\u00a0\u00a0\u00a0\u00a0 Jugendherberge M\u00fcnchen City<\/strong><\/p>\n<p>Luisenstr. 51, 80333 Monaco\u00a0\u00a0\u00a0\u00a0\u00a0\u00a0\u00a0\u00a0\u00a0\u00a0\u00a0\u00a0\u00a0\u00a0\u00a0\u00a0\u00a0\u00a0\u00a0\u00a0\u00a0\u00a0 \u00a0\u00a0\u00a0\u00a0\u00a0\u00a0\u00a0\u00a0Wendl-Dietrich-Str. 20, 80634 Monaco<\/p>\n<p>Tel. +49.(0)89.521250 \u00a0\u00a0\u00a0\u00a0\u00a0\u00a0\u00a0\u00a0\u00a0\u00a0\u00a0\u00a0\u00a0\u00a0\u00a0\u00a0\u00a0\u00a0\u00a0\u00a0\u00a0\u00a0\u00a0\u00a0\u00a0\u00a0\u00a0\u00a0\u00a0\u00a0\u00a0\u00a0\u00a0\u00a0\u00a0\u00a0\u00a0\u00a0\u00a0\u00a0\u00a0Tel. +49.(0)89.20244490<\/p>\n<p><a href=\"http:\/\/www.hoteltheresia.de\">www.hoteltheresia.de <\/a>\u00a0\u00a0\u00a0\u00a0\u00a0\u00a0\u00a0\u00a0\u00a0\u00a0\u00a0\u00a0\u00a0\u00a0\u00a0\u00a0\u00a0\u00a0\u00a0\u00a0\u00a0\u00a0\u00a0\u00a0\u00a0\u00a0\u00a0\u00a0\u00a0\u00a0\u00a0\u00a0\u00a0\u00a0\u00a0\u00a0\u00a0\u00a0\u00a0\u00a0\u00a0\u00a0\u00a0muenchen-city@jugendherberge.de<\/p>\n<p><a href=\"https:\/\/www.jugendherberge.de\/\" target=\"_blank\" rel=\"noopener noreferrer\">https:\/\/www.jugendherberge.de\/<\/a><\/p>\n<h3>Pu\u00f3 interessarti anche<\/h3>\n<p><strong>&#8211;\u00a0<\/strong><a href=\"https:\/\/www.sprachschule-aktiv-muenchen.de\/it\/tirocini-in-germania\/\">Stage in Germania &#8211; Monaco di Baviera<\/a><\/p>\n<p><b>&#8211;\u00a0<\/b><a href=\"https:\/\/www.sprachschule-aktiv-muenchen.de\/it\/un-fine-settimana-a-monaco-di-baviera\/\">Un week-end a Monaco di Baviera<\/a><\/p>\n","protected":false},"excerpt":{"rendered":"<p>Alloggio a Monaco di Baviera &#8211; Impara il tedesco con alloggio Trovare un appartamento adatto alle proprie esigenze non \u00e8 facile, ma ancora pi\u00f9 difficile \u00e8 trovare un appartamento in affitto a Monaco. Il problema \u00e8 ormai conosciuto: affitti cari e molti candidati sono all\u2019ordine del giorno. Nonostante esistano molti siti web che si occupano [&hellip;]<\/p>\n","protected":false},"author":2,"featured_media":45518,"comment_status":"open","ping_status":"open","sticky":false,"template":"","format":"standard","meta":{"footnotes":""},"categories":[12],"tags":[],"class_list":["post-22181","post","type-post","status-publish","format-standard","has-post-thumbnail","hentry","category-impara-il-tedesco-gratis"],"yoast_head":"<!-- This site is optimized with the Yoast SEO plugin v27.1.1 - https:\/\/yoast.com\/product\/yoast-seo-wordpress\/ -->\n<title>Alloggio a Monaco di Baviera - Consigli e suggerimenti<\/title>\n<meta name=\"description\" content=\"Trovare un appartamento adatto alle proprie esigenze non \u00e8 facile, ma ancora pi\u00f9 difficile \u00e8 trovare un appartamento in affitto a Monaco.\" \/>\n<meta name=\"robots\" content=\"index, follow, max-snippet:-1, max-image-preview:large, max-video-preview:-1\" \/>\n<link rel=\"canonical\" href=\"https:\/\/www.sprachschule-aktiv-muenchen.de\/it\/alloggio-a-monaco-di-baviera\/\" \/>\n<meta property=\"og:locale\" content=\"it_IT\" \/>\n<meta property=\"og:type\" content=\"article\" \/>\n<meta property=\"og:title\" content=\"Alloggio a Monaco di Baviera - Consigli e suggerimenti\" \/>\n<meta property=\"og:description\" content=\"Trovare un appartamento adatto alle proprie esigenze non \u00e8 facile, ma ancora pi\u00f9 difficile \u00e8 trovare un appartamento in affitto a Monaco.\" \/>\n<meta property=\"og:url\" content=\"https:\/\/www.sprachschule-aktiv-muenchen.de\/it\/alloggio-a-monaco-di-baviera\/\" \/>\n<meta property=\"og:site_name\" content=\"Sprachschule Aktiv\" \/>\n<meta property=\"article:published_time\" content=\"2017-08-10T07:30:32+00:00\" \/>\n<meta property=\"article:modified_time\" content=\"2021-12-22T04:58:09+00:00\" \/>\n<meta property=\"og:image\" content=\"https:\/\/www.sprachschule-aktiv-muenchen.de\/wp-content\/uploads\/2017\/08\/alloggio-a-monaco-di-baviera-1.jpg\" \/>\n\t<meta property=\"og:image:width\" content=\"500\" \/>\n\t<meta property=\"og:image:height\" content=\"281\" \/>\n\t<meta property=\"og:image:type\" content=\"image\/jpeg\" \/>\n<meta name=\"author\" content=\"Martin Polo\" \/>\n<meta name=\"twitter:card\" content=\"summary_large_image\" \/>\n<meta name=\"twitter:label1\" content=\"Scritto da\" \/>\n\t<meta name=\"twitter:data1\" content=\"Martin Polo\" \/>\n\t<meta name=\"twitter:label2\" content=\"Tempo di lettura stimato\" \/>\n\t<meta name=\"twitter:data2\" content=\"5 minuti\" \/>\n<script type=\"application\/ld+json\" class=\"yoast-schema-graph\">{\"@context\":\"https:\/\/schema.org\",\"@graph\":[{\"@type\":\"Article\",\"@id\":\"https:\/\/www.sprachschule-aktiv-muenchen.de\/it\/alloggio-a-monaco-di-baviera\/#article\",\"isPartOf\":{\"@id\":\"https:\/\/www.sprachschule-aktiv-muenchen.de\/it\/alloggio-a-monaco-di-baviera\/\"},\"author\":{\"name\":\"Martin Polo\",\"@id\":\"https:\/\/www.sprachschule-aktiv-muenchen.de\/#\/schema\/person\/a74a6322db9745fd586f7e97f1ee5724\"},\"headline\":\"Alloggio a Monaco di Baviera\",\"datePublished\":\"2017-08-10T07:30:32+00:00\",\"dateModified\":\"2021-12-22T04:58:09+00:00\",\"mainEntityOfPage\":{\"@id\":\"https:\/\/www.sprachschule-aktiv-muenchen.de\/it\/alloggio-a-monaco-di-baviera\/\"},\"wordCount\":987,\"commentCount\":0,\"image\":{\"@id\":\"https:\/\/www.sprachschule-aktiv-muenchen.de\/it\/alloggio-a-monaco-di-baviera\/#primaryimage\"},\"thumbnailUrl\":\"https:\/\/www.sprachschule-aktiv-muenchen.de\/wp-content\/uploads\/2017\/08\/alloggio-a-monaco-di-baviera-1.jpg\",\"articleSection\":[\"Impara il tedesco gratis\"],\"inLanguage\":\"it-IT\"},{\"@type\":\"WebPage\",\"@id\":\"https:\/\/www.sprachschule-aktiv-muenchen.de\/it\/alloggio-a-monaco-di-baviera\/\",\"url\":\"https:\/\/www.sprachschule-aktiv-muenchen.de\/it\/alloggio-a-monaco-di-baviera\/\",\"name\":\"Alloggio a Monaco di Baviera - Consigli e suggerimenti\",\"isPartOf\":{\"@id\":\"https:\/\/www.sprachschule-aktiv-muenchen.de\/#website\"},\"primaryImageOfPage\":{\"@id\":\"https:\/\/www.sprachschule-aktiv-muenchen.de\/it\/alloggio-a-monaco-di-baviera\/#primaryimage\"},\"image\":{\"@id\":\"https:\/\/www.sprachschule-aktiv-muenchen.de\/it\/alloggio-a-monaco-di-baviera\/#primaryimage\"},\"thumbnailUrl\":\"https:\/\/www.sprachschule-aktiv-muenchen.de\/wp-content\/uploads\/2017\/08\/alloggio-a-monaco-di-baviera-1.jpg\",\"datePublished\":\"2017-08-10T07:30:32+00:00\",\"dateModified\":\"2021-12-22T04:58:09+00:00\",\"author\":{\"@id\":\"https:\/\/www.sprachschule-aktiv-muenchen.de\/#\/schema\/person\/a74a6322db9745fd586f7e97f1ee5724\"},\"description\":\"Trovare un appartamento adatto alle proprie esigenze non \u00e8 facile, ma ancora pi\u00f9 difficile \u00e8 trovare un appartamento in affitto a Monaco.\",\"breadcrumb\":{\"@id\":\"https:\/\/www.sprachschule-aktiv-muenchen.de\/it\/alloggio-a-monaco-di-baviera\/#breadcrumb\"},\"inLanguage\":\"it-IT\",\"potentialAction\":[{\"@type\":\"ReadAction\",\"target\":[\"https:\/\/www.sprachschule-aktiv-muenchen.de\/it\/alloggio-a-monaco-di-baviera\/\"]}]},{\"@type\":\"ImageObject\",\"inLanguage\":\"it-IT\",\"@id\":\"https:\/\/www.sprachschule-aktiv-muenchen.de\/it\/alloggio-a-monaco-di-baviera\/#primaryimage\",\"url\":\"https:\/\/www.sprachschule-aktiv-muenchen.de\/wp-content\/uploads\/2017\/08\/alloggio-a-monaco-di-baviera-1.jpg\",\"contentUrl\":\"https:\/\/www.sprachschule-aktiv-muenchen.de\/wp-content\/uploads\/2017\/08\/alloggio-a-monaco-di-baviera-1.jpg\",\"width\":\"500\",\"height\":\"281\",\"caption\":\"Alloggio a Monaco di Baviera\"},{\"@type\":\"BreadcrumbList\",\"@id\":\"https:\/\/www.sprachschule-aktiv-muenchen.de\/it\/alloggio-a-monaco-di-baviera\/#breadcrumb\",\"itemListElement\":[{\"@type\":\"ListItem\",\"position\":1,\"name\":\"Portada\",\"item\":\"https:\/\/www.sprachschule-aktiv-muenchen.de\/it\/\"},{\"@type\":\"ListItem\",\"position\":2,\"name\":\"Alloggio a Monaco di Baviera\"}]},{\"@type\":\"WebSite\",\"@id\":\"https:\/\/www.sprachschule-aktiv-muenchen.de\/#website\",\"url\":\"https:\/\/www.sprachschule-aktiv-muenchen.de\/\",\"name\":\"Sprachschule Aktiv\",\"description\":\"\",\"potentialAction\":[{\"@type\":\"SearchAction\",\"target\":{\"@type\":\"EntryPoint\",\"urlTemplate\":\"https:\/\/www.sprachschule-aktiv-muenchen.de\/?s={search_term_string}\"},\"query-input\":{\"@type\":\"PropertyValueSpecification\",\"valueRequired\":true,\"valueName\":\"search_term_string\"}}],\"inLanguage\":\"it-IT\"},{\"@type\":\"Person\",\"@id\":\"https:\/\/www.sprachschule-aktiv-muenchen.de\/#\/schema\/person\/a74a6322db9745fd586f7e97f1ee5724\",\"name\":\"Martin Polo\",\"image\":{\"@type\":\"ImageObject\",\"inLanguage\":\"it-IT\",\"@id\":\"https:\/\/www.sprachschule-aktiv-muenchen.de\/#\/schema\/person\/image\/\",\"url\":\"https:\/\/secure.gravatar.com\/avatar\/2cbe6176b6be8b122284c50d9e7a11af9502529eae284fd73534defd313e4152?s=96&d=mm&r=g\",\"contentUrl\":\"https:\/\/secure.gravatar.com\/avatar\/2cbe6176b6be8b122284c50d9e7a11af9502529eae284fd73534defd313e4152?s=96&d=mm&r=g\",\"caption\":\"Martin Polo\"}}]}<\/script>\n<!-- \/ Yoast SEO plugin. -->","yoast_head_json":{"title":"Alloggio a Monaco di Baviera - Consigli e suggerimenti","description":"Trovare un appartamento adatto alle proprie esigenze non \u00e8 facile, ma ancora pi\u00f9 difficile \u00e8 trovare un appartamento in affitto a Monaco.","robots":{"index":"index","follow":"follow","max-snippet":"max-snippet:-1","max-image-preview":"max-image-preview:large","max-video-preview":"max-video-preview:-1"},"canonical":"https:\/\/www.sprachschule-aktiv-muenchen.de\/it\/alloggio-a-monaco-di-baviera\/","og_locale":"it_IT","og_type":"article","og_title":"Alloggio a Monaco di Baviera - Consigli e suggerimenti","og_description":"Trovare un appartamento adatto alle proprie esigenze non \u00e8 facile, ma ancora pi\u00f9 difficile \u00e8 trovare un appartamento in affitto a Monaco.","og_url":"https:\/\/www.sprachschule-aktiv-muenchen.de\/it\/alloggio-a-monaco-di-baviera\/","og_site_name":"Sprachschule Aktiv","article_published_time":"2017-08-10T07:30:32+00:00","article_modified_time":"2021-12-22T04:58:09+00:00","og_image":[{"width":500,"height":281,"url":"https:\/\/www.sprachschule-aktiv-muenchen.de\/wp-content\/uploads\/2017\/08\/alloggio-a-monaco-di-baviera-1.jpg","type":"image\/jpeg"}],"author":"Martin Polo","twitter_card":"summary_large_image","twitter_misc":{"Scritto da":"Martin Polo","Tempo di lettura stimato":"5 minuti"},"schema":{"@context":"https:\/\/schema.org","@graph":[{"@type":"Article","@id":"https:\/\/www.sprachschule-aktiv-muenchen.de\/it\/alloggio-a-monaco-di-baviera\/#article","isPartOf":{"@id":"https:\/\/www.sprachschule-aktiv-muenchen.de\/it\/alloggio-a-monaco-di-baviera\/"},"author":{"name":"Martin Polo","@id":"https:\/\/www.sprachschule-aktiv-muenchen.de\/#\/schema\/person\/a74a6322db9745fd586f7e97f1ee5724"},"headline":"Alloggio a Monaco di Baviera","datePublished":"2017-08-10T07:30:32+00:00","dateModified":"2021-12-22T04:58:09+00:00","mainEntityOfPage":{"@id":"https:\/\/www.sprachschule-aktiv-muenchen.de\/it\/alloggio-a-monaco-di-baviera\/"},"wordCount":987,"commentCount":0,"image":{"@id":"https:\/\/www.sprachschule-aktiv-muenchen.de\/it\/alloggio-a-monaco-di-baviera\/#primaryimage"},"thumbnailUrl":"https:\/\/www.sprachschule-aktiv-muenchen.de\/wp-content\/uploads\/2017\/08\/alloggio-a-monaco-di-baviera-1.jpg","articleSection":["Impara il tedesco gratis"],"inLanguage":"it-IT"},{"@type":"WebPage","@id":"https:\/\/www.sprachschule-aktiv-muenchen.de\/it\/alloggio-a-monaco-di-baviera\/","url":"https:\/\/www.sprachschule-aktiv-muenchen.de\/it\/alloggio-a-monaco-di-baviera\/","name":"Alloggio a Monaco di Baviera - Consigli e suggerimenti","isPartOf":{"@id":"https:\/\/www.sprachschule-aktiv-muenchen.de\/#website"},"primaryImageOfPage":{"@id":"https:\/\/www.sprachschule-aktiv-muenchen.de\/it\/alloggio-a-monaco-di-baviera\/#primaryimage"},"image":{"@id":"https:\/\/www.sprachschule-aktiv-muenchen.de\/it\/alloggio-a-monaco-di-baviera\/#primaryimage"},"thumbnailUrl":"https:\/\/www.sprachschule-aktiv-muenchen.de\/wp-content\/uploads\/2017\/08\/alloggio-a-monaco-di-baviera-1.jpg","datePublished":"2017-08-10T07:30:32+00:00","dateModified":"2021-12-22T04:58:09+00:00","author":{"@id":"https:\/\/www.sprachschule-aktiv-muenchen.de\/#\/schema\/person\/a74a6322db9745fd586f7e97f1ee5724"},"description":"Trovare un appartamento adatto alle proprie esigenze non \u00e8 facile, ma ancora pi\u00f9 difficile \u00e8 trovare un appartamento in affitto a Monaco.","breadcrumb":{"@id":"https:\/\/www.sprachschule-aktiv-muenchen.de\/it\/alloggio-a-monaco-di-baviera\/#breadcrumb"},"inLanguage":"it-IT","potentialAction":[{"@type":"ReadAction","target":["https:\/\/www.sprachschule-aktiv-muenchen.de\/it\/alloggio-a-monaco-di-baviera\/"]}]},{"@type":"ImageObject","inLanguage":"it-IT","@id":"https:\/\/www.sprachschule-aktiv-muenchen.de\/it\/alloggio-a-monaco-di-baviera\/#primaryimage","url":"https:\/\/www.sprachschule-aktiv-muenchen.de\/wp-content\/uploads\/2017\/08\/alloggio-a-monaco-di-baviera-1.jpg","contentUrl":"https:\/\/www.sprachschule-aktiv-muenchen.de\/wp-content\/uploads\/2017\/08\/alloggio-a-monaco-di-baviera-1.jpg","width":"500","height":"281","caption":"Alloggio a Monaco di Baviera"},{"@type":"BreadcrumbList","@id":"https:\/\/www.sprachschule-aktiv-muenchen.de\/it\/alloggio-a-monaco-di-baviera\/#breadcrumb","itemListElement":[{"@type":"ListItem","position":1,"name":"Portada","item":"https:\/\/www.sprachschule-aktiv-muenchen.de\/it\/"},{"@type":"ListItem","position":2,"name":"Alloggio a Monaco di Baviera"}]},{"@type":"WebSite","@id":"https:\/\/www.sprachschule-aktiv-muenchen.de\/#website","url":"https:\/\/www.sprachschule-aktiv-muenchen.de\/","name":"Sprachschule Aktiv","description":"","potentialAction":[{"@type":"SearchAction","target":{"@type":"EntryPoint","urlTemplate":"https:\/\/www.sprachschule-aktiv-muenchen.de\/?s={search_term_string}"},"query-input":{"@type":"PropertyValueSpecification","valueRequired":true,"valueName":"search_term_string"}}],"inLanguage":"it-IT"},{"@type":"Person","@id":"https:\/\/www.sprachschule-aktiv-muenchen.de\/#\/schema\/person\/a74a6322db9745fd586f7e97f1ee5724","name":"Martin Polo","image":{"@type":"ImageObject","inLanguage":"it-IT","@id":"https:\/\/www.sprachschule-aktiv-muenchen.de\/#\/schema\/person\/image\/","url":"https:\/\/secure.gravatar.com\/avatar\/2cbe6176b6be8b122284c50d9e7a11af9502529eae284fd73534defd313e4152?s=96&d=mm&r=g","contentUrl":"https:\/\/secure.gravatar.com\/avatar\/2cbe6176b6be8b122284c50d9e7a11af9502529eae284fd73534defd313e4152?s=96&d=mm&r=g","caption":"Martin Polo"}}]}},"_links":{"self":[{"href":"https:\/\/www.sprachschule-aktiv-muenchen.de\/it\/wp-json\/wp\/v2\/posts\/22181","targetHints":{"allow":["GET"]}}],"collection":[{"href":"https:\/\/www.sprachschule-aktiv-muenchen.de\/it\/wp-json\/wp\/v2\/posts"}],"about":[{"href":"https:\/\/www.sprachschule-aktiv-muenchen.de\/it\/wp-json\/wp\/v2\/types\/post"}],"author":[{"embeddable":true,"href":"https:\/\/www.sprachschule-aktiv-muenchen.de\/it\/wp-json\/wp\/v2\/users\/2"}],"replies":[{"embeddable":true,"href":"https:\/\/www.sprachschule-aktiv-muenchen.de\/it\/wp-json\/wp\/v2\/comments?post=22181"}],"version-history":[{"count":7,"href":"https:\/\/www.sprachschule-aktiv-muenchen.de\/it\/wp-json\/wp\/v2\/posts\/22181\/revisions"}],"predecessor-version":[{"id":70506,"href":"https:\/\/www.sprachschule-aktiv-muenchen.de\/it\/wp-json\/wp\/v2\/posts\/22181\/revisions\/70506"}],"wp:featuredmedia":[{"embeddable":true,"href":"https:\/\/www.sprachschule-aktiv-muenchen.de\/it\/wp-json\/wp\/v2\/media\/45518"}],"wp:attachment":[{"href":"https:\/\/www.sprachschule-aktiv-muenchen.de\/it\/wp-json\/wp\/v2\/media?parent=22181"}],"wp:term":[{"taxonomy":"category","embeddable":true,"href":"https:\/\/www.sprachschule-aktiv-muenchen.de\/it\/wp-json\/wp\/v2\/categories?post=22181"},{"taxonomy":"post_tag","embeddable":true,"href":"https:\/\/www.sprachschule-aktiv-muenchen.de\/it\/wp-json\/wp\/v2\/tags?post=22181"}],"curies":[{"name":"wp","href":"https:\/\/api.w.org\/{rel}","templated":true}]}}