{"id":22179,"date":"2017-08-10T09:26:08","date_gmt":"2017-08-10T07:26:08","guid":{"rendered":"https:\/\/www.sprachschule-aktiv-muenchen.de\/?p=22179\/"},"modified":"2019-04-23T12:37:16","modified_gmt":"2019-04-23T10:37:16","slug":"i-maggiori-musei-di-monaco","status":"publish","type":"post","link":"https:\/\/www.sprachschule-aktiv-muenchen.de\/it\/i-maggiori-musei-di-monaco\/","title":{"rendered":"I maggiori musei di Monaco"},"content":{"rendered":"<h1><strong>I maggiori musei di Monaco<\/strong><\/h1>\n<p><span style=\"font-size: 14px;\">Visita i musei di Monaco, non te ne pentirai! Se se<span style=\"text-align: justify;\">i un amant<\/span><\/span><span style=\"font-size: 13px; text-align: justify;\"><span style=\"font-size: 14px;\">e della cultura <\/span>e dell&#8217;arte, Monaco \u00e8 il posto giusto per te! Vanta uno die pi\u00f9 grandi patrimoni museali della Germania, che non si limita solamente al <strong>Deutsches Museum<\/strong>, il pi\u00f9 grande museo della scienza e tecnica in Europa, bens\u00ec offre una svariata collezione di capolavori pittorici e scultorei di tutti i tempi.\u00a0<\/span><\/p>\n<a class=\"alignnone\" title=\"Corso Intensivo \" href=\"https:\/\/www.sprachschule-aktiv-muenchen.de\/it\/\"><img decoding=\"async\" title=\"Imparare il tedesco a Monaco di Baviera\" src=\"https:\/\/www.sprachschule-aktiv-muenchen.de\/uploads\/image\/30f0b845446a44bab5365b9edd2e8bb9\/Corsi-di-tedesco_1.jpg\" alt=\"Imparare il tedesco a Monaco di Baviera\" \/><\/a>\n<p><span class=\"tlid-translation translation\" lang=\"it\"><span class=\"\" title=\"\">Leggi il nostro blog qui<\/span><\/span>: I maggiori musei di Monaco.<\/p>\n<h2 style=\"text-align: justify;\"><strong>Alte und Neue Pinakothek<\/strong><\/h2>\n<p style=\"text-align: justify;\">Passiamo dalla meccanica alla creativit\u00e0. La Alte Pinakothek \u00e8 altrettanto un museo di fama internazionale. Esso conserva i capolavori ereditati dai Wittelsbach, la famiglia reale bavarese nonch\u00e9 grandi mecenati. Tra le opere pi\u00f9 celebri citiamo la \u201cMadonna Tempi\u201d di Raffaello e la \u201cMadonna del Garofano\u201d di Leonardo da Vinci. Sono esposti, inoltre, quadri di Giotto, Tiziano, Tiepolo, Rembrandt, Rubens, D\u00fcrer, A. Van Dyck, Vel\u00e1zquez ecc.<\/p>\n<p style=\"text-align: justify;\">Se Invece siete attratti in particolar modo dal periodo del Romanticismo e dell\u00b4impressionismo, non c&#8217;\u00e8 niente di meglio di una visita alla Neue Pinakothek. Qui potrete ammirare opere di artisti francesi, spagnoli e tedeschi, come ad esempio: Jaques Louis David, Caspar David Friedrich, Gainsborough, Goya, G\u00e9ricault, Delacroix, Courbet; per finire con gli immancabili Monet, Manet, Degas, Renoir, Cezanne, Van Gogh con una versione dei suoi famosi \u201cGirasoli\u201d, Gauguin e Klimt.<\/p>\n<h2 style=\"text-align: justify;\"><strong>Moderno e antico tra Pinakothek der Moderne e il Lehnbachhaus<\/strong><\/h2>\n<p style=\"text-align: justify;\">Vi piace l\u00b4arte moderna e contemporanea o il design e l\u00b4architettura? Il museo perfetto per voi \u00e8 la Pinakotek der Moderne, il pi\u00fa importante museo della Germania nel suo genere.\u00a0 Custodisce capolavori di Klee, Magritte, Warhol, Kandinskij, Picasso, De Chirico, L. Fontana, insomma gli artisti che hanno segnato il Novecento.<\/p>\n<p style=\"text-align: justify;\">Se desiderate visitare una villa d\u00b4epoca con i suoi lussuosi arredamenti, e, nello stesso tempo osservare una collezione di opere grafiche di W. Kandinskij e di altri esponenti del Blaue Reiter (Cavaliere Azzurro-movimento pittorico nato a Monaco agli inizi del XX secolo), \u00e8 d\u00b4obbligo una visita al Lenbachhaus.<\/p>\n<h2 style=\"text-align: justify;\"><strong>Arte egizia<\/strong><\/h2>\n<p style=\"text-align: justify;\">Se volete fare un viaggio nel tempo ti consigliamo il Museo Egizio (<strong>Staatliches Museum \u00c4gyptischer Kunst<\/strong>) e la Gliptoteca (<strong>Glyptothek<\/strong>).<\/p>\n<p style=\"text-align: justify;\">Nel primo segnaliamo capolavori come la maschera funeraria della regina Sitdjehuti e il cos\u00ec soprannominato obelisco di Monaco, che fu in realt\u00e0 un ornamento del Tempio di Iside di Roma. La particolarit\u00e0 del museo, la cui collezione \u00e8 frutto della smania di collezionismo del re Ludwig II, \u00e8 l&#8217;entrata molto suggestiva, concepita come la tomba di un faraone.<\/p>\n<p style=\"text-align: justify;\">La Gliptoteca \u00e8 il paradiso per gli appassionati di arte classica. Si affaccia sulla K\u00f6nigsplatz, voluta da Re Ludwig I nella prima met\u00e0 dell\u00b4Ottocento, agli albori del suo progetto di trasformare Monaco in una Atene dell\u00b4Isar. All\u00b4interno potrete lasciarvi ispirare, come molti artisti del passato, dalla perfezione dei marmi greci e romani, dalle raffigurazioni della mitologia classica e da una vasta collezione di ceramiche e vasellame dell&#8217;et\u00e0 micenea.<\/p>\n<p style=\"text-align: justify;\">Lasciatevi affascinare dalla cultura e dalla bellezza artistica racchiuse nei musei di Monaco, e ricordate che tutti i musei qui sopra citati (eccetto il Deutsches Museum e il Lenbachhaus) costano <u>SOLO UN EURO TUTTE LE DOMENICHE!<\/u><\/p>\n<h3 style=\"text-align: justify;\"><strong>Pu\u00f3 interessarti anche<\/strong><\/h3>\n<p><strong>&#8211;\u00a0<a href=\"https:\/\/www.sprachschule-aktiv-muenchen.de\/it\/alloggio-a-monaco-di-baviera\/\">Alloggio a Monaco di Baviera<\/a><\/strong><\/p>\n<p><strong>&#8211; <a href=\"https:\/\/www.sprachschule-aktiv-muenchen.de\/it\/\">Corsi di tedesco in Germania<\/a><\/strong><\/p>\n","protected":false},"excerpt":{"rendered":"<p>I maggiori musei di Monaco Visita i musei di Monaco, non te ne pentirai! Se sei un amante della cultura e dell&#8217;arte, Monaco \u00e8 il posto giusto per te! Vanta uno die pi\u00f9 grandi patrimoni museali della Germania, che non si limita solamente al Deutsches Museum, il pi\u00f9 grande museo della scienza e tecnica in [&hellip;]<\/p>\n","protected":false},"author":2,"featured_media":38413,"comment_status":"open","ping_status":"open","sticky":false,"template":"","format":"standard","meta":{"footnotes":""},"categories":[12],"tags":[],"class_list":["post-22179","post","type-post","status-publish","format-standard","has-post-thumbnail","hentry","category-impara-il-tedesco-gratis"],"yoast_head":"<!-- This site is optimized with the Yoast SEO plugin v27.1.1 - https:\/\/yoast.com\/product\/yoast-seo-wordpress\/ -->\n<title>Visita i Musei di Monaco, non te ne pentirai<\/title>\n<meta name=\"description\" content=\"Visita i Musei di Monaco di Baviera, non te ne pentirai! Se sei un amante della cultura e dell&#039;arte antica e moderna , Monaco \u00e8 il posto giusto per te!\" \/>\n<meta name=\"robots\" content=\"index, follow, max-snippet:-1, max-image-preview:large, max-video-preview:-1\" \/>\n<link rel=\"canonical\" href=\"https:\/\/www.sprachschule-aktiv-muenchen.de\/it\/i-maggiori-musei-di-monaco\/\" \/>\n<meta property=\"og:locale\" content=\"it_IT\" \/>\n<meta property=\"og:type\" content=\"article\" \/>\n<meta property=\"og:title\" content=\"Visita i Musei di Monaco, non te ne pentirai\" \/>\n<meta property=\"og:description\" content=\"Visita i Musei di Monaco di Baviera, non te ne pentirai! Se sei un amante della cultura e dell&#039;arte antica e moderna , Monaco \u00e8 il posto giusto per te!\" \/>\n<meta property=\"og:url\" content=\"https:\/\/www.sprachschule-aktiv-muenchen.de\/it\/i-maggiori-musei-di-monaco\/\" \/>\n<meta property=\"og:site_name\" content=\"Sprachschule Aktiv\" \/>\n<meta property=\"article:published_time\" content=\"2017-08-10T07:26:08+00:00\" \/>\n<meta property=\"article:modified_time\" content=\"2019-04-23T10:37:16+00:00\" \/>\n<meta property=\"og:image\" content=\"https:\/\/www.sprachschule-aktiv-muenchen.de\/wp-content\/uploads\/2017\/08\/musei-di-monaco-di-baviera.jpg\" \/>\n\t<meta property=\"og:image:width\" content=\"552\" \/>\n\t<meta property=\"og:image:height\" content=\"325\" \/>\n\t<meta property=\"og:image:type\" content=\"image\/jpeg\" \/>\n<meta name=\"author\" content=\"Martin Polo\" \/>\n<meta name=\"twitter:card\" content=\"summary_large_image\" \/>\n<meta name=\"twitter:label1\" content=\"Scritto da\" \/>\n\t<meta name=\"twitter:data1\" content=\"Martin Polo\" \/>\n\t<meta name=\"twitter:label2\" content=\"Tempo di lettura stimato\" \/>\n\t<meta name=\"twitter:data2\" content=\"3 minuti\" \/>\n<script type=\"application\/ld+json\" class=\"yoast-schema-graph\">{\"@context\":\"https:\/\/schema.org\",\"@graph\":[{\"@type\":\"Article\",\"@id\":\"https:\/\/www.sprachschule-aktiv-muenchen.de\/it\/i-maggiori-musei-di-monaco\/#article\",\"isPartOf\":{\"@id\":\"https:\/\/www.sprachschule-aktiv-muenchen.de\/it\/i-maggiori-musei-di-monaco\/\"},\"author\":{\"name\":\"Martin Polo\",\"@id\":\"https:\/\/www.sprachschule-aktiv-muenchen.de\/#\/schema\/person\/a74a6322db9745fd586f7e97f1ee5724\"},\"headline\":\"I maggiori musei di Monaco\",\"datePublished\":\"2017-08-10T07:26:08+00:00\",\"dateModified\":\"2019-04-23T10:37:16+00:00\",\"mainEntityOfPage\":{\"@id\":\"https:\/\/www.sprachschule-aktiv-muenchen.de\/it\/i-maggiori-musei-di-monaco\/\"},\"wordCount\":540,\"commentCount\":0,\"image\":{\"@id\":\"https:\/\/www.sprachschule-aktiv-muenchen.de\/it\/i-maggiori-musei-di-monaco\/#primaryimage\"},\"thumbnailUrl\":\"https:\/\/www.sprachschule-aktiv-muenchen.de\/wp-content\/uploads\/2017\/08\/musei-di-monaco-di-baviera.jpg\",\"articleSection\":[\"Impara il tedesco gratis\"],\"inLanguage\":\"it-IT\"},{\"@type\":\"WebPage\",\"@id\":\"https:\/\/www.sprachschule-aktiv-muenchen.de\/it\/i-maggiori-musei-di-monaco\/\",\"url\":\"https:\/\/www.sprachschule-aktiv-muenchen.de\/it\/i-maggiori-musei-di-monaco\/\",\"name\":\"Visita i Musei di Monaco, non te ne pentirai\",\"isPartOf\":{\"@id\":\"https:\/\/www.sprachschule-aktiv-muenchen.de\/#website\"},\"primaryImageOfPage\":{\"@id\":\"https:\/\/www.sprachschule-aktiv-muenchen.de\/it\/i-maggiori-musei-di-monaco\/#primaryimage\"},\"image\":{\"@id\":\"https:\/\/www.sprachschule-aktiv-muenchen.de\/it\/i-maggiori-musei-di-monaco\/#primaryimage\"},\"thumbnailUrl\":\"https:\/\/www.sprachschule-aktiv-muenchen.de\/wp-content\/uploads\/2017\/08\/musei-di-monaco-di-baviera.jpg\",\"datePublished\":\"2017-08-10T07:26:08+00:00\",\"dateModified\":\"2019-04-23T10:37:16+00:00\",\"author\":{\"@id\":\"https:\/\/www.sprachschule-aktiv-muenchen.de\/#\/schema\/person\/a74a6322db9745fd586f7e97f1ee5724\"},\"description\":\"Visita i Musei di Monaco di Baviera, non te ne pentirai! Se sei un amante della cultura e dell'arte antica e moderna , Monaco \u00e8 il posto giusto per te!\",\"breadcrumb\":{\"@id\":\"https:\/\/www.sprachschule-aktiv-muenchen.de\/it\/i-maggiori-musei-di-monaco\/#breadcrumb\"},\"inLanguage\":\"it-IT\",\"potentialAction\":[{\"@type\":\"ReadAction\",\"target\":[\"https:\/\/www.sprachschule-aktiv-muenchen.de\/it\/i-maggiori-musei-di-monaco\/\"]}]},{\"@type\":\"ImageObject\",\"inLanguage\":\"it-IT\",\"@id\":\"https:\/\/www.sprachschule-aktiv-muenchen.de\/it\/i-maggiori-musei-di-monaco\/#primaryimage\",\"url\":\"https:\/\/www.sprachschule-aktiv-muenchen.de\/wp-content\/uploads\/2017\/08\/musei-di-monaco-di-baviera.jpg\",\"contentUrl\":\"https:\/\/www.sprachschule-aktiv-muenchen.de\/wp-content\/uploads\/2017\/08\/musei-di-monaco-di-baviera.jpg\",\"width\":\"552\",\"height\":\"325\",\"caption\":\"Musei di Monaco di Baviera\"},{\"@type\":\"BreadcrumbList\",\"@id\":\"https:\/\/www.sprachschule-aktiv-muenchen.de\/it\/i-maggiori-musei-di-monaco\/#breadcrumb\",\"itemListElement\":[{\"@type\":\"ListItem\",\"position\":1,\"name\":\"Portada\",\"item\":\"https:\/\/www.sprachschule-aktiv-muenchen.de\/it\/\"},{\"@type\":\"ListItem\",\"position\":2,\"name\":\"I maggiori musei di Monaco\"}]},{\"@type\":\"WebSite\",\"@id\":\"https:\/\/www.sprachschule-aktiv-muenchen.de\/#website\",\"url\":\"https:\/\/www.sprachschule-aktiv-muenchen.de\/\",\"name\":\"Sprachschule Aktiv\",\"description\":\"\",\"potentialAction\":[{\"@type\":\"SearchAction\",\"target\":{\"@type\":\"EntryPoint\",\"urlTemplate\":\"https:\/\/www.sprachschule-aktiv-muenchen.de\/?s={search_term_string}\"},\"query-input\":{\"@type\":\"PropertyValueSpecification\",\"valueRequired\":true,\"valueName\":\"search_term_string\"}}],\"inLanguage\":\"it-IT\"},{\"@type\":\"Person\",\"@id\":\"https:\/\/www.sprachschule-aktiv-muenchen.de\/#\/schema\/person\/a74a6322db9745fd586f7e97f1ee5724\",\"name\":\"Martin Polo\",\"image\":{\"@type\":\"ImageObject\",\"inLanguage\":\"it-IT\",\"@id\":\"https:\/\/www.sprachschule-aktiv-muenchen.de\/#\/schema\/person\/image\/\",\"url\":\"https:\/\/secure.gravatar.com\/avatar\/2cbe6176b6be8b122284c50d9e7a11af9502529eae284fd73534defd313e4152?s=96&d=mm&r=g\",\"contentUrl\":\"https:\/\/secure.gravatar.com\/avatar\/2cbe6176b6be8b122284c50d9e7a11af9502529eae284fd73534defd313e4152?s=96&d=mm&r=g\",\"caption\":\"Martin Polo\"}}]}<\/script>\n<!-- \/ Yoast SEO plugin. -->","yoast_head_json":{"title":"Visita i Musei di Monaco, non te ne pentirai","description":"Visita i Musei di Monaco di Baviera, non te ne pentirai! Se sei un amante della cultura e dell'arte antica e moderna , Monaco \u00e8 il posto giusto per te!","robots":{"index":"index","follow":"follow","max-snippet":"max-snippet:-1","max-image-preview":"max-image-preview:large","max-video-preview":"max-video-preview:-1"},"canonical":"https:\/\/www.sprachschule-aktiv-muenchen.de\/it\/i-maggiori-musei-di-monaco\/","og_locale":"it_IT","og_type":"article","og_title":"Visita i Musei di Monaco, non te ne pentirai","og_description":"Visita i Musei di Monaco di Baviera, non te ne pentirai! Se sei un amante della cultura e dell'arte antica e moderna , Monaco \u00e8 il posto giusto per te!","og_url":"https:\/\/www.sprachschule-aktiv-muenchen.de\/it\/i-maggiori-musei-di-monaco\/","og_site_name":"Sprachschule Aktiv","article_published_time":"2017-08-10T07:26:08+00:00","article_modified_time":"2019-04-23T10:37:16+00:00","og_image":[{"width":552,"height":325,"url":"https:\/\/www.sprachschule-aktiv-muenchen.de\/wp-content\/uploads\/2017\/08\/musei-di-monaco-di-baviera.jpg","type":"image\/jpeg"}],"author":"Martin Polo","twitter_card":"summary_large_image","twitter_misc":{"Scritto da":"Martin Polo","Tempo di lettura stimato":"3 minuti"},"schema":{"@context":"https:\/\/schema.org","@graph":[{"@type":"Article","@id":"https:\/\/www.sprachschule-aktiv-muenchen.de\/it\/i-maggiori-musei-di-monaco\/#article","isPartOf":{"@id":"https:\/\/www.sprachschule-aktiv-muenchen.de\/it\/i-maggiori-musei-di-monaco\/"},"author":{"name":"Martin Polo","@id":"https:\/\/www.sprachschule-aktiv-muenchen.de\/#\/schema\/person\/a74a6322db9745fd586f7e97f1ee5724"},"headline":"I maggiori musei di Monaco","datePublished":"2017-08-10T07:26:08+00:00","dateModified":"2019-04-23T10:37:16+00:00","mainEntityOfPage":{"@id":"https:\/\/www.sprachschule-aktiv-muenchen.de\/it\/i-maggiori-musei-di-monaco\/"},"wordCount":540,"commentCount":0,"image":{"@id":"https:\/\/www.sprachschule-aktiv-muenchen.de\/it\/i-maggiori-musei-di-monaco\/#primaryimage"},"thumbnailUrl":"https:\/\/www.sprachschule-aktiv-muenchen.de\/wp-content\/uploads\/2017\/08\/musei-di-monaco-di-baviera.jpg","articleSection":["Impara il tedesco gratis"],"inLanguage":"it-IT"},{"@type":"WebPage","@id":"https:\/\/www.sprachschule-aktiv-muenchen.de\/it\/i-maggiori-musei-di-monaco\/","url":"https:\/\/www.sprachschule-aktiv-muenchen.de\/it\/i-maggiori-musei-di-monaco\/","name":"Visita i Musei di Monaco, non te ne pentirai","isPartOf":{"@id":"https:\/\/www.sprachschule-aktiv-muenchen.de\/#website"},"primaryImageOfPage":{"@id":"https:\/\/www.sprachschule-aktiv-muenchen.de\/it\/i-maggiori-musei-di-monaco\/#primaryimage"},"image":{"@id":"https:\/\/www.sprachschule-aktiv-muenchen.de\/it\/i-maggiori-musei-di-monaco\/#primaryimage"},"thumbnailUrl":"https:\/\/www.sprachschule-aktiv-muenchen.de\/wp-content\/uploads\/2017\/08\/musei-di-monaco-di-baviera.jpg","datePublished":"2017-08-10T07:26:08+00:00","dateModified":"2019-04-23T10:37:16+00:00","author":{"@id":"https:\/\/www.sprachschule-aktiv-muenchen.de\/#\/schema\/person\/a74a6322db9745fd586f7e97f1ee5724"},"description":"Visita i Musei di Monaco di Baviera, non te ne pentirai! Se sei un amante della cultura e dell'arte antica e moderna , Monaco \u00e8 il posto giusto per te!","breadcrumb":{"@id":"https:\/\/www.sprachschule-aktiv-muenchen.de\/it\/i-maggiori-musei-di-monaco\/#breadcrumb"},"inLanguage":"it-IT","potentialAction":[{"@type":"ReadAction","target":["https:\/\/www.sprachschule-aktiv-muenchen.de\/it\/i-maggiori-musei-di-monaco\/"]}]},{"@type":"ImageObject","inLanguage":"it-IT","@id":"https:\/\/www.sprachschule-aktiv-muenchen.de\/it\/i-maggiori-musei-di-monaco\/#primaryimage","url":"https:\/\/www.sprachschule-aktiv-muenchen.de\/wp-content\/uploads\/2017\/08\/musei-di-monaco-di-baviera.jpg","contentUrl":"https:\/\/www.sprachschule-aktiv-muenchen.de\/wp-content\/uploads\/2017\/08\/musei-di-monaco-di-baviera.jpg","width":"552","height":"325","caption":"Musei di Monaco di Baviera"},{"@type":"BreadcrumbList","@id":"https:\/\/www.sprachschule-aktiv-muenchen.de\/it\/i-maggiori-musei-di-monaco\/#breadcrumb","itemListElement":[{"@type":"ListItem","position":1,"name":"Portada","item":"https:\/\/www.sprachschule-aktiv-muenchen.de\/it\/"},{"@type":"ListItem","position":2,"name":"I maggiori musei di Monaco"}]},{"@type":"WebSite","@id":"https:\/\/www.sprachschule-aktiv-muenchen.de\/#website","url":"https:\/\/www.sprachschule-aktiv-muenchen.de\/","name":"Sprachschule Aktiv","description":"","potentialAction":[{"@type":"SearchAction","target":{"@type":"EntryPoint","urlTemplate":"https:\/\/www.sprachschule-aktiv-muenchen.de\/?s={search_term_string}"},"query-input":{"@type":"PropertyValueSpecification","valueRequired":true,"valueName":"search_term_string"}}],"inLanguage":"it-IT"},{"@type":"Person","@id":"https:\/\/www.sprachschule-aktiv-muenchen.de\/#\/schema\/person\/a74a6322db9745fd586f7e97f1ee5724","name":"Martin Polo","image":{"@type":"ImageObject","inLanguage":"it-IT","@id":"https:\/\/www.sprachschule-aktiv-muenchen.de\/#\/schema\/person\/image\/","url":"https:\/\/secure.gravatar.com\/avatar\/2cbe6176b6be8b122284c50d9e7a11af9502529eae284fd73534defd313e4152?s=96&d=mm&r=g","contentUrl":"https:\/\/secure.gravatar.com\/avatar\/2cbe6176b6be8b122284c50d9e7a11af9502529eae284fd73534defd313e4152?s=96&d=mm&r=g","caption":"Martin Polo"}}]}},"_links":{"self":[{"href":"https:\/\/www.sprachschule-aktiv-muenchen.de\/it\/wp-json\/wp\/v2\/posts\/22179","targetHints":{"allow":["GET"]}}],"collection":[{"href":"https:\/\/www.sprachschule-aktiv-muenchen.de\/it\/wp-json\/wp\/v2\/posts"}],"about":[{"href":"https:\/\/www.sprachschule-aktiv-muenchen.de\/it\/wp-json\/wp\/v2\/types\/post"}],"author":[{"embeddable":true,"href":"https:\/\/www.sprachschule-aktiv-muenchen.de\/it\/wp-json\/wp\/v2\/users\/2"}],"replies":[{"embeddable":true,"href":"https:\/\/www.sprachschule-aktiv-muenchen.de\/it\/wp-json\/wp\/v2\/comments?post=22179"}],"version-history":[{"count":0,"href":"https:\/\/www.sprachschule-aktiv-muenchen.de\/it\/wp-json\/wp\/v2\/posts\/22179\/revisions"}],"wp:featuredmedia":[{"embeddable":true,"href":"https:\/\/www.sprachschule-aktiv-muenchen.de\/it\/wp-json\/wp\/v2\/media\/38413"}],"wp:attachment":[{"href":"https:\/\/www.sprachschule-aktiv-muenchen.de\/it\/wp-json\/wp\/v2\/media?parent=22179"}],"wp:term":[{"taxonomy":"category","embeddable":true,"href":"https:\/\/www.sprachschule-aktiv-muenchen.de\/it\/wp-json\/wp\/v2\/categories?post=22179"},{"taxonomy":"post_tag","embeddable":true,"href":"https:\/\/www.sprachschule-aktiv-muenchen.de\/it\/wp-json\/wp\/v2\/tags?post=22179"}],"curies":[{"name":"wp","href":"https:\/\/api.w.org\/{rel}","templated":true}]}}