{"id":51474,"date":"2019-08-27T09:53:13","date_gmt":"2019-08-27T07:53:13","guid":{"rendered":"https:\/\/www.sprachschule-aktiv-muenchen.de\/?p=51474"},"modified":"2021-06-11T08:53:46","modified_gmt":"2021-06-11T06:53:46","slug":"tu-ou-vous-tutoyer-ou-vouvoyer-apprendre-lallemand","status":"publish","type":"post","link":"https:\/\/www.sprachschule-aktiv-muenchen.de\/fr\/tu-ou-vous-tutoyer-ou-vouvoyer-apprendre-lallemand\/","title":{"rendered":"Tu ou vous\u00a0? \u2013 Tutoyer ou vouvoyer \u2013 Apprendre l\u2019allemand"},"content":{"rendered":"<h1>Tu ou vous\u00a0? \u2013 Tutoyer ou vouvoyer \u2013 Apprendre l\u2019allemand<\/h1>\n<p>Les Allemands sont connus pour \u00eatre particuli\u00e8rement polis. Contrairement \u00e0 l&#8217;anglais, par exemple, nous faisons la distinction entre toi et vous lorsque nous parlons \u00e0 quelqu&#8217;un. Mais quand dois-je tutoyer ou vouvoyer quelqu&#8217;un ? Quelle est la diff\u00e9rence et comment cr\u00e9er les formes correspondantes ?<\/p>\n<h2>Les Formes<\/h2>\n<p>Quand nous tutoyons quelqu&#8217;un, nous \u00e9voquons g\u00e9n\u00e9ralement son pr\u00e9nom. La forme correspond \u00e0 la 2\u00e8me personne du singulier :<\/p>\n<p>Martin, parles-tu allemand ?<\/p>\n<p>Laura, o\u00f9 travailles-tu ?<\/p>\n<p>Pour le vouvoiement, utilisez le verbe \u00e0 la 3\u00e8me personne du pluriel et vous (Sie) comme pronom personnel. Il est toujours en majuscule, pas seulement au d\u00e9but de la phrase ! De plus, nous nous adressons g\u00e9n\u00e9ralement \u00e0 l&#8217;autre personne par son nom de famille :<\/p>\n<p>Monsieur Meier, parlez-vous allemand ?<\/p>\n<p>Madame Bauer, o\u00f9 travaillez-vous ?<\/p>\n<a href=\"https:\/\/www.sprachschule-aktiv-muenchen.de\/fr\/cours-d-allemand-a-munich\/\"><img decoding=\"async\" class=\"alignnone size-full wp-image-53945\" src=\"https:\/\/www.sprachschule-aktiv-muenchen.de\/wp-content\/uploads\/2019\/08\/nos-cours-d-allemand-munich.jpg\" alt=\"Nos cours d\u00b4allemand - Munich\" width=\"300\" height=\"358\" srcset=\"https:\/\/www.sprachschule-aktiv-muenchen.de\/wp-content\/uploads\/2019\/08\/nos-cours-d-allemand-munich.jpg 300w, https:\/\/www.sprachschule-aktiv-muenchen.de\/wp-content\/uploads\/2019\/08\/nos-cours-d-allemand-munich-251x300.jpg 251w\" sizes=\"(max-width: 300px) 100vw, 300px\" \/><\/a>\n<h2>L\u2019utilisation de tu ou de vous<\/h2>\n<p>Vous est une forme de courtoisie que nous utilisons quand nous ne connaissons pas l&#8217;autre personne. Dans la profession, par exemple, vous est tr\u00e8s souvent utilis\u00e9e \u00e0 la place de tu.<\/p>\n<p>Tu es une forme d&#8217;intimit\u00e9, surtout quand on se connait bien.<\/p>\n<p>En g\u00e9n\u00e9ral, nous, les Allemands, vouvoyons d&#8217;abord chaque adulte que nous ne connaissons pas personnellement. Cela exprime le respect, la distance et l&#8217;estime. Lorsque vous apprenez enfin \u00e0 mieux vous conna\u00eetre, on vous offre g\u00e9n\u00e9ralement le &#8220;tu&#8221; Par exemple :<\/p>\n<p>\u201eDarf ich Ihnen das Du anbieten?\u201c \u2013 \u201eSehr gerne, ich bin Martin.\u201c<\/p>\n<p>\u201ePuis-je vous proposer le tutoiement ?\u201c \u2013 \u00ab\u00a0Bien s\u00fbr, je suis Martin\u00a0\u00bb<\/p>\n<p>Ou bien :<\/p>\n<p>\u201eIch schlage vor, dass wir uns duzen, ist das in Ordnung?\u201c \u2013 \u201eNat\u00fcrlich, gerne. Ich bin Laura.\u201c<\/p>\n<p>\u201eJe propose qu\u2019on se tutoie, c\u2019est d\u2019accord ?\u201c \u2013 \u00ab\u00a0Bien s\u00fbr, avec plaisir, je suis Laura\u00a0\u00bb<\/p>\n<p>En r\u00e8gle g\u00e9n\u00e9rale, si vous n&#8217;\u00eates pas s\u00fbr, vous feriez mieux de vouvoyer !<\/p>\n<a href=\"https:\/\/www.sprachschule-aktiv-muenchen.de\/fr\/cours-intensifs-dallemand\/\"><img decoding=\"async\" class=\"aligncenter size-full wp-image-66469\" src=\"https:\/\/www.sprachschule-aktiv-muenchen.de\/wp-content\/uploads\/2021\/06\/offre-speciale-allemand-muenchen.jpg\" alt=\"Nos cours d\u2019allemand \u00e0 Sprachschule Aktiv\" width=\"603\" height=\"359\" srcset=\"https:\/\/www.sprachschule-aktiv-muenchen.de\/wp-content\/uploads\/2021\/06\/offre-speciale-allemand-muenchen.jpg 603w, https:\/\/www.sprachschule-aktiv-muenchen.de\/wp-content\/uploads\/2021\/06\/offre-speciale-allemand-muenchen-300x179.jpg 300w, https:\/\/www.sprachschule-aktiv-muenchen.de\/wp-content\/uploads\/2021\/06\/offre-speciale-allemand-muenchen-124x74.jpg 124w\" sizes=\"(max-width: 603px) 100vw, 603px\" \/><\/a>\n","protected":false},"excerpt":{"rendered":"<p>Tu ou vous\u00a0? \u2013 Tutoyer ou vouvoyer \u2013 Apprendre l\u2019allemand Les Allemands sont connus pour \u00eatre particuli\u00e8rement polis. Contrairement \u00e0 l&#8217;anglais, par exemple, nous faisons la distinction entre toi et vous lorsque nous parlons \u00e0 quelqu&#8217;un. Mais quand dois-je tutoyer ou vouvoyer quelqu&#8217;un ? Quelle est la diff\u00e9rence et comment cr\u00e9er les formes correspondantes ? [&hellip;]<\/p>\n","protected":false},"author":2,"featured_media":51475,"comment_status":"open","ping_status":"open","sticky":false,"template":"","format":"standard","meta":{"footnotes":""},"categories":[10],"tags":[],"class_list":["post-51474","post","type-post","status-publish","format-standard","has-post-thumbnail","hentry","category-apprendre-allemand-gratuitement"],"yoast_head":"<!-- This site is optimized with the Yoast SEO plugin v27.1.1 - https:\/\/yoast.com\/product\/yoast-seo-wordpress\/ -->\n<title>Tu ou vous\u00a0? \u2013 Tutoyer ou vouvoyer \u2013 Apprendre l\u2019allemand<\/title>\n<meta name=\"description\" content=\"Contrairement \u00e0 ex. En anglais, une distinction entre vous et vous en allemand lorsque nous nous adressons \u00e0 quelqu&#039;un. Mais quand?\" \/>\n<meta name=\"robots\" content=\"index, follow, max-snippet:-1, max-image-preview:large, max-video-preview:-1\" \/>\n<link rel=\"canonical\" href=\"https:\/\/www.sprachschule-aktiv-muenchen.de\/fr\/tu-ou-vous-tutoyer-ou-vouvoyer-apprendre-lallemand\/\" \/>\n<meta property=\"og:locale\" content=\"fr_FR\" \/>\n<meta property=\"og:type\" content=\"article\" \/>\n<meta property=\"og:title\" content=\"Tu ou vous\u00a0? \u2013 Tutoyer ou vouvoyer \u2013 Apprendre l\u2019allemand\" \/>\n<meta property=\"og:description\" content=\"Contrairement \u00e0 ex. En anglais, une distinction entre vous et vous en allemand lorsque nous nous adressons \u00e0 quelqu&#039;un. Mais quand?\" \/>\n<meta property=\"og:url\" content=\"https:\/\/www.sprachschule-aktiv-muenchen.de\/fr\/tu-ou-vous-tutoyer-ou-vouvoyer-apprendre-lallemand\/\" \/>\n<meta property=\"og:site_name\" content=\"Sprachschule Aktiv\" \/>\n<meta property=\"article:published_time\" content=\"2019-08-27T07:53:13+00:00\" \/>\n<meta property=\"article:modified_time\" content=\"2021-06-11T06:53:46+00:00\" \/>\n<meta property=\"og:image\" content=\"https:\/\/www.sprachschule-aktiv-muenchen.de\/wp-content\/uploads\/2019\/08\/tu-ou-vous-tutoyer-ou-vouvoyer-apprendre-lallemand.jpg\" \/>\n\t<meta property=\"og:image:width\" content=\"344\" \/>\n\t<meta property=\"og:image:height\" content=\"230\" \/>\n\t<meta property=\"og:image:type\" content=\"image\/jpeg\" \/>\n<meta name=\"author\" content=\"Martin Polo\" \/>\n<meta name=\"twitter:card\" content=\"summary_large_image\" \/>\n<meta name=\"twitter:label1\" content=\"\u00c9crit par\" \/>\n\t<meta name=\"twitter:data1\" content=\"Martin Polo\" \/>\n\t<meta name=\"twitter:label2\" content=\"Dur\u00e9e de lecture estim\u00e9e\" \/>\n\t<meta name=\"twitter:data2\" content=\"2 minutes\" \/>\n<script type=\"application\/ld+json\" class=\"yoast-schema-graph\">{\"@context\":\"https:\/\/schema.org\",\"@graph\":[{\"@type\":\"Article\",\"@id\":\"https:\/\/www.sprachschule-aktiv-muenchen.de\/fr\/tu-ou-vous-tutoyer-ou-vouvoyer-apprendre-lallemand\/#article\",\"isPartOf\":{\"@id\":\"https:\/\/www.sprachschule-aktiv-muenchen.de\/fr\/tu-ou-vous-tutoyer-ou-vouvoyer-apprendre-lallemand\/\"},\"author\":{\"name\":\"Martin Polo\",\"@id\":\"https:\/\/www.sprachschule-aktiv-muenchen.de\/#\/schema\/person\/a74a6322db9745fd586f7e97f1ee5724\"},\"headline\":\"Tu ou vous\u00a0? \u2013 Tutoyer ou vouvoyer \u2013 Apprendre l\u2019allemand\",\"datePublished\":\"2019-08-27T07:53:13+00:00\",\"dateModified\":\"2021-06-11T06:53:46+00:00\",\"mainEntityOfPage\":{\"@id\":\"https:\/\/www.sprachschule-aktiv-muenchen.de\/fr\/tu-ou-vous-tutoyer-ou-vouvoyer-apprendre-lallemand\/\"},\"wordCount\":322,\"commentCount\":0,\"image\":{\"@id\":\"https:\/\/www.sprachschule-aktiv-muenchen.de\/fr\/tu-ou-vous-tutoyer-ou-vouvoyer-apprendre-lallemand\/#primaryimage\"},\"thumbnailUrl\":\"https:\/\/www.sprachschule-aktiv-muenchen.de\/wp-content\/uploads\/2019\/08\/tu-ou-vous-tutoyer-ou-vouvoyer-apprendre-lallemand.jpg\",\"articleSection\":[\"Apprendre l'allemand gratuitement\"],\"inLanguage\":\"fr-FR\"},{\"@type\":\"WebPage\",\"@id\":\"https:\/\/www.sprachschule-aktiv-muenchen.de\/fr\/tu-ou-vous-tutoyer-ou-vouvoyer-apprendre-lallemand\/\",\"url\":\"https:\/\/www.sprachschule-aktiv-muenchen.de\/fr\/tu-ou-vous-tutoyer-ou-vouvoyer-apprendre-lallemand\/\",\"name\":\"Tu ou vous\u00a0? \u2013 Tutoyer ou vouvoyer \u2013 Apprendre l\u2019allemand\",\"isPartOf\":{\"@id\":\"https:\/\/www.sprachschule-aktiv-muenchen.de\/#website\"},\"primaryImageOfPage\":{\"@id\":\"https:\/\/www.sprachschule-aktiv-muenchen.de\/fr\/tu-ou-vous-tutoyer-ou-vouvoyer-apprendre-lallemand\/#primaryimage\"},\"image\":{\"@id\":\"https:\/\/www.sprachschule-aktiv-muenchen.de\/fr\/tu-ou-vous-tutoyer-ou-vouvoyer-apprendre-lallemand\/#primaryimage\"},\"thumbnailUrl\":\"https:\/\/www.sprachschule-aktiv-muenchen.de\/wp-content\/uploads\/2019\/08\/tu-ou-vous-tutoyer-ou-vouvoyer-apprendre-lallemand.jpg\",\"datePublished\":\"2019-08-27T07:53:13+00:00\",\"dateModified\":\"2021-06-11T06:53:46+00:00\",\"author\":{\"@id\":\"https:\/\/www.sprachschule-aktiv-muenchen.de\/#\/schema\/person\/a74a6322db9745fd586f7e97f1ee5724\"},\"description\":\"Contrairement \u00e0 ex. En anglais, une distinction entre vous et vous en allemand lorsque nous nous adressons \u00e0 quelqu'un. Mais quand?\",\"breadcrumb\":{\"@id\":\"https:\/\/www.sprachschule-aktiv-muenchen.de\/fr\/tu-ou-vous-tutoyer-ou-vouvoyer-apprendre-lallemand\/#breadcrumb\"},\"inLanguage\":\"fr-FR\",\"potentialAction\":[{\"@type\":\"ReadAction\",\"target\":[\"https:\/\/www.sprachschule-aktiv-muenchen.de\/fr\/tu-ou-vous-tutoyer-ou-vouvoyer-apprendre-lallemand\/\"]}]},{\"@type\":\"ImageObject\",\"inLanguage\":\"fr-FR\",\"@id\":\"https:\/\/www.sprachschule-aktiv-muenchen.de\/fr\/tu-ou-vous-tutoyer-ou-vouvoyer-apprendre-lallemand\/#primaryimage\",\"url\":\"https:\/\/www.sprachschule-aktiv-muenchen.de\/wp-content\/uploads\/2019\/08\/tu-ou-vous-tutoyer-ou-vouvoyer-apprendre-lallemand.jpg\",\"contentUrl\":\"https:\/\/www.sprachschule-aktiv-muenchen.de\/wp-content\/uploads\/2019\/08\/tu-ou-vous-tutoyer-ou-vouvoyer-apprendre-lallemand.jpg\",\"width\":344,\"height\":230,\"caption\":\"Tu ou vous ? \u2013 Tutoyer ou vouvoyer \u2013 Apprendre l\u2019allemand\"},{\"@type\":\"BreadcrumbList\",\"@id\":\"https:\/\/www.sprachschule-aktiv-muenchen.de\/fr\/tu-ou-vous-tutoyer-ou-vouvoyer-apprendre-lallemand\/#breadcrumb\",\"itemListElement\":[{\"@type\":\"ListItem\",\"position\":1,\"name\":\"Portada\",\"item\":\"https:\/\/www.sprachschule-aktiv-muenchen.de\/fr\/\"},{\"@type\":\"ListItem\",\"position\":2,\"name\":\"Tu ou vous\u00a0? \u2013 Tutoyer ou vouvoyer \u2013 Apprendre l\u2019allemand\"}]},{\"@type\":\"WebSite\",\"@id\":\"https:\/\/www.sprachschule-aktiv-muenchen.de\/#website\",\"url\":\"https:\/\/www.sprachschule-aktiv-muenchen.de\/\",\"name\":\"Sprachschule Aktiv\",\"description\":\"\",\"potentialAction\":[{\"@type\":\"SearchAction\",\"target\":{\"@type\":\"EntryPoint\",\"urlTemplate\":\"https:\/\/www.sprachschule-aktiv-muenchen.de\/?s={search_term_string}\"},\"query-input\":{\"@type\":\"PropertyValueSpecification\",\"valueRequired\":true,\"valueName\":\"search_term_string\"}}],\"inLanguage\":\"fr-FR\"},{\"@type\":\"Person\",\"@id\":\"https:\/\/www.sprachschule-aktiv-muenchen.de\/#\/schema\/person\/a74a6322db9745fd586f7e97f1ee5724\",\"name\":\"Martin Polo\",\"image\":{\"@type\":\"ImageObject\",\"inLanguage\":\"fr-FR\",\"@id\":\"https:\/\/www.sprachschule-aktiv-muenchen.de\/#\/schema\/person\/image\/\",\"url\":\"https:\/\/secure.gravatar.com\/avatar\/2cbe6176b6be8b122284c50d9e7a11af9502529eae284fd73534defd313e4152?s=96&d=mm&r=g\",\"contentUrl\":\"https:\/\/secure.gravatar.com\/avatar\/2cbe6176b6be8b122284c50d9e7a11af9502529eae284fd73534defd313e4152?s=96&d=mm&r=g\",\"caption\":\"Martin Polo\"}}]}<\/script>\n<!-- \/ Yoast SEO plugin. -->","yoast_head_json":{"title":"Tu ou vous\u00a0? \u2013 Tutoyer ou vouvoyer \u2013 Apprendre l\u2019allemand","description":"Contrairement \u00e0 ex. En anglais, une distinction entre vous et vous en allemand lorsque nous nous adressons \u00e0 quelqu'un. Mais quand?","robots":{"index":"index","follow":"follow","max-snippet":"max-snippet:-1","max-image-preview":"max-image-preview:large","max-video-preview":"max-video-preview:-1"},"canonical":"https:\/\/www.sprachschule-aktiv-muenchen.de\/fr\/tu-ou-vous-tutoyer-ou-vouvoyer-apprendre-lallemand\/","og_locale":"fr_FR","og_type":"article","og_title":"Tu ou vous\u00a0? \u2013 Tutoyer ou vouvoyer \u2013 Apprendre l\u2019allemand","og_description":"Contrairement \u00e0 ex. En anglais, une distinction entre vous et vous en allemand lorsque nous nous adressons \u00e0 quelqu'un. Mais quand?","og_url":"https:\/\/www.sprachschule-aktiv-muenchen.de\/fr\/tu-ou-vous-tutoyer-ou-vouvoyer-apprendre-lallemand\/","og_site_name":"Sprachschule Aktiv","article_published_time":"2019-08-27T07:53:13+00:00","article_modified_time":"2021-06-11T06:53:46+00:00","og_image":[{"width":344,"height":230,"url":"https:\/\/www.sprachschule-aktiv-muenchen.de\/wp-content\/uploads\/2019\/08\/tu-ou-vous-tutoyer-ou-vouvoyer-apprendre-lallemand.jpg","type":"image\/jpeg"}],"author":"Martin Polo","twitter_card":"summary_large_image","twitter_misc":{"\u00c9crit par":"Martin Polo","Dur\u00e9e de lecture estim\u00e9e":"2 minutes"},"schema":{"@context":"https:\/\/schema.org","@graph":[{"@type":"Article","@id":"https:\/\/www.sprachschule-aktiv-muenchen.de\/fr\/tu-ou-vous-tutoyer-ou-vouvoyer-apprendre-lallemand\/#article","isPartOf":{"@id":"https:\/\/www.sprachschule-aktiv-muenchen.de\/fr\/tu-ou-vous-tutoyer-ou-vouvoyer-apprendre-lallemand\/"},"author":{"name":"Martin Polo","@id":"https:\/\/www.sprachschule-aktiv-muenchen.de\/#\/schema\/person\/a74a6322db9745fd586f7e97f1ee5724"},"headline":"Tu ou vous\u00a0? \u2013 Tutoyer ou vouvoyer \u2013 Apprendre l\u2019allemand","datePublished":"2019-08-27T07:53:13+00:00","dateModified":"2021-06-11T06:53:46+00:00","mainEntityOfPage":{"@id":"https:\/\/www.sprachschule-aktiv-muenchen.de\/fr\/tu-ou-vous-tutoyer-ou-vouvoyer-apprendre-lallemand\/"},"wordCount":322,"commentCount":0,"image":{"@id":"https:\/\/www.sprachschule-aktiv-muenchen.de\/fr\/tu-ou-vous-tutoyer-ou-vouvoyer-apprendre-lallemand\/#primaryimage"},"thumbnailUrl":"https:\/\/www.sprachschule-aktiv-muenchen.de\/wp-content\/uploads\/2019\/08\/tu-ou-vous-tutoyer-ou-vouvoyer-apprendre-lallemand.jpg","articleSection":["Apprendre l'allemand gratuitement"],"inLanguage":"fr-FR"},{"@type":"WebPage","@id":"https:\/\/www.sprachschule-aktiv-muenchen.de\/fr\/tu-ou-vous-tutoyer-ou-vouvoyer-apprendre-lallemand\/","url":"https:\/\/www.sprachschule-aktiv-muenchen.de\/fr\/tu-ou-vous-tutoyer-ou-vouvoyer-apprendre-lallemand\/","name":"Tu ou vous\u00a0? \u2013 Tutoyer ou vouvoyer \u2013 Apprendre l\u2019allemand","isPartOf":{"@id":"https:\/\/www.sprachschule-aktiv-muenchen.de\/#website"},"primaryImageOfPage":{"@id":"https:\/\/www.sprachschule-aktiv-muenchen.de\/fr\/tu-ou-vous-tutoyer-ou-vouvoyer-apprendre-lallemand\/#primaryimage"},"image":{"@id":"https:\/\/www.sprachschule-aktiv-muenchen.de\/fr\/tu-ou-vous-tutoyer-ou-vouvoyer-apprendre-lallemand\/#primaryimage"},"thumbnailUrl":"https:\/\/www.sprachschule-aktiv-muenchen.de\/wp-content\/uploads\/2019\/08\/tu-ou-vous-tutoyer-ou-vouvoyer-apprendre-lallemand.jpg","datePublished":"2019-08-27T07:53:13+00:00","dateModified":"2021-06-11T06:53:46+00:00","author":{"@id":"https:\/\/www.sprachschule-aktiv-muenchen.de\/#\/schema\/person\/a74a6322db9745fd586f7e97f1ee5724"},"description":"Contrairement \u00e0 ex. En anglais, une distinction entre vous et vous en allemand lorsque nous nous adressons \u00e0 quelqu'un. Mais quand?","breadcrumb":{"@id":"https:\/\/www.sprachschule-aktiv-muenchen.de\/fr\/tu-ou-vous-tutoyer-ou-vouvoyer-apprendre-lallemand\/#breadcrumb"},"inLanguage":"fr-FR","potentialAction":[{"@type":"ReadAction","target":["https:\/\/www.sprachschule-aktiv-muenchen.de\/fr\/tu-ou-vous-tutoyer-ou-vouvoyer-apprendre-lallemand\/"]}]},{"@type":"ImageObject","inLanguage":"fr-FR","@id":"https:\/\/www.sprachschule-aktiv-muenchen.de\/fr\/tu-ou-vous-tutoyer-ou-vouvoyer-apprendre-lallemand\/#primaryimage","url":"https:\/\/www.sprachschule-aktiv-muenchen.de\/wp-content\/uploads\/2019\/08\/tu-ou-vous-tutoyer-ou-vouvoyer-apprendre-lallemand.jpg","contentUrl":"https:\/\/www.sprachschule-aktiv-muenchen.de\/wp-content\/uploads\/2019\/08\/tu-ou-vous-tutoyer-ou-vouvoyer-apprendre-lallemand.jpg","width":344,"height":230,"caption":"Tu ou vous ? \u2013 Tutoyer ou vouvoyer \u2013 Apprendre l\u2019allemand"},{"@type":"BreadcrumbList","@id":"https:\/\/www.sprachschule-aktiv-muenchen.de\/fr\/tu-ou-vous-tutoyer-ou-vouvoyer-apprendre-lallemand\/#breadcrumb","itemListElement":[{"@type":"ListItem","position":1,"name":"Portada","item":"https:\/\/www.sprachschule-aktiv-muenchen.de\/fr\/"},{"@type":"ListItem","position":2,"name":"Tu ou vous\u00a0? \u2013 Tutoyer ou vouvoyer \u2013 Apprendre l\u2019allemand"}]},{"@type":"WebSite","@id":"https:\/\/www.sprachschule-aktiv-muenchen.de\/#website","url":"https:\/\/www.sprachschule-aktiv-muenchen.de\/","name":"Sprachschule Aktiv","description":"","potentialAction":[{"@type":"SearchAction","target":{"@type":"EntryPoint","urlTemplate":"https:\/\/www.sprachschule-aktiv-muenchen.de\/?s={search_term_string}"},"query-input":{"@type":"PropertyValueSpecification","valueRequired":true,"valueName":"search_term_string"}}],"inLanguage":"fr-FR"},{"@type":"Person","@id":"https:\/\/www.sprachschule-aktiv-muenchen.de\/#\/schema\/person\/a74a6322db9745fd586f7e97f1ee5724","name":"Martin Polo","image":{"@type":"ImageObject","inLanguage":"fr-FR","@id":"https:\/\/www.sprachschule-aktiv-muenchen.de\/#\/schema\/person\/image\/","url":"https:\/\/secure.gravatar.com\/avatar\/2cbe6176b6be8b122284c50d9e7a11af9502529eae284fd73534defd313e4152?s=96&d=mm&r=g","contentUrl":"https:\/\/secure.gravatar.com\/avatar\/2cbe6176b6be8b122284c50d9e7a11af9502529eae284fd73534defd313e4152?s=96&d=mm&r=g","caption":"Martin Polo"}}]}},"_links":{"self":[{"href":"https:\/\/www.sprachschule-aktiv-muenchen.de\/fr\/wp-json\/wp\/v2\/posts\/51474","targetHints":{"allow":["GET"]}}],"collection":[{"href":"https:\/\/www.sprachschule-aktiv-muenchen.de\/fr\/wp-json\/wp\/v2\/posts"}],"about":[{"href":"https:\/\/www.sprachschule-aktiv-muenchen.de\/fr\/wp-json\/wp\/v2\/types\/post"}],"author":[{"embeddable":true,"href":"https:\/\/www.sprachschule-aktiv-muenchen.de\/fr\/wp-json\/wp\/v2\/users\/2"}],"replies":[{"embeddable":true,"href":"https:\/\/www.sprachschule-aktiv-muenchen.de\/fr\/wp-json\/wp\/v2\/comments?post=51474"}],"version-history":[{"count":4,"href":"https:\/\/www.sprachschule-aktiv-muenchen.de\/fr\/wp-json\/wp\/v2\/posts\/51474\/revisions"}],"predecessor-version":[{"id":67233,"href":"https:\/\/www.sprachschule-aktiv-muenchen.de\/fr\/wp-json\/wp\/v2\/posts\/51474\/revisions\/67233"}],"wp:featuredmedia":[{"embeddable":true,"href":"https:\/\/www.sprachschule-aktiv-muenchen.de\/fr\/wp-json\/wp\/v2\/media\/51475"}],"wp:attachment":[{"href":"https:\/\/www.sprachschule-aktiv-muenchen.de\/fr\/wp-json\/wp\/v2\/media?parent=51474"}],"wp:term":[{"taxonomy":"category","embeddable":true,"href":"https:\/\/www.sprachschule-aktiv-muenchen.de\/fr\/wp-json\/wp\/v2\/categories?post=51474"},{"taxonomy":"post_tag","embeddable":true,"href":"https:\/\/www.sprachschule-aktiv-muenchen.de\/fr\/wp-json\/wp\/v2\/tags?post=51474"}],"curies":[{"name":"wp","href":"https:\/\/api.w.org\/{rel}","templated":true}]}}