{"id":51318,"date":"2019-08-27T09:22:11","date_gmt":"2019-08-27T07:22:11","guid":{"rendered":"https:\/\/www.sprachschule-aktiv-muenchen.de\/?p=51318"},"modified":"2019-12-19T08:48:06","modified_gmt":"2019-12-19T07:48:06","slug":"sprachschule-aktiv-au-tollwood","status":"publish","type":"post","link":"https:\/\/www.sprachschule-aktiv-muenchen.de\/fr\/sprachschule-aktiv-au-tollwood\/","title":{"rendered":"Sprachschule Aktiv au Tollwood"},"content":{"rendered":"<h1>Sprachschule Aktiv au Tollwood<\/h1>\n<p>Sprachschule Aktiv au Tollwood. Un grand merci \u00e0 tous les participants et professeurs qui \u00e9taient pr\u00e9sents ! Tous ensembles, nous avons pass\u00e9s une superbe soir\u00e9e au Tollwood. Nous nous r\u00e9jouissons d\u00e9j\u00e0 \u00e0 l\u2019id\u00e9e de refaire une sortie !<\/p>\n<p>Manger, boire et se promener au festival de Munich. Merci d&#8217;\u00eatre venu et \u00e0 la prochaine fois!<\/p>\n<h2><strong>D\u2019autres cours et contributions<\/strong><\/h2>\n<p><strong>\u2013\u00a0<\/strong><a href=\"https:\/\/www.sprachschule-aktiv-muenchen.de\/fr\/cours-d-allemand-a-munich\/\">Cours d\u2018allemand<\/a><\/p>\n<p><strong>\u2013\u00a0<\/strong>Comment avoir du succ\u00e8s en Allemagne\u00a0?<\/p>\n","protected":false},"excerpt":{"rendered":"<p>Sprachschule Aktiv au Tollwood Sprachschule Aktiv au Tollwood. Un grand merci \u00e0 tous les participants et professeurs qui \u00e9taient pr\u00e9sents ! Tous ensembles, nous avons pass\u00e9s une superbe soir\u00e9e au Tollwood. Nous nous r\u00e9jouissons d\u00e9j\u00e0 \u00e0 l\u2019id\u00e9e de refaire une sortie ! Manger, boire et se promener au festival de Munich. Merci d&#8217;\u00eatre venu et [&hellip;]<\/p>\n","protected":false},"author":2,"featured_media":51319,"comment_status":"open","ping_status":"open","sticky":false,"template":"","format":"standard","meta":{"footnotes":""},"categories":[10],"tags":[],"class_list":["post-51318","post","type-post","status-publish","format-standard","has-post-thumbnail","hentry","category-apprendre-allemand-gratuitement"],"yoast_head":"<!-- This site is optimized with the Yoast SEO plugin v27.1.1 - https:\/\/yoast.com\/product\/yoast-seo-wordpress\/ -->\n<title>Sprachschule Aktiv au Tollwood-M\u00fcnchener Festival<\/title>\n<meta name=\"description\" content=\"Nos participants suivent des cours d&#039;allemand \u00e0 l&#039;\u00e9cole de langues Aktiv am Tollwood \u00e0 Munich. Apprenez l&#039;allemand avec plaisir.\" \/>\n<meta name=\"robots\" content=\"index, follow, max-snippet:-1, max-image-preview:large, max-video-preview:-1\" \/>\n<link rel=\"canonical\" href=\"https:\/\/www.sprachschule-aktiv-muenchen.de\/fr\/sprachschule-aktiv-au-tollwood\/\" \/>\n<meta property=\"og:locale\" content=\"fr_FR\" \/>\n<meta property=\"og:type\" content=\"article\" \/>\n<meta property=\"og:title\" content=\"Sprachschule Aktiv au Tollwood-M\u00fcnchener Festival\" \/>\n<meta property=\"og:description\" content=\"Nos participants suivent des cours d&#039;allemand \u00e0 l&#039;\u00e9cole de langues Aktiv am Tollwood \u00e0 Munich. Apprenez l&#039;allemand avec plaisir.\" \/>\n<meta property=\"og:url\" content=\"https:\/\/www.sprachschule-aktiv-muenchen.de\/fr\/sprachschule-aktiv-au-tollwood\/\" \/>\n<meta property=\"og:site_name\" content=\"Sprachschule Aktiv\" \/>\n<meta property=\"article:published_time\" content=\"2019-08-27T07:22:11+00:00\" \/>\n<meta property=\"article:modified_time\" content=\"2019-12-19T07:48:06+00:00\" \/>\n<meta property=\"og:image\" content=\"https:\/\/www.sprachschule-aktiv-muenchen.de\/wp-content\/uploads\/2019\/08\/sprachschule-aktiv-au-tollwood.jpg\" \/>\n\t<meta property=\"og:image:width\" content=\"344\" \/>\n\t<meta property=\"og:image:height\" content=\"230\" \/>\n\t<meta property=\"og:image:type\" content=\"image\/jpeg\" \/>\n<meta name=\"author\" content=\"Martin Polo\" \/>\n<meta name=\"twitter:card\" content=\"summary_large_image\" \/>\n<meta name=\"twitter:label1\" content=\"\u00c9crit par\" \/>\n\t<meta name=\"twitter:data1\" content=\"Martin Polo\" \/>\n<script type=\"application\/ld+json\" class=\"yoast-schema-graph\">{\"@context\":\"https:\/\/schema.org\",\"@graph\":[{\"@type\":\"Article\",\"@id\":\"https:\/\/www.sprachschule-aktiv-muenchen.de\/fr\/sprachschule-aktiv-au-tollwood\/#article\",\"isPartOf\":{\"@id\":\"https:\/\/www.sprachschule-aktiv-muenchen.de\/fr\/sprachschule-aktiv-au-tollwood\/\"},\"author\":{\"name\":\"Martin Polo\",\"@id\":\"https:\/\/www.sprachschule-aktiv-muenchen.de\/#\/schema\/person\/a74a6322db9745fd586f7e97f1ee5724\"},\"headline\":\"Sprachschule Aktiv au Tollwood\",\"datePublished\":\"2019-08-27T07:22:11+00:00\",\"dateModified\":\"2019-12-19T07:48:06+00:00\",\"mainEntityOfPage\":{\"@id\":\"https:\/\/www.sprachschule-aktiv-muenchen.de\/fr\/sprachschule-aktiv-au-tollwood\/\"},\"wordCount\":81,\"commentCount\":0,\"image\":{\"@id\":\"https:\/\/www.sprachschule-aktiv-muenchen.de\/fr\/sprachschule-aktiv-au-tollwood\/#primaryimage\"},\"thumbnailUrl\":\"https:\/\/www.sprachschule-aktiv-muenchen.de\/wp-content\/uploads\/2019\/08\/sprachschule-aktiv-au-tollwood.jpg\",\"articleSection\":[\"Apprendre l'allemand gratuitement\"],\"inLanguage\":\"fr-FR\"},{\"@type\":\"WebPage\",\"@id\":\"https:\/\/www.sprachschule-aktiv-muenchen.de\/fr\/sprachschule-aktiv-au-tollwood\/\",\"url\":\"https:\/\/www.sprachschule-aktiv-muenchen.de\/fr\/sprachschule-aktiv-au-tollwood\/\",\"name\":\"Sprachschule Aktiv au Tollwood-M\u00fcnchener Festival\",\"isPartOf\":{\"@id\":\"https:\/\/www.sprachschule-aktiv-muenchen.de\/#website\"},\"primaryImageOfPage\":{\"@id\":\"https:\/\/www.sprachschule-aktiv-muenchen.de\/fr\/sprachschule-aktiv-au-tollwood\/#primaryimage\"},\"image\":{\"@id\":\"https:\/\/www.sprachschule-aktiv-muenchen.de\/fr\/sprachschule-aktiv-au-tollwood\/#primaryimage\"},\"thumbnailUrl\":\"https:\/\/www.sprachschule-aktiv-muenchen.de\/wp-content\/uploads\/2019\/08\/sprachschule-aktiv-au-tollwood.jpg\",\"datePublished\":\"2019-08-27T07:22:11+00:00\",\"dateModified\":\"2019-12-19T07:48:06+00:00\",\"author\":{\"@id\":\"https:\/\/www.sprachschule-aktiv-muenchen.de\/#\/schema\/person\/a74a6322db9745fd586f7e97f1ee5724\"},\"description\":\"Nos participants suivent des cours d'allemand \u00e0 l'\u00e9cole de langues Aktiv am Tollwood \u00e0 Munich. Apprenez l'allemand avec plaisir.\",\"breadcrumb\":{\"@id\":\"https:\/\/www.sprachschule-aktiv-muenchen.de\/fr\/sprachschule-aktiv-au-tollwood\/#breadcrumb\"},\"inLanguage\":\"fr-FR\",\"potentialAction\":[{\"@type\":\"ReadAction\",\"target\":[\"https:\/\/www.sprachschule-aktiv-muenchen.de\/fr\/sprachschule-aktiv-au-tollwood\/\"]}]},{\"@type\":\"ImageObject\",\"inLanguage\":\"fr-FR\",\"@id\":\"https:\/\/www.sprachschule-aktiv-muenchen.de\/fr\/sprachschule-aktiv-au-tollwood\/#primaryimage\",\"url\":\"https:\/\/www.sprachschule-aktiv-muenchen.de\/wp-content\/uploads\/2019\/08\/sprachschule-aktiv-au-tollwood.jpg\",\"contentUrl\":\"https:\/\/www.sprachschule-aktiv-muenchen.de\/wp-content\/uploads\/2019\/08\/sprachschule-aktiv-au-tollwood.jpg\",\"width\":344,\"height\":230,\"caption\":\"Sprachschule Aktiv au Tollwood\"},{\"@type\":\"BreadcrumbList\",\"@id\":\"https:\/\/www.sprachschule-aktiv-muenchen.de\/fr\/sprachschule-aktiv-au-tollwood\/#breadcrumb\",\"itemListElement\":[{\"@type\":\"ListItem\",\"position\":1,\"name\":\"Portada\",\"item\":\"https:\/\/www.sprachschule-aktiv-muenchen.de\/fr\/\"},{\"@type\":\"ListItem\",\"position\":2,\"name\":\"Sprachschule Aktiv au Tollwood\"}]},{\"@type\":\"WebSite\",\"@id\":\"https:\/\/www.sprachschule-aktiv-muenchen.de\/#website\",\"url\":\"https:\/\/www.sprachschule-aktiv-muenchen.de\/\",\"name\":\"Sprachschule Aktiv\",\"description\":\"\",\"potentialAction\":[{\"@type\":\"SearchAction\",\"target\":{\"@type\":\"EntryPoint\",\"urlTemplate\":\"https:\/\/www.sprachschule-aktiv-muenchen.de\/?s={search_term_string}\"},\"query-input\":{\"@type\":\"PropertyValueSpecification\",\"valueRequired\":true,\"valueName\":\"search_term_string\"}}],\"inLanguage\":\"fr-FR\"},{\"@type\":\"Person\",\"@id\":\"https:\/\/www.sprachschule-aktiv-muenchen.de\/#\/schema\/person\/a74a6322db9745fd586f7e97f1ee5724\",\"name\":\"Martin Polo\",\"image\":{\"@type\":\"ImageObject\",\"inLanguage\":\"fr-FR\",\"@id\":\"https:\/\/www.sprachschule-aktiv-muenchen.de\/#\/schema\/person\/image\/\",\"url\":\"https:\/\/secure.gravatar.com\/avatar\/2cbe6176b6be8b122284c50d9e7a11af9502529eae284fd73534defd313e4152?s=96&d=mm&r=g\",\"contentUrl\":\"https:\/\/secure.gravatar.com\/avatar\/2cbe6176b6be8b122284c50d9e7a11af9502529eae284fd73534defd313e4152?s=96&d=mm&r=g\",\"caption\":\"Martin Polo\"}}]}<\/script>\n<!-- \/ Yoast SEO plugin. -->","yoast_head_json":{"title":"Sprachschule Aktiv au Tollwood-M\u00fcnchener Festival","description":"Nos participants suivent des cours d'allemand \u00e0 l'\u00e9cole de langues Aktiv am Tollwood \u00e0 Munich. Apprenez l'allemand avec plaisir.","robots":{"index":"index","follow":"follow","max-snippet":"max-snippet:-1","max-image-preview":"max-image-preview:large","max-video-preview":"max-video-preview:-1"},"canonical":"https:\/\/www.sprachschule-aktiv-muenchen.de\/fr\/sprachschule-aktiv-au-tollwood\/","og_locale":"fr_FR","og_type":"article","og_title":"Sprachschule Aktiv au Tollwood-M\u00fcnchener Festival","og_description":"Nos participants suivent des cours d'allemand \u00e0 l'\u00e9cole de langues Aktiv am Tollwood \u00e0 Munich. Apprenez l'allemand avec plaisir.","og_url":"https:\/\/www.sprachschule-aktiv-muenchen.de\/fr\/sprachschule-aktiv-au-tollwood\/","og_site_name":"Sprachschule Aktiv","article_published_time":"2019-08-27T07:22:11+00:00","article_modified_time":"2019-12-19T07:48:06+00:00","og_image":[{"width":344,"height":230,"url":"https:\/\/www.sprachschule-aktiv-muenchen.de\/wp-content\/uploads\/2019\/08\/sprachschule-aktiv-au-tollwood.jpg","type":"image\/jpeg"}],"author":"Martin Polo","twitter_card":"summary_large_image","twitter_misc":{"\u00c9crit par":"Martin Polo"},"schema":{"@context":"https:\/\/schema.org","@graph":[{"@type":"Article","@id":"https:\/\/www.sprachschule-aktiv-muenchen.de\/fr\/sprachschule-aktiv-au-tollwood\/#article","isPartOf":{"@id":"https:\/\/www.sprachschule-aktiv-muenchen.de\/fr\/sprachschule-aktiv-au-tollwood\/"},"author":{"name":"Martin Polo","@id":"https:\/\/www.sprachschule-aktiv-muenchen.de\/#\/schema\/person\/a74a6322db9745fd586f7e97f1ee5724"},"headline":"Sprachschule Aktiv au Tollwood","datePublished":"2019-08-27T07:22:11+00:00","dateModified":"2019-12-19T07:48:06+00:00","mainEntityOfPage":{"@id":"https:\/\/www.sprachschule-aktiv-muenchen.de\/fr\/sprachschule-aktiv-au-tollwood\/"},"wordCount":81,"commentCount":0,"image":{"@id":"https:\/\/www.sprachschule-aktiv-muenchen.de\/fr\/sprachschule-aktiv-au-tollwood\/#primaryimage"},"thumbnailUrl":"https:\/\/www.sprachschule-aktiv-muenchen.de\/wp-content\/uploads\/2019\/08\/sprachschule-aktiv-au-tollwood.jpg","articleSection":["Apprendre l'allemand gratuitement"],"inLanguage":"fr-FR"},{"@type":"WebPage","@id":"https:\/\/www.sprachschule-aktiv-muenchen.de\/fr\/sprachschule-aktiv-au-tollwood\/","url":"https:\/\/www.sprachschule-aktiv-muenchen.de\/fr\/sprachschule-aktiv-au-tollwood\/","name":"Sprachschule Aktiv au Tollwood-M\u00fcnchener Festival","isPartOf":{"@id":"https:\/\/www.sprachschule-aktiv-muenchen.de\/#website"},"primaryImageOfPage":{"@id":"https:\/\/www.sprachschule-aktiv-muenchen.de\/fr\/sprachschule-aktiv-au-tollwood\/#primaryimage"},"image":{"@id":"https:\/\/www.sprachschule-aktiv-muenchen.de\/fr\/sprachschule-aktiv-au-tollwood\/#primaryimage"},"thumbnailUrl":"https:\/\/www.sprachschule-aktiv-muenchen.de\/wp-content\/uploads\/2019\/08\/sprachschule-aktiv-au-tollwood.jpg","datePublished":"2019-08-27T07:22:11+00:00","dateModified":"2019-12-19T07:48:06+00:00","author":{"@id":"https:\/\/www.sprachschule-aktiv-muenchen.de\/#\/schema\/person\/a74a6322db9745fd586f7e97f1ee5724"},"description":"Nos participants suivent des cours d'allemand \u00e0 l'\u00e9cole de langues Aktiv am Tollwood \u00e0 Munich. Apprenez l'allemand avec plaisir.","breadcrumb":{"@id":"https:\/\/www.sprachschule-aktiv-muenchen.de\/fr\/sprachschule-aktiv-au-tollwood\/#breadcrumb"},"inLanguage":"fr-FR","potentialAction":[{"@type":"ReadAction","target":["https:\/\/www.sprachschule-aktiv-muenchen.de\/fr\/sprachschule-aktiv-au-tollwood\/"]}]},{"@type":"ImageObject","inLanguage":"fr-FR","@id":"https:\/\/www.sprachschule-aktiv-muenchen.de\/fr\/sprachschule-aktiv-au-tollwood\/#primaryimage","url":"https:\/\/www.sprachschule-aktiv-muenchen.de\/wp-content\/uploads\/2019\/08\/sprachschule-aktiv-au-tollwood.jpg","contentUrl":"https:\/\/www.sprachschule-aktiv-muenchen.de\/wp-content\/uploads\/2019\/08\/sprachschule-aktiv-au-tollwood.jpg","width":344,"height":230,"caption":"Sprachschule Aktiv au Tollwood"},{"@type":"BreadcrumbList","@id":"https:\/\/www.sprachschule-aktiv-muenchen.de\/fr\/sprachschule-aktiv-au-tollwood\/#breadcrumb","itemListElement":[{"@type":"ListItem","position":1,"name":"Portada","item":"https:\/\/www.sprachschule-aktiv-muenchen.de\/fr\/"},{"@type":"ListItem","position":2,"name":"Sprachschule Aktiv au Tollwood"}]},{"@type":"WebSite","@id":"https:\/\/www.sprachschule-aktiv-muenchen.de\/#website","url":"https:\/\/www.sprachschule-aktiv-muenchen.de\/","name":"Sprachschule Aktiv","description":"","potentialAction":[{"@type":"SearchAction","target":{"@type":"EntryPoint","urlTemplate":"https:\/\/www.sprachschule-aktiv-muenchen.de\/?s={search_term_string}"},"query-input":{"@type":"PropertyValueSpecification","valueRequired":true,"valueName":"search_term_string"}}],"inLanguage":"fr-FR"},{"@type":"Person","@id":"https:\/\/www.sprachschule-aktiv-muenchen.de\/#\/schema\/person\/a74a6322db9745fd586f7e97f1ee5724","name":"Martin Polo","image":{"@type":"ImageObject","inLanguage":"fr-FR","@id":"https:\/\/www.sprachschule-aktiv-muenchen.de\/#\/schema\/person\/image\/","url":"https:\/\/secure.gravatar.com\/avatar\/2cbe6176b6be8b122284c50d9e7a11af9502529eae284fd73534defd313e4152?s=96&d=mm&r=g","contentUrl":"https:\/\/secure.gravatar.com\/avatar\/2cbe6176b6be8b122284c50d9e7a11af9502529eae284fd73534defd313e4152?s=96&d=mm&r=g","caption":"Martin Polo"}}]}},"_links":{"self":[{"href":"https:\/\/www.sprachschule-aktiv-muenchen.de\/fr\/wp-json\/wp\/v2\/posts\/51318","targetHints":{"allow":["GET"]}}],"collection":[{"href":"https:\/\/www.sprachschule-aktiv-muenchen.de\/fr\/wp-json\/wp\/v2\/posts"}],"about":[{"href":"https:\/\/www.sprachschule-aktiv-muenchen.de\/fr\/wp-json\/wp\/v2\/types\/post"}],"author":[{"embeddable":true,"href":"https:\/\/www.sprachschule-aktiv-muenchen.de\/fr\/wp-json\/wp\/v2\/users\/2"}],"replies":[{"embeddable":true,"href":"https:\/\/www.sprachschule-aktiv-muenchen.de\/fr\/wp-json\/wp\/v2\/comments?post=51318"}],"version-history":[{"count":3,"href":"https:\/\/www.sprachschule-aktiv-muenchen.de\/fr\/wp-json\/wp\/v2\/posts\/51318\/revisions"}],"predecessor-version":[{"id":53985,"href":"https:\/\/www.sprachschule-aktiv-muenchen.de\/fr\/wp-json\/wp\/v2\/posts\/51318\/revisions\/53985"}],"wp:featuredmedia":[{"embeddable":true,"href":"https:\/\/www.sprachschule-aktiv-muenchen.de\/fr\/wp-json\/wp\/v2\/media\/51319"}],"wp:attachment":[{"href":"https:\/\/www.sprachschule-aktiv-muenchen.de\/fr\/wp-json\/wp\/v2\/media?parent=51318"}],"wp:term":[{"taxonomy":"category","embeddable":true,"href":"https:\/\/www.sprachschule-aktiv-muenchen.de\/fr\/wp-json\/wp\/v2\/categories?post=51318"},{"taxonomy":"post_tag","embeddable":true,"href":"https:\/\/www.sprachschule-aktiv-muenchen.de\/fr\/wp-json\/wp\/v2\/tags?post=51318"}],"curies":[{"name":"wp","href":"https:\/\/api.w.org\/{rel}","templated":true}]}}