{"id":51291,"date":"2019-08-27T09:14:36","date_gmt":"2019-08-27T07:14:36","guid":{"rendered":"https:\/\/www.sprachschule-aktiv-muenchen.de\/?p=51291"},"modified":"2020-09-06T06:56:26","modified_gmt":"2020-09-06T04:56:26","slug":"le-comportement-a-adopter-en-espagne-morales-siestes-et-etrangetes","status":"publish","type":"post","link":"https:\/\/www.sprachschule-aktiv-muenchen.de\/fr\/le-comportement-a-adopter-en-espagne-morales-siestes-et-etrangetes\/","title":{"rendered":"Le comportement \u00e0 adopter en Espagne: morales, siestes et \u00e9tranget\u00e9s"},"content":{"rendered":"<h1>Le comportement \u00e0 adopter en Espagne: morales, siestes et \u00e9tranget\u00e9s<\/h1>\n<p>Il ne fait aucun doute que l&#8217;Espagne est l&#8217;une des destinations de vacances les plus populaires. Les Espagnols sont connus pour leur gentillesse et sont pr\u00e9par\u00e9s pour les touristes. Mais la patience espagnole a aussi ses limites si vous vous comportez trop mal en tant qu&#8217;invit\u00e9 dans leur pays. Il est \u00e9galement judicieux de ne pas se montrer trop na\u00eff ou trop uniforme. Cependant, certaines coutumes semblent parfois un peu sp\u00e9ciales et peuvent parfois mener \u00e0 des malentendus embarrassants ou m\u00eame tr\u00e8s dr\u00f4les. Afin de rendre justice \u00e0 nos h\u00f4tes espagnols, nous avons compil\u00e9 quelques informations sur les r\u00e8gles de comportement, les coutumes et les choses \u00e9tranges pour vos prochaines vacances en Espagne.<\/p>\n<h2>Les salutations en Espagne<\/h2>\n<p>En Espagne aussi, la poign\u00e9e de main est la forme habituelle de salutation, mais les gens se passent g\u00e9n\u00e9ralement du mouvement de tremblement. En guise de salutations, on prononce les mots Se\u00f1or pour les hommes, se\u00f1ora pour les femmes ou se\u00f1orita pour les plus jeunes. Avec l&#8217;expression \u00ab\u00a0Buenos Dias\u00a0\u00bb, c&#8217;est-\u00e0-dire bonne journ\u00e9e, vous \u00eates sur de vous faire appr\u00e9cier. En fin d&#8217;apr\u00e8s-midi vous pouvez passer \u00e0 \u00ab\u00a0Buenas Tardes\u00a0\u00bb et le soir \u00e0 \u00ab\u00a0Buenas Noches\u00a0\u00bb. S&#8217;il s&#8217;agit d&#8217;une rencontre plus priv\u00e9e, les Espagnols s&#8217;\u00e9treignent et s&#8217;embrassent la joue \u00e0 gauche et \u00e0 droite. Si vous \u00eates pr\u00e9sent\u00e9 \u00e0 un ami, vous devenez automatiquement l&#8217;un d&#8217;entre eux et vous \u00eates \u00e9galement press\u00e9 et embrass\u00e9. \u00ab\u00a0Hola\u00a0\u00bb correspond \u00e0 bonjour (ou le fameux \u00ab\u00a0hallo\u00a0\u00bb en allemand) et \u00ab\u00a0Hasta Luego\u00a0\u00bb un adieu comme au revoir ou \u00e0 bient\u00f4t.<\/p>\n<h2>La communication et les gestes espagnols<\/h2>\n<p>Les Espagnols sont consid\u00e9r\u00e9s comme ayant du temp\u00e9rament. Ils l&#8217;expriment aussi dans une conversation normale. Au moins les mains, sinon les deux bras, soulignent le geste. Parler tranquillement ou laisser l&#8217;autre personne finir ne fait pas partie des r\u00e8gles de l&#8217;\u00e9tiquette. Si vous voulez voir le temp\u00e9rament d&#8217;un Espagnol \u00e0 son apog\u00e9e, parlez-lui de football. Si vous soutenez le &#8220;mauvais&#8221; club, vous vivrez une discussion anim\u00e9e.<\/p>\n<h2>Les expressions espagnoles qui peuvent vous induire en erreur<\/h2>\n<p>Les habitants de cette partie de la p\u00e9ninsule ib\u00e9rique peuvent aussi \u00eatre extr\u00eamement patients et compr\u00e9hensifs. J&#8217;\u00e9tais moi-m\u00eame assis avec un ami dans un bar branch\u00e9 de Madrid. Quand le serveur est arriv\u00e9, j&#8217;ai dit dans mon malheureux espagnol de vacances : &#8220;Dos servicios, por favor. Le serveur me sourit, me montra un couloir sombre derri\u00e8re nous et me dit : &#8220;Se\u00f1ora, servicios son aqui.&#8221; J&#8217;\u00e9tais outr\u00e9. Pourquoi devrions-nous boire notre bi\u00e8re dans la pi\u00e8ce sombre alors que le soleil brillait si bien ? J&#8217;ai r\u00e9p\u00e9t\u00e9 ma commande \u00e9nergiquement jusqu&#8217;\u00e0 ce que le serveur m&#8217;explique lentement et tr\u00e8s amicalement que j&#8217;avais souhait\u00e9 deux toilettes \u00e0 table au lieu de deux bi\u00e8res. Le rire des deux c\u00f4t\u00e9s a \u00e9t\u00e9 vif et a conduit \u00e0 une conversation tr\u00e8s cordiale sur les expressions qui peuvent induire en erreur les d\u00e9butants en espagnol. Afin d&#8217;\u00e9viter de se faire prendre, il est conseill\u00e9 de suivre un cours d\u2019espagnol et de s&#8217;informer \u00e0 temps sur la culture et le mode de vie du peuple espagnol.<\/p>\n<h2>Tenez compte des sentiments religieux et politiques des Espagnols !<\/h2>\n<p>Je te conseille de prendre la religiosit\u00e9 de ce pays tr\u00e8s au s\u00e9rieux. L&#8217;Espagne est majoritairement catholique et est consid\u00e9r\u00e9e comme conservatrice dans certaines r\u00e9gions. Par cons\u00e9quent, vous devriez compl\u00e8tement vous refuser tout commentaire sur le pape ou l&#8217;\u00e9glise. N&#8217;entrez jamais dans une \u00e9glise avec les jambes et les \u00e9paules d\u00e9couvertes. Des sujets tout aussi d\u00e9licats sont l&#8217;ETA ou la corrida. La prudence est \u00e9galement de mise en ce qui concerne les diff\u00e9rentes parties de l&#8217;Espagne. Par exemple, si vous rencontrez un Barcelonais, \u00e9vitez de le surnommer Espagnol ou Catalan car la situation politique est plus que pr\u00e9caire.<\/p>\n<h2>L\u2019invitation en espagne<\/h2>\n<p>Si vous \u00eates invit\u00e9 \u00e0 un d\u00eener, celui-ci n&#8217;a g\u00e9n\u00e9ralement pas lieu dans la maison de l&#8217;Espagnol, mais dans un restaurant. Si l&#8217;exception d&#8217;une invitation domestique se produit, un cadeau d&#8217;accueil serait appropri\u00e9. Cependant, un bouquet de chrysanth\u00e8mes n&#8217;est pas une bonne id\u00e9e car ce sont les fleurs classiques des cimeti\u00e8res en Espagne.<\/p>\n<p>Conseil : Ne soyez pas ponctuel du tout ! Selon l&#8217;\u00e9tiquette, vous devez avoir environ 30 minutes de retard, car cela est consid\u00e9r\u00e9 comme normal et correspond \u00e0 l&#8217;\u00e9tiquette en Espagne. Peut-\u00eatre devriez-vous prendre ce comportement \u00e0 c\u0153ur, surtout en tant qu&#8217;Allemand, afin de ne pas para\u00eetre teutonique et \u00e9touffant.<\/p>\n<p>J&#8217;ai entendu dire qu&#8217;en Espagne, il est consid\u00e9r\u00e9 comme particuli\u00e8rement impoli de trop boire pendant un tel d\u00eener. C&#8217;est probablement le cas dans toutes les nations et se termine n\u00e9anmoins par un sentiment mutuel !muy sympatico ! L&#8217;essentiel est de renforcer les relations internationales.<\/p>\n<h2>D\u00e9couvrez les lieux insolites en Espagne<\/h2>\n<p>Une invitation du soir ne signifie pas automatiquement que l&#8217;on se rencontre dans un bon restaurant. Un ami de Barcelone du nom de Jorge nous a invit\u00e9s, mon ami et moi, dans son bar pr\u00e9f\u00e9r\u00e9, o\u00f9 vous pourrez prendre un bon repas. Quand nous sommes entr\u00e9s au bar \u00e0 neuf heures et demie, nous avons \u00e9t\u00e9 \u00e9tonn\u00e9s. Dans l&#8217;obscurit\u00e9, il y avait une barre de dix m\u00e8tres de long sur le mur du fond. Dans la partie avant, il y avait quelques tables avec des chaises. Les gens, certains en costumes et cravates, d&#8217;autres en jeans et T-shirts, se tenaient en groupes au bar. Ils buvaient et mangeaient dans des bo\u00eetes en carton. Apparemment, ces bo\u00eetes ont tout simplement \u00e9t\u00e9 jet\u00e9es par terre apr\u00e8s le repas, parce qu&#8217;elles avaient une bonne vingtaine de centim\u00e8tres de haut. Nous nous sommes donc promen\u00e9s dans une mer de mini-bo\u00eetes blanches et de bouts de papier au comptoir.<\/p>\n<p>Jorge nous a regard\u00e9s, puis il a dit. &#8220;Voici les meilleures tapas de la ville.&#8221; Quand nous avons regard\u00e9 le sol un peu irrit\u00e9s, son sourire s&#8217;est encore \u00e9largi. Il finit par rire et dit\u00a0: &#8221;\u00a0Je sais que \u00e7a a l&#8217;air dr\u00f4le pour vous, les Allemands, mais je trouve \u00e7a super. La nourriture est servie dans des bo\u00eetes en carton. Quand vous avez mang\u00e9, vous jetez l&#8217;emballage sur le sol. Lorsque le magasin ferme, tout est balay\u00e9 et nettoy\u00e9. Et le lendemain, le jeu recommence. Je pense que c&#8217;est cool parce qu&#8217;il y r\u00e8gne une atmosph\u00e8re tellement d\u00e9tendue. Les gens, qu&#8217;ils soient chic ou d\u00e9contract\u00e9s, mangent debout, bavardent et tout le monde se r\u00e9jouit.&#8221; Bien qu&#8217;au d\u00e9but nous consid\u00e9rions ce genre d&#8217;\u00e9tiquette comme quelque chose de tr\u00e8s \u00e9trange, il nous a convaincus au bout d&#8217;une heure au plus tard. La nourriture \u00e9tait d\u00e9licieuse et l&#8217;atmosph\u00e8re ouverte, joyeuse et communicative &#8211; pour ne pas dire unique.<\/p>\n<h2>Le dresscode en Espagne<\/h2>\n<p>La plupart des Espagnols appr\u00e9cient les v\u00eatements de haute qualit\u00e9 et \u00e0 la mode et cultivent un style \u00e9l\u00e9gant. Par cons\u00e9quent, m\u00eame en tant que touriste, il ne faut pas s&#8217;abandonner sans scrupules \u00e0 une tenue de vacances d\u00e9contract\u00e9e, mais surtout faire attention \u00e0 une apparence appropri\u00e9e lors de la visite de restaurants, mus\u00e9es, galeries et caf\u00e9s. Mais ici aussi, la g\u00e9n\u00e9rosit\u00e9 patiente des Espagnols se manifeste, parce qu&#8217;\u00e0 c\u00f4t\u00e9 des zones sans baignades sur la plage, il y a parfois des zones nudistes d\u00e9sign\u00e9es. Mais il faut s&#8217;informer avant de se lib\u00e9rer, car dans certaines r\u00e9gions d&#8217;Espagne, on n&#8217;aime pas trop les voir.<\/p>\n<h2>Les codes de comportement et l\u2019ordre espagnol<\/h2>\n<p>Aussi joyeux que les Espagnols se comportent dans les bars ou dans les cercles priv\u00e9s, il y a un aspect de leur vie quotidienne qu&#8217;ils observent m\u00e9ticuleusement. Ils se permettent de faire la queue avec un s\u00e9rieux absolu. Ce ph\u00e9nom\u00e8ne \u00e9tait compl\u00e8tement nouveau pour moi. Je me suis rendu \u00e0 un arr\u00eat d&#8217;autobus et je me suis pos\u00e9 des questions sur les gens qui se tenaient debout \u00e0 la suite les uns des autres. Avant de me rendre compte qu&#8217;ils attendaient aussi le bus, qui devait arriver dans environ 15 minutes, j&#8217;ai eu un regard songeur. De plus, un geste clair m&#8217;a fait comprendre que je devais me mettre derri\u00e8re. M\u00eame au march\u00e9 ou \u00e0 la boulangerie, il est tabou d&#8217;aller de l&#8217;avant. La r\u00e8gle d&#8217;\u00e9tiquette est la suivante : Quiconque entre en dernier dans un magasin, demande haut et fort : &#8220;Qui\u00e9n es el \u00faltimo ? Traduit, cela signifie qui est le dernier ? Ensuite, la personne ou quelqu&#8217;un d&#8217;autre r\u00e9pond et les montre du doigt. La cons\u00e9quence est que chacun sait quand c&#8217;est son tour et qu&#8217;il n&#8217;y a pas de bousculade impatiente. Au lieu de cela, les Espagnols attendent jusqu&#8217;\u00e0 ce qu&#8217;ils soient servis. Muy relajado y agradable! (Tr\u00e8s d\u00e9tendu et agr\u00e9able !)<\/p>\n<h2>Connaissances quotidiennes pour votre s\u00e9jour en Espagne<\/h2>\n<h2>Le paiement<\/h2>\n<p>Si vous visitez un restaurant ou un bar avec plusieurs personnes, vous ne payez pas s\u00e9par\u00e9ment. Chacun met de l&#8217;argent dans un petit panier ou sur un plateau pour le montant de ses propres frais de consommation et vous payez la facture ensemble.<\/p>\n<h2>Le pourboire<\/h2>\n<p>Les pourboires ne sont pas attendus aussi automatiquement en Espagne que dans de nombreux autres pays. En principe, toutefois, vous devriez ajouter environ 15 % du montant de la facture.<\/p>\n<h2>La sieste<\/h2>\n<p>Entre 13 et 16 heures, les Espagnols d\u00e9jeunent et organisent leur c\u00e9l\u00e8bre sieste. Pendant ce temps, la plupart des magasins ferment et ouvrent \u00e0 nouveau leurs portes jusqu&#8217;\u00e0 huit ou neuf heures du soir.<\/p>\n<h2>Bon \u00e0 savoir ! &#8211; Si vous souhaitez r\u00e9server un appartement \u00e0 louer en Espagne<\/h2>\n<p>De nombreux appartements en location \u00e0 Majorque sont lou\u00e9s en priv\u00e9 secretement. Depuis l&#8217;\u00e9t\u00e9 2018, le gouvernement des \u00eeles Bal\u00e9ares a relev\u00e9 les h\u00f4teliers de l&#8217;\u00eele et a interdit la commercialisation de leur propre propri\u00e9t\u00e9 en ligne via des portails tels qu\u2019Airbnb, Mallorca Properties et booking.com. Des amendes \u00e9lev\u00e9es allant jusqu&#8217;\u00e0 300 000 euros menacent les propri\u00e9taires. Celui qui voudrait quand m\u00eame trouver quelque chose de beau devrait se concentrer sur le march\u00e9 des petites annonces avec Facebook ou dans d&#8217;autres m\u00e9dias sociaux. Ici vous pouvez trouver de vraies aubaines.<\/p>\n","protected":false},"excerpt":{"rendered":"<p>Le comportement \u00e0 adopter en Espagne: morales, siestes et \u00e9tranget\u00e9s Il ne fait aucun doute que l&#8217;Espagne est l&#8217;une des destinations de vacances les plus populaires. Les Espagnols sont connus pour leur gentillesse et sont pr\u00e9par\u00e9s pour les touristes. Mais la patience espagnole a aussi ses limites si vous vous comportez trop mal en tant [&hellip;]<\/p>\n","protected":false},"author":2,"featured_media":51292,"comment_status":"open","ping_status":"open","sticky":false,"template":"","format":"standard","meta":{"footnotes":""},"categories":[10],"tags":[],"class_list":["post-51291","post","type-post","status-publish","format-standard","has-post-thumbnail","hentry","category-apprendre-allemand-gratuitement"],"yoast_head":"<!-- This site is optimized with the Yoast SEO plugin v27.1.1 - https:\/\/yoast.com\/product\/yoast-seo-wordpress\/ -->\n<title>Le comportement \u00e0 adopter en Espagne - \u00e9tranget\u00e9s<\/title>\n<meta name=\"description\" content=\"Connaissance de tous les jours pour votre s\u00e9jour en Espagne. R\u00e8gles de m\u0153urs en Espagne: m\u0153urs, sieste, salutation...\" \/>\n<meta name=\"robots\" content=\"index, follow, max-snippet:-1, max-image-preview:large, max-video-preview:-1\" \/>\n<link rel=\"canonical\" href=\"https:\/\/www.sprachschule-aktiv-muenchen.de\/fr\/le-comportement-a-adopter-en-espagne-morales-siestes-et-etrangetes\/\" \/>\n<meta property=\"og:locale\" content=\"fr_FR\" \/>\n<meta property=\"og:type\" content=\"article\" \/>\n<meta property=\"og:title\" content=\"Le comportement \u00e0 adopter en Espagne - \u00e9tranget\u00e9s\" \/>\n<meta property=\"og:description\" content=\"Connaissance de tous les jours pour votre s\u00e9jour en Espagne. R\u00e8gles de m\u0153urs en Espagne: m\u0153urs, sieste, salutation...\" \/>\n<meta property=\"og:url\" content=\"https:\/\/www.sprachschule-aktiv-muenchen.de\/fr\/le-comportement-a-adopter-en-espagne-morales-siestes-et-etrangetes\/\" \/>\n<meta property=\"og:site_name\" content=\"Sprachschule Aktiv\" \/>\n<meta property=\"article:published_time\" content=\"2019-08-27T07:14:36+00:00\" \/>\n<meta property=\"article:modified_time\" content=\"2020-09-06T04:56:26+00:00\" \/>\n<meta property=\"og:image\" content=\"https:\/\/www.sprachschule-aktiv-muenchen.de\/wp-content\/uploads\/2019\/08\/le-comportement-a-adopter-en-espagne-morales-siestes-et-etrangetes.jpg\" \/>\n\t<meta property=\"og:image:width\" content=\"344\" \/>\n\t<meta property=\"og:image:height\" content=\"230\" \/>\n\t<meta property=\"og:image:type\" content=\"image\/jpeg\" \/>\n<meta name=\"author\" content=\"Martin Polo\" \/>\n<meta name=\"twitter:card\" content=\"summary_large_image\" \/>\n<meta name=\"twitter:label1\" content=\"\u00c9crit par\" \/>\n\t<meta name=\"twitter:data1\" content=\"Martin Polo\" \/>\n\t<meta name=\"twitter:label2\" content=\"Dur\u00e9e de lecture estim\u00e9e\" \/>\n\t<meta name=\"twitter:data2\" content=\"9 minutes\" \/>\n<script type=\"application\/ld+json\" class=\"yoast-schema-graph\">{\"@context\":\"https:\/\/schema.org\",\"@graph\":[{\"@type\":\"Article\",\"@id\":\"https:\/\/www.sprachschule-aktiv-muenchen.de\/fr\/le-comportement-a-adopter-en-espagne-morales-siestes-et-etrangetes\/#article\",\"isPartOf\":{\"@id\":\"https:\/\/www.sprachschule-aktiv-muenchen.de\/fr\/le-comportement-a-adopter-en-espagne-morales-siestes-et-etrangetes\/\"},\"author\":{\"name\":\"Martin Polo\",\"@id\":\"https:\/\/www.sprachschule-aktiv-muenchen.de\/#\/schema\/person\/a74a6322db9745fd586f7e97f1ee5724\"},\"headline\":\"Le comportement \u00e0 adopter en Espagne: morales, siestes et \u00e9tranget\u00e9s\",\"datePublished\":\"2019-08-27T07:14:36+00:00\",\"dateModified\":\"2020-09-06T04:56:26+00:00\",\"mainEntityOfPage\":{\"@id\":\"https:\/\/www.sprachschule-aktiv-muenchen.de\/fr\/le-comportement-a-adopter-en-espagne-morales-siestes-et-etrangetes\/\"},\"wordCount\":1822,\"commentCount\":0,\"image\":{\"@id\":\"https:\/\/www.sprachschule-aktiv-muenchen.de\/fr\/le-comportement-a-adopter-en-espagne-morales-siestes-et-etrangetes\/#primaryimage\"},\"thumbnailUrl\":\"https:\/\/www.sprachschule-aktiv-muenchen.de\/wp-content\/uploads\/2019\/08\/le-comportement-a-adopter-en-espagne-morales-siestes-et-etrangetes.jpg\",\"articleSection\":[\"Apprendre l'allemand gratuitement\"],\"inLanguage\":\"fr-FR\"},{\"@type\":\"WebPage\",\"@id\":\"https:\/\/www.sprachschule-aktiv-muenchen.de\/fr\/le-comportement-a-adopter-en-espagne-morales-siestes-et-etrangetes\/\",\"url\":\"https:\/\/www.sprachschule-aktiv-muenchen.de\/fr\/le-comportement-a-adopter-en-espagne-morales-siestes-et-etrangetes\/\",\"name\":\"Le comportement \u00e0 adopter en Espagne - \u00e9tranget\u00e9s\",\"isPartOf\":{\"@id\":\"https:\/\/www.sprachschule-aktiv-muenchen.de\/#website\"},\"primaryImageOfPage\":{\"@id\":\"https:\/\/www.sprachschule-aktiv-muenchen.de\/fr\/le-comportement-a-adopter-en-espagne-morales-siestes-et-etrangetes\/#primaryimage\"},\"image\":{\"@id\":\"https:\/\/www.sprachschule-aktiv-muenchen.de\/fr\/le-comportement-a-adopter-en-espagne-morales-siestes-et-etrangetes\/#primaryimage\"},\"thumbnailUrl\":\"https:\/\/www.sprachschule-aktiv-muenchen.de\/wp-content\/uploads\/2019\/08\/le-comportement-a-adopter-en-espagne-morales-siestes-et-etrangetes.jpg\",\"datePublished\":\"2019-08-27T07:14:36+00:00\",\"dateModified\":\"2020-09-06T04:56:26+00:00\",\"author\":{\"@id\":\"https:\/\/www.sprachschule-aktiv-muenchen.de\/#\/schema\/person\/a74a6322db9745fd586f7e97f1ee5724\"},\"description\":\"Connaissance de tous les jours pour votre s\u00e9jour en Espagne. R\u00e8gles de m\u0153urs en Espagne: m\u0153urs, sieste, salutation...\",\"breadcrumb\":{\"@id\":\"https:\/\/www.sprachschule-aktiv-muenchen.de\/fr\/le-comportement-a-adopter-en-espagne-morales-siestes-et-etrangetes\/#breadcrumb\"},\"inLanguage\":\"fr-FR\",\"potentialAction\":[{\"@type\":\"ReadAction\",\"target\":[\"https:\/\/www.sprachschule-aktiv-muenchen.de\/fr\/le-comportement-a-adopter-en-espagne-morales-siestes-et-etrangetes\/\"]}]},{\"@type\":\"ImageObject\",\"inLanguage\":\"fr-FR\",\"@id\":\"https:\/\/www.sprachschule-aktiv-muenchen.de\/fr\/le-comportement-a-adopter-en-espagne-morales-siestes-et-etrangetes\/#primaryimage\",\"url\":\"https:\/\/www.sprachschule-aktiv-muenchen.de\/wp-content\/uploads\/2019\/08\/le-comportement-a-adopter-en-espagne-morales-siestes-et-etrangetes.jpg\",\"contentUrl\":\"https:\/\/www.sprachschule-aktiv-muenchen.de\/wp-content\/uploads\/2019\/08\/le-comportement-a-adopter-en-espagne-morales-siestes-et-etrangetes.jpg\",\"width\":344,\"height\":230,\"caption\":\"Le comportement \u00e0 adopter en Espagne: morales, siestes et \u00e9tranget\u00e9s\"},{\"@type\":\"BreadcrumbList\",\"@id\":\"https:\/\/www.sprachschule-aktiv-muenchen.de\/fr\/le-comportement-a-adopter-en-espagne-morales-siestes-et-etrangetes\/#breadcrumb\",\"itemListElement\":[{\"@type\":\"ListItem\",\"position\":1,\"name\":\"Portada\",\"item\":\"https:\/\/www.sprachschule-aktiv-muenchen.de\/fr\/\"},{\"@type\":\"ListItem\",\"position\":2,\"name\":\"Le comportement \u00e0 adopter en Espagne: morales, siestes et \u00e9tranget\u00e9s\"}]},{\"@type\":\"WebSite\",\"@id\":\"https:\/\/www.sprachschule-aktiv-muenchen.de\/#website\",\"url\":\"https:\/\/www.sprachschule-aktiv-muenchen.de\/\",\"name\":\"Sprachschule Aktiv\",\"description\":\"\",\"potentialAction\":[{\"@type\":\"SearchAction\",\"target\":{\"@type\":\"EntryPoint\",\"urlTemplate\":\"https:\/\/www.sprachschule-aktiv-muenchen.de\/?s={search_term_string}\"},\"query-input\":{\"@type\":\"PropertyValueSpecification\",\"valueRequired\":true,\"valueName\":\"search_term_string\"}}],\"inLanguage\":\"fr-FR\"},{\"@type\":\"Person\",\"@id\":\"https:\/\/www.sprachschule-aktiv-muenchen.de\/#\/schema\/person\/a74a6322db9745fd586f7e97f1ee5724\",\"name\":\"Martin Polo\",\"image\":{\"@type\":\"ImageObject\",\"inLanguage\":\"fr-FR\",\"@id\":\"https:\/\/www.sprachschule-aktiv-muenchen.de\/#\/schema\/person\/image\/\",\"url\":\"https:\/\/secure.gravatar.com\/avatar\/2cbe6176b6be8b122284c50d9e7a11af9502529eae284fd73534defd313e4152?s=96&d=mm&r=g\",\"contentUrl\":\"https:\/\/secure.gravatar.com\/avatar\/2cbe6176b6be8b122284c50d9e7a11af9502529eae284fd73534defd313e4152?s=96&d=mm&r=g\",\"caption\":\"Martin Polo\"}}]}<\/script>\n<!-- \/ Yoast SEO plugin. -->","yoast_head_json":{"title":"Le comportement \u00e0 adopter en Espagne - \u00e9tranget\u00e9s","description":"Connaissance de tous les jours pour votre s\u00e9jour en Espagne. R\u00e8gles de m\u0153urs en Espagne: m\u0153urs, sieste, salutation...","robots":{"index":"index","follow":"follow","max-snippet":"max-snippet:-1","max-image-preview":"max-image-preview:large","max-video-preview":"max-video-preview:-1"},"canonical":"https:\/\/www.sprachschule-aktiv-muenchen.de\/fr\/le-comportement-a-adopter-en-espagne-morales-siestes-et-etrangetes\/","og_locale":"fr_FR","og_type":"article","og_title":"Le comportement \u00e0 adopter en Espagne - \u00e9tranget\u00e9s","og_description":"Connaissance de tous les jours pour votre s\u00e9jour en Espagne. R\u00e8gles de m\u0153urs en Espagne: m\u0153urs, sieste, salutation...","og_url":"https:\/\/www.sprachschule-aktiv-muenchen.de\/fr\/le-comportement-a-adopter-en-espagne-morales-siestes-et-etrangetes\/","og_site_name":"Sprachschule Aktiv","article_published_time":"2019-08-27T07:14:36+00:00","article_modified_time":"2020-09-06T04:56:26+00:00","og_image":[{"width":344,"height":230,"url":"https:\/\/www.sprachschule-aktiv-muenchen.de\/wp-content\/uploads\/2019\/08\/le-comportement-a-adopter-en-espagne-morales-siestes-et-etrangetes.jpg","type":"image\/jpeg"}],"author":"Martin Polo","twitter_card":"summary_large_image","twitter_misc":{"\u00c9crit par":"Martin Polo","Dur\u00e9e de lecture estim\u00e9e":"9 minutes"},"schema":{"@context":"https:\/\/schema.org","@graph":[{"@type":"Article","@id":"https:\/\/www.sprachschule-aktiv-muenchen.de\/fr\/le-comportement-a-adopter-en-espagne-morales-siestes-et-etrangetes\/#article","isPartOf":{"@id":"https:\/\/www.sprachschule-aktiv-muenchen.de\/fr\/le-comportement-a-adopter-en-espagne-morales-siestes-et-etrangetes\/"},"author":{"name":"Martin Polo","@id":"https:\/\/www.sprachschule-aktiv-muenchen.de\/#\/schema\/person\/a74a6322db9745fd586f7e97f1ee5724"},"headline":"Le comportement \u00e0 adopter en Espagne: morales, siestes et \u00e9tranget\u00e9s","datePublished":"2019-08-27T07:14:36+00:00","dateModified":"2020-09-06T04:56:26+00:00","mainEntityOfPage":{"@id":"https:\/\/www.sprachschule-aktiv-muenchen.de\/fr\/le-comportement-a-adopter-en-espagne-morales-siestes-et-etrangetes\/"},"wordCount":1822,"commentCount":0,"image":{"@id":"https:\/\/www.sprachschule-aktiv-muenchen.de\/fr\/le-comportement-a-adopter-en-espagne-morales-siestes-et-etrangetes\/#primaryimage"},"thumbnailUrl":"https:\/\/www.sprachschule-aktiv-muenchen.de\/wp-content\/uploads\/2019\/08\/le-comportement-a-adopter-en-espagne-morales-siestes-et-etrangetes.jpg","articleSection":["Apprendre l'allemand gratuitement"],"inLanguage":"fr-FR"},{"@type":"WebPage","@id":"https:\/\/www.sprachschule-aktiv-muenchen.de\/fr\/le-comportement-a-adopter-en-espagne-morales-siestes-et-etrangetes\/","url":"https:\/\/www.sprachschule-aktiv-muenchen.de\/fr\/le-comportement-a-adopter-en-espagne-morales-siestes-et-etrangetes\/","name":"Le comportement \u00e0 adopter en Espagne - \u00e9tranget\u00e9s","isPartOf":{"@id":"https:\/\/www.sprachschule-aktiv-muenchen.de\/#website"},"primaryImageOfPage":{"@id":"https:\/\/www.sprachschule-aktiv-muenchen.de\/fr\/le-comportement-a-adopter-en-espagne-morales-siestes-et-etrangetes\/#primaryimage"},"image":{"@id":"https:\/\/www.sprachschule-aktiv-muenchen.de\/fr\/le-comportement-a-adopter-en-espagne-morales-siestes-et-etrangetes\/#primaryimage"},"thumbnailUrl":"https:\/\/www.sprachschule-aktiv-muenchen.de\/wp-content\/uploads\/2019\/08\/le-comportement-a-adopter-en-espagne-morales-siestes-et-etrangetes.jpg","datePublished":"2019-08-27T07:14:36+00:00","dateModified":"2020-09-06T04:56:26+00:00","author":{"@id":"https:\/\/www.sprachschule-aktiv-muenchen.de\/#\/schema\/person\/a74a6322db9745fd586f7e97f1ee5724"},"description":"Connaissance de tous les jours pour votre s\u00e9jour en Espagne. R\u00e8gles de m\u0153urs en Espagne: m\u0153urs, sieste, salutation...","breadcrumb":{"@id":"https:\/\/www.sprachschule-aktiv-muenchen.de\/fr\/le-comportement-a-adopter-en-espagne-morales-siestes-et-etrangetes\/#breadcrumb"},"inLanguage":"fr-FR","potentialAction":[{"@type":"ReadAction","target":["https:\/\/www.sprachschule-aktiv-muenchen.de\/fr\/le-comportement-a-adopter-en-espagne-morales-siestes-et-etrangetes\/"]}]},{"@type":"ImageObject","inLanguage":"fr-FR","@id":"https:\/\/www.sprachschule-aktiv-muenchen.de\/fr\/le-comportement-a-adopter-en-espagne-morales-siestes-et-etrangetes\/#primaryimage","url":"https:\/\/www.sprachschule-aktiv-muenchen.de\/wp-content\/uploads\/2019\/08\/le-comportement-a-adopter-en-espagne-morales-siestes-et-etrangetes.jpg","contentUrl":"https:\/\/www.sprachschule-aktiv-muenchen.de\/wp-content\/uploads\/2019\/08\/le-comportement-a-adopter-en-espagne-morales-siestes-et-etrangetes.jpg","width":344,"height":230,"caption":"Le comportement \u00e0 adopter en Espagne: morales, siestes et \u00e9tranget\u00e9s"},{"@type":"BreadcrumbList","@id":"https:\/\/www.sprachschule-aktiv-muenchen.de\/fr\/le-comportement-a-adopter-en-espagne-morales-siestes-et-etrangetes\/#breadcrumb","itemListElement":[{"@type":"ListItem","position":1,"name":"Portada","item":"https:\/\/www.sprachschule-aktiv-muenchen.de\/fr\/"},{"@type":"ListItem","position":2,"name":"Le comportement \u00e0 adopter en Espagne: morales, siestes et \u00e9tranget\u00e9s"}]},{"@type":"WebSite","@id":"https:\/\/www.sprachschule-aktiv-muenchen.de\/#website","url":"https:\/\/www.sprachschule-aktiv-muenchen.de\/","name":"Sprachschule Aktiv","description":"","potentialAction":[{"@type":"SearchAction","target":{"@type":"EntryPoint","urlTemplate":"https:\/\/www.sprachschule-aktiv-muenchen.de\/?s={search_term_string}"},"query-input":{"@type":"PropertyValueSpecification","valueRequired":true,"valueName":"search_term_string"}}],"inLanguage":"fr-FR"},{"@type":"Person","@id":"https:\/\/www.sprachschule-aktiv-muenchen.de\/#\/schema\/person\/a74a6322db9745fd586f7e97f1ee5724","name":"Martin Polo","image":{"@type":"ImageObject","inLanguage":"fr-FR","@id":"https:\/\/www.sprachschule-aktiv-muenchen.de\/#\/schema\/person\/image\/","url":"https:\/\/secure.gravatar.com\/avatar\/2cbe6176b6be8b122284c50d9e7a11af9502529eae284fd73534defd313e4152?s=96&d=mm&r=g","contentUrl":"https:\/\/secure.gravatar.com\/avatar\/2cbe6176b6be8b122284c50d9e7a11af9502529eae284fd73534defd313e4152?s=96&d=mm&r=g","caption":"Martin Polo"}}]}},"_links":{"self":[{"href":"https:\/\/www.sprachschule-aktiv-muenchen.de\/fr\/wp-json\/wp\/v2\/posts\/51291","targetHints":{"allow":["GET"]}}],"collection":[{"href":"https:\/\/www.sprachschule-aktiv-muenchen.de\/fr\/wp-json\/wp\/v2\/posts"}],"about":[{"href":"https:\/\/www.sprachschule-aktiv-muenchen.de\/fr\/wp-json\/wp\/v2\/types\/post"}],"author":[{"embeddable":true,"href":"https:\/\/www.sprachschule-aktiv-muenchen.de\/fr\/wp-json\/wp\/v2\/users\/2"}],"replies":[{"embeddable":true,"href":"https:\/\/www.sprachschule-aktiv-muenchen.de\/fr\/wp-json\/wp\/v2\/comments?post=51291"}],"version-history":[{"count":2,"href":"https:\/\/www.sprachschule-aktiv-muenchen.de\/fr\/wp-json\/wp\/v2\/posts\/51291\/revisions"}],"predecessor-version":[{"id":51317,"href":"https:\/\/www.sprachschule-aktiv-muenchen.de\/fr\/wp-json\/wp\/v2\/posts\/51291\/revisions\/51317"}],"wp:featuredmedia":[{"embeddable":true,"href":"https:\/\/www.sprachschule-aktiv-muenchen.de\/fr\/wp-json\/wp\/v2\/media\/51292"}],"wp:attachment":[{"href":"https:\/\/www.sprachschule-aktiv-muenchen.de\/fr\/wp-json\/wp\/v2\/media?parent=51291"}],"wp:term":[{"taxonomy":"category","embeddable":true,"href":"https:\/\/www.sprachschule-aktiv-muenchen.de\/fr\/wp-json\/wp\/v2\/categories?post=51291"},{"taxonomy":"post_tag","embeddable":true,"href":"https:\/\/www.sprachschule-aktiv-muenchen.de\/fr\/wp-json\/wp\/v2\/tags?post=51291"}],"curies":[{"name":"wp","href":"https:\/\/api.w.org\/{rel}","templated":true}]}}