{"id":45371,"date":"2018-07-30T11:22:57","date_gmt":"2018-07-30T09:22:57","guid":{"rendered":"https:\/\/www.sprachschule-aktiv-muenchen.de\/?p=45371"},"modified":"2019-04-16T07:13:00","modified_gmt":"2019-04-16T05:13:00","slug":"perfekt-avec-haben-ou-sein-utilisation-des-verbes-auxiliaires","status":"publish","type":"post","link":"https:\/\/www.sprachschule-aktiv-muenchen.de\/fr\/perfekt-avec-haben-ou-sein-utilisation-des-verbes-auxiliaires\/","title":{"rendered":"Perfekt avec &#8220;haben&#8221; ou &#8220;sein&#8221; \u2013 Utilisation des verbes auxiliaires"},"content":{"rendered":"<h1>Perfekt avec &#8220;haben&#8221; ou &#8220;sein&#8221; \u2013 Utilisation des verbes auxiliaires<\/h1>\n<p>Le perfekt est l&#8217;un des temps les plus importants de la grammaire allemande. Il est presque toujours utilis\u00e9 lorsque nous parlons du pass\u00e9. Comme dans beaucoup d&#8217;autres langues europ\u00e9ennes, le perfekt est form\u00e9 d&#8217;un verbe auxiliaire et du participe II. Les verbes auxiliaires en allemand sont soit &#8220;sein&#8221; ou &#8220;haben&#8221;. Fondamentalement, le verbe auxiliaire &#8220;sein&#8221; est utilis\u00e9 dans les verbes de mouvement et de changement d&#8217;\u00e9tat. &#8220;haben&#8221; est utilis\u00e9 dans tous les autres verbes. Mais qu&#8217;est-ce que cela signifie exactement\u00a0?<\/p>\n<h2>Le verbe auxiliaire &#8220;sein&#8221; verbes de mouvement<\/h2>\n<p>Perfekt avec \u00ab haben \u00bb ou \u00ab sein \u00bb \u2013 Utilisation des verbes auxiliaires: Les verbes du mouvement comprennent laufen, gehen, fahren, rennen, springen, fliegen, donc des verbes qui d\u00e9crivent le mouvement d&#8217;un endroit \u00e0 l&#8217;autre. Si nous voulons former le perfekt avec ces verbes, nous devons utiliser le verbe auxiliaire &#8220;sein&#8221; en forme conjugu\u00e9e et le participe II \u00e0 la fin de la phrase.<\/p>\n<p><strong>Exemple:<\/strong> Ich bin zum B\u00e4cker gelaufen.<\/p>\n<p>Cependant, certains verbes de mouvement peuvent se conjuguer au perfekt avec &#8220;haben&#8221; et &#8220;sein&#8221;. Ces verbes incluent &#8220;schwimmen&#8221; ou &#8220;joggen&#8221;. Cependant la conjonction avec une direction ou un emplacement est seulement possible avec la formation du perfekt avec &#8220;sein\u201c\u00a0:<\/p>\n<p>Ich habe geschwommen. Ich bin geschwommen. Ich bin zum Ufer geschwommen.<br \/>\nIch habe gejoggt. Ich bin gejoggt. Ich bin durch den Park gejoggt.<\/p>\n<p>Toutes les formes sont correctes. Cependant, la formation du perfekt avec &#8220;haben&#8221; a tendance \u00e0 diminuer dans ces verbes de mouvement.<\/p>\n<h2>Le verbe auxiliaire &#8220;sein&#8221; pour les verbes de changement d&#8217;\u00e9tat<\/h2>\n<p>Par exemple, les verbes de changement d&#8217;\u00e9tat peuvent sein\u00a0: sterben, wachsen, trocknen, verschwinden\u00a0; tous ces verbes qui d\u00e9crivent le passage de l&#8217;\u00e9tat A \u00e0 l&#8217;\u00e9tat B\u00a0:<\/p>\n<p>lebendig \u2013&gt; sterben \u2013&gt; tot<br \/>\nklein \u2013&gt; wachsen \u2013&gt; gro\u00df<\/p>\n<p>Ces verbes forment aussi la forme du perfekt avec &#8220;sein&#8221;. Exception\u00a0: si l&#8217;un des verbes de changement d\u2019\u00e9tat est transitif, c&#8217;est-\u00e0-dire utilis\u00e9 avec un objet accusatif, alors il forme la forme du perfekt avec &#8220;haben&#8221;.<\/p>\n<p>Exemple: Die W\u00e4sche ist in der Sonne getrocknet. ABER: Die Sonne hat die W\u00e4sche getrocknet.<\/p>\n<h2>Le verbe auxiliaire &#8220;haben&#8221; &#8211; le &#8220;cas normal&#8221;<\/h2>\n<p>Pour tous les verbes qui ne d\u00e9crivent pas le mouvement ou le changement d&#8217;\u00e9tat, la forme perfekt est form\u00e9e avec le verbe auxiliaire &#8220;haben&#8221;. Cela concerne la majorit\u00e9 des verbes allemands.<\/p>\n<p>Les verbes suivants forment toujours la forme perfekt avec &#8220;haben&#8221;:<\/p>\n<p>&#8211; les verbes transitifs, c&#8217;est-\u00e0-dire les verbes en relation avec un objet accusatif, par exemple\u00a0: Sie hat ein Eis gegessen.<\/p>\n<p>&#8211; les verbes r\u00e9flexifs, par exemple: Ich habe mich gewaschen.<\/p>\n<h2>Caract\u00e9ristiques r\u00e9gionales<\/h2>\n<p>Malgr\u00e9 les principes ci-dessus, selon lesquels le verbe auxiliaire \u00absein\u00bb est utilis\u00e9 exclusivement dans les verbes de mouvement et de changement d&#8217;\u00e9tat, selon la r\u00e9gion, la question \u00absein oder nicht sein\u00a0\u00bb ne peut pas \u00eatre r\u00e9pondue si facilement. Il est donc commun dans la r\u00e9gion linguistique du sud de l&#8217;Allemagne, de construire le perfekt des verbes \u00absitzen\u00bb, \u00abstehen\u00bb et \u00abliegen\u00bb \u00e0 l&#8217;aide du verbe auxiliaire \u00absein\u00bb, bien que ces verbes ne d\u00e9crivent ni un mouvement ni un changement d&#8217;\u00e9tat. Des phrases telles que \u00abIch bin gesessen\u00bb, \u00abEr ist gestanden\u00bb ou \u00abDu bist gelegen\u00bb sont courantes dans le sud de l&#8217;Allemagne, en Autriche et en Suisse et ne sont en aucun cas fausses. La variante que les apprenants d\u2019allemands utilisent d\u00e9pend de la r\u00e9gion dans laquelle ils apprennent la langue et d&#8217;o\u00f9 ils viennent, avec qui ils communiquent dans la vie de tous les jours.<\/p>\n","protected":false},"excerpt":{"rendered":"<p>Perfekt avec &#8220;haben&#8221; ou &#8220;sein&#8221; \u2013 Utilisation des verbes auxiliaires Le perfekt est l&#8217;un des temps les plus importants de la grammaire allemande. Il est presque toujours utilis\u00e9 lorsque nous parlons du pass\u00e9. Comme dans beaucoup d&#8217;autres langues europ\u00e9ennes, le perfekt est form\u00e9 d&#8217;un verbe auxiliaire et du participe II. Les verbes auxiliaires en allemand [&hellip;]<\/p>\n","protected":false},"author":2,"featured_media":45372,"comment_status":"open","ping_status":"open","sticky":false,"template":"","format":"standard","meta":{"footnotes":""},"categories":[10],"tags":[],"class_list":["post-45371","post","type-post","status-publish","format-standard","has-post-thumbnail","hentry","category-apprendre-allemand-gratuitement"],"yoast_head":"<!-- This site is optimized with the Yoast SEO plugin v27.1.1 - https:\/\/yoast.com\/product\/yoast-seo-wordpress\/ -->\n<title>Perfekt avec &quot;haben&quot; ou &quot;sein&quot; \u2013 Utilisation des verbes auxiliaires<\/title>\n<meta name=\"description\" content=\"Formation parfaite avec &quot;avoir&quot; ou &quot;\u00eatre&quot; - utilisation, signification et explication des verbes auxiliaires pour une formation parfaite.\" \/>\n<meta name=\"robots\" content=\"index, follow, max-snippet:-1, max-image-preview:large, max-video-preview:-1\" \/>\n<link rel=\"canonical\" href=\"https:\/\/www.sprachschule-aktiv-muenchen.de\/fr\/perfekt-avec-haben-ou-sein-utilisation-des-verbes-auxiliaires\/\" \/>\n<meta property=\"og:locale\" content=\"fr_FR\" \/>\n<meta property=\"og:type\" content=\"article\" \/>\n<meta property=\"og:title\" content=\"Perfekt avec &quot;haben&quot; ou &quot;sein&quot; \u2013 Utilisation des verbes auxiliaires\" \/>\n<meta property=\"og:description\" content=\"Formation parfaite avec &quot;avoir&quot; ou &quot;\u00eatre&quot; - utilisation, signification et explication des verbes auxiliaires pour une formation parfaite.\" \/>\n<meta property=\"og:url\" content=\"https:\/\/www.sprachschule-aktiv-muenchen.de\/fr\/perfekt-avec-haben-ou-sein-utilisation-des-verbes-auxiliaires\/\" \/>\n<meta property=\"og:site_name\" content=\"Sprachschule Aktiv\" \/>\n<meta property=\"article:published_time\" content=\"2018-07-30T09:22:57+00:00\" \/>\n<meta property=\"article:modified_time\" content=\"2019-04-16T05:13:00+00:00\" \/>\n<meta property=\"og:image\" content=\"https:\/\/www.sprachschule-aktiv-muenchen.de\/wp-content\/uploads\/2018\/07\/formation-parfaite-avec-avoir-ou-etre.jpg\" \/>\n\t<meta property=\"og:image:width\" content=\"600\" \/>\n\t<meta property=\"og:image:height\" content=\"352\" \/>\n\t<meta property=\"og:image:type\" content=\"image\/jpeg\" \/>\n<meta name=\"author\" content=\"Martin Polo\" \/>\n<meta name=\"twitter:card\" content=\"summary_large_image\" \/>\n<meta name=\"twitter:label1\" content=\"\u00c9crit par\" \/>\n\t<meta name=\"twitter:data1\" content=\"Martin Polo\" \/>\n\t<meta name=\"twitter:label2\" content=\"Dur\u00e9e de lecture estim\u00e9e\" \/>\n\t<meta name=\"twitter:data2\" content=\"3 minutes\" \/>\n<script type=\"application\/ld+json\" class=\"yoast-schema-graph\">{\"@context\":\"https:\/\/schema.org\",\"@graph\":[{\"@type\":\"Article\",\"@id\":\"https:\/\/www.sprachschule-aktiv-muenchen.de\/fr\/perfekt-avec-haben-ou-sein-utilisation-des-verbes-auxiliaires\/#article\",\"isPartOf\":{\"@id\":\"https:\/\/www.sprachschule-aktiv-muenchen.de\/fr\/perfekt-avec-haben-ou-sein-utilisation-des-verbes-auxiliaires\/\"},\"author\":{\"name\":\"Martin Polo\",\"@id\":\"https:\/\/www.sprachschule-aktiv-muenchen.de\/#\/schema\/person\/a74a6322db9745fd586f7e97f1ee5724\"},\"headline\":\"Perfekt avec &#8220;haben&#8221; ou &#8220;sein&#8221; \u2013 Utilisation des verbes auxiliaires\",\"datePublished\":\"2018-07-30T09:22:57+00:00\",\"dateModified\":\"2019-04-16T05:13:00+00:00\",\"mainEntityOfPage\":{\"@id\":\"https:\/\/www.sprachschule-aktiv-muenchen.de\/fr\/perfekt-avec-haben-ou-sein-utilisation-des-verbes-auxiliaires\/\"},\"wordCount\":613,\"commentCount\":0,\"image\":{\"@id\":\"https:\/\/www.sprachschule-aktiv-muenchen.de\/fr\/perfekt-avec-haben-ou-sein-utilisation-des-verbes-auxiliaires\/#primaryimage\"},\"thumbnailUrl\":\"https:\/\/www.sprachschule-aktiv-muenchen.de\/wp-content\/uploads\/2018\/07\/formation-parfaite-avec-avoir-ou-etre.jpg\",\"articleSection\":[\"Apprendre l'allemand gratuitement\"],\"inLanguage\":\"fr-FR\"},{\"@type\":\"WebPage\",\"@id\":\"https:\/\/www.sprachschule-aktiv-muenchen.de\/fr\/perfekt-avec-haben-ou-sein-utilisation-des-verbes-auxiliaires\/\",\"url\":\"https:\/\/www.sprachschule-aktiv-muenchen.de\/fr\/perfekt-avec-haben-ou-sein-utilisation-des-verbes-auxiliaires\/\",\"name\":\"Perfekt avec \\\"haben\\\" ou \\\"sein\\\" \u2013 Utilisation des verbes auxiliaires\",\"isPartOf\":{\"@id\":\"https:\/\/www.sprachschule-aktiv-muenchen.de\/#website\"},\"primaryImageOfPage\":{\"@id\":\"https:\/\/www.sprachschule-aktiv-muenchen.de\/fr\/perfekt-avec-haben-ou-sein-utilisation-des-verbes-auxiliaires\/#primaryimage\"},\"image\":{\"@id\":\"https:\/\/www.sprachschule-aktiv-muenchen.de\/fr\/perfekt-avec-haben-ou-sein-utilisation-des-verbes-auxiliaires\/#primaryimage\"},\"thumbnailUrl\":\"https:\/\/www.sprachschule-aktiv-muenchen.de\/wp-content\/uploads\/2018\/07\/formation-parfaite-avec-avoir-ou-etre.jpg\",\"datePublished\":\"2018-07-30T09:22:57+00:00\",\"dateModified\":\"2019-04-16T05:13:00+00:00\",\"author\":{\"@id\":\"https:\/\/www.sprachschule-aktiv-muenchen.de\/#\/schema\/person\/a74a6322db9745fd586f7e97f1ee5724\"},\"description\":\"Formation parfaite avec \\\"avoir\\\" ou \\\"\u00eatre\\\" - utilisation, signification et explication des verbes auxiliaires pour une formation parfaite.\",\"breadcrumb\":{\"@id\":\"https:\/\/www.sprachschule-aktiv-muenchen.de\/fr\/perfekt-avec-haben-ou-sein-utilisation-des-verbes-auxiliaires\/#breadcrumb\"},\"inLanguage\":\"fr-FR\",\"potentialAction\":[{\"@type\":\"ReadAction\",\"target\":[\"https:\/\/www.sprachschule-aktiv-muenchen.de\/fr\/perfekt-avec-haben-ou-sein-utilisation-des-verbes-auxiliaires\/\"]}]},{\"@type\":\"ImageObject\",\"inLanguage\":\"fr-FR\",\"@id\":\"https:\/\/www.sprachschule-aktiv-muenchen.de\/fr\/perfekt-avec-haben-ou-sein-utilisation-des-verbes-auxiliaires\/#primaryimage\",\"url\":\"https:\/\/www.sprachschule-aktiv-muenchen.de\/wp-content\/uploads\/2018\/07\/formation-parfaite-avec-avoir-ou-etre.jpg\",\"contentUrl\":\"https:\/\/www.sprachschule-aktiv-muenchen.de\/wp-content\/uploads\/2018\/07\/formation-parfaite-avec-avoir-ou-etre.jpg\",\"width\":\"600\",\"height\":\"352\",\"caption\":\"ormation parfaite avec \\\"avoir\\\" ou \\\"\u00eatre\\\"\"},{\"@type\":\"BreadcrumbList\",\"@id\":\"https:\/\/www.sprachschule-aktiv-muenchen.de\/fr\/perfekt-avec-haben-ou-sein-utilisation-des-verbes-auxiliaires\/#breadcrumb\",\"itemListElement\":[{\"@type\":\"ListItem\",\"position\":1,\"name\":\"Portada\",\"item\":\"https:\/\/www.sprachschule-aktiv-muenchen.de\/fr\/\"},{\"@type\":\"ListItem\",\"position\":2,\"name\":\"Perfekt avec &#8220;haben&#8221; ou &#8220;sein&#8221; \u2013 Utilisation des verbes auxiliaires\"}]},{\"@type\":\"WebSite\",\"@id\":\"https:\/\/www.sprachschule-aktiv-muenchen.de\/#website\",\"url\":\"https:\/\/www.sprachschule-aktiv-muenchen.de\/\",\"name\":\"Sprachschule Aktiv\",\"description\":\"\",\"potentialAction\":[{\"@type\":\"SearchAction\",\"target\":{\"@type\":\"EntryPoint\",\"urlTemplate\":\"https:\/\/www.sprachschule-aktiv-muenchen.de\/?s={search_term_string}\"},\"query-input\":{\"@type\":\"PropertyValueSpecification\",\"valueRequired\":true,\"valueName\":\"search_term_string\"}}],\"inLanguage\":\"fr-FR\"},{\"@type\":\"Person\",\"@id\":\"https:\/\/www.sprachschule-aktiv-muenchen.de\/#\/schema\/person\/a74a6322db9745fd586f7e97f1ee5724\",\"name\":\"Martin Polo\",\"image\":{\"@type\":\"ImageObject\",\"inLanguage\":\"fr-FR\",\"@id\":\"https:\/\/www.sprachschule-aktiv-muenchen.de\/#\/schema\/person\/image\/\",\"url\":\"https:\/\/secure.gravatar.com\/avatar\/2cbe6176b6be8b122284c50d9e7a11af9502529eae284fd73534defd313e4152?s=96&d=mm&r=g\",\"contentUrl\":\"https:\/\/secure.gravatar.com\/avatar\/2cbe6176b6be8b122284c50d9e7a11af9502529eae284fd73534defd313e4152?s=96&d=mm&r=g\",\"caption\":\"Martin Polo\"}}]}<\/script>\n<!-- \/ Yoast SEO plugin. -->","yoast_head_json":{"title":"Perfekt avec \"haben\" ou \"sein\" \u2013 Utilisation des verbes auxiliaires","description":"Formation parfaite avec \"avoir\" ou \"\u00eatre\" - utilisation, signification et explication des verbes auxiliaires pour une formation parfaite.","robots":{"index":"index","follow":"follow","max-snippet":"max-snippet:-1","max-image-preview":"max-image-preview:large","max-video-preview":"max-video-preview:-1"},"canonical":"https:\/\/www.sprachschule-aktiv-muenchen.de\/fr\/perfekt-avec-haben-ou-sein-utilisation-des-verbes-auxiliaires\/","og_locale":"fr_FR","og_type":"article","og_title":"Perfekt avec \"haben\" ou \"sein\" \u2013 Utilisation des verbes auxiliaires","og_description":"Formation parfaite avec \"avoir\" ou \"\u00eatre\" - utilisation, signification et explication des verbes auxiliaires pour une formation parfaite.","og_url":"https:\/\/www.sprachschule-aktiv-muenchen.de\/fr\/perfekt-avec-haben-ou-sein-utilisation-des-verbes-auxiliaires\/","og_site_name":"Sprachschule Aktiv","article_published_time":"2018-07-30T09:22:57+00:00","article_modified_time":"2019-04-16T05:13:00+00:00","og_image":[{"width":600,"height":352,"url":"https:\/\/www.sprachschule-aktiv-muenchen.de\/wp-content\/uploads\/2018\/07\/formation-parfaite-avec-avoir-ou-etre.jpg","type":"image\/jpeg"}],"author":"Martin Polo","twitter_card":"summary_large_image","twitter_misc":{"\u00c9crit par":"Martin Polo","Dur\u00e9e de lecture estim\u00e9e":"3 minutes"},"schema":{"@context":"https:\/\/schema.org","@graph":[{"@type":"Article","@id":"https:\/\/www.sprachschule-aktiv-muenchen.de\/fr\/perfekt-avec-haben-ou-sein-utilisation-des-verbes-auxiliaires\/#article","isPartOf":{"@id":"https:\/\/www.sprachschule-aktiv-muenchen.de\/fr\/perfekt-avec-haben-ou-sein-utilisation-des-verbes-auxiliaires\/"},"author":{"name":"Martin Polo","@id":"https:\/\/www.sprachschule-aktiv-muenchen.de\/#\/schema\/person\/a74a6322db9745fd586f7e97f1ee5724"},"headline":"Perfekt avec &#8220;haben&#8221; ou &#8220;sein&#8221; \u2013 Utilisation des verbes auxiliaires","datePublished":"2018-07-30T09:22:57+00:00","dateModified":"2019-04-16T05:13:00+00:00","mainEntityOfPage":{"@id":"https:\/\/www.sprachschule-aktiv-muenchen.de\/fr\/perfekt-avec-haben-ou-sein-utilisation-des-verbes-auxiliaires\/"},"wordCount":613,"commentCount":0,"image":{"@id":"https:\/\/www.sprachschule-aktiv-muenchen.de\/fr\/perfekt-avec-haben-ou-sein-utilisation-des-verbes-auxiliaires\/#primaryimage"},"thumbnailUrl":"https:\/\/www.sprachschule-aktiv-muenchen.de\/wp-content\/uploads\/2018\/07\/formation-parfaite-avec-avoir-ou-etre.jpg","articleSection":["Apprendre l'allemand gratuitement"],"inLanguage":"fr-FR"},{"@type":"WebPage","@id":"https:\/\/www.sprachschule-aktiv-muenchen.de\/fr\/perfekt-avec-haben-ou-sein-utilisation-des-verbes-auxiliaires\/","url":"https:\/\/www.sprachschule-aktiv-muenchen.de\/fr\/perfekt-avec-haben-ou-sein-utilisation-des-verbes-auxiliaires\/","name":"Perfekt avec \"haben\" ou \"sein\" \u2013 Utilisation des verbes auxiliaires","isPartOf":{"@id":"https:\/\/www.sprachschule-aktiv-muenchen.de\/#website"},"primaryImageOfPage":{"@id":"https:\/\/www.sprachschule-aktiv-muenchen.de\/fr\/perfekt-avec-haben-ou-sein-utilisation-des-verbes-auxiliaires\/#primaryimage"},"image":{"@id":"https:\/\/www.sprachschule-aktiv-muenchen.de\/fr\/perfekt-avec-haben-ou-sein-utilisation-des-verbes-auxiliaires\/#primaryimage"},"thumbnailUrl":"https:\/\/www.sprachschule-aktiv-muenchen.de\/wp-content\/uploads\/2018\/07\/formation-parfaite-avec-avoir-ou-etre.jpg","datePublished":"2018-07-30T09:22:57+00:00","dateModified":"2019-04-16T05:13:00+00:00","author":{"@id":"https:\/\/www.sprachschule-aktiv-muenchen.de\/#\/schema\/person\/a74a6322db9745fd586f7e97f1ee5724"},"description":"Formation parfaite avec \"avoir\" ou \"\u00eatre\" - utilisation, signification et explication des verbes auxiliaires pour une formation parfaite.","breadcrumb":{"@id":"https:\/\/www.sprachschule-aktiv-muenchen.de\/fr\/perfekt-avec-haben-ou-sein-utilisation-des-verbes-auxiliaires\/#breadcrumb"},"inLanguage":"fr-FR","potentialAction":[{"@type":"ReadAction","target":["https:\/\/www.sprachschule-aktiv-muenchen.de\/fr\/perfekt-avec-haben-ou-sein-utilisation-des-verbes-auxiliaires\/"]}]},{"@type":"ImageObject","inLanguage":"fr-FR","@id":"https:\/\/www.sprachschule-aktiv-muenchen.de\/fr\/perfekt-avec-haben-ou-sein-utilisation-des-verbes-auxiliaires\/#primaryimage","url":"https:\/\/www.sprachschule-aktiv-muenchen.de\/wp-content\/uploads\/2018\/07\/formation-parfaite-avec-avoir-ou-etre.jpg","contentUrl":"https:\/\/www.sprachschule-aktiv-muenchen.de\/wp-content\/uploads\/2018\/07\/formation-parfaite-avec-avoir-ou-etre.jpg","width":"600","height":"352","caption":"ormation parfaite avec \"avoir\" ou \"\u00eatre\""},{"@type":"BreadcrumbList","@id":"https:\/\/www.sprachschule-aktiv-muenchen.de\/fr\/perfekt-avec-haben-ou-sein-utilisation-des-verbes-auxiliaires\/#breadcrumb","itemListElement":[{"@type":"ListItem","position":1,"name":"Portada","item":"https:\/\/www.sprachschule-aktiv-muenchen.de\/fr\/"},{"@type":"ListItem","position":2,"name":"Perfekt avec &#8220;haben&#8221; ou &#8220;sein&#8221; \u2013 Utilisation des verbes auxiliaires"}]},{"@type":"WebSite","@id":"https:\/\/www.sprachschule-aktiv-muenchen.de\/#website","url":"https:\/\/www.sprachschule-aktiv-muenchen.de\/","name":"Sprachschule Aktiv","description":"","potentialAction":[{"@type":"SearchAction","target":{"@type":"EntryPoint","urlTemplate":"https:\/\/www.sprachschule-aktiv-muenchen.de\/?s={search_term_string}"},"query-input":{"@type":"PropertyValueSpecification","valueRequired":true,"valueName":"search_term_string"}}],"inLanguage":"fr-FR"},{"@type":"Person","@id":"https:\/\/www.sprachschule-aktiv-muenchen.de\/#\/schema\/person\/a74a6322db9745fd586f7e97f1ee5724","name":"Martin Polo","image":{"@type":"ImageObject","inLanguage":"fr-FR","@id":"https:\/\/www.sprachschule-aktiv-muenchen.de\/#\/schema\/person\/image\/","url":"https:\/\/secure.gravatar.com\/avatar\/2cbe6176b6be8b122284c50d9e7a11af9502529eae284fd73534defd313e4152?s=96&d=mm&r=g","contentUrl":"https:\/\/secure.gravatar.com\/avatar\/2cbe6176b6be8b122284c50d9e7a11af9502529eae284fd73534defd313e4152?s=96&d=mm&r=g","caption":"Martin Polo"}}]}},"_links":{"self":[{"href":"https:\/\/www.sprachschule-aktiv-muenchen.de\/fr\/wp-json\/wp\/v2\/posts\/45371","targetHints":{"allow":["GET"]}}],"collection":[{"href":"https:\/\/www.sprachschule-aktiv-muenchen.de\/fr\/wp-json\/wp\/v2\/posts"}],"about":[{"href":"https:\/\/www.sprachschule-aktiv-muenchen.de\/fr\/wp-json\/wp\/v2\/types\/post"}],"author":[{"embeddable":true,"href":"https:\/\/www.sprachschule-aktiv-muenchen.de\/fr\/wp-json\/wp\/v2\/users\/2"}],"replies":[{"embeddable":true,"href":"https:\/\/www.sprachschule-aktiv-muenchen.de\/fr\/wp-json\/wp\/v2\/comments?post=45371"}],"version-history":[{"count":0,"href":"https:\/\/www.sprachschule-aktiv-muenchen.de\/fr\/wp-json\/wp\/v2\/posts\/45371\/revisions"}],"wp:featuredmedia":[{"embeddable":true,"href":"https:\/\/www.sprachschule-aktiv-muenchen.de\/fr\/wp-json\/wp\/v2\/media\/45372"}],"wp:attachment":[{"href":"https:\/\/www.sprachschule-aktiv-muenchen.de\/fr\/wp-json\/wp\/v2\/media?parent=45371"}],"wp:term":[{"taxonomy":"category","embeddable":true,"href":"https:\/\/www.sprachschule-aktiv-muenchen.de\/fr\/wp-json\/wp\/v2\/categories?post=45371"},{"taxonomy":"post_tag","embeddable":true,"href":"https:\/\/www.sprachschule-aktiv-muenchen.de\/fr\/wp-json\/wp\/v2\/tags?post=45371"}],"curies":[{"name":"wp","href":"https:\/\/api.w.org\/{rel}","templated":true}]}}