{"id":45361,"date":"2018-07-30T11:06:24","date_gmt":"2018-07-30T09:06:24","guid":{"rendered":"https:\/\/www.sprachschule-aktiv-muenchen.de\/?p=45361"},"modified":"2019-04-16T07:23:48","modified_gmt":"2019-04-16T05:23:48","slug":"la-difference-entre-fuehlen-spueren-et-empfiden","status":"publish","type":"post","link":"https:\/\/www.sprachschule-aktiv-muenchen.de\/fr\/la-difference-entre-fuehlen-spueren-et-empfiden\/","title":{"rendered":"F\u00fchlen \u2013 Sp\u00fcren &#8211; Empfinden"},"content":{"rendered":"<h1>La difference entre F\u00fchlen \u2013 Sp\u00fcren &#8211; Empfinden<\/h1>\n<p>En allemand on peut parler tr\u00e8s bien de ses sentiments. La difference entre F\u00fchlen \u2013 Sp\u00fcren \u2013 Empfinden r\u00e9side dans l&#8217;intensit\u00e9 du sentiment et d&#8217;o\u00f9 il vient.<\/p>\n<h2>F\u00fchlen<\/h2>\n<p>Vous pouvez sentir avec les nerfs, les doigts, mais aussi avec le coeur.\u201eSie\u00a0<strong>f\u00fchlt\u00a0<\/strong>die W\u00e4rme der Sonne. \u201c<\/p>\n<p>\u201eDie Mutter\u00a0<strong>f\u00fchlt\u00a0<\/strong>mit der Hand, ob ihr Kind Fieber hat.\u201c<\/p>\n<h2><strong>Sich f\u00fchlen:<\/strong><\/h2>\n<p>\u201eWie\u00a0<strong>f\u00fchlst\u00a0<\/strong>du\u00a0<strong>dich\u00a0<\/strong>heute?\u201c \u2013 \u201eIch\u00a0<strong>f\u00fchle mich\u00a0<\/strong>gro\u00dfartig!\u201c<\/p>\n<p>\u201eWir\u00a0<strong>f\u00fchlen uns\u00a0<\/strong>f\u00fcr dieses Projekt verantwortlich.\u201c<\/p>\n<p><strong>Konjugation<\/strong>: Ich f\u00fchle, du f\u00fchlst\u2026<\/p>\n<p><strong>Pr\u00e4teritum<\/strong>: ich f\u00fchlte, du f\u00fchltest\u2026<\/p>\n<p><strong>Perfekt<\/strong>: ich habe\u2026gef\u00fchlt.<\/p>\n<p>\u00e8 Das Gef\u00fchl. \u201eIch habe das Gef\u00fchl, wir verstehen uns!\u201c<\/p>\n<h2>Sp\u00fcren<\/h2>\n<p>Avec mes sens, je ressens avec tout mon corps\u00a0!<\/p>\n<p>\u201eWir\u00a0<strong>sp\u00fcren\u00a0<\/strong>die Wellen unter dem Schiff und den Wind in den Haaren.\u201c (Das Schiff bewegt sich.)<\/p>\n<p>\u201eGestern hat er Sport gemacht und heute\u00a0<strong>sp\u00fcrt\u00a0<\/strong>er jeden Muskel!\u201c (Alle Muskeln tun weh.)<\/p>\n<p><strong>Konjugation<\/strong>: ich sp\u00fcre, du sp\u00fcrst\u2026<\/p>\n<p><strong>Pr\u00e4teritum<\/strong>: ich sp\u00fcrte, du sp\u00fcrtest\u2026<\/p>\n<p><strong>Perfekt<\/strong>: ich habe\u2026gesp\u00fcrt.<\/p>\n<p>\u00e8 Das Gesp\u00fcr. \u201eDeine Freundin hat ein feines Gesp\u00fcr.\u201c<\/p>\n<h2>Empfinden<\/h2>\n<p>\u00e9motions profondes:<\/p>\n<p>\u201eIch\u00a0<strong>empfinde\u00a0<\/strong>gro\u00dfe Freude, wenn ich diese Stadt besuche!\u201c<\/p>\n","protected":false},"excerpt":{"rendered":"<p>La difference entre F\u00fchlen \u2013 Sp\u00fcren &#8211; Empfinden En allemand on peut parler tr\u00e8s bien de ses sentiments. La difference entre F\u00fchlen \u2013 Sp\u00fcren \u2013 Empfinden r\u00e9side dans l&#8217;intensit\u00e9 du sentiment et d&#8217;o\u00f9 il vient. F\u00fchlen Vous pouvez sentir avec les nerfs, les doigts, mais aussi avec le coeur.\u201eSie\u00a0f\u00fchlt\u00a0die W\u00e4rme der Sonne. \u201c \u201eDie Mutter\u00a0f\u00fchlt\u00a0mit [&hellip;]<\/p>\n","protected":false},"author":2,"featured_media":45363,"comment_status":"open","ping_status":"open","sticky":false,"template":"","format":"standard","meta":{"footnotes":""},"categories":[10],"tags":[],"class_list":["post-45361","post","type-post","status-publish","format-standard","has-post-thumbnail","hentry","category-apprendre-allemand-gratuitement"],"yoast_head":"<!-- This site is optimized with the Yoast SEO plugin v27.1.1 - https:\/\/yoast.com\/product\/yoast-seo-wordpress\/ -->\n<title>La difference entre F\u00fchlen \u2013 Sp\u00fcren - Empfinden<\/title>\n<meta name=\"description\" content=\"LaDans ce post, vous apprendrez la difference entre F\u00fchlen \u2013 Sp\u00fcren \u2013 Empfinden. La difference r\u00e9side dans l&#039;intensit\u00e9 du sentiment et d&#039;o\u00f9 il vient.\" \/>\n<meta name=\"robots\" content=\"index, follow, max-snippet:-1, max-image-preview:large, max-video-preview:-1\" \/>\n<link rel=\"canonical\" href=\"https:\/\/www.sprachschule-aktiv-muenchen.de\/fr\/la-difference-entre-fuehlen-spueren-et-empfiden\/\" \/>\n<meta property=\"og:locale\" content=\"fr_FR\" \/>\n<meta property=\"og:type\" content=\"article\" \/>\n<meta property=\"og:title\" content=\"La difference entre F\u00fchlen \u2013 Sp\u00fcren - Empfinden\" \/>\n<meta property=\"og:description\" content=\"LaDans ce post, vous apprendrez la difference entre F\u00fchlen \u2013 Sp\u00fcren \u2013 Empfinden. La difference r\u00e9side dans l&#039;intensit\u00e9 du sentiment et d&#039;o\u00f9 il vient.\" \/>\n<meta property=\"og:url\" content=\"https:\/\/www.sprachschule-aktiv-muenchen.de\/fr\/la-difference-entre-fuehlen-spueren-et-empfiden\/\" \/>\n<meta property=\"og:site_name\" content=\"Sprachschule Aktiv\" \/>\n<meta property=\"article:published_time\" content=\"2018-07-30T09:06:24+00:00\" \/>\n<meta property=\"article:modified_time\" content=\"2019-04-16T05:23:48+00:00\" \/>\n<meta property=\"og:image\" content=\"https:\/\/www.sprachschule-aktiv-muenchen.de\/wp-content\/uploads\/2018\/07\/la-difference-entre-fuhlen-spuren-et-empfiden-1.jpg\" \/>\n\t<meta property=\"og:image:width\" content=\"723\" \/>\n\t<meta property=\"og:image:height\" content=\"479\" \/>\n\t<meta property=\"og:image:type\" content=\"image\/jpeg\" \/>\n<meta name=\"author\" content=\"Martin Polo\" \/>\n<meta name=\"twitter:card\" content=\"summary_large_image\" \/>\n<meta name=\"twitter:label1\" content=\"\u00c9crit par\" \/>\n\t<meta name=\"twitter:data1\" content=\"Martin Polo\" \/>\n\t<meta name=\"twitter:label2\" content=\"Dur\u00e9e de lecture estim\u00e9e\" \/>\n\t<meta name=\"twitter:data2\" content=\"1 minute\" \/>\n<script type=\"application\/ld+json\" class=\"yoast-schema-graph\">{\"@context\":\"https:\/\/schema.org\",\"@graph\":[{\"@type\":\"Article\",\"@id\":\"https:\/\/www.sprachschule-aktiv-muenchen.de\/fr\/la-difference-entre-fuehlen-spueren-et-empfiden\/#article\",\"isPartOf\":{\"@id\":\"https:\/\/www.sprachschule-aktiv-muenchen.de\/fr\/la-difference-entre-fuehlen-spueren-et-empfiden\/\"},\"author\":{\"name\":\"Martin Polo\",\"@id\":\"https:\/\/www.sprachschule-aktiv-muenchen.de\/#\/schema\/person\/a74a6322db9745fd586f7e97f1ee5724\"},\"headline\":\"F\u00fchlen \u2013 Sp\u00fcren &#8211; Empfinden\",\"datePublished\":\"2018-07-30T09:06:24+00:00\",\"dateModified\":\"2019-04-16T05:23:48+00:00\",\"mainEntityOfPage\":{\"@id\":\"https:\/\/www.sprachschule-aktiv-muenchen.de\/fr\/la-difference-entre-fuehlen-spueren-et-empfiden\/\"},\"wordCount\":224,\"commentCount\":0,\"image\":{\"@id\":\"https:\/\/www.sprachschule-aktiv-muenchen.de\/fr\/la-difference-entre-fuehlen-spueren-et-empfiden\/#primaryimage\"},\"thumbnailUrl\":\"https:\/\/www.sprachschule-aktiv-muenchen.de\/wp-content\/uploads\/2018\/07\/la-difference-entre-fuhlen-spuren-et-empfiden-1.jpg\",\"articleSection\":[\"Apprendre l'allemand gratuitement\"],\"inLanguage\":\"fr-FR\"},{\"@type\":\"WebPage\",\"@id\":\"https:\/\/www.sprachschule-aktiv-muenchen.de\/fr\/la-difference-entre-fuehlen-spueren-et-empfiden\/\",\"url\":\"https:\/\/www.sprachschule-aktiv-muenchen.de\/fr\/la-difference-entre-fuehlen-spueren-et-empfiden\/\",\"name\":\"La difference entre F\u00fchlen \u2013 Sp\u00fcren - Empfinden\",\"isPartOf\":{\"@id\":\"https:\/\/www.sprachschule-aktiv-muenchen.de\/#website\"},\"primaryImageOfPage\":{\"@id\":\"https:\/\/www.sprachschule-aktiv-muenchen.de\/fr\/la-difference-entre-fuehlen-spueren-et-empfiden\/#primaryimage\"},\"image\":{\"@id\":\"https:\/\/www.sprachschule-aktiv-muenchen.de\/fr\/la-difference-entre-fuehlen-spueren-et-empfiden\/#primaryimage\"},\"thumbnailUrl\":\"https:\/\/www.sprachschule-aktiv-muenchen.de\/wp-content\/uploads\/2018\/07\/la-difference-entre-fuhlen-spuren-et-empfiden-1.jpg\",\"datePublished\":\"2018-07-30T09:06:24+00:00\",\"dateModified\":\"2019-04-16T05:23:48+00:00\",\"author\":{\"@id\":\"https:\/\/www.sprachschule-aktiv-muenchen.de\/#\/schema\/person\/a74a6322db9745fd586f7e97f1ee5724\"},\"description\":\"LaDans ce post, vous apprendrez la difference entre F\u00fchlen \u2013 Sp\u00fcren \u2013 Empfinden. La difference r\u00e9side dans l'intensit\u00e9 du sentiment et d'o\u00f9 il vient.\",\"breadcrumb\":{\"@id\":\"https:\/\/www.sprachschule-aktiv-muenchen.de\/fr\/la-difference-entre-fuehlen-spueren-et-empfiden\/#breadcrumb\"},\"inLanguage\":\"fr-FR\",\"potentialAction\":[{\"@type\":\"ReadAction\",\"target\":[\"https:\/\/www.sprachschule-aktiv-muenchen.de\/fr\/la-difference-entre-fuehlen-spueren-et-empfiden\/\"]}]},{\"@type\":\"ImageObject\",\"inLanguage\":\"fr-FR\",\"@id\":\"https:\/\/www.sprachschule-aktiv-muenchen.de\/fr\/la-difference-entre-fuehlen-spueren-et-empfiden\/#primaryimage\",\"url\":\"https:\/\/www.sprachschule-aktiv-muenchen.de\/wp-content\/uploads\/2018\/07\/la-difference-entre-fuhlen-spuren-et-empfiden-1.jpg\",\"contentUrl\":\"https:\/\/www.sprachschule-aktiv-muenchen.de\/wp-content\/uploads\/2018\/07\/la-difference-entre-fuhlen-spuren-et-empfiden-1.jpg\",\"width\":\"723\",\"height\":\"479\",\"caption\":\". La diff\u00e9rence entre \u00abf\u00fchlen\u00bb, \u00absp\u00fcren\u00bb et \u00abempfidenr\u00bb\"},{\"@type\":\"BreadcrumbList\",\"@id\":\"https:\/\/www.sprachschule-aktiv-muenchen.de\/fr\/la-difference-entre-fuehlen-spueren-et-empfiden\/#breadcrumb\",\"itemListElement\":[{\"@type\":\"ListItem\",\"position\":1,\"name\":\"Portada\",\"item\":\"https:\/\/www.sprachschule-aktiv-muenchen.de\/fr\/\"},{\"@type\":\"ListItem\",\"position\":2,\"name\":\"F\u00fchlen \u2013 Sp\u00fcren &#8211; Empfinden\"}]},{\"@type\":\"WebSite\",\"@id\":\"https:\/\/www.sprachschule-aktiv-muenchen.de\/#website\",\"url\":\"https:\/\/www.sprachschule-aktiv-muenchen.de\/\",\"name\":\"Sprachschule Aktiv\",\"description\":\"\",\"potentialAction\":[{\"@type\":\"SearchAction\",\"target\":{\"@type\":\"EntryPoint\",\"urlTemplate\":\"https:\/\/www.sprachschule-aktiv-muenchen.de\/?s={search_term_string}\"},\"query-input\":{\"@type\":\"PropertyValueSpecification\",\"valueRequired\":true,\"valueName\":\"search_term_string\"}}],\"inLanguage\":\"fr-FR\"},{\"@type\":\"Person\",\"@id\":\"https:\/\/www.sprachschule-aktiv-muenchen.de\/#\/schema\/person\/a74a6322db9745fd586f7e97f1ee5724\",\"name\":\"Martin Polo\",\"image\":{\"@type\":\"ImageObject\",\"inLanguage\":\"fr-FR\",\"@id\":\"https:\/\/www.sprachschule-aktiv-muenchen.de\/#\/schema\/person\/image\/\",\"url\":\"https:\/\/secure.gravatar.com\/avatar\/2cbe6176b6be8b122284c50d9e7a11af9502529eae284fd73534defd313e4152?s=96&d=mm&r=g\",\"contentUrl\":\"https:\/\/secure.gravatar.com\/avatar\/2cbe6176b6be8b122284c50d9e7a11af9502529eae284fd73534defd313e4152?s=96&d=mm&r=g\",\"caption\":\"Martin Polo\"}}]}<\/script>\n<!-- \/ Yoast SEO plugin. -->","yoast_head_json":{"title":"La difference entre F\u00fchlen \u2013 Sp\u00fcren - Empfinden","description":"LaDans ce post, vous apprendrez la difference entre F\u00fchlen \u2013 Sp\u00fcren \u2013 Empfinden. La difference r\u00e9side dans l'intensit\u00e9 du sentiment et d'o\u00f9 il vient.","robots":{"index":"index","follow":"follow","max-snippet":"max-snippet:-1","max-image-preview":"max-image-preview:large","max-video-preview":"max-video-preview:-1"},"canonical":"https:\/\/www.sprachschule-aktiv-muenchen.de\/fr\/la-difference-entre-fuehlen-spueren-et-empfiden\/","og_locale":"fr_FR","og_type":"article","og_title":"La difference entre F\u00fchlen \u2013 Sp\u00fcren - Empfinden","og_description":"LaDans ce post, vous apprendrez la difference entre F\u00fchlen \u2013 Sp\u00fcren \u2013 Empfinden. La difference r\u00e9side dans l'intensit\u00e9 du sentiment et d'o\u00f9 il vient.","og_url":"https:\/\/www.sprachschule-aktiv-muenchen.de\/fr\/la-difference-entre-fuehlen-spueren-et-empfiden\/","og_site_name":"Sprachschule Aktiv","article_published_time":"2018-07-30T09:06:24+00:00","article_modified_time":"2019-04-16T05:23:48+00:00","og_image":[{"width":723,"height":479,"url":"https:\/\/www.sprachschule-aktiv-muenchen.de\/wp-content\/uploads\/2018\/07\/la-difference-entre-fuhlen-spuren-et-empfiden-1.jpg","type":"image\/jpeg"}],"author":"Martin Polo","twitter_card":"summary_large_image","twitter_misc":{"\u00c9crit par":"Martin Polo","Dur\u00e9e de lecture estim\u00e9e":"1 minute"},"schema":{"@context":"https:\/\/schema.org","@graph":[{"@type":"Article","@id":"https:\/\/www.sprachschule-aktiv-muenchen.de\/fr\/la-difference-entre-fuehlen-spueren-et-empfiden\/#article","isPartOf":{"@id":"https:\/\/www.sprachschule-aktiv-muenchen.de\/fr\/la-difference-entre-fuehlen-spueren-et-empfiden\/"},"author":{"name":"Martin Polo","@id":"https:\/\/www.sprachschule-aktiv-muenchen.de\/#\/schema\/person\/a74a6322db9745fd586f7e97f1ee5724"},"headline":"F\u00fchlen \u2013 Sp\u00fcren &#8211; Empfinden","datePublished":"2018-07-30T09:06:24+00:00","dateModified":"2019-04-16T05:23:48+00:00","mainEntityOfPage":{"@id":"https:\/\/www.sprachschule-aktiv-muenchen.de\/fr\/la-difference-entre-fuehlen-spueren-et-empfiden\/"},"wordCount":224,"commentCount":0,"image":{"@id":"https:\/\/www.sprachschule-aktiv-muenchen.de\/fr\/la-difference-entre-fuehlen-spueren-et-empfiden\/#primaryimage"},"thumbnailUrl":"https:\/\/www.sprachschule-aktiv-muenchen.de\/wp-content\/uploads\/2018\/07\/la-difference-entre-fuhlen-spuren-et-empfiden-1.jpg","articleSection":["Apprendre l'allemand gratuitement"],"inLanguage":"fr-FR"},{"@type":"WebPage","@id":"https:\/\/www.sprachschule-aktiv-muenchen.de\/fr\/la-difference-entre-fuehlen-spueren-et-empfiden\/","url":"https:\/\/www.sprachschule-aktiv-muenchen.de\/fr\/la-difference-entre-fuehlen-spueren-et-empfiden\/","name":"La difference entre F\u00fchlen \u2013 Sp\u00fcren - Empfinden","isPartOf":{"@id":"https:\/\/www.sprachschule-aktiv-muenchen.de\/#website"},"primaryImageOfPage":{"@id":"https:\/\/www.sprachschule-aktiv-muenchen.de\/fr\/la-difference-entre-fuehlen-spueren-et-empfiden\/#primaryimage"},"image":{"@id":"https:\/\/www.sprachschule-aktiv-muenchen.de\/fr\/la-difference-entre-fuehlen-spueren-et-empfiden\/#primaryimage"},"thumbnailUrl":"https:\/\/www.sprachschule-aktiv-muenchen.de\/wp-content\/uploads\/2018\/07\/la-difference-entre-fuhlen-spuren-et-empfiden-1.jpg","datePublished":"2018-07-30T09:06:24+00:00","dateModified":"2019-04-16T05:23:48+00:00","author":{"@id":"https:\/\/www.sprachschule-aktiv-muenchen.de\/#\/schema\/person\/a74a6322db9745fd586f7e97f1ee5724"},"description":"LaDans ce post, vous apprendrez la difference entre F\u00fchlen \u2013 Sp\u00fcren \u2013 Empfinden. La difference r\u00e9side dans l'intensit\u00e9 du sentiment et d'o\u00f9 il vient.","breadcrumb":{"@id":"https:\/\/www.sprachschule-aktiv-muenchen.de\/fr\/la-difference-entre-fuehlen-spueren-et-empfiden\/#breadcrumb"},"inLanguage":"fr-FR","potentialAction":[{"@type":"ReadAction","target":["https:\/\/www.sprachschule-aktiv-muenchen.de\/fr\/la-difference-entre-fuehlen-spueren-et-empfiden\/"]}]},{"@type":"ImageObject","inLanguage":"fr-FR","@id":"https:\/\/www.sprachschule-aktiv-muenchen.de\/fr\/la-difference-entre-fuehlen-spueren-et-empfiden\/#primaryimage","url":"https:\/\/www.sprachschule-aktiv-muenchen.de\/wp-content\/uploads\/2018\/07\/la-difference-entre-fuhlen-spuren-et-empfiden-1.jpg","contentUrl":"https:\/\/www.sprachschule-aktiv-muenchen.de\/wp-content\/uploads\/2018\/07\/la-difference-entre-fuhlen-spuren-et-empfiden-1.jpg","width":"723","height":"479","caption":". La diff\u00e9rence entre \u00abf\u00fchlen\u00bb, \u00absp\u00fcren\u00bb et \u00abempfidenr\u00bb"},{"@type":"BreadcrumbList","@id":"https:\/\/www.sprachschule-aktiv-muenchen.de\/fr\/la-difference-entre-fuehlen-spueren-et-empfiden\/#breadcrumb","itemListElement":[{"@type":"ListItem","position":1,"name":"Portada","item":"https:\/\/www.sprachschule-aktiv-muenchen.de\/fr\/"},{"@type":"ListItem","position":2,"name":"F\u00fchlen \u2013 Sp\u00fcren &#8211; Empfinden"}]},{"@type":"WebSite","@id":"https:\/\/www.sprachschule-aktiv-muenchen.de\/#website","url":"https:\/\/www.sprachschule-aktiv-muenchen.de\/","name":"Sprachschule Aktiv","description":"","potentialAction":[{"@type":"SearchAction","target":{"@type":"EntryPoint","urlTemplate":"https:\/\/www.sprachschule-aktiv-muenchen.de\/?s={search_term_string}"},"query-input":{"@type":"PropertyValueSpecification","valueRequired":true,"valueName":"search_term_string"}}],"inLanguage":"fr-FR"},{"@type":"Person","@id":"https:\/\/www.sprachschule-aktiv-muenchen.de\/#\/schema\/person\/a74a6322db9745fd586f7e97f1ee5724","name":"Martin Polo","image":{"@type":"ImageObject","inLanguage":"fr-FR","@id":"https:\/\/www.sprachschule-aktiv-muenchen.de\/#\/schema\/person\/image\/","url":"https:\/\/secure.gravatar.com\/avatar\/2cbe6176b6be8b122284c50d9e7a11af9502529eae284fd73534defd313e4152?s=96&d=mm&r=g","contentUrl":"https:\/\/secure.gravatar.com\/avatar\/2cbe6176b6be8b122284c50d9e7a11af9502529eae284fd73534defd313e4152?s=96&d=mm&r=g","caption":"Martin Polo"}}]}},"_links":{"self":[{"href":"https:\/\/www.sprachschule-aktiv-muenchen.de\/fr\/wp-json\/wp\/v2\/posts\/45361","targetHints":{"allow":["GET"]}}],"collection":[{"href":"https:\/\/www.sprachschule-aktiv-muenchen.de\/fr\/wp-json\/wp\/v2\/posts"}],"about":[{"href":"https:\/\/www.sprachschule-aktiv-muenchen.de\/fr\/wp-json\/wp\/v2\/types\/post"}],"author":[{"embeddable":true,"href":"https:\/\/www.sprachschule-aktiv-muenchen.de\/fr\/wp-json\/wp\/v2\/users\/2"}],"replies":[{"embeddable":true,"href":"https:\/\/www.sprachschule-aktiv-muenchen.de\/fr\/wp-json\/wp\/v2\/comments?post=45361"}],"version-history":[{"count":0,"href":"https:\/\/www.sprachschule-aktiv-muenchen.de\/fr\/wp-json\/wp\/v2\/posts\/45361\/revisions"}],"wp:featuredmedia":[{"embeddable":true,"href":"https:\/\/www.sprachschule-aktiv-muenchen.de\/fr\/wp-json\/wp\/v2\/media\/45363"}],"wp:attachment":[{"href":"https:\/\/www.sprachschule-aktiv-muenchen.de\/fr\/wp-json\/wp\/v2\/media?parent=45361"}],"wp:term":[{"taxonomy":"category","embeddable":true,"href":"https:\/\/www.sprachschule-aktiv-muenchen.de\/fr\/wp-json\/wp\/v2\/categories?post=45361"},{"taxonomy":"post_tag","embeddable":true,"href":"https:\/\/www.sprachschule-aktiv-muenchen.de\/fr\/wp-json\/wp\/v2\/tags?post=45361"}],"curies":[{"name":"wp","href":"https:\/\/api.w.org\/{rel}","templated":true}]}}