{"id":45334,"date":"2018-07-30T10:18:18","date_gmt":"2018-07-30T08:18:18","guid":{"rendered":"https:\/\/www.sprachschule-aktiv-muenchen.de\/?p=45334"},"modified":"2019-04-18T11:58:58","modified_gmt":"2019-04-18T09:58:58","slug":"preterit-ou-perfekt-pourquoi-avons-nous-besoin-de-2-passes","status":"publish","type":"post","link":"https:\/\/www.sprachschule-aktiv-muenchen.de\/fr\/preterit-ou-perfekt-pourquoi-avons-nous-besoin-de-2-passes\/","title":{"rendered":"Pr\u00e9t\u00e9rit ou Perfekt &#8211; Pourquoi avons-nous besoin de 2 pass\u00e9s\u00a0?"},"content":{"rendered":"<h1><strong>Pr\u00e9t\u00e9rit ou Perfekt &#8211; Pourquoi avons-nous besoin de 2 pass\u00e9s\u00a0?<\/strong><\/h1>\n<p>Pr\u00e9t\u00e9rit et perfekt, nous avons de ces deux temps pour le pass\u00e9. Il n&#8217;y a pas de grande diff\u00e9rence de sens. Donc la question est: Pr\u00e9t\u00e9rit ou Perfekt \u2013 Pourquoi avons-nous besoin de 2 pass\u00e9s, qu\u2019ils veulent dire la m\u00eame chose?<\/p>\n<h2><strong>La diff\u00e9rence r\u00e9side dans l&#8217;utilisation:<\/strong><\/h2>\n<h2><strong>La plupart du temps nous utilisons le parfait (son \/ ont + participe II).<\/strong><\/h2>\n<p>Dans les conversations et les e-mails personnels, j&#8217;\u00e9cris ou je dis habituellement: \u201eWir\u00a0<strong>haben\u00a0<\/strong>gestern Fu\u00dfball\u00a0<strong>gespielt<\/strong>. \u201c<\/p>\n<p>Je peux aussi utiliser le pr\u00e9t\u00e9rit\u00a0: \u201eWir\u00a0<strong>spielten\u00a0<\/strong>gestern Fu\u00dfball. \u201c<\/p>\n<p>&nbsp;<\/p>\n<h2><strong>Mais le pr\u00e9t\u00e9rit sonne un peu litt\u00e9raire. C&#8217;est pourquoi nous trouvons le pr\u00e9t\u00e9rit en particulier dans les livres, dans le journal ou dans les nouvelles.<\/strong><\/h2>\n<p>&nbsp;<\/p>\n<p>Nous trouvons souvent le pr\u00e9t\u00e9rit dans les livres et dans les journaux. Quand l&#8217;utilise-t-on encore?<\/p>\n<p>Certains mots sont presque toujours utilis\u00e9s au pr\u00e9t\u00e9rit, dans les conversations, dans le chat ou dans les e-mails, \u00e0 savoir:<\/p>\n<p>&#8220;sein&#8221;, &#8220;haben&#8221;, tous les verbes modaux et quelques verbe, tels que &#8220;denken, finden, wissen, kennen&#8221;.<\/p>\n<p>&nbsp;<\/p>\n<p>&nbsp;<\/p>\n<h2><strong>Le verbe Sein &#8211; d\u00e9finition, sens<\/strong><\/h2>\n<p><strong>Conjugaison<\/strong>: ich bin, du bist\u2026<\/p>\n<p><strong>Pr\u00e9t\u00e9rit<\/strong>: ich war, du warst\u2026\u00a0 Ich war in M\u00fcnchen, aber ich war krank.<\/p>\n<p><strong>Perfekt<\/strong>: ich bin\u2026gewesen.\u00a0 Ich bin in M\u00fcnchen gewesen, aber ich bin krank gewesen.<\/p>\n<h2>Le verbe Haben \u2013 Definition, sens<\/h2>\n<p><strong>Conjugaion<\/strong>: ich habe, du hast\u2026<\/p>\n<p><strong>Pr\u00e9t\u00e9rit<\/strong>: ich hatte, du hattest\u2026\u00a0 Ich hatte Spa\u00df, obwohl ich kein Geld hatte.<\/p>\n<p><strong>Perfekt<\/strong>: ich habe\u2026gehabt.\u00a0 Ich habe Spa\u00df gehabt, obwohl ich kein Geld gehabt habe. (<em>Klingt etwas kompliziert.<\/em>)<\/p>\n<h2>Verbes modaux<\/h2>\n<h2><strong>wollen<\/strong><\/h2>\n<p>Ich wollte mit dir sprechen. Ich wollte eine Breze.<\/p>\n<p><strong>Conjugaison<\/strong>: ich sp\u00fcre, du sp\u00fcrst\u2026<\/p>\n<p><strong>Pr\u00e9t\u00e9rit<\/strong>: ich wollte, du wolltest\u2026 Ich wollte mit dir sprechen. Du wolltest eine Breze.<\/p>\n<p><strong>Perfekt<\/strong>: ich habe\u2026gewollt. (Ich habe mit dir sprechen gewollt.\u00a0<em>Das ist falsch!<\/em>)<\/p>\n<h2><strong>Tout comme: d\u00fcrfen, k\u00f6nnen, m\u00fcssen, sollen<\/strong><\/h2>\n<p>Ich durfte den Kuchen essen. Du durftest hier sitzen. (habe gedurft)<\/p>\n<p>K\u00f6nnen: Ich konnte kein Deutsch. Ihr konntet die T\u00fcr nicht \u00f6ffnen. (habe gekonnt)<\/p>\n<p>M\u00fcssen: Ich musste zuhause bleiben. Du musstest das Zimmer aufr\u00e4umen. (habe gemusst)<\/p>\n<p>Sollen: Ich sollte das Buch lesen. Sie sollten die Blumen gie\u00dfen. (habe gesollt)<\/p>\n<p>&nbsp;<\/p>\n<h2>Andere Verben<\/h2>\n<h2><strong>Certains verbes sont souvent utilis\u00e9s au pr\u00e9t\u00e9rit, parce que c&#8217;est assez court. Mais dans le perfekt, ils sont \u00e9galement corrects. Voici quelques exemples:<\/strong><\/h2>\n<p><strong>denken:<\/strong><\/p>\n<p><strong>Conjugaison<\/strong>: ich denke, du denkst\u2026<\/p>\n<p><strong>Pr\u00e9t\u00e9rit<\/strong>: ich dachte, du dachtest\u2026\u00a0 Oh, ich dachte, du bist verheiratet!<\/p>\n<p><strong>Perfekt<\/strong>: ich habe\u2026gedacht.\u00a0 Oh, ich habe gedacht, du bist verheiratet!<\/p>\n<p><strong>hei\u00dfen:<\/strong><\/p>\n<p><strong>Conjugaison<\/strong>: ich hei\u00dfe, du hei\u00dft\u2026<\/p>\n<p><strong>Pr\u00e9t\u00e9rit<\/strong>: ich hie\u00df, du hie\u00dfest\u2026\u00a0 Mein Nachbar hie\u00df auch Paul, genau wie du!<\/p>\n<p><strong>Perfekt<\/strong>: ich habe\u2026gehei\u00dfen.\u00a0 Mein Nachbar hat auch Paul gehei\u00dfen. (<em>Klingt komisch!<\/em>)<\/p>\n<p><strong>wissen:<\/strong><\/p>\n<p><strong>Conjugaison<\/strong>: Ich wei\u00df, du wei\u00dft\u2026<\/p>\n<p><strong>Pr\u00e9t\u00e9rit<\/strong>: ich wusste, du wusstest\u2026\u00a0 Wusstest du, dass man in Namibia auch Deutsch spricht?<\/p>\n<p><strong>Perfekt<\/strong>: ich habe\u2026gewusst.\u00a0 Hast du gewusst, dass man in Namibia auch Deutsch spricht?<\/p>\n<p><strong>finden:<\/strong><\/p>\n<p><strong>Conjugaison<\/strong>: Ich finde, du findest\u2026\u00a0 Ich finde den Film ziemlich witzig.<\/p>\n<p><strong>Pr\u00e9t\u00e9rit<\/strong>: ich fand, du fandest\u2026\u00a0 Ich fand den Film ziemlich witzig.<\/p>\n<p><strong>Perfekt<\/strong>: ich habe\u2026gefunden.\u00a0 Ich habe den Film ziemlich witzig gefunden.<\/p>\n<p>Le pr\u00e9t\u00e9rit est compliqu\u00e9 parce qu&#8217;il a beaucoup de verbes irr\u00e9guliers. Pour la vie de tous les jours, il est important de bien connaitre le perfekt. Mais ces verbes devraient aussi \u00eatre utilis\u00e9s au pr\u00e9t\u00e9rit haben, sein, denken, finden, wissen et tous les verbes modaux.<\/p>\n","protected":false},"excerpt":{"rendered":"<p>Pr\u00e9t\u00e9rit ou Perfekt &#8211; Pourquoi avons-nous besoin de 2 pass\u00e9s\u00a0? Pr\u00e9t\u00e9rit et perfekt, nous avons de ces deux temps pour le pass\u00e9. Il n&#8217;y a pas de grande diff\u00e9rence de sens. Donc la question est: Pr\u00e9t\u00e9rit ou Perfekt \u2013 Pourquoi avons-nous besoin de 2 pass\u00e9s, qu\u2019ils veulent dire la m\u00eame chose? La diff\u00e9rence r\u00e9side dans [&hellip;]<\/p>\n","protected":false},"author":2,"featured_media":45340,"comment_status":"open","ping_status":"open","sticky":false,"template":"","format":"standard","meta":{"footnotes":""},"categories":[10],"tags":[],"class_list":["post-45334","post","type-post","status-publish","format-standard","has-post-thumbnail","hentry","category-apprendre-allemand-gratuitement"],"yoast_head":"<!-- This site is optimized with the Yoast SEO plugin v27.1.1 - https:\/\/yoast.com\/product\/yoast-seo-wordpress\/ -->\n<title>Pr\u00e9t\u00e9rit ou Perfekt - Pourquoi avons-nous besoin de 2 pass\u00e9s\u00a0?<\/title>\n<meta name=\"description\" content=\"Pr\u00e9t\u00e9rit ou parfait - D\u00e9finition, explication. Pourquoi avons-nous besoin de 2 pass\u00e9s? Pourquoi y a-t-il deux pass\u00e9s quand ils veulent dire la m\u00eame chose?\" \/>\n<meta name=\"robots\" content=\"index, follow, max-snippet:-1, max-image-preview:large, max-video-preview:-1\" \/>\n<link rel=\"canonical\" href=\"https:\/\/www.sprachschule-aktiv-muenchen.de\/fr\/preterit-ou-perfekt-pourquoi-avons-nous-besoin-de-2-passes\/\" \/>\n<meta property=\"og:locale\" content=\"fr_FR\" \/>\n<meta property=\"og:type\" content=\"article\" \/>\n<meta property=\"og:title\" content=\"Pr\u00e9t\u00e9rit ou Perfekt - Pourquoi avons-nous besoin de 2 pass\u00e9s\u00a0?\" \/>\n<meta property=\"og:description\" content=\"Pr\u00e9t\u00e9rit ou parfait - D\u00e9finition, explication. Pourquoi avons-nous besoin de 2 pass\u00e9s? Pourquoi y a-t-il deux pass\u00e9s quand ils veulent dire la m\u00eame chose?\" \/>\n<meta property=\"og:url\" content=\"https:\/\/www.sprachschule-aktiv-muenchen.de\/fr\/preterit-ou-perfekt-pourquoi-avons-nous-besoin-de-2-passes\/\" \/>\n<meta property=\"og:site_name\" content=\"Sprachschule Aktiv\" \/>\n<meta property=\"article:published_time\" content=\"2018-07-30T08:18:18+00:00\" \/>\n<meta property=\"article:modified_time\" content=\"2019-04-18T09:58:58+00:00\" \/>\n<meta property=\"og:image\" content=\"https:\/\/www.sprachschule-aktiv-muenchen.de\/wp-content\/uploads\/2018\/07\/preterit-ou-perfekt-pourquoi-avons-nous-besoin-de-passes.jpg\" \/>\n\t<meta property=\"og:image:width\" content=\"500\" \/>\n\t<meta property=\"og:image:height\" content=\"281\" \/>\n\t<meta property=\"og:image:type\" content=\"image\/jpeg\" \/>\n<meta name=\"author\" content=\"Martin Polo\" \/>\n<meta name=\"twitter:card\" content=\"summary_large_image\" \/>\n<meta name=\"twitter:label1\" content=\"\u00c9crit par\" \/>\n\t<meta name=\"twitter:data1\" content=\"Martin Polo\" \/>\n\t<meta name=\"twitter:label2\" content=\"Dur\u00e9e de lecture estim\u00e9e\" \/>\n\t<meta name=\"twitter:data2\" content=\"3 minutes\" \/>\n<script type=\"application\/ld+json\" class=\"yoast-schema-graph\">{\"@context\":\"https:\/\/schema.org\",\"@graph\":[{\"@type\":\"Article\",\"@id\":\"https:\/\/www.sprachschule-aktiv-muenchen.de\/fr\/preterit-ou-perfekt-pourquoi-avons-nous-besoin-de-2-passes\/#article\",\"isPartOf\":{\"@id\":\"https:\/\/www.sprachschule-aktiv-muenchen.de\/fr\/preterit-ou-perfekt-pourquoi-avons-nous-besoin-de-2-passes\/\"},\"author\":{\"name\":\"Martin Polo\",\"@id\":\"https:\/\/www.sprachschule-aktiv-muenchen.de\/#\/schema\/person\/a74a6322db9745fd586f7e97f1ee5724\"},\"headline\":\"Pr\u00e9t\u00e9rit ou Perfekt &#8211; Pourquoi avons-nous besoin de 2 pass\u00e9s\u00a0?\",\"datePublished\":\"2018-07-30T08:18:18+00:00\",\"dateModified\":\"2019-04-18T09:58:58+00:00\",\"mainEntityOfPage\":{\"@id\":\"https:\/\/www.sprachschule-aktiv-muenchen.de\/fr\/preterit-ou-perfekt-pourquoi-avons-nous-besoin-de-2-passes\/\"},\"wordCount\":634,\"commentCount\":0,\"image\":{\"@id\":\"https:\/\/www.sprachschule-aktiv-muenchen.de\/fr\/preterit-ou-perfekt-pourquoi-avons-nous-besoin-de-2-passes\/#primaryimage\"},\"thumbnailUrl\":\"https:\/\/www.sprachschule-aktiv-muenchen.de\/wp-content\/uploads\/2018\/07\/preterit-ou-perfekt-pourquoi-avons-nous-besoin-de-passes.jpg\",\"articleSection\":[\"Apprendre l'allemand gratuitement\"],\"inLanguage\":\"fr-FR\"},{\"@type\":\"WebPage\",\"@id\":\"https:\/\/www.sprachschule-aktiv-muenchen.de\/fr\/preterit-ou-perfekt-pourquoi-avons-nous-besoin-de-2-passes\/\",\"url\":\"https:\/\/www.sprachschule-aktiv-muenchen.de\/fr\/preterit-ou-perfekt-pourquoi-avons-nous-besoin-de-2-passes\/\",\"name\":\"Pr\u00e9t\u00e9rit ou Perfekt - Pourquoi avons-nous besoin de 2 pass\u00e9s\u00a0?\",\"isPartOf\":{\"@id\":\"https:\/\/www.sprachschule-aktiv-muenchen.de\/#website\"},\"primaryImageOfPage\":{\"@id\":\"https:\/\/www.sprachschule-aktiv-muenchen.de\/fr\/preterit-ou-perfekt-pourquoi-avons-nous-besoin-de-2-passes\/#primaryimage\"},\"image\":{\"@id\":\"https:\/\/www.sprachschule-aktiv-muenchen.de\/fr\/preterit-ou-perfekt-pourquoi-avons-nous-besoin-de-2-passes\/#primaryimage\"},\"thumbnailUrl\":\"https:\/\/www.sprachschule-aktiv-muenchen.de\/wp-content\/uploads\/2018\/07\/preterit-ou-perfekt-pourquoi-avons-nous-besoin-de-passes.jpg\",\"datePublished\":\"2018-07-30T08:18:18+00:00\",\"dateModified\":\"2019-04-18T09:58:58+00:00\",\"author\":{\"@id\":\"https:\/\/www.sprachschule-aktiv-muenchen.de\/#\/schema\/person\/a74a6322db9745fd586f7e97f1ee5724\"},\"description\":\"Pr\u00e9t\u00e9rit ou parfait - D\u00e9finition, explication. Pourquoi avons-nous besoin de 2 pass\u00e9s? Pourquoi y a-t-il deux pass\u00e9s quand ils veulent dire la m\u00eame chose?\",\"breadcrumb\":{\"@id\":\"https:\/\/www.sprachschule-aktiv-muenchen.de\/fr\/preterit-ou-perfekt-pourquoi-avons-nous-besoin-de-2-passes\/#breadcrumb\"},\"inLanguage\":\"fr-FR\",\"potentialAction\":[{\"@type\":\"ReadAction\",\"target\":[\"https:\/\/www.sprachschule-aktiv-muenchen.de\/fr\/preterit-ou-perfekt-pourquoi-avons-nous-besoin-de-2-passes\/\"]}]},{\"@type\":\"ImageObject\",\"inLanguage\":\"fr-FR\",\"@id\":\"https:\/\/www.sprachschule-aktiv-muenchen.de\/fr\/preterit-ou-perfekt-pourquoi-avons-nous-besoin-de-2-passes\/#primaryimage\",\"url\":\"https:\/\/www.sprachschule-aktiv-muenchen.de\/wp-content\/uploads\/2018\/07\/preterit-ou-perfekt-pourquoi-avons-nous-besoin-de-passes.jpg\",\"contentUrl\":\"https:\/\/www.sprachschule-aktiv-muenchen.de\/wp-content\/uploads\/2018\/07\/preterit-ou-perfekt-pourquoi-avons-nous-besoin-de-passes.jpg\",\"width\":\"500\",\"height\":\"281\",\"caption\":\"Pr\u00e9t\u00e9rit ou Perfekt - Pourquoi avons-nous besoin de 2 pass\u00e9s\u00a0?\"},{\"@type\":\"BreadcrumbList\",\"@id\":\"https:\/\/www.sprachschule-aktiv-muenchen.de\/fr\/preterit-ou-perfekt-pourquoi-avons-nous-besoin-de-2-passes\/#breadcrumb\",\"itemListElement\":[{\"@type\":\"ListItem\",\"position\":1,\"name\":\"Portada\",\"item\":\"https:\/\/www.sprachschule-aktiv-muenchen.de\/fr\/\"},{\"@type\":\"ListItem\",\"position\":2,\"name\":\"Pr\u00e9t\u00e9rit ou Perfekt &#8211; Pourquoi avons-nous besoin de 2 pass\u00e9s\u00a0?\"}]},{\"@type\":\"WebSite\",\"@id\":\"https:\/\/www.sprachschule-aktiv-muenchen.de\/#website\",\"url\":\"https:\/\/www.sprachschule-aktiv-muenchen.de\/\",\"name\":\"Sprachschule Aktiv\",\"description\":\"\",\"potentialAction\":[{\"@type\":\"SearchAction\",\"target\":{\"@type\":\"EntryPoint\",\"urlTemplate\":\"https:\/\/www.sprachschule-aktiv-muenchen.de\/?s={search_term_string}\"},\"query-input\":{\"@type\":\"PropertyValueSpecification\",\"valueRequired\":true,\"valueName\":\"search_term_string\"}}],\"inLanguage\":\"fr-FR\"},{\"@type\":\"Person\",\"@id\":\"https:\/\/www.sprachschule-aktiv-muenchen.de\/#\/schema\/person\/a74a6322db9745fd586f7e97f1ee5724\",\"name\":\"Martin Polo\",\"image\":{\"@type\":\"ImageObject\",\"inLanguage\":\"fr-FR\",\"@id\":\"https:\/\/www.sprachschule-aktiv-muenchen.de\/#\/schema\/person\/image\/\",\"url\":\"https:\/\/secure.gravatar.com\/avatar\/2cbe6176b6be8b122284c50d9e7a11af9502529eae284fd73534defd313e4152?s=96&d=mm&r=g\",\"contentUrl\":\"https:\/\/secure.gravatar.com\/avatar\/2cbe6176b6be8b122284c50d9e7a11af9502529eae284fd73534defd313e4152?s=96&d=mm&r=g\",\"caption\":\"Martin Polo\"}}]}<\/script>\n<!-- \/ Yoast SEO plugin. -->","yoast_head_json":{"title":"Pr\u00e9t\u00e9rit ou Perfekt - Pourquoi avons-nous besoin de 2 pass\u00e9s\u00a0?","description":"Pr\u00e9t\u00e9rit ou parfait - D\u00e9finition, explication. Pourquoi avons-nous besoin de 2 pass\u00e9s? Pourquoi y a-t-il deux pass\u00e9s quand ils veulent dire la m\u00eame chose?","robots":{"index":"index","follow":"follow","max-snippet":"max-snippet:-1","max-image-preview":"max-image-preview:large","max-video-preview":"max-video-preview:-1"},"canonical":"https:\/\/www.sprachschule-aktiv-muenchen.de\/fr\/preterit-ou-perfekt-pourquoi-avons-nous-besoin-de-2-passes\/","og_locale":"fr_FR","og_type":"article","og_title":"Pr\u00e9t\u00e9rit ou Perfekt - Pourquoi avons-nous besoin de 2 pass\u00e9s\u00a0?","og_description":"Pr\u00e9t\u00e9rit ou parfait - D\u00e9finition, explication. Pourquoi avons-nous besoin de 2 pass\u00e9s? Pourquoi y a-t-il deux pass\u00e9s quand ils veulent dire la m\u00eame chose?","og_url":"https:\/\/www.sprachschule-aktiv-muenchen.de\/fr\/preterit-ou-perfekt-pourquoi-avons-nous-besoin-de-2-passes\/","og_site_name":"Sprachschule Aktiv","article_published_time":"2018-07-30T08:18:18+00:00","article_modified_time":"2019-04-18T09:58:58+00:00","og_image":[{"width":500,"height":281,"url":"https:\/\/www.sprachschule-aktiv-muenchen.de\/wp-content\/uploads\/2018\/07\/preterit-ou-perfekt-pourquoi-avons-nous-besoin-de-passes.jpg","type":"image\/jpeg"}],"author":"Martin Polo","twitter_card":"summary_large_image","twitter_misc":{"\u00c9crit par":"Martin Polo","Dur\u00e9e de lecture estim\u00e9e":"3 minutes"},"schema":{"@context":"https:\/\/schema.org","@graph":[{"@type":"Article","@id":"https:\/\/www.sprachschule-aktiv-muenchen.de\/fr\/preterit-ou-perfekt-pourquoi-avons-nous-besoin-de-2-passes\/#article","isPartOf":{"@id":"https:\/\/www.sprachschule-aktiv-muenchen.de\/fr\/preterit-ou-perfekt-pourquoi-avons-nous-besoin-de-2-passes\/"},"author":{"name":"Martin Polo","@id":"https:\/\/www.sprachschule-aktiv-muenchen.de\/#\/schema\/person\/a74a6322db9745fd586f7e97f1ee5724"},"headline":"Pr\u00e9t\u00e9rit ou Perfekt &#8211; Pourquoi avons-nous besoin de 2 pass\u00e9s\u00a0?","datePublished":"2018-07-30T08:18:18+00:00","dateModified":"2019-04-18T09:58:58+00:00","mainEntityOfPage":{"@id":"https:\/\/www.sprachschule-aktiv-muenchen.de\/fr\/preterit-ou-perfekt-pourquoi-avons-nous-besoin-de-2-passes\/"},"wordCount":634,"commentCount":0,"image":{"@id":"https:\/\/www.sprachschule-aktiv-muenchen.de\/fr\/preterit-ou-perfekt-pourquoi-avons-nous-besoin-de-2-passes\/#primaryimage"},"thumbnailUrl":"https:\/\/www.sprachschule-aktiv-muenchen.de\/wp-content\/uploads\/2018\/07\/preterit-ou-perfekt-pourquoi-avons-nous-besoin-de-passes.jpg","articleSection":["Apprendre l'allemand gratuitement"],"inLanguage":"fr-FR"},{"@type":"WebPage","@id":"https:\/\/www.sprachschule-aktiv-muenchen.de\/fr\/preterit-ou-perfekt-pourquoi-avons-nous-besoin-de-2-passes\/","url":"https:\/\/www.sprachschule-aktiv-muenchen.de\/fr\/preterit-ou-perfekt-pourquoi-avons-nous-besoin-de-2-passes\/","name":"Pr\u00e9t\u00e9rit ou Perfekt - Pourquoi avons-nous besoin de 2 pass\u00e9s\u00a0?","isPartOf":{"@id":"https:\/\/www.sprachschule-aktiv-muenchen.de\/#website"},"primaryImageOfPage":{"@id":"https:\/\/www.sprachschule-aktiv-muenchen.de\/fr\/preterit-ou-perfekt-pourquoi-avons-nous-besoin-de-2-passes\/#primaryimage"},"image":{"@id":"https:\/\/www.sprachschule-aktiv-muenchen.de\/fr\/preterit-ou-perfekt-pourquoi-avons-nous-besoin-de-2-passes\/#primaryimage"},"thumbnailUrl":"https:\/\/www.sprachschule-aktiv-muenchen.de\/wp-content\/uploads\/2018\/07\/preterit-ou-perfekt-pourquoi-avons-nous-besoin-de-passes.jpg","datePublished":"2018-07-30T08:18:18+00:00","dateModified":"2019-04-18T09:58:58+00:00","author":{"@id":"https:\/\/www.sprachschule-aktiv-muenchen.de\/#\/schema\/person\/a74a6322db9745fd586f7e97f1ee5724"},"description":"Pr\u00e9t\u00e9rit ou parfait - D\u00e9finition, explication. Pourquoi avons-nous besoin de 2 pass\u00e9s? Pourquoi y a-t-il deux pass\u00e9s quand ils veulent dire la m\u00eame chose?","breadcrumb":{"@id":"https:\/\/www.sprachschule-aktiv-muenchen.de\/fr\/preterit-ou-perfekt-pourquoi-avons-nous-besoin-de-2-passes\/#breadcrumb"},"inLanguage":"fr-FR","potentialAction":[{"@type":"ReadAction","target":["https:\/\/www.sprachschule-aktiv-muenchen.de\/fr\/preterit-ou-perfekt-pourquoi-avons-nous-besoin-de-2-passes\/"]}]},{"@type":"ImageObject","inLanguage":"fr-FR","@id":"https:\/\/www.sprachschule-aktiv-muenchen.de\/fr\/preterit-ou-perfekt-pourquoi-avons-nous-besoin-de-2-passes\/#primaryimage","url":"https:\/\/www.sprachschule-aktiv-muenchen.de\/wp-content\/uploads\/2018\/07\/preterit-ou-perfekt-pourquoi-avons-nous-besoin-de-passes.jpg","contentUrl":"https:\/\/www.sprachschule-aktiv-muenchen.de\/wp-content\/uploads\/2018\/07\/preterit-ou-perfekt-pourquoi-avons-nous-besoin-de-passes.jpg","width":"500","height":"281","caption":"Pr\u00e9t\u00e9rit ou Perfekt - Pourquoi avons-nous besoin de 2 pass\u00e9s\u00a0?"},{"@type":"BreadcrumbList","@id":"https:\/\/www.sprachschule-aktiv-muenchen.de\/fr\/preterit-ou-perfekt-pourquoi-avons-nous-besoin-de-2-passes\/#breadcrumb","itemListElement":[{"@type":"ListItem","position":1,"name":"Portada","item":"https:\/\/www.sprachschule-aktiv-muenchen.de\/fr\/"},{"@type":"ListItem","position":2,"name":"Pr\u00e9t\u00e9rit ou Perfekt &#8211; Pourquoi avons-nous besoin de 2 pass\u00e9s\u00a0?"}]},{"@type":"WebSite","@id":"https:\/\/www.sprachschule-aktiv-muenchen.de\/#website","url":"https:\/\/www.sprachschule-aktiv-muenchen.de\/","name":"Sprachschule Aktiv","description":"","potentialAction":[{"@type":"SearchAction","target":{"@type":"EntryPoint","urlTemplate":"https:\/\/www.sprachschule-aktiv-muenchen.de\/?s={search_term_string}"},"query-input":{"@type":"PropertyValueSpecification","valueRequired":true,"valueName":"search_term_string"}}],"inLanguage":"fr-FR"},{"@type":"Person","@id":"https:\/\/www.sprachschule-aktiv-muenchen.de\/#\/schema\/person\/a74a6322db9745fd586f7e97f1ee5724","name":"Martin Polo","image":{"@type":"ImageObject","inLanguage":"fr-FR","@id":"https:\/\/www.sprachschule-aktiv-muenchen.de\/#\/schema\/person\/image\/","url":"https:\/\/secure.gravatar.com\/avatar\/2cbe6176b6be8b122284c50d9e7a11af9502529eae284fd73534defd313e4152?s=96&d=mm&r=g","contentUrl":"https:\/\/secure.gravatar.com\/avatar\/2cbe6176b6be8b122284c50d9e7a11af9502529eae284fd73534defd313e4152?s=96&d=mm&r=g","caption":"Martin Polo"}}]}},"_links":{"self":[{"href":"https:\/\/www.sprachschule-aktiv-muenchen.de\/fr\/wp-json\/wp\/v2\/posts\/45334","targetHints":{"allow":["GET"]}}],"collection":[{"href":"https:\/\/www.sprachschule-aktiv-muenchen.de\/fr\/wp-json\/wp\/v2\/posts"}],"about":[{"href":"https:\/\/www.sprachschule-aktiv-muenchen.de\/fr\/wp-json\/wp\/v2\/types\/post"}],"author":[{"embeddable":true,"href":"https:\/\/www.sprachschule-aktiv-muenchen.de\/fr\/wp-json\/wp\/v2\/users\/2"}],"replies":[{"embeddable":true,"href":"https:\/\/www.sprachschule-aktiv-muenchen.de\/fr\/wp-json\/wp\/v2\/comments?post=45334"}],"version-history":[{"count":0,"href":"https:\/\/www.sprachschule-aktiv-muenchen.de\/fr\/wp-json\/wp\/v2\/posts\/45334\/revisions"}],"wp:featuredmedia":[{"embeddable":true,"href":"https:\/\/www.sprachschule-aktiv-muenchen.de\/fr\/wp-json\/wp\/v2\/media\/45340"}],"wp:attachment":[{"href":"https:\/\/www.sprachschule-aktiv-muenchen.de\/fr\/wp-json\/wp\/v2\/media?parent=45334"}],"wp:term":[{"taxonomy":"category","embeddable":true,"href":"https:\/\/www.sprachschule-aktiv-muenchen.de\/fr\/wp-json\/wp\/v2\/categories?post=45334"},{"taxonomy":"post_tag","embeddable":true,"href":"https:\/\/www.sprachschule-aktiv-muenchen.de\/fr\/wp-json\/wp\/v2\/tags?post=45334"}],"curies":[{"name":"wp","href":"https:\/\/api.w.org\/{rel}","templated":true}]}}