{"id":45260,"date":"2018-07-15T07:49:12","date_gmt":"2018-07-15T05:49:12","guid":{"rendered":"https:\/\/www.sprachschule-aktiv-muenchen.de\/?p=45260"},"modified":"2019-04-18T12:04:05","modified_gmt":"2019-04-18T10:04:05","slug":"machen-ou-tun-difference-et-explication","status":"publish","type":"post","link":"https:\/\/www.sprachschule-aktiv-muenchen.de\/fr\/machen-ou-tun-difference-et-explication\/","title":{"rendered":"Machen ou tun &#8211; diff\u00e9rence et explication"},"content":{"rendered":"<h1><strong>Machen ou tun &#8211; diff\u00e9rence et explication<\/strong><\/h1>\n<p>Ces deux verbes ont une signification tr\u00e8s similaire. La diff\u00e9rence est faible mais importante: &#8220;machen&#8221; est tr\u00e8s souvent utilis\u00e9, &#8220;tun&#8221; n&#8217;est utilis\u00e9 que dans certains cas. Alors, Machen ou tun \u2013 diff\u00e9rence et explication.<\/p>\n<h2><strong>Quand est-ce que j&#8217;utilise le verbe machen?<\/strong><\/h2>\n<p><strong>&#8220;machen&#8221; est souvent utilis\u00e9 lors de la cr\u00e9ation, de la recr\u00e9ation de quelque chose ou lors de la cuisson. On parle d&#8217;un processus.<\/strong><\/p>\n<p><strong>Conjugaison<\/strong>:\u00a0\u00a0\u00a0\u00a0 ich mache, du machst, er macht\u2026<\/p>\n<p><strong>Pr\u00e9t\u00e9rit<\/strong>:\u00a0\u00a0\u00a0\u00a0\u00a0\u00a0\u00a0 ich machte, du machtest, er machte\u2026<\/p>\n<p><strong>Perfekt<\/strong>:\u00a0\u00a0\u00a0\u00a0\u00a0\u00a0\u00a0\u00a0\u00a0\u00a0\u00a0\u00a0\u00a0\u00a0 ich habe\u2026gemacht.<\/p>\n<p>\u201eIch mache viele Fotos.\u201c<\/p>\n<p>\u201eIhr macht einen Deutschkurs.\u201c<\/p>\n<p>\u201eHeute mache ich Pizza.\u201c<\/p>\n<h2><strong>Quand est-ce que j&#8217;utilise le verbe tun?<\/strong><\/h2>\n<p><strong>&#8220;tun&#8221; signifie g\u00e9n\u00e9ralement que vous faites une activit\u00e9 ou que vous faites quelque chose:<\/strong><\/p>\n<p><strong>Conjugaison<\/strong>:\u00a0\u00a0\u00a0\u00a0 ich tu(e) (m\u00fcndlich oft \u201eich tu\u201c), du tust, er tut, wir tun, ihr tut, sie tun.<\/p>\n<p><strong>Pr\u00e9t\u00e9rit<\/strong>:\u00a0\u00a0\u00a0\u00a0\u00a0\u00a0\u00a0 ich tat, du tat(e)st, er tat, wir taten, ihr tatet, sie taten<\/p>\n<p><strong>Perfekt<\/strong>:\u00a0\u00a0\u00a0\u00a0\u00a0\u00a0\u00a0\u00a0\u00a0\u00a0\u00a0\u00a0\u00a0\u00a0 ich habe\u2026getan.<\/p>\n<ul>\n<li>die Tat<\/li>\n<\/ul>\n<p>\u201eWas\u00a0<strong>tust<\/strong>\u00a0du?\u201c = \u201eWas machst du?\u201c (Que fais-tu?)<\/p>\n<p>\u201eHeute will ich zuhause bleiben und den ganzen Tag lang nichts\u00a0<strong>tun<\/strong>\u00a0(oder \u201enichts machen\u201c).\u201c<\/p>\n<p>\u201eIch h\u00e4tte alles f\u00fcr sie\u00a0<strong>getan<\/strong>.\u201c\u00a0\u00a0 \u00a0\u00a0\u00a0\u00a0\u00a0\u00a0\u00a0\u00a0\u00a0\u00a0\u00a0\u00a0\u00a0\u00a0\u00a0 (\u201eJ\u2019aurais tout fait pour elle\u201c)<\/p>\n<h2><strong>Certaines choses peuvent seulement \u00eatre dites de &#8220;faire&#8221; mais jamais &#8220;faire&#8221;. On devrait apprendre ces expressions\u00a0:<\/strong><\/h2>\n<p>\u201eMein Kopf\u00a0<strong>tut<\/strong>\u00a0<strong>weh<\/strong>. \u201c\u00a0\u00a0\u00a0\u00a0\u00a0\u00a0\u00a0\u00a0\u00a0\u00a0\u00a0\u00a0\u00a0\u00a0\u00a0\u00a0\u00a0\u00a0\u00a0\u00a0\u00a0\u00a0\u00a0\u00a0\u00a0\u00a0\u00a0\u00a0\u00a0\u00a0\u00a0\u00a0\u00a0\u00a0 \u00e0 wehtun<\/p>\n<p>\u201eDie Massage\u00a0<strong>tat<\/strong>\u00a0wirklich\u00a0<strong>gut<\/strong>.\u201c \u00e0 guttun<\/p>\n<p>\u201eDas\u00a0<strong>hat<\/strong>\u00a0<strong>nichts<\/strong>\u00a0mit Magie\u00a0<strong>zu<\/strong>\u00a0<strong>tun<\/strong>.\u201c \u00a0\u00a0\u00a0\u00a0\u00a0\u00a0\u00a0\u00a0 \u00e0 etwas zu tun haben mit<\/p>\n<p>\u201eOh,\u00a0<strong>tut<\/strong>\u00a0mir\u00a0<strong>Leid<\/strong>!\u201c\u00a0\u00a0\u00a0\u00a0\u00a0\u00a0\u00a0\u00a0\u00a0\u00a0\u00a0\u00a0\u00a0\u00a0\u00a0\u00a0\u00a0\u00a0\u00a0\u00a0\u00a0\u00a0\u00a0\u00a0\u00a0\u00a0\u00a0\u00a0\u00a0\u00a0\u00a0\u00a0\u00a0\u00a0\u00a0\u00a0\u00a0\u00a0\u00a0\u00a0 \u00e0 Leid tun \/ leidtun<\/p>\n<p>\u201eWir\u00a0<strong>tun<\/strong>\u00a0<strong>(so),<\/strong>\u00a0<strong>als<\/strong>\u00a0<strong>ob<\/strong>\u00a0wir Touristen w\u00e4ren.\u201c \u00e0 tun, als ob<br \/>\n(Nous faisons comme si nous \u00e9tions des touristes.)<\/p>\n<p>\u201eEr\u00a0<strong>w\u00fcrde<\/strong>\u00a0<strong>gut<\/strong>\u00a0<strong>daran tun<\/strong>, sich mit dem Professor an<strong>zu<\/strong>freunden.\u201c<\/p>\n<p>(Il ferait bien de faire des amis avec le professeur.)<\/p>\n<h2><strong>Vous pouvez \u00e9galement utiliser &#8220;tun&#8221; avec des adjectifs nominaux:<\/strong><\/h2>\n<p>\u201eWir wollen immer\u00a0<strong>Gutes<\/strong>\u00a0<strong>tun<\/strong>.\u201c<\/p>\n<p>\u201eIch will\u00a0<strong>nichts<\/strong>\u00a0<strong>Verbotenes<\/strong>\u00a0<strong>tun<\/strong>.\u201c<\/p>\n<p>\u201eDiese Organisation\u00a0<strong>tut<\/strong>\u00a0<strong>viel<\/strong>\u00a0<strong>N\u00fctzliches<\/strong>\u00a0f\u00fcr die Stadt.\u201c<\/p>\n<p>&#8220;machen&#8221; est tr\u00e8s utilis\u00e9, surtout avec des activit\u00e9s concr\u00e8tes\u00a0:<\/p>\n<p>\u201eIhr habt eure\u00a0<strong>Hausaufgaben<\/strong>\u00a0schon\u00a0<strong>gemacht<\/strong>.\u201c \/ \u201eWie\u00a0<strong>machst<\/strong>\u00a0du\u00a0<strong>das<\/strong>? Ich will das auch k\u00f6nnen!\u201c<\/p>\n<p>F\u00fcr das Wort \u201etun\u201c ist es gut, wenn ihr praktische S\u00e4tze auswendig lernt.<\/p>\n<p>Ou:\u00a0<strong>Ihr tut gut daran<\/strong>, praktische S\u00e4tze mit \u201etun\u201c auswendig\u00a0<strong>zu<\/strong>\u00a0lernen.<\/p>\n<p>Bonne chance\u00a0!<\/p>\n","protected":false},"excerpt":{"rendered":"<p>Machen ou tun &#8211; diff\u00e9rence et explication Ces deux verbes ont une signification tr\u00e8s similaire. La diff\u00e9rence est faible mais importante: &#8220;machen&#8221; est tr\u00e8s souvent utilis\u00e9, &#8220;tun&#8221; n&#8217;est utilis\u00e9 que dans certains cas. Alors, Machen ou tun \u2013 diff\u00e9rence et explication. Quand est-ce que j&#8217;utilise le verbe machen? &#8220;machen&#8221; est souvent utilis\u00e9 lors de la [&hellip;]<\/p>\n","protected":false},"author":2,"featured_media":45261,"comment_status":"open","ping_status":"open","sticky":false,"template":"","format":"standard","meta":{"footnotes":""},"categories":[10],"tags":[],"class_list":["post-45260","post","type-post","status-publish","format-standard","has-post-thumbnail","hentry","category-apprendre-allemand-gratuitement"],"yoast_head":"<!-- This site is optimized with the Yoast SEO plugin v27.1.1 - https:\/\/yoast.com\/product\/yoast-seo-wordpress\/ -->\n<title>Machen ou tun - diff\u00e9rence et explication - apprendre l&#039;allemand<\/title>\n<meta name=\"description\" content=\"Ces deux verbes ont une signification tr\u00e8s similaire. Alors, quand utilise-t-on &quot;machen&quot;, quand utilise-t-on &quot;tun&quot;?\" \/>\n<meta name=\"robots\" content=\"index, follow, max-snippet:-1, max-image-preview:large, max-video-preview:-1\" \/>\n<link rel=\"canonical\" href=\"https:\/\/www.sprachschule-aktiv-muenchen.de\/fr\/machen-ou-tun-difference-et-explication\/\" \/>\n<meta property=\"og:locale\" content=\"fr_FR\" \/>\n<meta property=\"og:type\" content=\"article\" \/>\n<meta property=\"og:title\" content=\"Machen ou tun - diff\u00e9rence et explication - apprendre l&#039;allemand\" \/>\n<meta property=\"og:description\" content=\"Ces deux verbes ont une signification tr\u00e8s similaire. Alors, quand utilise-t-on &quot;machen&quot;, quand utilise-t-on &quot;tun&quot;?\" \/>\n<meta property=\"og:url\" content=\"https:\/\/www.sprachschule-aktiv-muenchen.de\/fr\/machen-ou-tun-difference-et-explication\/\" \/>\n<meta property=\"og:site_name\" content=\"Sprachschule Aktiv\" \/>\n<meta property=\"article:published_time\" content=\"2018-07-15T05:49:12+00:00\" \/>\n<meta property=\"article:modified_time\" content=\"2019-04-18T10:04:05+00:00\" \/>\n<meta property=\"og:image\" content=\"https:\/\/www.sprachschule-aktiv-muenchen.de\/wp-content\/uploads\/2018\/07\/machen-ou-tun-difference-et-explication.jpg\" \/>\n\t<meta property=\"og:image:width\" content=\"500\" \/>\n\t<meta property=\"og:image:height\" content=\"281\" \/>\n\t<meta property=\"og:image:type\" content=\"image\/jpeg\" \/>\n<meta name=\"author\" content=\"Martin Polo\" \/>\n<meta name=\"twitter:card\" content=\"summary_large_image\" \/>\n<meta name=\"twitter:label1\" content=\"\u00c9crit par\" \/>\n\t<meta name=\"twitter:data1\" content=\"Martin Polo\" \/>\n\t<meta name=\"twitter:label2\" content=\"Dur\u00e9e de lecture estim\u00e9e\" \/>\n\t<meta name=\"twitter:data2\" content=\"2 minutes\" \/>\n<script type=\"application\/ld+json\" class=\"yoast-schema-graph\">{\"@context\":\"https:\/\/schema.org\",\"@graph\":[{\"@type\":\"Article\",\"@id\":\"https:\/\/www.sprachschule-aktiv-muenchen.de\/fr\/machen-ou-tun-difference-et-explication\/#article\",\"isPartOf\":{\"@id\":\"https:\/\/www.sprachschule-aktiv-muenchen.de\/fr\/machen-ou-tun-difference-et-explication\/\"},\"author\":{\"name\":\"Martin Polo\",\"@id\":\"https:\/\/www.sprachschule-aktiv-muenchen.de\/#\/schema\/person\/a74a6322db9745fd586f7e97f1ee5724\"},\"headline\":\"Machen ou tun &#8211; diff\u00e9rence et explication\",\"datePublished\":\"2018-07-15T05:49:12+00:00\",\"dateModified\":\"2019-04-18T10:04:05+00:00\",\"mainEntityOfPage\":{\"@id\":\"https:\/\/www.sprachschule-aktiv-muenchen.de\/fr\/machen-ou-tun-difference-et-explication\/\"},\"wordCount\":397,\"commentCount\":0,\"image\":{\"@id\":\"https:\/\/www.sprachschule-aktiv-muenchen.de\/fr\/machen-ou-tun-difference-et-explication\/#primaryimage\"},\"thumbnailUrl\":\"https:\/\/www.sprachschule-aktiv-muenchen.de\/wp-content\/uploads\/2018\/07\/machen-ou-tun-difference-et-explication.jpg\",\"articleSection\":[\"Apprendre l'allemand gratuitement\"],\"inLanguage\":\"fr-FR\"},{\"@type\":\"WebPage\",\"@id\":\"https:\/\/www.sprachschule-aktiv-muenchen.de\/fr\/machen-ou-tun-difference-et-explication\/\",\"url\":\"https:\/\/www.sprachschule-aktiv-muenchen.de\/fr\/machen-ou-tun-difference-et-explication\/\",\"name\":\"Machen ou tun - diff\u00e9rence et explication - apprendre l'allemand\",\"isPartOf\":{\"@id\":\"https:\/\/www.sprachschule-aktiv-muenchen.de\/#website\"},\"primaryImageOfPage\":{\"@id\":\"https:\/\/www.sprachschule-aktiv-muenchen.de\/fr\/machen-ou-tun-difference-et-explication\/#primaryimage\"},\"image\":{\"@id\":\"https:\/\/www.sprachschule-aktiv-muenchen.de\/fr\/machen-ou-tun-difference-et-explication\/#primaryimage\"},\"thumbnailUrl\":\"https:\/\/www.sprachschule-aktiv-muenchen.de\/wp-content\/uploads\/2018\/07\/machen-ou-tun-difference-et-explication.jpg\",\"datePublished\":\"2018-07-15T05:49:12+00:00\",\"dateModified\":\"2019-04-18T10:04:05+00:00\",\"author\":{\"@id\":\"https:\/\/www.sprachschule-aktiv-muenchen.de\/#\/schema\/person\/a74a6322db9745fd586f7e97f1ee5724\"},\"description\":\"Ces deux verbes ont une signification tr\u00e8s similaire. Alors, quand utilise-t-on \\\"machen\\\", quand utilise-t-on \\\"tun\\\"?\",\"breadcrumb\":{\"@id\":\"https:\/\/www.sprachschule-aktiv-muenchen.de\/fr\/machen-ou-tun-difference-et-explication\/#breadcrumb\"},\"inLanguage\":\"fr-FR\",\"potentialAction\":[{\"@type\":\"ReadAction\",\"target\":[\"https:\/\/www.sprachschule-aktiv-muenchen.de\/fr\/machen-ou-tun-difference-et-explication\/\"]}]},{\"@type\":\"ImageObject\",\"inLanguage\":\"fr-FR\",\"@id\":\"https:\/\/www.sprachschule-aktiv-muenchen.de\/fr\/machen-ou-tun-difference-et-explication\/#primaryimage\",\"url\":\"https:\/\/www.sprachschule-aktiv-muenchen.de\/wp-content\/uploads\/2018\/07\/machen-ou-tun-difference-et-explication.jpg\",\"contentUrl\":\"https:\/\/www.sprachschule-aktiv-muenchen.de\/wp-content\/uploads\/2018\/07\/machen-ou-tun-difference-et-explication.jpg\",\"width\":\"500\",\"height\":\"281\",\"caption\":\"Machen ou tun - diff\u00e9rence et explication\"},{\"@type\":\"BreadcrumbList\",\"@id\":\"https:\/\/www.sprachschule-aktiv-muenchen.de\/fr\/machen-ou-tun-difference-et-explication\/#breadcrumb\",\"itemListElement\":[{\"@type\":\"ListItem\",\"position\":1,\"name\":\"Portada\",\"item\":\"https:\/\/www.sprachschule-aktiv-muenchen.de\/fr\/\"},{\"@type\":\"ListItem\",\"position\":2,\"name\":\"Machen ou tun &#8211; diff\u00e9rence et explication\"}]},{\"@type\":\"WebSite\",\"@id\":\"https:\/\/www.sprachschule-aktiv-muenchen.de\/#website\",\"url\":\"https:\/\/www.sprachschule-aktiv-muenchen.de\/\",\"name\":\"Sprachschule Aktiv\",\"description\":\"\",\"potentialAction\":[{\"@type\":\"SearchAction\",\"target\":{\"@type\":\"EntryPoint\",\"urlTemplate\":\"https:\/\/www.sprachschule-aktiv-muenchen.de\/?s={search_term_string}\"},\"query-input\":{\"@type\":\"PropertyValueSpecification\",\"valueRequired\":true,\"valueName\":\"search_term_string\"}}],\"inLanguage\":\"fr-FR\"},{\"@type\":\"Person\",\"@id\":\"https:\/\/www.sprachschule-aktiv-muenchen.de\/#\/schema\/person\/a74a6322db9745fd586f7e97f1ee5724\",\"name\":\"Martin Polo\",\"image\":{\"@type\":\"ImageObject\",\"inLanguage\":\"fr-FR\",\"@id\":\"https:\/\/www.sprachschule-aktiv-muenchen.de\/#\/schema\/person\/image\/\",\"url\":\"https:\/\/secure.gravatar.com\/avatar\/2cbe6176b6be8b122284c50d9e7a11af9502529eae284fd73534defd313e4152?s=96&d=mm&r=g\",\"contentUrl\":\"https:\/\/secure.gravatar.com\/avatar\/2cbe6176b6be8b122284c50d9e7a11af9502529eae284fd73534defd313e4152?s=96&d=mm&r=g\",\"caption\":\"Martin Polo\"}}]}<\/script>\n<!-- \/ Yoast SEO plugin. -->","yoast_head_json":{"title":"Machen ou tun - diff\u00e9rence et explication - apprendre l'allemand","description":"Ces deux verbes ont une signification tr\u00e8s similaire. Alors, quand utilise-t-on \"machen\", quand utilise-t-on \"tun\"?","robots":{"index":"index","follow":"follow","max-snippet":"max-snippet:-1","max-image-preview":"max-image-preview:large","max-video-preview":"max-video-preview:-1"},"canonical":"https:\/\/www.sprachschule-aktiv-muenchen.de\/fr\/machen-ou-tun-difference-et-explication\/","og_locale":"fr_FR","og_type":"article","og_title":"Machen ou tun - diff\u00e9rence et explication - apprendre l'allemand","og_description":"Ces deux verbes ont une signification tr\u00e8s similaire. Alors, quand utilise-t-on \"machen\", quand utilise-t-on \"tun\"?","og_url":"https:\/\/www.sprachschule-aktiv-muenchen.de\/fr\/machen-ou-tun-difference-et-explication\/","og_site_name":"Sprachschule Aktiv","article_published_time":"2018-07-15T05:49:12+00:00","article_modified_time":"2019-04-18T10:04:05+00:00","og_image":[{"width":500,"height":281,"url":"https:\/\/www.sprachschule-aktiv-muenchen.de\/wp-content\/uploads\/2018\/07\/machen-ou-tun-difference-et-explication.jpg","type":"image\/jpeg"}],"author":"Martin Polo","twitter_card":"summary_large_image","twitter_misc":{"\u00c9crit par":"Martin Polo","Dur\u00e9e de lecture estim\u00e9e":"2 minutes"},"schema":{"@context":"https:\/\/schema.org","@graph":[{"@type":"Article","@id":"https:\/\/www.sprachschule-aktiv-muenchen.de\/fr\/machen-ou-tun-difference-et-explication\/#article","isPartOf":{"@id":"https:\/\/www.sprachschule-aktiv-muenchen.de\/fr\/machen-ou-tun-difference-et-explication\/"},"author":{"name":"Martin Polo","@id":"https:\/\/www.sprachschule-aktiv-muenchen.de\/#\/schema\/person\/a74a6322db9745fd586f7e97f1ee5724"},"headline":"Machen ou tun &#8211; diff\u00e9rence et explication","datePublished":"2018-07-15T05:49:12+00:00","dateModified":"2019-04-18T10:04:05+00:00","mainEntityOfPage":{"@id":"https:\/\/www.sprachschule-aktiv-muenchen.de\/fr\/machen-ou-tun-difference-et-explication\/"},"wordCount":397,"commentCount":0,"image":{"@id":"https:\/\/www.sprachschule-aktiv-muenchen.de\/fr\/machen-ou-tun-difference-et-explication\/#primaryimage"},"thumbnailUrl":"https:\/\/www.sprachschule-aktiv-muenchen.de\/wp-content\/uploads\/2018\/07\/machen-ou-tun-difference-et-explication.jpg","articleSection":["Apprendre l'allemand gratuitement"],"inLanguage":"fr-FR"},{"@type":"WebPage","@id":"https:\/\/www.sprachschule-aktiv-muenchen.de\/fr\/machen-ou-tun-difference-et-explication\/","url":"https:\/\/www.sprachschule-aktiv-muenchen.de\/fr\/machen-ou-tun-difference-et-explication\/","name":"Machen ou tun - diff\u00e9rence et explication - apprendre l'allemand","isPartOf":{"@id":"https:\/\/www.sprachschule-aktiv-muenchen.de\/#website"},"primaryImageOfPage":{"@id":"https:\/\/www.sprachschule-aktiv-muenchen.de\/fr\/machen-ou-tun-difference-et-explication\/#primaryimage"},"image":{"@id":"https:\/\/www.sprachschule-aktiv-muenchen.de\/fr\/machen-ou-tun-difference-et-explication\/#primaryimage"},"thumbnailUrl":"https:\/\/www.sprachschule-aktiv-muenchen.de\/wp-content\/uploads\/2018\/07\/machen-ou-tun-difference-et-explication.jpg","datePublished":"2018-07-15T05:49:12+00:00","dateModified":"2019-04-18T10:04:05+00:00","author":{"@id":"https:\/\/www.sprachschule-aktiv-muenchen.de\/#\/schema\/person\/a74a6322db9745fd586f7e97f1ee5724"},"description":"Ces deux verbes ont une signification tr\u00e8s similaire. Alors, quand utilise-t-on \"machen\", quand utilise-t-on \"tun\"?","breadcrumb":{"@id":"https:\/\/www.sprachschule-aktiv-muenchen.de\/fr\/machen-ou-tun-difference-et-explication\/#breadcrumb"},"inLanguage":"fr-FR","potentialAction":[{"@type":"ReadAction","target":["https:\/\/www.sprachschule-aktiv-muenchen.de\/fr\/machen-ou-tun-difference-et-explication\/"]}]},{"@type":"ImageObject","inLanguage":"fr-FR","@id":"https:\/\/www.sprachschule-aktiv-muenchen.de\/fr\/machen-ou-tun-difference-et-explication\/#primaryimage","url":"https:\/\/www.sprachschule-aktiv-muenchen.de\/wp-content\/uploads\/2018\/07\/machen-ou-tun-difference-et-explication.jpg","contentUrl":"https:\/\/www.sprachschule-aktiv-muenchen.de\/wp-content\/uploads\/2018\/07\/machen-ou-tun-difference-et-explication.jpg","width":"500","height":"281","caption":"Machen ou tun - diff\u00e9rence et explication"},{"@type":"BreadcrumbList","@id":"https:\/\/www.sprachschule-aktiv-muenchen.de\/fr\/machen-ou-tun-difference-et-explication\/#breadcrumb","itemListElement":[{"@type":"ListItem","position":1,"name":"Portada","item":"https:\/\/www.sprachschule-aktiv-muenchen.de\/fr\/"},{"@type":"ListItem","position":2,"name":"Machen ou tun &#8211; diff\u00e9rence et explication"}]},{"@type":"WebSite","@id":"https:\/\/www.sprachschule-aktiv-muenchen.de\/#website","url":"https:\/\/www.sprachschule-aktiv-muenchen.de\/","name":"Sprachschule Aktiv","description":"","potentialAction":[{"@type":"SearchAction","target":{"@type":"EntryPoint","urlTemplate":"https:\/\/www.sprachschule-aktiv-muenchen.de\/?s={search_term_string}"},"query-input":{"@type":"PropertyValueSpecification","valueRequired":true,"valueName":"search_term_string"}}],"inLanguage":"fr-FR"},{"@type":"Person","@id":"https:\/\/www.sprachschule-aktiv-muenchen.de\/#\/schema\/person\/a74a6322db9745fd586f7e97f1ee5724","name":"Martin Polo","image":{"@type":"ImageObject","inLanguage":"fr-FR","@id":"https:\/\/www.sprachschule-aktiv-muenchen.de\/#\/schema\/person\/image\/","url":"https:\/\/secure.gravatar.com\/avatar\/2cbe6176b6be8b122284c50d9e7a11af9502529eae284fd73534defd313e4152?s=96&d=mm&r=g","contentUrl":"https:\/\/secure.gravatar.com\/avatar\/2cbe6176b6be8b122284c50d9e7a11af9502529eae284fd73534defd313e4152?s=96&d=mm&r=g","caption":"Martin Polo"}}]}},"_links":{"self":[{"href":"https:\/\/www.sprachschule-aktiv-muenchen.de\/fr\/wp-json\/wp\/v2\/posts\/45260","targetHints":{"allow":["GET"]}}],"collection":[{"href":"https:\/\/www.sprachschule-aktiv-muenchen.de\/fr\/wp-json\/wp\/v2\/posts"}],"about":[{"href":"https:\/\/www.sprachschule-aktiv-muenchen.de\/fr\/wp-json\/wp\/v2\/types\/post"}],"author":[{"embeddable":true,"href":"https:\/\/www.sprachschule-aktiv-muenchen.de\/fr\/wp-json\/wp\/v2\/users\/2"}],"replies":[{"embeddable":true,"href":"https:\/\/www.sprachschule-aktiv-muenchen.de\/fr\/wp-json\/wp\/v2\/comments?post=45260"}],"version-history":[{"count":0,"href":"https:\/\/www.sprachschule-aktiv-muenchen.de\/fr\/wp-json\/wp\/v2\/posts\/45260\/revisions"}],"wp:featuredmedia":[{"embeddable":true,"href":"https:\/\/www.sprachschule-aktiv-muenchen.de\/fr\/wp-json\/wp\/v2\/media\/45261"}],"wp:attachment":[{"href":"https:\/\/www.sprachschule-aktiv-muenchen.de\/fr\/wp-json\/wp\/v2\/media?parent=45260"}],"wp:term":[{"taxonomy":"category","embeddable":true,"href":"https:\/\/www.sprachschule-aktiv-muenchen.de\/fr\/wp-json\/wp\/v2\/categories?post=45260"},{"taxonomy":"post_tag","embeddable":true,"href":"https:\/\/www.sprachschule-aktiv-muenchen.de\/fr\/wp-json\/wp\/v2\/tags?post=45260"}],"curies":[{"name":"wp","href":"https:\/\/api.w.org\/{rel}","templated":true}]}}