{"id":43293,"date":"2018-02-27T15:02:32","date_gmt":"2018-02-27T14:02:32","guid":{"rendered":"https:\/\/www.sprachschule-aktiv-muenchen.de\/?p=43293"},"modified":"2021-08-25T05:49:27","modified_gmt":"2021-08-25T03:49:27","slug":"verbes-trennbare-allemand","status":"publish","type":"post","link":"https:\/\/www.sprachschule-aktiv-muenchen.de\/fr\/verbes-trennbare-allemand\/","title":{"rendered":"Verbes \u00e0 pr\u00e9fixes s\u00e9pareables et ins\u00e9parable en allemand"},"content":{"rendered":"<h1>Verbes \u00e0 pr\u00e9fixes s\u00e9parables et ins\u00e9parables en Allemand<\/h1>\n<p>Laufen, entlaufen, auslaufen (courir, s\u2019enfuir, expirer) : de nombreux verbes allemands peuvent avoir un sens compl\u00e8tement diff\u00e9rent s\u2019ils ont ou non un pr\u00e9fixe. Lorsque les verbes sont conjugu\u00e9s, il arrive souvent que la particule soit s\u00e9par\u00e9e de la forme verbale conjugu\u00e9e. On parle alors de verbe \u00ab trennbare \u00bb c\u2019est-\u00e0-dire \u00e0 particule s\u00e9par\u00e9e. Si le pr\u00e9fixe reste attach\u00e9 \u00e0 la forme verbale conjugu\u00e9e, il s\u2019agit alors d\u2019un verbe ins\u00e9parable. Que le verbe soit s\u00e9par\u00e9 ou non de la particule d\u00e9pend du type de pr\u00e9fixe utilis\u00e9. <span class=\"tlid-translation translation\" lang=\"fr\"><span class=\"\" title=\"\">Lisez notre blog:<\/span><\/span> Verbes \u00e0 pr\u00e9fixes s\u00e9parables et ins\u00e9parables en Allemand- Apprendre l&#8217;allemand.<\/p>\n<h2>Trennbare Pr\u00e4fixe &#8211; Pr\u00e9fixes s\u00e9parables<\/h2>\n<p>La majorit\u00e9 des pr\u00e9fixes allemands sont s\u00e9par\u00e9s du verbe sous forme conjugu\u00e9e. C\u2019est-\u00e0-dire que le pr\u00e9fixe, qui est une partie du verbe infinitif se trouve toujours \u00e0 la fin de la phrase lorsque le verbe est conjugu\u00e9.<\/p>\n<p>Exemples\u00a0: anrufen (appeler) \u00e0 Ich rufe dich sp\u00e4ter an. Je t\u2019appelle plus tard.<\/p>\n<p>einladen (inviter) \u00e0 L\u00e4dst du mich zum Geburstag ein\u00a0? M\u2019invites-tu pour un anniversaire\u00a0?<\/p>\n<h2>Les pr\u00e9fixes suivants sont s\u00e9parables:<\/h2>\n<p>an-, auf-, ab-, aus-, bei-, da-, ein-, mit-, vor-, zu-, hin-, her-, nach-, los-, weiter-, rein-, raus-, weg-, gegen-, hoch-, runter-, r\u00fcber-, entlang-, empor-, entgegen-, fern-, fest-, fort-, nieder-, zurecht-, zusammen-, auseinander-, entzwei-, gegen\u00fcber-, heim-, hinterher-.<\/p>\n<p>En r\u00e8gle g\u00e9n\u00e9rale, si l\u2019accent est mis sur le pr\u00e9fixe alors le verbe est s\u00e9parable, si ce n\u2019est pas le cas il ne l\u2019est pas. Si le pr\u00e9fixe existe en tant que tel g\u00e9n\u00e9ralement en tant que pr\u00e9position, alors le verbe est presque toujours \u00e0 particule s\u00e9parable, c\u2019est-\u00e0-dire trennbare.<\/p>\n<a href=\"https:\/\/www.sprachschule-aktiv-muenchen.de\/fr\/cours-intensifs-dallemand\/\"><img decoding=\"async\" class=\"aligncenter size-full wp-image-57224\" src=\"https:\/\/www.sprachschule-aktiv-muenchen.de\/wp-content\/uploads\/2020\/06\/angebot-deutsch-intensivkurse-muenchen.jpg\" alt=\"Angebot Deutsch Intensivkurse in M\u00fcnchen\" width=\"494\" height=\"468\" srcset=\"https:\/\/www.sprachschule-aktiv-muenchen.de\/wp-content\/uploads\/2020\/06\/angebot-deutsch-intensivkurse-muenchen.jpg 494w, https:\/\/www.sprachschule-aktiv-muenchen.de\/wp-content\/uploads\/2020\/06\/angebot-deutsch-intensivkurse-muenchen-300x284.jpg 300w\" sizes=\"(max-width: 494px) 100vw, 494px\" \/><\/a>\n<h2>Verbe \u00e0 pr\u00e9fixe ins\u00e9parable<\/h2>\n<p>Les pr\u00e9fixes suivants ne se s\u00e9parent pas du verbe lorsqu\u2019on le conjugue et sont donc ins\u00e9parables, untrennbar:<br \/>\nge-, be-, zer-, ver-, ent-, er-, re-, de-, des-, dis-, in-, miss-, fehl-, hinter-.<br \/>\nExemples\u00a0:<\/p>\n<p>Beipiele: geh\u00f6ren (appartenir)\u2013&gt; Geh\u00f6rt der Stift Dir? Ce stylo t\u2019appartient-il\u00a0?<\/p>\n<p>Bestellen (commander) \u2013&gt; Wer hat den Tee bestellt? Qui a command\u00e9 le th\u00e9\u00a0?<\/p>\n<p>La plupart des pr\u00e9fixes ins\u00e9parables n\u2019existe pas en tant que pr\u00e9position seule.<\/p>\n<p>Pr\u00e9fixes pouvant \u00eatre \u00e0 la fois s\u00e9parables et ins\u00e9parables<\/p>\n<p>Certains pr\u00e9fixes peuvent \u00eatre \u00e0 la fois s\u00e9parables et ins\u00e9parables. Que ces pr\u00e9fixes soient s\u00e9par\u00e9s ou non d\u00e9pend du verbe auquel ils sont associ\u00e9s. Ces pr\u00e9fixes sont\u00a0:<br \/>\num (au-dessus), \u00fcber (au-dessus)-, durch (\u00e0 travers)-, unter (sous)-, wieder (encore)- et wider (encore)-.<\/p>\n<p><strong>Exemples\u00a0: <\/strong><br \/>\nwiederholen (r\u00e9p\u00e9ter) \u2013&gt; Er wiederholt seine Aussage mehrmals. Il r\u00e9p\u00e8te plusieurs fois son t\u00e9moignage.<br \/>\nwiedersehen (revoir qqn ou qqch) \u2013&gt; Er sieht sie nach langer Zeit wieder. Il la revoit apr\u00e8s un long moment.<\/p>\n<p>Ici aussi la r\u00e8gle s\u2019applique\u00a0: si l\u2019accent est mis sur le pr\u00e9fixe alors il est s\u00e9parable et s\u2019il n\u2019est pas accentu\u00e9 alors il est ins\u00e9parable. Cependant, il existe des pr\u00e9fixes pour lesquels la s\u00e9paration a une signification diff\u00e9rente.<\/p>\n<p>Exemples\u00a0:\u00a0 Er umf\u00e4hrt die Baustelle. Il conduit autour du chantier.<\/p>\n<p>Fahr bitte nicht das Schild um! Ne conduisez pas dans le panneau de signalisation s\u2019il vous plait\u00a0!<\/p>\n<h2>Quand le verbe doit-il \u00eatre s\u00e9par\u00e9\u00a0?<\/h2>\n<p>Fondamentalement, la s\u00e9paration du verbe et du pr\u00e9fixe a toujours lieu lorsque le verbe est conjugu\u00e9. Dans le contexte des verbes auxilliaires ou modaux en revanche, aucune s\u00e9paration n\u2019est n\u00e9cessaire.<\/p>\n<p>Exemple: Wer kann mir die Aufgabe erkl\u00e4ren? Qui peut m\u2019expliquer la t\u00e2che\u00a0?<\/p>\n<p>Ich m\u00f6chte dich gern einladen. J\u2019aimerais beaucoup vous inviter.<\/p>\n<p>Dans la formation du participe II, aucune s\u00e9paration entre le pr\u00e9fixe et le verbe est n\u00e9cessaire. Ici seulement un \u2013ge entre le pr\u00e9fixe et le verbe est ins\u00e9r\u00e9.<\/p>\n<p>Exemple\u00a0: Sie hat 2 Stunden ferngesehen. Elle a regard\u00e9 la t\u00e9l\u00e9vision pendant 2 heures.<\/p>\n<p>Die Schale ist auseinandergebrochen. La coquille est fendue.<\/p>\n<h2>Conclusion<\/h2>\n<p>Ainsi, les r\u00e8gles pour savoir si l\u2019on s\u00e9pare les pr\u00e9fixes des verbes sont faciles \u00e0 retenir. Si l\u2019on fait attention \u00e0 l\u2019accentuation des verbes compos\u00e9s, cela fonctionnera simplement.<\/p>\n<h3>Autres articles qui pourraient vous int\u00e9resser:<\/h3>\n<ul>\n<li><a href=\"https:\/\/www.sprachschule-aktiv-muenchen.de\/fr\/kennen-wissen-koennen-quelle-est-la-difference\/\">Kenne-Wissen-K\u00f6nnen: diff\u00e9rences<\/a><\/li>\n<li><a href=\"https:\/\/www.sprachschule-aktiv-muenchen.de\/fr\/verbes-forts-et-faibles-en-allemand\/\">Verbes forts et faibles en allemand<\/a><\/li>\n<li><a href=\"https:\/\/www.sprachschule-aktiv-muenchen.de\/fr\/cours-intensifs-dallemand\/\">Cours intensifs d&#8217;allemand<\/a><\/li>\n<\/ul>\n","protected":false},"excerpt":{"rendered":"<p>Verbes \u00e0 pr\u00e9fixes s\u00e9parables et ins\u00e9parables en Allemand Laufen, entlaufen, auslaufen (courir, s\u2019enfuir, expirer) : de nombreux verbes allemands peuvent avoir un sens compl\u00e8tement diff\u00e9rent s\u2019ils ont ou non un pr\u00e9fixe. Lorsque les verbes sont conjugu\u00e9s, il arrive souvent que la particule soit s\u00e9par\u00e9e de la forme verbale conjugu\u00e9e. On parle alors de verbe \u00ab [&hellip;]<\/p>\n","protected":false},"author":2,"featured_media":43294,"comment_status":"open","ping_status":"open","sticky":false,"template":"","format":"standard","meta":{"footnotes":""},"categories":[10],"tags":[],"class_list":["post-43293","post","type-post","status-publish","format-standard","has-post-thumbnail","hentry","category-apprendre-allemand-gratuitement"],"yoast_head":"<!-- This site is optimized with the Yoast SEO plugin v27.1.1 - https:\/\/yoast.com\/product\/yoast-seo-wordpress\/ -->\n<title>Verbes \u00e0 pr\u00e9fixes s\u00e9parables et ins\u00e9parables en Allemand<\/title>\n<meta name=\"description\" content=\"Laufen, entlaufen, auslaufen: de nombreux verbes allemands peuvent avoir un sens compl\u00e8tement diff\u00e9rent s\u2019ils ont ou non un pr\u00e9fixe.\" \/>\n<meta name=\"robots\" content=\"index, follow, max-snippet:-1, max-image-preview:large, max-video-preview:-1\" \/>\n<link rel=\"canonical\" href=\"https:\/\/www.sprachschule-aktiv-muenchen.de\/fr\/verbes-trennbare-allemand\/\" \/>\n<meta property=\"og:locale\" content=\"fr_FR\" \/>\n<meta property=\"og:type\" content=\"article\" \/>\n<meta property=\"og:title\" content=\"Verbes \u00e0 pr\u00e9fixes s\u00e9parables et ins\u00e9parables en Allemand\" \/>\n<meta property=\"og:description\" content=\"Laufen, entlaufen, auslaufen: de nombreux verbes allemands peuvent avoir un sens compl\u00e8tement diff\u00e9rent s\u2019ils ont ou non un pr\u00e9fixe.\" \/>\n<meta property=\"og:url\" content=\"https:\/\/www.sprachschule-aktiv-muenchen.de\/fr\/verbes-trennbare-allemand\/\" \/>\n<meta property=\"og:site_name\" content=\"Sprachschule Aktiv\" \/>\n<meta property=\"article:published_time\" content=\"2018-02-27T14:02:32+00:00\" \/>\n<meta property=\"article:modified_time\" content=\"2021-08-25T03:49:27+00:00\" \/>\n<meta property=\"og:image\" content=\"https:\/\/www.sprachschule-aktiv-muenchen.de\/wp-content\/uploads\/2018\/02\/verbes-trennbare-non-trennbare-allemand.jpg\" \/>\n\t<meta property=\"og:image:width\" content=\"1200\" \/>\n\t<meta property=\"og:image:height\" content=\"817\" \/>\n\t<meta property=\"og:image:type\" content=\"image\/jpeg\" \/>\n<meta name=\"author\" content=\"Martin Polo\" \/>\n<meta name=\"twitter:card\" content=\"summary_large_image\" \/>\n<meta name=\"twitter:label1\" content=\"\u00c9crit par\" \/>\n\t<meta name=\"twitter:data1\" content=\"Martin Polo\" \/>\n\t<meta name=\"twitter:label2\" content=\"Dur\u00e9e de lecture estim\u00e9e\" \/>\n\t<meta name=\"twitter:data2\" content=\"3 minutes\" \/>\n<script type=\"application\/ld+json\" class=\"yoast-schema-graph\">{\"@context\":\"https:\/\/schema.org\",\"@graph\":[{\"@type\":\"Article\",\"@id\":\"https:\/\/www.sprachschule-aktiv-muenchen.de\/fr\/verbes-trennbare-allemand\/#article\",\"isPartOf\":{\"@id\":\"https:\/\/www.sprachschule-aktiv-muenchen.de\/fr\/verbes-trennbare-allemand\/\"},\"author\":{\"name\":\"Martin Polo\",\"@id\":\"https:\/\/www.sprachschule-aktiv-muenchen.de\/#\/schema\/person\/a74a6322db9745fd586f7e97f1ee5724\"},\"headline\":\"Verbes \u00e0 pr\u00e9fixes s\u00e9pareables et ins\u00e9parable en allemand\",\"datePublished\":\"2018-02-27T14:02:32+00:00\",\"dateModified\":\"2021-08-25T03:49:27+00:00\",\"mainEntityOfPage\":{\"@id\":\"https:\/\/www.sprachschule-aktiv-muenchen.de\/fr\/verbes-trennbare-allemand\/\"},\"wordCount\":769,\"commentCount\":0,\"image\":{\"@id\":\"https:\/\/www.sprachschule-aktiv-muenchen.de\/fr\/verbes-trennbare-allemand\/#primaryimage\"},\"thumbnailUrl\":\"https:\/\/www.sprachschule-aktiv-muenchen.de\/wp-content\/uploads\/2018\/02\/verbes-trennbare-non-trennbare-allemand.jpg\",\"articleSection\":[\"Apprendre l'allemand gratuitement\"],\"inLanguage\":\"fr-FR\"},{\"@type\":\"WebPage\",\"@id\":\"https:\/\/www.sprachschule-aktiv-muenchen.de\/fr\/verbes-trennbare-allemand\/\",\"url\":\"https:\/\/www.sprachschule-aktiv-muenchen.de\/fr\/verbes-trennbare-allemand\/\",\"name\":\"Verbes \u00e0 pr\u00e9fixes s\u00e9parables et ins\u00e9parables en Allemand\",\"isPartOf\":{\"@id\":\"https:\/\/www.sprachschule-aktiv-muenchen.de\/#website\"},\"primaryImageOfPage\":{\"@id\":\"https:\/\/www.sprachschule-aktiv-muenchen.de\/fr\/verbes-trennbare-allemand\/#primaryimage\"},\"image\":{\"@id\":\"https:\/\/www.sprachschule-aktiv-muenchen.de\/fr\/verbes-trennbare-allemand\/#primaryimage\"},\"thumbnailUrl\":\"https:\/\/www.sprachschule-aktiv-muenchen.de\/wp-content\/uploads\/2018\/02\/verbes-trennbare-non-trennbare-allemand.jpg\",\"datePublished\":\"2018-02-27T14:02:32+00:00\",\"dateModified\":\"2021-08-25T03:49:27+00:00\",\"author\":{\"@id\":\"https:\/\/www.sprachschule-aktiv-muenchen.de\/#\/schema\/person\/a74a6322db9745fd586f7e97f1ee5724\"},\"description\":\"Laufen, entlaufen, auslaufen: de nombreux verbes allemands peuvent avoir un sens compl\u00e8tement diff\u00e9rent s\u2019ils ont ou non un pr\u00e9fixe.\",\"breadcrumb\":{\"@id\":\"https:\/\/www.sprachschule-aktiv-muenchen.de\/fr\/verbes-trennbare-allemand\/#breadcrumb\"},\"inLanguage\":\"fr-FR\",\"potentialAction\":[{\"@type\":\"ReadAction\",\"target\":[\"https:\/\/www.sprachschule-aktiv-muenchen.de\/fr\/verbes-trennbare-allemand\/\"]}]},{\"@type\":\"ImageObject\",\"inLanguage\":\"fr-FR\",\"@id\":\"https:\/\/www.sprachschule-aktiv-muenchen.de\/fr\/verbes-trennbare-allemand\/#primaryimage\",\"url\":\"https:\/\/www.sprachschule-aktiv-muenchen.de\/wp-content\/uploads\/2018\/02\/verbes-trennbare-non-trennbare-allemand.jpg\",\"contentUrl\":\"https:\/\/www.sprachschule-aktiv-muenchen.de\/wp-content\/uploads\/2018\/02\/verbes-trennbare-non-trennbare-allemand.jpg\",\"width\":\"1200\",\"height\":\"817\",\"caption\":\"Verbes trennbare et non trennbare en allemand\"},{\"@type\":\"BreadcrumbList\",\"@id\":\"https:\/\/www.sprachschule-aktiv-muenchen.de\/fr\/verbes-trennbare-allemand\/#breadcrumb\",\"itemListElement\":[{\"@type\":\"ListItem\",\"position\":1,\"name\":\"Portada\",\"item\":\"https:\/\/www.sprachschule-aktiv-muenchen.de\/fr\/\"},{\"@type\":\"ListItem\",\"position\":2,\"name\":\"Verbes \u00e0 pr\u00e9fixes s\u00e9pareables et ins\u00e9parable en allemand\"}]},{\"@type\":\"WebSite\",\"@id\":\"https:\/\/www.sprachschule-aktiv-muenchen.de\/#website\",\"url\":\"https:\/\/www.sprachschule-aktiv-muenchen.de\/\",\"name\":\"Sprachschule Aktiv\",\"description\":\"\",\"potentialAction\":[{\"@type\":\"SearchAction\",\"target\":{\"@type\":\"EntryPoint\",\"urlTemplate\":\"https:\/\/www.sprachschule-aktiv-muenchen.de\/?s={search_term_string}\"},\"query-input\":{\"@type\":\"PropertyValueSpecification\",\"valueRequired\":true,\"valueName\":\"search_term_string\"}}],\"inLanguage\":\"fr-FR\"},{\"@type\":\"Person\",\"@id\":\"https:\/\/www.sprachschule-aktiv-muenchen.de\/#\/schema\/person\/a74a6322db9745fd586f7e97f1ee5724\",\"name\":\"Martin Polo\",\"image\":{\"@type\":\"ImageObject\",\"inLanguage\":\"fr-FR\",\"@id\":\"https:\/\/www.sprachschule-aktiv-muenchen.de\/#\/schema\/person\/image\/\",\"url\":\"https:\/\/secure.gravatar.com\/avatar\/2cbe6176b6be8b122284c50d9e7a11af9502529eae284fd73534defd313e4152?s=96&d=mm&r=g\",\"contentUrl\":\"https:\/\/secure.gravatar.com\/avatar\/2cbe6176b6be8b122284c50d9e7a11af9502529eae284fd73534defd313e4152?s=96&d=mm&r=g\",\"caption\":\"Martin Polo\"}}]}<\/script>\n<!-- \/ Yoast SEO plugin. -->","yoast_head_json":{"title":"Verbes \u00e0 pr\u00e9fixes s\u00e9parables et ins\u00e9parables en Allemand","description":"Laufen, entlaufen, auslaufen: de nombreux verbes allemands peuvent avoir un sens compl\u00e8tement diff\u00e9rent s\u2019ils ont ou non un pr\u00e9fixe.","robots":{"index":"index","follow":"follow","max-snippet":"max-snippet:-1","max-image-preview":"max-image-preview:large","max-video-preview":"max-video-preview:-1"},"canonical":"https:\/\/www.sprachschule-aktiv-muenchen.de\/fr\/verbes-trennbare-allemand\/","og_locale":"fr_FR","og_type":"article","og_title":"Verbes \u00e0 pr\u00e9fixes s\u00e9parables et ins\u00e9parables en Allemand","og_description":"Laufen, entlaufen, auslaufen: de nombreux verbes allemands peuvent avoir un sens compl\u00e8tement diff\u00e9rent s\u2019ils ont ou non un pr\u00e9fixe.","og_url":"https:\/\/www.sprachschule-aktiv-muenchen.de\/fr\/verbes-trennbare-allemand\/","og_site_name":"Sprachschule Aktiv","article_published_time":"2018-02-27T14:02:32+00:00","article_modified_time":"2021-08-25T03:49:27+00:00","og_image":[{"width":1200,"height":817,"url":"https:\/\/www.sprachschule-aktiv-muenchen.de\/wp-content\/uploads\/2018\/02\/verbes-trennbare-non-trennbare-allemand.jpg","type":"image\/jpeg"}],"author":"Martin Polo","twitter_card":"summary_large_image","twitter_misc":{"\u00c9crit par":"Martin Polo","Dur\u00e9e de lecture estim\u00e9e":"3 minutes"},"schema":{"@context":"https:\/\/schema.org","@graph":[{"@type":"Article","@id":"https:\/\/www.sprachschule-aktiv-muenchen.de\/fr\/verbes-trennbare-allemand\/#article","isPartOf":{"@id":"https:\/\/www.sprachschule-aktiv-muenchen.de\/fr\/verbes-trennbare-allemand\/"},"author":{"name":"Martin Polo","@id":"https:\/\/www.sprachschule-aktiv-muenchen.de\/#\/schema\/person\/a74a6322db9745fd586f7e97f1ee5724"},"headline":"Verbes \u00e0 pr\u00e9fixes s\u00e9pareables et ins\u00e9parable en allemand","datePublished":"2018-02-27T14:02:32+00:00","dateModified":"2021-08-25T03:49:27+00:00","mainEntityOfPage":{"@id":"https:\/\/www.sprachschule-aktiv-muenchen.de\/fr\/verbes-trennbare-allemand\/"},"wordCount":769,"commentCount":0,"image":{"@id":"https:\/\/www.sprachschule-aktiv-muenchen.de\/fr\/verbes-trennbare-allemand\/#primaryimage"},"thumbnailUrl":"https:\/\/www.sprachschule-aktiv-muenchen.de\/wp-content\/uploads\/2018\/02\/verbes-trennbare-non-trennbare-allemand.jpg","articleSection":["Apprendre l'allemand gratuitement"],"inLanguage":"fr-FR"},{"@type":"WebPage","@id":"https:\/\/www.sprachschule-aktiv-muenchen.de\/fr\/verbes-trennbare-allemand\/","url":"https:\/\/www.sprachschule-aktiv-muenchen.de\/fr\/verbes-trennbare-allemand\/","name":"Verbes \u00e0 pr\u00e9fixes s\u00e9parables et ins\u00e9parables en Allemand","isPartOf":{"@id":"https:\/\/www.sprachschule-aktiv-muenchen.de\/#website"},"primaryImageOfPage":{"@id":"https:\/\/www.sprachschule-aktiv-muenchen.de\/fr\/verbes-trennbare-allemand\/#primaryimage"},"image":{"@id":"https:\/\/www.sprachschule-aktiv-muenchen.de\/fr\/verbes-trennbare-allemand\/#primaryimage"},"thumbnailUrl":"https:\/\/www.sprachschule-aktiv-muenchen.de\/wp-content\/uploads\/2018\/02\/verbes-trennbare-non-trennbare-allemand.jpg","datePublished":"2018-02-27T14:02:32+00:00","dateModified":"2021-08-25T03:49:27+00:00","author":{"@id":"https:\/\/www.sprachschule-aktiv-muenchen.de\/#\/schema\/person\/a74a6322db9745fd586f7e97f1ee5724"},"description":"Laufen, entlaufen, auslaufen: de nombreux verbes allemands peuvent avoir un sens compl\u00e8tement diff\u00e9rent s\u2019ils ont ou non un pr\u00e9fixe.","breadcrumb":{"@id":"https:\/\/www.sprachschule-aktiv-muenchen.de\/fr\/verbes-trennbare-allemand\/#breadcrumb"},"inLanguage":"fr-FR","potentialAction":[{"@type":"ReadAction","target":["https:\/\/www.sprachschule-aktiv-muenchen.de\/fr\/verbes-trennbare-allemand\/"]}]},{"@type":"ImageObject","inLanguage":"fr-FR","@id":"https:\/\/www.sprachschule-aktiv-muenchen.de\/fr\/verbes-trennbare-allemand\/#primaryimage","url":"https:\/\/www.sprachschule-aktiv-muenchen.de\/wp-content\/uploads\/2018\/02\/verbes-trennbare-non-trennbare-allemand.jpg","contentUrl":"https:\/\/www.sprachschule-aktiv-muenchen.de\/wp-content\/uploads\/2018\/02\/verbes-trennbare-non-trennbare-allemand.jpg","width":"1200","height":"817","caption":"Verbes trennbare et non trennbare en allemand"},{"@type":"BreadcrumbList","@id":"https:\/\/www.sprachschule-aktiv-muenchen.de\/fr\/verbes-trennbare-allemand\/#breadcrumb","itemListElement":[{"@type":"ListItem","position":1,"name":"Portada","item":"https:\/\/www.sprachschule-aktiv-muenchen.de\/fr\/"},{"@type":"ListItem","position":2,"name":"Verbes \u00e0 pr\u00e9fixes s\u00e9pareables et ins\u00e9parable en allemand"}]},{"@type":"WebSite","@id":"https:\/\/www.sprachschule-aktiv-muenchen.de\/#website","url":"https:\/\/www.sprachschule-aktiv-muenchen.de\/","name":"Sprachschule Aktiv","description":"","potentialAction":[{"@type":"SearchAction","target":{"@type":"EntryPoint","urlTemplate":"https:\/\/www.sprachschule-aktiv-muenchen.de\/?s={search_term_string}"},"query-input":{"@type":"PropertyValueSpecification","valueRequired":true,"valueName":"search_term_string"}}],"inLanguage":"fr-FR"},{"@type":"Person","@id":"https:\/\/www.sprachschule-aktiv-muenchen.de\/#\/schema\/person\/a74a6322db9745fd586f7e97f1ee5724","name":"Martin Polo","image":{"@type":"ImageObject","inLanguage":"fr-FR","@id":"https:\/\/www.sprachschule-aktiv-muenchen.de\/#\/schema\/person\/image\/","url":"https:\/\/secure.gravatar.com\/avatar\/2cbe6176b6be8b122284c50d9e7a11af9502529eae284fd73534defd313e4152?s=96&d=mm&r=g","contentUrl":"https:\/\/secure.gravatar.com\/avatar\/2cbe6176b6be8b122284c50d9e7a11af9502529eae284fd73534defd313e4152?s=96&d=mm&r=g","caption":"Martin Polo"}}]}},"_links":{"self":[{"href":"https:\/\/www.sprachschule-aktiv-muenchen.de\/fr\/wp-json\/wp\/v2\/posts\/43293","targetHints":{"allow":["GET"]}}],"collection":[{"href":"https:\/\/www.sprachschule-aktiv-muenchen.de\/fr\/wp-json\/wp\/v2\/posts"}],"about":[{"href":"https:\/\/www.sprachschule-aktiv-muenchen.de\/fr\/wp-json\/wp\/v2\/types\/post"}],"author":[{"embeddable":true,"href":"https:\/\/www.sprachschule-aktiv-muenchen.de\/fr\/wp-json\/wp\/v2\/users\/2"}],"replies":[{"embeddable":true,"href":"https:\/\/www.sprachschule-aktiv-muenchen.de\/fr\/wp-json\/wp\/v2\/comments?post=43293"}],"version-history":[{"count":2,"href":"https:\/\/www.sprachschule-aktiv-muenchen.de\/fr\/wp-json\/wp\/v2\/posts\/43293\/revisions"}],"predecessor-version":[{"id":69195,"href":"https:\/\/www.sprachschule-aktiv-muenchen.de\/fr\/wp-json\/wp\/v2\/posts\/43293\/revisions\/69195"}],"wp:featuredmedia":[{"embeddable":true,"href":"https:\/\/www.sprachschule-aktiv-muenchen.de\/fr\/wp-json\/wp\/v2\/media\/43294"}],"wp:attachment":[{"href":"https:\/\/www.sprachschule-aktiv-muenchen.de\/fr\/wp-json\/wp\/v2\/media?parent=43293"}],"wp:term":[{"taxonomy":"category","embeddable":true,"href":"https:\/\/www.sprachschule-aktiv-muenchen.de\/fr\/wp-json\/wp\/v2\/categories?post=43293"},{"taxonomy":"post_tag","embeddable":true,"href":"https:\/\/www.sprachschule-aktiv-muenchen.de\/fr\/wp-json\/wp\/v2\/tags?post=43293"}],"curies":[{"name":"wp","href":"https:\/\/api.w.org\/{rel}","templated":true}]}}