{"id":43111,"date":"2018-02-22T09:59:22","date_gmt":"2018-02-22T08:59:22","guid":{"rendered":"https:\/\/www.sprachschule-aktiv-muenchen.de\/?p=43111"},"modified":"2022-01-10T06:28:12","modified_gmt":"2022-01-10T05:28:12","slug":"kennen-wissen-koennen-quelle-est-la-difference","status":"publish","type":"post","link":"https:\/\/www.sprachschule-aktiv-muenchen.de\/fr\/kennen-wissen-koennen-quelle-est-la-difference\/","title":{"rendered":"Kennen \u2013 Wissen \u2013 K\u00f6nnen: Quelle est la diff\u00e9rence\u00a0?"},"content":{"rendered":"<h1>Kennen \u2013 Wissen \u2013 K\u00f6nnen: Quelle est la diff\u00e9rence\u00a0?<\/h1>\n<p>\u00ab\u00a0Je connais Albert Einstein.\u00a0\u00bb \u2013 \u201eIch\u00a0<strong>kenne\u00a0<\/strong>Albert Einstein.\u201c<\/p>\n<p>\u00ab\u00a0Je sais o\u00f9 est Munich.\u00a0\u00bb\u00a0\u2013 \u201eIch\u00a0<strong>wei\u00df<\/strong>, wo M\u00fcnchen liegt.\u201c<\/p>\n<p>\u201eJe peux parler un peu allemand. \u201c \u2013 \u201eIch\u00a0<strong>kann\u00a0<\/strong>etwas Deutsch.\u201c<\/p>\n<p>Pourquoi est-ce qu\u2019\u00a0\u00ab\u00a0ich\u00a0<em>wei\u00df\u00a0<\/em>etwas Deutsch\u00a0\u00bb est faux alors que l\u2019on peut employer \u00ab\u00a0kennen\u00a0\u00bb ou bien \u00ab\u00a0wissen\u00a0\u00bb\u00a0? Il est souvent complexe de faire la diff\u00e9rence pour les d\u00e9butants. Dans cet article, je vais essayer d\u2019expliquer la diff\u00e9rence entre ces 3 verbes.<\/p>\n<a href=\"https:\/\/www.sprachschule-aktiv-muenchen.de\/fr\/cours-d-allemand-a-munich\/\"><img decoding=\"async\" class=\"alignnone size-full wp-image-53945\" src=\"https:\/\/www.sprachschule-aktiv-muenchen.de\/wp-content\/uploads\/2019\/08\/nos-cours-d-allemand-munich.jpg\" alt=\"Nos cours d\u00b4allemand - Munich\" width=\"300\" height=\"358\" srcset=\"https:\/\/www.sprachschule-aktiv-muenchen.de\/wp-content\/uploads\/2019\/08\/nos-cours-d-allemand-munich.jpg 300w, https:\/\/www.sprachschule-aktiv-muenchen.de\/wp-content\/uploads\/2019\/08\/nos-cours-d-allemand-munich-251x300.jpg 251w\" sizes=\"(max-width: 300px) 100vw, 300px\" \/><\/a>\n<h2>Kennen (Conna\u00eetre)<\/h2>\n<p><strong>Kennen + Nom\/ Pronom<\/strong><\/p>\n<p>Avec \u00ab\u00a0conna\u00eetre\u00a0\u00bb, <em>je vais parler par exemple d\u2019une personne.<\/em><\/p>\n<p>Est-ce que tu connais ma tante Katharina\u00a0?\u00a0 Oui je l\u2019ai rencontr\u00e9e<\/p>\n<p>Est-ce que tu connais un bon m\u00e9canicien\u00a0? Oui j\u2019en connais un<\/p>\n<p>Est-ce que tu le connais\u00a0? Vous le connaissez bien\u00a0? Non, nous ne nous sommes pas encore rencontr\u00e9s.<\/p>\n<p>Ou bien \u00e0 propos d\u2019une ville, d\u2019une localisation, d\u2019un film, de la nourriture\u2026<\/p>\n<p>Connais-tu l\u2019Oktoberfest\u00a0? Oui j\u2019y suis d\u00e9j\u00e0 all\u00e9e<\/p>\n<p>Connais-tu ce film\u00a0? Non, je ne l\u2019ai pas encore vu<\/p>\n<p>Connais-tu la diff\u00e9rence\u00a0? Sais-tu quelle est la diff\u00e9rence\u00a0? Oui je sais.<\/p>\n<p><strong>Conjugaison\u00a0:<\/strong> ich kenne, du kennst\u2026<\/p>\n<p><strong>Pr\u00e4teritum (Pr\u00e9t\u00e9rit)<\/strong>: ich kannte, du kanntest\u2026<\/p>\n<p><strong>Perfekt (Pass\u00e9 compos\u00e9)<\/strong>: ich habe diesen Autor gekannt. (Heute lebt er nicht mehr.)<\/p>\n<p><strong>Rencontre\u00a0:<\/strong> Ich habe meinen Nachbarn kennengelernt. (J\u2019ai rencontr\u00e9 mon voisin)<\/p>\n<h2>Wissen (Savoir)<\/h2>\n<p><em>Wissen + Nebensatz <\/em>Avec \u00a0\u201ewissen\u201c , je parle d\u2019une information pr\u00e9cise.<\/p>\n<p>Est-ce que tu sais quand est son anniversaire\u00a0?<\/p>\n<p>Je ne sais pas o\u00f9 est le supermarch\u00e9 le plus proche\u00a0?<\/p>\n<p>Savez-vous avec quel U-Bahn je dois venir\u00a0?<strong>\u00a0<\/strong><\/p>\n<p><strong>Conjugaison<\/strong>: ich wei\u00df, du wei\u00dft, er wei\u00df; wir wissen, ihr wisst, sie \/ Sie wissen.<\/p>\n<p><strong>Pr\u00e4teritum (Pr\u00e9t\u00e9rit)<\/strong>: ich wusste, du wusstest\u2026<\/p>\n<p><strong>Perfekt (Pass\u00e9 Compos\u00e9)<\/strong>: ich habe das nicht gewusst.<\/p>\n<h2>K\u00f6nnen (Pouvoir\/savoir)<\/h2>\n<h3>K\u00f6nnen + capacit\u00e9<\/h3>\n<p>\u201eIch\u00a0kann\u00a0kein Englisch, aber ich kann gut Deutsch.\u201c Je ne peux pas parler anglais mais je sais bien parler allemand.<\/p>\n<p>\u201eMein Freund\u00a0<em>kann <\/em>Karate.\u201c Mon ami sait faire du Karat\u00e9.<\/p>\n<p>\u201eDein Opa\u00a0<em>kann <\/em>super Schach!\u201cTon grand-p\u00e8re sait super bien jouer aux \u00e9checs.<\/p>\n<h3>K\u00f6nnen en tant que verbe Modal<\/h3>\n<p>\u201eIch <em>kann <\/em>dich heute anrufen.\u201c Je peux t\u2019appeler aujourd\u2019hui.<\/p>\n<p>\u201eDas M\u00e4dchen\u00a0<em>kann <\/em>noch nicht so gut schwimmen.\u201c La petite fille ne sait pas tr\u00e8s bien nager.<\/p>\n<p><strong>Conjugaison<\/strong>: ich kann, du kannst, er kann; wir k\u00f6nnen, ihr k\u00f6nnt, sie \/ Sie k\u00f6nnen.<\/p>\n<p><strong>Pr\u00e4teritum (pr\u00e9t\u00e9rit)<\/strong>: ich konnte, du konntest\u2026<\/p>\n<p><strong>Perfekt (pass\u00e9 compos\u00e9)<\/strong>:\u00a0<em>k\u00f6nnen <\/em>est un verbe modal donc, alors vous devez utiliser la forme pr\u00e9t\u00e9rit pour les temps du pass\u00e9.<\/p>\n<p>C\u2019est plus clair ? Maintenant vous savez quelle est la diff\u00e9rence entre les verbes Kennen-Wissen-K\u00f6nnen avec conjugaisons et utilisations. Vous pouvez en voir l\u2019importance et vous pouvez choisir les mots les plus adapt\u00e9s.<\/p>\n<h3>Autres articles qui pourraient vous int\u00e9resser:<\/h3>\n<ul>\n<li><a href=\"https:\/\/www.sprachschule-aktiv-muenchen.de\/fr\/accusatif-allemand-fonctions-formes\/\">L&#8217;accusatif en allemand: fonction et forme\u00a0<\/a><\/li>\n<li><a href=\"https:\/\/www.sprachschule-aktiv-muenchen.de\/fr\/les-prepositions-allemandes-et-leurs-positions-dans-les-phrases\/\">Les pr\u00e9positions allemandes<\/a><\/li>\n<li><a href=\"https:\/\/www.sprachschule-aktiv-muenchen.de\/fr\/cours-intensifs-dallemand\/\">Cours Intensifs d&#8217;allemand \u00e0 Munich<\/a><\/li>\n<\/ul>\n","protected":false},"excerpt":{"rendered":"<p>Kennen \u2013 Wissen \u2013 K\u00f6nnen: Quelle est la diff\u00e9rence\u00a0? \u00ab\u00a0Je connais Albert Einstein.\u00a0\u00bb \u2013 \u201eIch\u00a0kenne\u00a0Albert Einstein.\u201c \u00ab\u00a0Je sais o\u00f9 est Munich.\u00a0\u00bb\u00a0\u2013 \u201eIch\u00a0wei\u00df, wo M\u00fcnchen liegt.\u201c \u201eJe peux parler un peu allemand. \u201c \u2013 \u201eIch\u00a0kann\u00a0etwas Deutsch.\u201c Pourquoi est-ce qu\u2019\u00a0\u00ab\u00a0ich\u00a0wei\u00df\u00a0etwas Deutsch\u00a0\u00bb est faux alors que l\u2019on peut employer \u00ab\u00a0kennen\u00a0\u00bb ou bien \u00ab\u00a0wissen\u00a0\u00bb\u00a0? Il est souvent complexe de [&hellip;]<\/p>\n","protected":false},"author":2,"featured_media":43112,"comment_status":"open","ping_status":"open","sticky":false,"template":"","format":"standard","meta":{"footnotes":""},"categories":[10],"tags":[],"class_list":["post-43111","post","type-post","status-publish","format-standard","has-post-thumbnail","hentry","category-apprendre-allemand-gratuitement"],"yoast_head":"<!-- This site is optimized with the Yoast SEO plugin v27.1.1 - https:\/\/yoast.com\/product\/yoast-seo-wordpress\/ -->\n<title>Kennen \u2013 Wissen \u2013 K\u00f6nnen: Quelle est la diff\u00e9rence\u00a0?<\/title>\n<meta name=\"description\" content=\"Kennen-Wissen-K\u00f6nnen: Diff\u00e9rences et utilisations. Dans cet article, je vais essayer d\u2019expliquer la diff\u00e9rence entre ces 3 verbes. \u00a0\" \/>\n<meta name=\"robots\" content=\"index, follow, max-snippet:-1, max-image-preview:large, max-video-preview:-1\" \/>\n<link rel=\"canonical\" href=\"https:\/\/www.sprachschule-aktiv-muenchen.de\/fr\/kennen-wissen-koennen-quelle-est-la-difference\/\" \/>\n<meta property=\"og:locale\" content=\"fr_FR\" \/>\n<meta property=\"og:type\" content=\"article\" \/>\n<meta property=\"og:title\" content=\"Kennen \u2013 Wissen \u2013 K\u00f6nnen: Quelle est la diff\u00e9rence\u00a0?\" \/>\n<meta property=\"og:description\" content=\"Kennen-Wissen-K\u00f6nnen: Diff\u00e9rences et utilisations. Dans cet article, je vais essayer d\u2019expliquer la diff\u00e9rence entre ces 3 verbes. \u00a0\" \/>\n<meta property=\"og:url\" content=\"https:\/\/www.sprachschule-aktiv-muenchen.de\/fr\/kennen-wissen-koennen-quelle-est-la-difference\/\" \/>\n<meta property=\"og:site_name\" content=\"Sprachschule Aktiv\" \/>\n<meta property=\"article:published_time\" content=\"2018-02-22T08:59:22+00:00\" \/>\n<meta property=\"article:modified_time\" content=\"2022-01-10T05:28:12+00:00\" \/>\n<meta property=\"og:image\" content=\"https:\/\/www.sprachschule-aktiv-muenchen.de\/wp-content\/uploads\/2018\/02\/kennen-wissen-ko\u0308nnen-differences-1024x847.jpg\" \/>\n\t<meta property=\"og:image:width\" content=\"1024\" \/>\n\t<meta property=\"og:image:height\" content=\"847\" \/>\n\t<meta property=\"og:image:type\" content=\"image\/jpeg\" \/>\n<meta name=\"author\" content=\"Martin Polo\" \/>\n<meta name=\"twitter:card\" content=\"summary_large_image\" \/>\n<meta name=\"twitter:label1\" content=\"\u00c9crit par\" \/>\n\t<meta name=\"twitter:data1\" content=\"Martin Polo\" \/>\n\t<meta name=\"twitter:label2\" content=\"Dur\u00e9e de lecture estim\u00e9e\" \/>\n\t<meta name=\"twitter:data2\" content=\"3 minutes\" \/>\n<script type=\"application\/ld+json\" class=\"yoast-schema-graph\">{\"@context\":\"https:\/\/schema.org\",\"@graph\":[{\"@type\":\"Article\",\"@id\":\"https:\/\/www.sprachschule-aktiv-muenchen.de\/fr\/kennen-wissen-koennen-quelle-est-la-difference\/#article\",\"isPartOf\":{\"@id\":\"https:\/\/www.sprachschule-aktiv-muenchen.de\/fr\/kennen-wissen-koennen-quelle-est-la-difference\/\"},\"author\":{\"name\":\"Martin Polo\",\"@id\":\"https:\/\/www.sprachschule-aktiv-muenchen.de\/#\/schema\/person\/a74a6322db9745fd586f7e97f1ee5724\"},\"headline\":\"Kennen \u2013 Wissen \u2013 K\u00f6nnen: Quelle est la diff\u00e9rence\u00a0?\",\"datePublished\":\"2018-02-22T08:59:22+00:00\",\"dateModified\":\"2022-01-10T05:28:12+00:00\",\"mainEntityOfPage\":{\"@id\":\"https:\/\/www.sprachschule-aktiv-muenchen.de\/fr\/kennen-wissen-koennen-quelle-est-la-difference\/\"},\"wordCount\":512,\"commentCount\":0,\"image\":{\"@id\":\"https:\/\/www.sprachschule-aktiv-muenchen.de\/fr\/kennen-wissen-koennen-quelle-est-la-difference\/#primaryimage\"},\"thumbnailUrl\":\"https:\/\/www.sprachschule-aktiv-muenchen.de\/wp-content\/uploads\/2018\/02\/kennen-wissen-ko\u0308nnen-differences.jpg\",\"articleSection\":[\"Apprendre l'allemand gratuitement\"],\"inLanguage\":\"fr-FR\"},{\"@type\":\"WebPage\",\"@id\":\"https:\/\/www.sprachschule-aktiv-muenchen.de\/fr\/kennen-wissen-koennen-quelle-est-la-difference\/\",\"url\":\"https:\/\/www.sprachschule-aktiv-muenchen.de\/fr\/kennen-wissen-koennen-quelle-est-la-difference\/\",\"name\":\"Kennen \u2013 Wissen \u2013 K\u00f6nnen: Quelle est la diff\u00e9rence\u00a0?\",\"isPartOf\":{\"@id\":\"https:\/\/www.sprachschule-aktiv-muenchen.de\/#website\"},\"primaryImageOfPage\":{\"@id\":\"https:\/\/www.sprachschule-aktiv-muenchen.de\/fr\/kennen-wissen-koennen-quelle-est-la-difference\/#primaryimage\"},\"image\":{\"@id\":\"https:\/\/www.sprachschule-aktiv-muenchen.de\/fr\/kennen-wissen-koennen-quelle-est-la-difference\/#primaryimage\"},\"thumbnailUrl\":\"https:\/\/www.sprachschule-aktiv-muenchen.de\/wp-content\/uploads\/2018\/02\/kennen-wissen-ko\u0308nnen-differences.jpg\",\"datePublished\":\"2018-02-22T08:59:22+00:00\",\"dateModified\":\"2022-01-10T05:28:12+00:00\",\"author\":{\"@id\":\"https:\/\/www.sprachschule-aktiv-muenchen.de\/#\/schema\/person\/a74a6322db9745fd586f7e97f1ee5724\"},\"description\":\"Kennen-Wissen-K\u00f6nnen: Diff\u00e9rences et utilisations. Dans cet article, je vais essayer d\u2019expliquer la diff\u00e9rence entre ces 3 verbes. \u00a0\",\"breadcrumb\":{\"@id\":\"https:\/\/www.sprachschule-aktiv-muenchen.de\/fr\/kennen-wissen-koennen-quelle-est-la-difference\/#breadcrumb\"},\"inLanguage\":\"fr-FR\",\"potentialAction\":[{\"@type\":\"ReadAction\",\"target\":[\"https:\/\/www.sprachschule-aktiv-muenchen.de\/fr\/kennen-wissen-koennen-quelle-est-la-difference\/\"]}]},{\"@type\":\"ImageObject\",\"inLanguage\":\"fr-FR\",\"@id\":\"https:\/\/www.sprachschule-aktiv-muenchen.de\/fr\/kennen-wissen-koennen-quelle-est-la-difference\/#primaryimage\",\"url\":\"https:\/\/www.sprachschule-aktiv-muenchen.de\/wp-content\/uploads\/2018\/02\/kennen-wissen-ko\u0308nnen-differences.jpg\",\"contentUrl\":\"https:\/\/www.sprachschule-aktiv-muenchen.de\/wp-content\/uploads\/2018\/02\/kennen-wissen-ko\u0308nnen-differences.jpg\",\"width\":\"2312\",\"height\":\"1912\",\"caption\":\"Kennen-Wissen-K\u00f6nnen: diff\u00e9rences, conjugaisons, utilisations\"},{\"@type\":\"BreadcrumbList\",\"@id\":\"https:\/\/www.sprachschule-aktiv-muenchen.de\/fr\/kennen-wissen-koennen-quelle-est-la-difference\/#breadcrumb\",\"itemListElement\":[{\"@type\":\"ListItem\",\"position\":1,\"name\":\"Portada\",\"item\":\"https:\/\/www.sprachschule-aktiv-muenchen.de\/fr\/\"},{\"@type\":\"ListItem\",\"position\":2,\"name\":\"Kennen \u2013 Wissen \u2013 K\u00f6nnen: Quelle est la diff\u00e9rence\u00a0?\"}]},{\"@type\":\"WebSite\",\"@id\":\"https:\/\/www.sprachschule-aktiv-muenchen.de\/#website\",\"url\":\"https:\/\/www.sprachschule-aktiv-muenchen.de\/\",\"name\":\"Sprachschule Aktiv\",\"description\":\"\",\"potentialAction\":[{\"@type\":\"SearchAction\",\"target\":{\"@type\":\"EntryPoint\",\"urlTemplate\":\"https:\/\/www.sprachschule-aktiv-muenchen.de\/?s={search_term_string}\"},\"query-input\":{\"@type\":\"PropertyValueSpecification\",\"valueRequired\":true,\"valueName\":\"search_term_string\"}}],\"inLanguage\":\"fr-FR\"},{\"@type\":\"Person\",\"@id\":\"https:\/\/www.sprachschule-aktiv-muenchen.de\/#\/schema\/person\/a74a6322db9745fd586f7e97f1ee5724\",\"name\":\"Martin Polo\",\"image\":{\"@type\":\"ImageObject\",\"inLanguage\":\"fr-FR\",\"@id\":\"https:\/\/www.sprachschule-aktiv-muenchen.de\/#\/schema\/person\/image\/\",\"url\":\"https:\/\/secure.gravatar.com\/avatar\/2cbe6176b6be8b122284c50d9e7a11af9502529eae284fd73534defd313e4152?s=96&d=mm&r=g\",\"contentUrl\":\"https:\/\/secure.gravatar.com\/avatar\/2cbe6176b6be8b122284c50d9e7a11af9502529eae284fd73534defd313e4152?s=96&d=mm&r=g\",\"caption\":\"Martin Polo\"}}]}<\/script>\n<!-- \/ Yoast SEO plugin. -->","yoast_head_json":{"title":"Kennen \u2013 Wissen \u2013 K\u00f6nnen: Quelle est la diff\u00e9rence\u00a0?","description":"Kennen-Wissen-K\u00f6nnen: Diff\u00e9rences et utilisations. Dans cet article, je vais essayer d\u2019expliquer la diff\u00e9rence entre ces 3 verbes. \u00a0","robots":{"index":"index","follow":"follow","max-snippet":"max-snippet:-1","max-image-preview":"max-image-preview:large","max-video-preview":"max-video-preview:-1"},"canonical":"https:\/\/www.sprachschule-aktiv-muenchen.de\/fr\/kennen-wissen-koennen-quelle-est-la-difference\/","og_locale":"fr_FR","og_type":"article","og_title":"Kennen \u2013 Wissen \u2013 K\u00f6nnen: Quelle est la diff\u00e9rence\u00a0?","og_description":"Kennen-Wissen-K\u00f6nnen: Diff\u00e9rences et utilisations. Dans cet article, je vais essayer d\u2019expliquer la diff\u00e9rence entre ces 3 verbes. \u00a0","og_url":"https:\/\/www.sprachschule-aktiv-muenchen.de\/fr\/kennen-wissen-koennen-quelle-est-la-difference\/","og_site_name":"Sprachschule Aktiv","article_published_time":"2018-02-22T08:59:22+00:00","article_modified_time":"2022-01-10T05:28:12+00:00","og_image":[{"width":1024,"height":847,"url":"https:\/\/www.sprachschule-aktiv-muenchen.de\/wp-content\/uploads\/2018\/02\/kennen-wissen-ko\u0308nnen-differences-1024x847.jpg","type":"image\/jpeg"}],"author":"Martin Polo","twitter_card":"summary_large_image","twitter_misc":{"\u00c9crit par":"Martin Polo","Dur\u00e9e de lecture estim\u00e9e":"3 minutes"},"schema":{"@context":"https:\/\/schema.org","@graph":[{"@type":"Article","@id":"https:\/\/www.sprachschule-aktiv-muenchen.de\/fr\/kennen-wissen-koennen-quelle-est-la-difference\/#article","isPartOf":{"@id":"https:\/\/www.sprachschule-aktiv-muenchen.de\/fr\/kennen-wissen-koennen-quelle-est-la-difference\/"},"author":{"name":"Martin Polo","@id":"https:\/\/www.sprachschule-aktiv-muenchen.de\/#\/schema\/person\/a74a6322db9745fd586f7e97f1ee5724"},"headline":"Kennen \u2013 Wissen \u2013 K\u00f6nnen: Quelle est la diff\u00e9rence\u00a0?","datePublished":"2018-02-22T08:59:22+00:00","dateModified":"2022-01-10T05:28:12+00:00","mainEntityOfPage":{"@id":"https:\/\/www.sprachschule-aktiv-muenchen.de\/fr\/kennen-wissen-koennen-quelle-est-la-difference\/"},"wordCount":512,"commentCount":0,"image":{"@id":"https:\/\/www.sprachschule-aktiv-muenchen.de\/fr\/kennen-wissen-koennen-quelle-est-la-difference\/#primaryimage"},"thumbnailUrl":"https:\/\/www.sprachschule-aktiv-muenchen.de\/wp-content\/uploads\/2018\/02\/kennen-wissen-ko\u0308nnen-differences.jpg","articleSection":["Apprendre l'allemand gratuitement"],"inLanguage":"fr-FR"},{"@type":"WebPage","@id":"https:\/\/www.sprachschule-aktiv-muenchen.de\/fr\/kennen-wissen-koennen-quelle-est-la-difference\/","url":"https:\/\/www.sprachschule-aktiv-muenchen.de\/fr\/kennen-wissen-koennen-quelle-est-la-difference\/","name":"Kennen \u2013 Wissen \u2013 K\u00f6nnen: Quelle est la diff\u00e9rence\u00a0?","isPartOf":{"@id":"https:\/\/www.sprachschule-aktiv-muenchen.de\/#website"},"primaryImageOfPage":{"@id":"https:\/\/www.sprachschule-aktiv-muenchen.de\/fr\/kennen-wissen-koennen-quelle-est-la-difference\/#primaryimage"},"image":{"@id":"https:\/\/www.sprachschule-aktiv-muenchen.de\/fr\/kennen-wissen-koennen-quelle-est-la-difference\/#primaryimage"},"thumbnailUrl":"https:\/\/www.sprachschule-aktiv-muenchen.de\/wp-content\/uploads\/2018\/02\/kennen-wissen-ko\u0308nnen-differences.jpg","datePublished":"2018-02-22T08:59:22+00:00","dateModified":"2022-01-10T05:28:12+00:00","author":{"@id":"https:\/\/www.sprachschule-aktiv-muenchen.de\/#\/schema\/person\/a74a6322db9745fd586f7e97f1ee5724"},"description":"Kennen-Wissen-K\u00f6nnen: Diff\u00e9rences et utilisations. Dans cet article, je vais essayer d\u2019expliquer la diff\u00e9rence entre ces 3 verbes. \u00a0","breadcrumb":{"@id":"https:\/\/www.sprachschule-aktiv-muenchen.de\/fr\/kennen-wissen-koennen-quelle-est-la-difference\/#breadcrumb"},"inLanguage":"fr-FR","potentialAction":[{"@type":"ReadAction","target":["https:\/\/www.sprachschule-aktiv-muenchen.de\/fr\/kennen-wissen-koennen-quelle-est-la-difference\/"]}]},{"@type":"ImageObject","inLanguage":"fr-FR","@id":"https:\/\/www.sprachschule-aktiv-muenchen.de\/fr\/kennen-wissen-koennen-quelle-est-la-difference\/#primaryimage","url":"https:\/\/www.sprachschule-aktiv-muenchen.de\/wp-content\/uploads\/2018\/02\/kennen-wissen-ko\u0308nnen-differences.jpg","contentUrl":"https:\/\/www.sprachschule-aktiv-muenchen.de\/wp-content\/uploads\/2018\/02\/kennen-wissen-ko\u0308nnen-differences.jpg","width":"2312","height":"1912","caption":"Kennen-Wissen-K\u00f6nnen: diff\u00e9rences, conjugaisons, utilisations"},{"@type":"BreadcrumbList","@id":"https:\/\/www.sprachschule-aktiv-muenchen.de\/fr\/kennen-wissen-koennen-quelle-est-la-difference\/#breadcrumb","itemListElement":[{"@type":"ListItem","position":1,"name":"Portada","item":"https:\/\/www.sprachschule-aktiv-muenchen.de\/fr\/"},{"@type":"ListItem","position":2,"name":"Kennen \u2013 Wissen \u2013 K\u00f6nnen: Quelle est la diff\u00e9rence\u00a0?"}]},{"@type":"WebSite","@id":"https:\/\/www.sprachschule-aktiv-muenchen.de\/#website","url":"https:\/\/www.sprachschule-aktiv-muenchen.de\/","name":"Sprachschule Aktiv","description":"","potentialAction":[{"@type":"SearchAction","target":{"@type":"EntryPoint","urlTemplate":"https:\/\/www.sprachschule-aktiv-muenchen.de\/?s={search_term_string}"},"query-input":{"@type":"PropertyValueSpecification","valueRequired":true,"valueName":"search_term_string"}}],"inLanguage":"fr-FR"},{"@type":"Person","@id":"https:\/\/www.sprachschule-aktiv-muenchen.de\/#\/schema\/person\/a74a6322db9745fd586f7e97f1ee5724","name":"Martin Polo","image":{"@type":"ImageObject","inLanguage":"fr-FR","@id":"https:\/\/www.sprachschule-aktiv-muenchen.de\/#\/schema\/person\/image\/","url":"https:\/\/secure.gravatar.com\/avatar\/2cbe6176b6be8b122284c50d9e7a11af9502529eae284fd73534defd313e4152?s=96&d=mm&r=g","contentUrl":"https:\/\/secure.gravatar.com\/avatar\/2cbe6176b6be8b122284c50d9e7a11af9502529eae284fd73534defd313e4152?s=96&d=mm&r=g","caption":"Martin Polo"}}]}},"_links":{"self":[{"href":"https:\/\/www.sprachschule-aktiv-muenchen.de\/fr\/wp-json\/wp\/v2\/posts\/43111","targetHints":{"allow":["GET"]}}],"collection":[{"href":"https:\/\/www.sprachschule-aktiv-muenchen.de\/fr\/wp-json\/wp\/v2\/posts"}],"about":[{"href":"https:\/\/www.sprachschule-aktiv-muenchen.de\/fr\/wp-json\/wp\/v2\/types\/post"}],"author":[{"embeddable":true,"href":"https:\/\/www.sprachschule-aktiv-muenchen.de\/fr\/wp-json\/wp\/v2\/users\/2"}],"replies":[{"embeddable":true,"href":"https:\/\/www.sprachschule-aktiv-muenchen.de\/fr\/wp-json\/wp\/v2\/comments?post=43111"}],"version-history":[{"count":2,"href":"https:\/\/www.sprachschule-aktiv-muenchen.de\/fr\/wp-json\/wp\/v2\/posts\/43111\/revisions"}],"predecessor-version":[{"id":70695,"href":"https:\/\/www.sprachschule-aktiv-muenchen.de\/fr\/wp-json\/wp\/v2\/posts\/43111\/revisions\/70695"}],"wp:featuredmedia":[{"embeddable":true,"href":"https:\/\/www.sprachschule-aktiv-muenchen.de\/fr\/wp-json\/wp\/v2\/media\/43112"}],"wp:attachment":[{"href":"https:\/\/www.sprachschule-aktiv-muenchen.de\/fr\/wp-json\/wp\/v2\/media?parent=43111"}],"wp:term":[{"taxonomy":"category","embeddable":true,"href":"https:\/\/www.sprachschule-aktiv-muenchen.de\/fr\/wp-json\/wp\/v2\/categories?post=43111"},{"taxonomy":"post_tag","embeddable":true,"href":"https:\/\/www.sprachschule-aktiv-muenchen.de\/fr\/wp-json\/wp\/v2\/tags?post=43111"}],"curies":[{"name":"wp","href":"https:\/\/api.w.org\/{rel}","templated":true}]}}