{"id":42096,"date":"2018-02-08T12:57:22","date_gmt":"2018-02-08T11:57:22","guid":{"rendered":"https:\/\/www.sprachschule-aktiv-muenchen.de\/?p=42096"},"modified":"2021-09-11T07:02:30","modified_gmt":"2021-09-11T05:02:30","slug":"verbes-forts-et-faibles-en-allemand","status":"publish","type":"post","link":"https:\/\/www.sprachschule-aktiv-muenchen.de\/fr\/verbes-forts-et-faibles-en-allemand\/","title":{"rendered":"Verbes forts et faibles en allemand"},"content":{"rendered":"<h1>Verbes forts et faibles en allemand<\/h1>\n<h2>Diff\u00e9rences de conjonction et de temps<\/h2>\n<p>Afin de naviguer dans la confusion des conjugaisons et des temps allemands, il est n\u00e9cessaire de distinguer les verbes forts et faibles. Les verbes forts et faibles se comportent diff\u00e9remment dans leur conjonction, dans la formation du pass\u00e9 et dans la formation du participe II.<\/p>\n<h2>Verbes forts et faibles &#8211; diff\u00e9rences de conjugaison<\/h2>\n<p>La premi\u00e8re caract\u00e9ristique importante dans laquelle les verbes forts et faibles peuvent diff\u00e9rer est la conjugaison au pr\u00e9sent.Alors que les verbes faibles conservent leur voyelle originale \u00e0 la 2\u00e8me et 3\u00e8me personne du singulier, cela peut changer ou devenir un tr\u00e9ma pour les verbes forts. \u00c0 titre d&#8217;exemple, les verbes \u00ab\u00a0kaufen\u00a0\u00bb (acheter) et \u00ab\u00a0laufen\u00bb (courir) se diff\u00e9rencient uniquement par la premi\u00e8re lettre.\u00a0 \u00a0En conjuguant les deux verbes, cependant, il y a d&#8217;autres diff\u00e9rences: KAUFEN\u00a0: ich kaufe, du kaufst, er\/sie\/es kauft \u2013 LAUFEN\u00a0: ich laufe, du l\u00e4ufst, er\/sie\/es l\u00e4uft\u00a0Alors que le verbe faible &#8220;kaufen&#8221; pr\u00e9serve le &#8220;au&#8221; dans les trois formes, il s&#8217;est transform\u00e9 en &#8220;\u00e4u&#8221; pour le verbe fort &#8220;laufen&#8221;. Pour beaucoup de verbes forts, la voyelle radicale change de e en i au pr\u00e9sent, de tels verbes incluent, par exemple, ESSEN (manger): ich esse, du isst, er\/sie\/es isst. Cependant, il y a aussi beaucoup de verbes forts o\u00f9 il n&#8217;y a pas de changement vocalique au pr\u00e9sent, par exemple TRINKEN: ich trinke, du trinkst, er\/sie\/es trinkt.<\/p>\n<h2><strong>\u00a0<\/strong>Diff\u00e9rences dans la formation du pass\u00e9<\/h2>\n<p>Aussi dans la formation du pass\u00e9\u00a0 (Pr\u00e4teritum) la forme doit \u00eatre distingu\u00e9 entre verbes forts et faibles. Les verbes faibles ne changent pas leur voyelle radicale dans le pr\u00e9t\u00e9rit et se terminent par &#8220;-te ..&#8221;. Les verbes forts, cependant, ont une voyelle radicale diff\u00e9rente au pass\u00e9 que dans l&#8217;infinitif. Les verbes &#8220;acheter&#8221; et &#8220;courir&#8221; servent encore une fois \u00e0 clarifier:<\/p>\n<p><strong>KAUFEN:<\/strong>\u00a0Pr\u00e9sent ich kaufe, Pr\u00e9t\u00e9rit: ich kaufte \u2013 <strong>LAUFEN<\/strong>: Pr\u00e9sent: ich laufe, Pr\u00e9t\u00e9rit: ich lief.<\/p>\n<h2>Diff\u00e9rences dans la construction du participe pass\u00e9 II<\/h2>\n<p>Une autre caract\u00e9ristique qui distingue les verbes forts et faibles est le suffixe du participe II: alors que les verbes faibles du participe II se terminent par -t, les verbes forts forment cette forme avec le suffixe -en (gelaufen). Une nouvelle modification de voyelle dans le participe II n&#8217;est pas rare pour les verbes forts, comme le montrent les exemples suivants :<\/p>\n<p><strong>Infinitiv:<\/strong>\u00a0nehmen (prendre) \u2013 Pr\u00e4teritum: nahm \u2013 Partizip II: genommen<br \/>\n<strong>Infinitiv:\u00a0<\/strong>geben (donner) \u2013 Pr\u00e4teritum: gab \u2013 Partizip II: gegeben<\/p>\n<h2>Astuces<\/h2>\n<p>Comme l&#8217;ont montr\u00e9 les exemples ci-dessus, la distinction entre les formes verbales allemandes ne suit pas de r\u00e8gles claires. Pour utiliser correctement ces formes, les -\u00e9tudiants allemands devraient m\u00e9moriser les verbes d\u00e8s le d\u00e9but, ainsi que les formes du pass\u00e9 et du participe II, et les r\u00e9p\u00e9ter r\u00e9guli\u00e8rement \u00e0 l&#8217;aide de fiches afin de m\u00e9moriser correctement les exceptions. Pour rappel, il est utile de consid\u00e9rer une phrase courte pour chaque verbe fort, dans laquelle se trouvent \u00e0 la fois le verbe et un ou deux mots avec les voyelles fondamentales \u00e0 apprendre. Pour le verbe &#8220;nehmen&#8221;, la phrase suivante est appropri\u00e9e: Anton nimmt Tango-Stunden.<\/p>\n<p>Anton prend des cours de tango. Les deux &#8220;Anton&#8221; et &#8220;Tango&#8221; contiennent en premi\u00e8re et deuxi\u00e8me place les voyelles, qui forment la voyelle principale pour &#8220;nehmen&#8221; au pass\u00e9 et dans le participe pass\u00e9 II (pris). Plus la phrase est inhabituelle, plus il est facile de s&#8217;en souvenir!<\/p>\n<h3>Cours d\u2019allemand int\u00e9ressant pour vous<\/h3>\n<ul>\n<li><a href=\"https:\/\/www.sprachschule-aktiv-muenchen.de\/fr\/cours-d-allemand-a-munich\/\">Apprendre l\u2019allemand : plus d\u2019informations<\/a><\/li>\n<\/ul>\n","protected":false},"excerpt":{"rendered":"<p>Verbes forts et faibles en allemand Diff\u00e9rences de conjonction et de temps Afin de naviguer dans la confusion des conjugaisons et des temps allemands, il est n\u00e9cessaire de distinguer les verbes forts et faibles. Les verbes forts et faibles se comportent diff\u00e9remment dans leur conjonction, dans la formation du pass\u00e9 et dans la formation du [&hellip;]<\/p>\n","protected":false},"author":2,"featured_media":53520,"comment_status":"open","ping_status":"open","sticky":false,"template":"","format":"standard","meta":{"footnotes":""},"categories":[10],"tags":[],"class_list":["post-42096","post","type-post","status-publish","format-standard","has-post-thumbnail","hentry","category-apprendre-allemand-gratuitement"],"yoast_head":"<!-- This site is optimized with the Yoast SEO plugin v27.1.1 - https:\/\/yoast.com\/product\/yoast-seo-wordpress\/ -->\n<title>Verbes forts et faibles en allemand diff\u00e9rence de temps<\/title>\n<meta name=\"description\" content=\"Afin de naviguer dans la confusion des conjugaisons et des temps allemands, il est n\u00e9cessaire de distinguer les verbes forts et faibles.\" \/>\n<meta name=\"robots\" content=\"index, follow, max-snippet:-1, max-image-preview:large, max-video-preview:-1\" \/>\n<link rel=\"canonical\" href=\"https:\/\/www.sprachschule-aktiv-muenchen.de\/fr\/verbes-forts-et-faibles-en-allemand\/\" \/>\n<meta property=\"og:locale\" content=\"fr_FR\" \/>\n<meta property=\"og:type\" content=\"article\" \/>\n<meta property=\"og:title\" content=\"Verbes forts et faibles en allemand diff\u00e9rence de temps\" \/>\n<meta property=\"og:description\" content=\"Afin de naviguer dans la confusion des conjugaisons et des temps allemands, il est n\u00e9cessaire de distinguer les verbes forts et faibles.\" \/>\n<meta property=\"og:url\" content=\"https:\/\/www.sprachschule-aktiv-muenchen.de\/fr\/verbes-forts-et-faibles-en-allemand\/\" \/>\n<meta property=\"og:site_name\" content=\"Sprachschule Aktiv\" \/>\n<meta property=\"article:published_time\" content=\"2018-02-08T11:57:22+00:00\" \/>\n<meta property=\"article:modified_time\" content=\"2021-09-11T05:02:30+00:00\" \/>\n<meta property=\"og:image\" content=\"https:\/\/www.sprachschule-aktiv-muenchen.de\/wp-content\/uploads\/2018\/02\/verbes-forts-et-faibles-en-allemand.jpg\" \/>\n\t<meta property=\"og:image:width\" content=\"500\" \/>\n\t<meta property=\"og:image:height\" content=\"375\" \/>\n\t<meta property=\"og:image:type\" content=\"image\/jpeg\" \/>\n<meta name=\"author\" content=\"Martin Polo\" \/>\n<meta name=\"twitter:card\" content=\"summary_large_image\" \/>\n<meta name=\"twitter:label1\" content=\"\u00c9crit par\" \/>\n\t<meta name=\"twitter:data1\" content=\"Martin Polo\" \/>\n\t<meta name=\"twitter:label2\" content=\"Dur\u00e9e de lecture estim\u00e9e\" \/>\n\t<meta name=\"twitter:data2\" content=\"3 minutes\" \/>\n<script type=\"application\/ld+json\" class=\"yoast-schema-graph\">{\"@context\":\"https:\/\/schema.org\",\"@graph\":[{\"@type\":\"Article\",\"@id\":\"https:\/\/www.sprachschule-aktiv-muenchen.de\/fr\/verbes-forts-et-faibles-en-allemand\/#article\",\"isPartOf\":{\"@id\":\"https:\/\/www.sprachschule-aktiv-muenchen.de\/fr\/verbes-forts-et-faibles-en-allemand\/\"},\"author\":{\"name\":\"Martin Polo\",\"@id\":\"https:\/\/www.sprachschule-aktiv-muenchen.de\/#\/schema\/person\/a74a6322db9745fd586f7e97f1ee5724\"},\"headline\":\"Verbes forts et faibles en allemand\",\"datePublished\":\"2018-02-08T11:57:22+00:00\",\"dateModified\":\"2021-09-11T05:02:30+00:00\",\"mainEntityOfPage\":{\"@id\":\"https:\/\/www.sprachschule-aktiv-muenchen.de\/fr\/verbes-forts-et-faibles-en-allemand\/\"},\"wordCount\":625,\"commentCount\":0,\"image\":{\"@id\":\"https:\/\/www.sprachschule-aktiv-muenchen.de\/fr\/verbes-forts-et-faibles-en-allemand\/#primaryimage\"},\"thumbnailUrl\":\"https:\/\/www.sprachschule-aktiv-muenchen.de\/wp-content\/uploads\/2018\/02\/verbes-forts-et-faibles-en-allemand.jpg\",\"articleSection\":[\"Apprendre l'allemand gratuitement\"],\"inLanguage\":\"fr-FR\"},{\"@type\":\"WebPage\",\"@id\":\"https:\/\/www.sprachschule-aktiv-muenchen.de\/fr\/verbes-forts-et-faibles-en-allemand\/\",\"url\":\"https:\/\/www.sprachschule-aktiv-muenchen.de\/fr\/verbes-forts-et-faibles-en-allemand\/\",\"name\":\"Verbes forts et faibles en allemand diff\u00e9rence de temps\",\"isPartOf\":{\"@id\":\"https:\/\/www.sprachschule-aktiv-muenchen.de\/#website\"},\"primaryImageOfPage\":{\"@id\":\"https:\/\/www.sprachschule-aktiv-muenchen.de\/fr\/verbes-forts-et-faibles-en-allemand\/#primaryimage\"},\"image\":{\"@id\":\"https:\/\/www.sprachschule-aktiv-muenchen.de\/fr\/verbes-forts-et-faibles-en-allemand\/#primaryimage\"},\"thumbnailUrl\":\"https:\/\/www.sprachschule-aktiv-muenchen.de\/wp-content\/uploads\/2018\/02\/verbes-forts-et-faibles-en-allemand.jpg\",\"datePublished\":\"2018-02-08T11:57:22+00:00\",\"dateModified\":\"2021-09-11T05:02:30+00:00\",\"author\":{\"@id\":\"https:\/\/www.sprachschule-aktiv-muenchen.de\/#\/schema\/person\/a74a6322db9745fd586f7e97f1ee5724\"},\"description\":\"Afin de naviguer dans la confusion des conjugaisons et des temps allemands, il est n\u00e9cessaire de distinguer les verbes forts et faibles.\",\"breadcrumb\":{\"@id\":\"https:\/\/www.sprachschule-aktiv-muenchen.de\/fr\/verbes-forts-et-faibles-en-allemand\/#breadcrumb\"},\"inLanguage\":\"fr-FR\",\"potentialAction\":[{\"@type\":\"ReadAction\",\"target\":[\"https:\/\/www.sprachschule-aktiv-muenchen.de\/fr\/verbes-forts-et-faibles-en-allemand\/\"]}]},{\"@type\":\"ImageObject\",\"inLanguage\":\"fr-FR\",\"@id\":\"https:\/\/www.sprachschule-aktiv-muenchen.de\/fr\/verbes-forts-et-faibles-en-allemand\/#primaryimage\",\"url\":\"https:\/\/www.sprachschule-aktiv-muenchen.de\/wp-content\/uploads\/2018\/02\/verbes-forts-et-faibles-en-allemand.jpg\",\"contentUrl\":\"https:\/\/www.sprachschule-aktiv-muenchen.de\/wp-content\/uploads\/2018\/02\/verbes-forts-et-faibles-en-allemand.jpg\",\"width\":500,\"height\":375,\"caption\":\"Verbes forts et faibles en allemand\"},{\"@type\":\"BreadcrumbList\",\"@id\":\"https:\/\/www.sprachschule-aktiv-muenchen.de\/fr\/verbes-forts-et-faibles-en-allemand\/#breadcrumb\",\"itemListElement\":[{\"@type\":\"ListItem\",\"position\":1,\"name\":\"Portada\",\"item\":\"https:\/\/www.sprachschule-aktiv-muenchen.de\/fr\/\"},{\"@type\":\"ListItem\",\"position\":2,\"name\":\"Verbes forts et faibles en allemand\"}]},{\"@type\":\"WebSite\",\"@id\":\"https:\/\/www.sprachschule-aktiv-muenchen.de\/#website\",\"url\":\"https:\/\/www.sprachschule-aktiv-muenchen.de\/\",\"name\":\"Sprachschule Aktiv\",\"description\":\"\",\"potentialAction\":[{\"@type\":\"SearchAction\",\"target\":{\"@type\":\"EntryPoint\",\"urlTemplate\":\"https:\/\/www.sprachschule-aktiv-muenchen.de\/?s={search_term_string}\"},\"query-input\":{\"@type\":\"PropertyValueSpecification\",\"valueRequired\":true,\"valueName\":\"search_term_string\"}}],\"inLanguage\":\"fr-FR\"},{\"@type\":\"Person\",\"@id\":\"https:\/\/www.sprachschule-aktiv-muenchen.de\/#\/schema\/person\/a74a6322db9745fd586f7e97f1ee5724\",\"name\":\"Martin Polo\",\"image\":{\"@type\":\"ImageObject\",\"inLanguage\":\"fr-FR\",\"@id\":\"https:\/\/www.sprachschule-aktiv-muenchen.de\/#\/schema\/person\/image\/\",\"url\":\"https:\/\/secure.gravatar.com\/avatar\/2cbe6176b6be8b122284c50d9e7a11af9502529eae284fd73534defd313e4152?s=96&d=mm&r=g\",\"contentUrl\":\"https:\/\/secure.gravatar.com\/avatar\/2cbe6176b6be8b122284c50d9e7a11af9502529eae284fd73534defd313e4152?s=96&d=mm&r=g\",\"caption\":\"Martin Polo\"}}]}<\/script>\n<!-- \/ Yoast SEO plugin. -->","yoast_head_json":{"title":"Verbes forts et faibles en allemand diff\u00e9rence de temps","description":"Afin de naviguer dans la confusion des conjugaisons et des temps allemands, il est n\u00e9cessaire de distinguer les verbes forts et faibles.","robots":{"index":"index","follow":"follow","max-snippet":"max-snippet:-1","max-image-preview":"max-image-preview:large","max-video-preview":"max-video-preview:-1"},"canonical":"https:\/\/www.sprachschule-aktiv-muenchen.de\/fr\/verbes-forts-et-faibles-en-allemand\/","og_locale":"fr_FR","og_type":"article","og_title":"Verbes forts et faibles en allemand diff\u00e9rence de temps","og_description":"Afin de naviguer dans la confusion des conjugaisons et des temps allemands, il est n\u00e9cessaire de distinguer les verbes forts et faibles.","og_url":"https:\/\/www.sprachschule-aktiv-muenchen.de\/fr\/verbes-forts-et-faibles-en-allemand\/","og_site_name":"Sprachschule Aktiv","article_published_time":"2018-02-08T11:57:22+00:00","article_modified_time":"2021-09-11T05:02:30+00:00","og_image":[{"width":500,"height":375,"url":"https:\/\/www.sprachschule-aktiv-muenchen.de\/wp-content\/uploads\/2018\/02\/verbes-forts-et-faibles-en-allemand.jpg","type":"image\/jpeg"}],"author":"Martin Polo","twitter_card":"summary_large_image","twitter_misc":{"\u00c9crit par":"Martin Polo","Dur\u00e9e de lecture estim\u00e9e":"3 minutes"},"schema":{"@context":"https:\/\/schema.org","@graph":[{"@type":"Article","@id":"https:\/\/www.sprachschule-aktiv-muenchen.de\/fr\/verbes-forts-et-faibles-en-allemand\/#article","isPartOf":{"@id":"https:\/\/www.sprachschule-aktiv-muenchen.de\/fr\/verbes-forts-et-faibles-en-allemand\/"},"author":{"name":"Martin Polo","@id":"https:\/\/www.sprachschule-aktiv-muenchen.de\/#\/schema\/person\/a74a6322db9745fd586f7e97f1ee5724"},"headline":"Verbes forts et faibles en allemand","datePublished":"2018-02-08T11:57:22+00:00","dateModified":"2021-09-11T05:02:30+00:00","mainEntityOfPage":{"@id":"https:\/\/www.sprachschule-aktiv-muenchen.de\/fr\/verbes-forts-et-faibles-en-allemand\/"},"wordCount":625,"commentCount":0,"image":{"@id":"https:\/\/www.sprachschule-aktiv-muenchen.de\/fr\/verbes-forts-et-faibles-en-allemand\/#primaryimage"},"thumbnailUrl":"https:\/\/www.sprachschule-aktiv-muenchen.de\/wp-content\/uploads\/2018\/02\/verbes-forts-et-faibles-en-allemand.jpg","articleSection":["Apprendre l'allemand gratuitement"],"inLanguage":"fr-FR"},{"@type":"WebPage","@id":"https:\/\/www.sprachschule-aktiv-muenchen.de\/fr\/verbes-forts-et-faibles-en-allemand\/","url":"https:\/\/www.sprachschule-aktiv-muenchen.de\/fr\/verbes-forts-et-faibles-en-allemand\/","name":"Verbes forts et faibles en allemand diff\u00e9rence de temps","isPartOf":{"@id":"https:\/\/www.sprachschule-aktiv-muenchen.de\/#website"},"primaryImageOfPage":{"@id":"https:\/\/www.sprachschule-aktiv-muenchen.de\/fr\/verbes-forts-et-faibles-en-allemand\/#primaryimage"},"image":{"@id":"https:\/\/www.sprachschule-aktiv-muenchen.de\/fr\/verbes-forts-et-faibles-en-allemand\/#primaryimage"},"thumbnailUrl":"https:\/\/www.sprachschule-aktiv-muenchen.de\/wp-content\/uploads\/2018\/02\/verbes-forts-et-faibles-en-allemand.jpg","datePublished":"2018-02-08T11:57:22+00:00","dateModified":"2021-09-11T05:02:30+00:00","author":{"@id":"https:\/\/www.sprachschule-aktiv-muenchen.de\/#\/schema\/person\/a74a6322db9745fd586f7e97f1ee5724"},"description":"Afin de naviguer dans la confusion des conjugaisons et des temps allemands, il est n\u00e9cessaire de distinguer les verbes forts et faibles.","breadcrumb":{"@id":"https:\/\/www.sprachschule-aktiv-muenchen.de\/fr\/verbes-forts-et-faibles-en-allemand\/#breadcrumb"},"inLanguage":"fr-FR","potentialAction":[{"@type":"ReadAction","target":["https:\/\/www.sprachschule-aktiv-muenchen.de\/fr\/verbes-forts-et-faibles-en-allemand\/"]}]},{"@type":"ImageObject","inLanguage":"fr-FR","@id":"https:\/\/www.sprachschule-aktiv-muenchen.de\/fr\/verbes-forts-et-faibles-en-allemand\/#primaryimage","url":"https:\/\/www.sprachschule-aktiv-muenchen.de\/wp-content\/uploads\/2018\/02\/verbes-forts-et-faibles-en-allemand.jpg","contentUrl":"https:\/\/www.sprachschule-aktiv-muenchen.de\/wp-content\/uploads\/2018\/02\/verbes-forts-et-faibles-en-allemand.jpg","width":500,"height":375,"caption":"Verbes forts et faibles en allemand"},{"@type":"BreadcrumbList","@id":"https:\/\/www.sprachschule-aktiv-muenchen.de\/fr\/verbes-forts-et-faibles-en-allemand\/#breadcrumb","itemListElement":[{"@type":"ListItem","position":1,"name":"Portada","item":"https:\/\/www.sprachschule-aktiv-muenchen.de\/fr\/"},{"@type":"ListItem","position":2,"name":"Verbes forts et faibles en allemand"}]},{"@type":"WebSite","@id":"https:\/\/www.sprachschule-aktiv-muenchen.de\/#website","url":"https:\/\/www.sprachschule-aktiv-muenchen.de\/","name":"Sprachschule Aktiv","description":"","potentialAction":[{"@type":"SearchAction","target":{"@type":"EntryPoint","urlTemplate":"https:\/\/www.sprachschule-aktiv-muenchen.de\/?s={search_term_string}"},"query-input":{"@type":"PropertyValueSpecification","valueRequired":true,"valueName":"search_term_string"}}],"inLanguage":"fr-FR"},{"@type":"Person","@id":"https:\/\/www.sprachschule-aktiv-muenchen.de\/#\/schema\/person\/a74a6322db9745fd586f7e97f1ee5724","name":"Martin Polo","image":{"@type":"ImageObject","inLanguage":"fr-FR","@id":"https:\/\/www.sprachschule-aktiv-muenchen.de\/#\/schema\/person\/image\/","url":"https:\/\/secure.gravatar.com\/avatar\/2cbe6176b6be8b122284c50d9e7a11af9502529eae284fd73534defd313e4152?s=96&d=mm&r=g","contentUrl":"https:\/\/secure.gravatar.com\/avatar\/2cbe6176b6be8b122284c50d9e7a11af9502529eae284fd73534defd313e4152?s=96&d=mm&r=g","caption":"Martin Polo"}}]}},"_links":{"self":[{"href":"https:\/\/www.sprachschule-aktiv-muenchen.de\/fr\/wp-json\/wp\/v2\/posts\/42096","targetHints":{"allow":["GET"]}}],"collection":[{"href":"https:\/\/www.sprachschule-aktiv-muenchen.de\/fr\/wp-json\/wp\/v2\/posts"}],"about":[{"href":"https:\/\/www.sprachschule-aktiv-muenchen.de\/fr\/wp-json\/wp\/v2\/types\/post"}],"author":[{"embeddable":true,"href":"https:\/\/www.sprachschule-aktiv-muenchen.de\/fr\/wp-json\/wp\/v2\/users\/2"}],"replies":[{"embeddable":true,"href":"https:\/\/www.sprachschule-aktiv-muenchen.de\/fr\/wp-json\/wp\/v2\/comments?post=42096"}],"version-history":[{"count":2,"href":"https:\/\/www.sprachschule-aktiv-muenchen.de\/fr\/wp-json\/wp\/v2\/posts\/42096\/revisions"}],"predecessor-version":[{"id":69336,"href":"https:\/\/www.sprachschule-aktiv-muenchen.de\/fr\/wp-json\/wp\/v2\/posts\/42096\/revisions\/69336"}],"wp:featuredmedia":[{"embeddable":true,"href":"https:\/\/www.sprachschule-aktiv-muenchen.de\/fr\/wp-json\/wp\/v2\/media\/53520"}],"wp:attachment":[{"href":"https:\/\/www.sprachschule-aktiv-muenchen.de\/fr\/wp-json\/wp\/v2\/media?parent=42096"}],"wp:term":[{"taxonomy":"category","embeddable":true,"href":"https:\/\/www.sprachschule-aktiv-muenchen.de\/fr\/wp-json\/wp\/v2\/categories?post=42096"},{"taxonomy":"post_tag","embeddable":true,"href":"https:\/\/www.sprachschule-aktiv-muenchen.de\/fr\/wp-json\/wp\/v2\/tags?post=42096"}],"curies":[{"name":"wp","href":"https:\/\/api.w.org\/{rel}","templated":true}]}}