{"id":42071,"date":"2018-02-08T12:47:11","date_gmt":"2018-02-08T11:47:11","guid":{"rendered":"https:\/\/www.sprachschule-aktiv-muenchen.de\/?p=42071"},"modified":"2019-04-23T12:09:07","modified_gmt":"2019-04-23T10:09:07","slug":"accusatif-allemand-fonctions-formes","status":"publish","type":"post","link":"https:\/\/www.sprachschule-aktiv-muenchen.de\/fr\/accusatif-allemand-fonctions-formes\/","title":{"rendered":"L\u2019accusatif en Allemand-fonctions, formes et application"},"content":{"rendered":"<h1>L\u2019accusatif en Allemand-fonctions, formes et application<\/h1>\n<p>Dans ce post, vous apprendrez: L&#8217;accusatif en Allemand-fonctions<strong>,<\/strong> formes et application.<\/p>\n<h2>Fonction<\/h2>\n<p>En allemand, les diff\u00e9rents composants de la phrase (par exemple, le sujet, l&#8217;objet, etc.) peuvent se trouver \u00e0 diff\u00e9rentes positions dans la phrase. Pour comprendre qui est l&#8217;acteur et qui est la partie \u00abreceveuse\u00bb, il y a quatre cas. Le nominatif indique le sujet, c&#8217;est-\u00e0-dire celui qui fait quelque chose. Le g\u00e9nitif sert \u00e0 montrer la propri\u00e9t\u00e9 et les affiliations. Cependant, cela est souvent exprim\u00e9 par la pr\u00e9position &#8220;von&#8221; (de) et un nom dans le datif. Le datif et l&#8217;accusatif sont utilis\u00e9s pour identifier l&#8217;objet dans la phrase, c&#8217;est-\u00e0-dire la partie de la phrase avec laquelle quelque chose se passe. L&#8217;accusatif d\u00e9signe ici une personne ou une chose. La question pos\u00e9e sur l&#8217;objet dans l&#8217;accusatif est donc &#8220;wen?&#8221; (qui\u00a0?) Ou &#8220;was?&#8221; (quoi\u00a0?). L&#8217;objet qui se tient dans l&#8217;accusatif est aussi appel\u00e9 un objet direct.<\/p>\n<h2>Forme<\/h2>\n<h2>Articles<\/h2>\n<table width=\"500\">\n<tbody>\n<tr>\n<td><\/td>\n<td>bestimmter Artikel<\/td>\n<td>unbestimmter Artikel<\/td>\n<td>Negationsartikel, Possessivartikel, etc.<\/td>\n<\/tr>\n<tr>\n<td>maskulin<\/td>\n<td>den Mann<\/td>\n<td>einen Mann<\/td>\n<td>keinen Mann<\/td>\n<\/tr>\n<tr>\n<td>feminin<\/td>\n<td>die Frau<\/td>\n<td>eine Frau<\/td>\n<td>keine Frau<\/td>\n<\/tr>\n<tr>\n<td>neutral<\/td>\n<td>das Kind<\/td>\n<td>ein Kind<\/td>\n<td>kein Kind<\/td>\n<\/tr>\n<tr>\n<td>Plural<\/td>\n<td>die Menschen<\/td>\n<td>Menschen<\/td>\n<td>keine Menschen<\/td>\n<\/tr>\n<\/tbody>\n<\/table>\n<p>Les adjectifs sont aussi \u00e0 d\u00e9cliner \u00e0 l\u2019accusatif. Ils doivent \u00eatre adapt\u00e9s au nom selon les types 1 &#8211; 3 (c&#8217;est-\u00e0-dire avec article d\u00e9fini, avec article ind\u00e9fini ou sans article). Normalement, les noms ne sont pas modifi\u00e9s sauf dans le g\u00e9nitif. Mais il y a des noms masculins qui se terminent par l&#8217;accusatif -n ou -en.<\/p>\n<p>noms masculins se terminant par -e: der L\u00f6we \u2013 den L\u00f6wen (le lion)<\/p>\n<p>noms masculins se terminant par -ent: der Produzent \u2013 den Produzenten (le producteur)<\/p>\n<h2>Pronom \u00e0 l\u2019accusatif<\/h2>\n<table width=\"552\">\n<tbody>\n<tr>\n<td width=\"66\"><\/td>\n<td width=\"108\">Personalpronomen<\/td>\n<td>Possessivpronomen<\/td>\n<td><\/td>\n<td><\/td>\n<td><\/td>\n<\/tr>\n<tr>\n<td width=\"66\"><\/td>\n<td width=\"108\"><\/td>\n<td>maskulin<\/td>\n<td>neutral<\/td>\n<td><\/td>\n<td>feminin\/Plural<\/td>\n<\/tr>\n<tr>\n<td width=\"66\"><\/td>\n<td width=\"108\"><\/td>\n<td><\/td>\n<td>Begleiter<\/td>\n<td>Ersatz<\/td>\n<td><\/td>\n<\/tr>\n<tr>\n<td width=\"66\">1. Person Sg<\/td>\n<td width=\"108\">mich<\/td>\n<td>meinen<\/td>\n<td>mein<\/td>\n<td>meins<\/td>\n<td>meine<\/td>\n<\/tr>\n<tr>\n<td width=\"66\">2. Person Sg.<\/td>\n<td width=\"108\">dich<\/td>\n<td>deinen<\/td>\n<td>dein<\/td>\n<td>deins<\/td>\n<td>deine<\/td>\n<\/tr>\n<tr>\n<td width=\"66\">3. Person Sg. (m)<\/td>\n<td width=\"108\">ihn<\/td>\n<td>seinen<\/td>\n<td>sein<\/td>\n<td>seins<\/td>\n<td>seine<\/td>\n<\/tr>\n<tr>\n<td width=\"66\">3. Person Sg. (f)<\/td>\n<td width=\"108\">sie<\/td>\n<td>ihren<\/td>\n<td>ihr<\/td>\n<td>ihr(e)s<\/td>\n<td>ihre<\/td>\n<\/tr>\n<tr>\n<td width=\"66\">3. Person Sg. (n)<\/td>\n<td width=\"108\">ihn<\/td>\n<td>seinen<\/td>\n<td>sein<\/td>\n<td>seins<\/td>\n<td>seine<\/td>\n<\/tr>\n<tr>\n<td width=\"66\">1. Person Pl.<\/td>\n<td width=\"108\">uns<\/td>\n<td>unseren<\/td>\n<td>unser<\/td>\n<td>unser(e)s<\/td>\n<td>unsere<\/td>\n<\/tr>\n<tr>\n<td width=\"66\">2. Person Pl.<\/td>\n<td width=\"108\">euch<\/td>\n<td>eueren<\/td>\n<td>euer<\/td>\n<td>euers<\/td>\n<td>euere<\/td>\n<\/tr>\n<tr>\n<td width=\"66\">3. Person Pl.<\/td>\n<td width=\"108\">sie\/Sie<\/td>\n<td>ihren\/Ihren<\/td>\n<td>ihr\/Ihr<\/td>\n<td>ihr(e)s\/Ihr(e)s<\/td>\n<td>ihre\/Ihre<\/td>\n<\/tr>\n<\/tbody>\n<\/table>\n<h2>Application<\/h2>\n<p>&#8220;Quand est-ce que j&#8217;utilise l&#8217;accusatif?&#8221; Il y a trois conseils \u00e0 cette question fr\u00e9quemment pos\u00e9e:<\/p>\n<p><strong>\u00a0<\/strong><strong>Verbe<\/strong><\/p>\n<p><strong>\u00a0<\/strong>En allemand, le verbe d\u00e9termine le cas de l&#8217;objet, i. Il y a donc certains verbes qui doivent toujours \u00eatre l&#8217;accusatif. Ceux-ci repr\u00e9sentent environ 90% de tous les verbes. Les 10% restants sont des verbes qui ont besoin d&#8217;un datif ou de deux objets. Les verbes qui n\u00e9cessitent un accusatif sont, par exemple:<\/p>\n<p>Lesen, schreiben, trinken, essen, lernen, fragen, kaufen, suchen, finden, lernen, h\u00f6ren, bezahlen, haben, etc.<\/p>\n<p>Comme je l&#8217;ai dit, quelques verbes ont besoin de deux objets. Par exemple, donner. Ici, l&#8217;accusatif signifie presque toujours la chose. Die Frau gibt mir das Buch..<\/p>\n<p>La femme me donne le livre ..<\/p>\n<p><strong>Pr\u00e9position<\/strong><\/p>\n<p>Il y a des pr\u00e9positions qui n\u00e9cessitent toujours l\u2019emploi de l\u2019accusatif\u00a0: durch, entlang, gegen, um, f\u00fcr, ohne, etc.<\/p>\n<p>Dans certaines pr\u00e9positions, les pr\u00e9positions alternatives, \u00e0 la fois datif et accusatif sont possibles. Avec ceux-ci utilise accusatif, si on peut demander &#8220;wohin?&#8221;. Les pr\u00e9positions auxquelles cela s&#8217;applique sont: an, auf, hinter, in, neben, \u00fcber, unter, vor, zwischen<\/p>\n<p><strong>Exceptions <\/strong><\/p>\n<p>Il y a certaines phrases en allemand dans lesquelles un accusatif est toujours utilis\u00e9. Les exemples sont: Guten Tag!, Herzlichen Gl\u00fcckwunsch! Ici vous pouvez dire par l&#8217;adjectif que ces courtes phrases sont un accusatif.<\/p>\n<h3>Autres articles int\u00e9ressants pour vous<\/h3>\n<ul>\n<li><a href=\"https:\/\/www.sprachschule-aktiv-muenchen.de\/fr\/construction-phrase-passe-compose-allemand\/\">Construction d&#8217;une phrase au perfekt<\/a><\/li>\n<li><a href=\"https:\/\/www.sprachschule-aktiv-muenchen.de\/fr\/les-prepositions-allemandes-et-leurs-positions-dans-les-phrases\/\">Les pr\u00e9positions allemandes et leurs positions dans les phrases<\/a><\/li>\n<li><a href=\"https:\/\/www.sprachschule-aktiv-muenchen.de\/fr\/cours-intensifs-dallemand\/\">Cours intensifs d&#8217;allemand \u00e0 Munich<\/a><\/li>\n<\/ul>\n","protected":false},"excerpt":{"rendered":"<p>L\u2019accusatif en Allemand-fonctions, formes et application Dans ce post, vous apprendrez: L&#8217;accusatif en Allemand-fonctions, formes et application. Fonction En allemand, les diff\u00e9rents composants de la phrase (par exemple, le sujet, l&#8217;objet, etc.) peuvent se trouver \u00e0 diff\u00e9rentes positions dans la phrase. Pour comprendre qui est l&#8217;acteur et qui est la partie \u00abreceveuse\u00bb, il y a [&hellip;]<\/p>\n","protected":false},"author":2,"featured_media":42072,"comment_status":"open","ping_status":"open","sticky":false,"template":"","format":"standard","meta":{"footnotes":""},"categories":[10],"tags":[],"class_list":["post-42071","post","type-post","status-publish","format-standard","has-post-thumbnail","hentry","category-apprendre-allemand-gratuitement"],"yoast_head":"<!-- This site is optimized with the Yoast SEO plugin v27.1.1 - https:\/\/yoast.com\/product\/yoast-seo-wordpress\/ -->\n<title>Accusatif en allemand-fonction, formes et utilisations<\/title>\n<meta name=\"description\" content=\"En allemand, les diff\u00e9rents composants de la phrase (par exemple, le sujet, l&#039;objet, etc.) peuvent se trouver \u00e0 diff\u00e9rentes positions dans la phrase.\" \/>\n<meta name=\"robots\" content=\"index, follow, max-snippet:-1, max-image-preview:large, max-video-preview:-1\" \/>\n<link rel=\"canonical\" href=\"https:\/\/www.sprachschule-aktiv-muenchen.de\/fr\/accusatif-allemand-fonctions-formes\/\" \/>\n<meta property=\"og:locale\" content=\"fr_FR\" \/>\n<meta property=\"og:type\" content=\"article\" \/>\n<meta property=\"og:title\" content=\"Accusatif en allemand-fonction, formes et utilisations\" \/>\n<meta property=\"og:description\" content=\"En allemand, les diff\u00e9rents composants de la phrase (par exemple, le sujet, l&#039;objet, etc.) peuvent se trouver \u00e0 diff\u00e9rentes positions dans la phrase.\" \/>\n<meta property=\"og:url\" content=\"https:\/\/www.sprachschule-aktiv-muenchen.de\/fr\/accusatif-allemand-fonctions-formes\/\" \/>\n<meta property=\"og:site_name\" content=\"Sprachschule Aktiv\" \/>\n<meta property=\"article:published_time\" content=\"2018-02-08T11:47:11+00:00\" \/>\n<meta property=\"article:modified_time\" content=\"2019-04-23T10:09:07+00:00\" \/>\n<meta property=\"og:image\" content=\"https:\/\/www.sprachschule-aktiv-muenchen.de\/wp-content\/uploads\/2018\/02\/accusatif-allemand-fonctions-formes-usages.jpg\" \/>\n\t<meta property=\"og:image:width\" content=\"723\" \/>\n\t<meta property=\"og:image:height\" content=\"542\" \/>\n\t<meta property=\"og:image:type\" content=\"image\/jpeg\" \/>\n<meta name=\"author\" content=\"Martin Polo\" \/>\n<meta name=\"twitter:card\" content=\"summary_large_image\" \/>\n<meta name=\"twitter:label1\" content=\"\u00c9crit par\" \/>\n\t<meta name=\"twitter:data1\" content=\"Martin Polo\" \/>\n\t<meta name=\"twitter:label2\" content=\"Dur\u00e9e de lecture estim\u00e9e\" \/>\n\t<meta name=\"twitter:data2\" content=\"3 minutes\" \/>\n<script type=\"application\/ld+json\" class=\"yoast-schema-graph\">{\"@context\":\"https:\/\/schema.org\",\"@graph\":[{\"@type\":\"Article\",\"@id\":\"https:\/\/www.sprachschule-aktiv-muenchen.de\/fr\/accusatif-allemand-fonctions-formes\/#article\",\"isPartOf\":{\"@id\":\"https:\/\/www.sprachschule-aktiv-muenchen.de\/fr\/accusatif-allemand-fonctions-formes\/\"},\"author\":{\"name\":\"Martin Polo\",\"@id\":\"https:\/\/www.sprachschule-aktiv-muenchen.de\/#\/schema\/person\/a74a6322db9745fd586f7e97f1ee5724\"},\"headline\":\"L\u2019accusatif en Allemand-fonctions, formes et application\",\"datePublished\":\"2018-02-08T11:47:11+00:00\",\"dateModified\":\"2019-04-23T10:09:07+00:00\",\"mainEntityOfPage\":{\"@id\":\"https:\/\/www.sprachschule-aktiv-muenchen.de\/fr\/accusatif-allemand-fonctions-formes\/\"},\"wordCount\":644,\"commentCount\":0,\"image\":{\"@id\":\"https:\/\/www.sprachschule-aktiv-muenchen.de\/fr\/accusatif-allemand-fonctions-formes\/#primaryimage\"},\"thumbnailUrl\":\"https:\/\/www.sprachschule-aktiv-muenchen.de\/wp-content\/uploads\/2018\/02\/accusatif-allemand-fonctions-formes-usages.jpg\",\"articleSection\":[\"Apprendre l'allemand gratuitement\"],\"inLanguage\":\"fr-FR\"},{\"@type\":\"WebPage\",\"@id\":\"https:\/\/www.sprachschule-aktiv-muenchen.de\/fr\/accusatif-allemand-fonctions-formes\/\",\"url\":\"https:\/\/www.sprachschule-aktiv-muenchen.de\/fr\/accusatif-allemand-fonctions-formes\/\",\"name\":\"Accusatif en allemand-fonction, formes et utilisations\",\"isPartOf\":{\"@id\":\"https:\/\/www.sprachschule-aktiv-muenchen.de\/#website\"},\"primaryImageOfPage\":{\"@id\":\"https:\/\/www.sprachschule-aktiv-muenchen.de\/fr\/accusatif-allemand-fonctions-formes\/#primaryimage\"},\"image\":{\"@id\":\"https:\/\/www.sprachschule-aktiv-muenchen.de\/fr\/accusatif-allemand-fonctions-formes\/#primaryimage\"},\"thumbnailUrl\":\"https:\/\/www.sprachschule-aktiv-muenchen.de\/wp-content\/uploads\/2018\/02\/accusatif-allemand-fonctions-formes-usages.jpg\",\"datePublished\":\"2018-02-08T11:47:11+00:00\",\"dateModified\":\"2019-04-23T10:09:07+00:00\",\"author\":{\"@id\":\"https:\/\/www.sprachschule-aktiv-muenchen.de\/#\/schema\/person\/a74a6322db9745fd586f7e97f1ee5724\"},\"description\":\"En allemand, les diff\u00e9rents composants de la phrase (par exemple, le sujet, l'objet, etc.) peuvent se trouver \u00e0 diff\u00e9rentes positions dans la phrase.\",\"breadcrumb\":{\"@id\":\"https:\/\/www.sprachschule-aktiv-muenchen.de\/fr\/accusatif-allemand-fonctions-formes\/#breadcrumb\"},\"inLanguage\":\"fr-FR\",\"potentialAction\":[{\"@type\":\"ReadAction\",\"target\":[\"https:\/\/www.sprachschule-aktiv-muenchen.de\/fr\/accusatif-allemand-fonctions-formes\/\"]}]},{\"@type\":\"ImageObject\",\"inLanguage\":\"fr-FR\",\"@id\":\"https:\/\/www.sprachschule-aktiv-muenchen.de\/fr\/accusatif-allemand-fonctions-formes\/#primaryimage\",\"url\":\"https:\/\/www.sprachschule-aktiv-muenchen.de\/wp-content\/uploads\/2018\/02\/accusatif-allemand-fonctions-formes-usages.jpg\",\"contentUrl\":\"https:\/\/www.sprachschule-aktiv-muenchen.de\/wp-content\/uploads\/2018\/02\/accusatif-allemand-fonctions-formes-usages.jpg\",\"width\":\"723\",\"height\":\"542\",\"caption\":\"Accusatif en allemand: fonctions, formes et usages\"},{\"@type\":\"BreadcrumbList\",\"@id\":\"https:\/\/www.sprachschule-aktiv-muenchen.de\/fr\/accusatif-allemand-fonctions-formes\/#breadcrumb\",\"itemListElement\":[{\"@type\":\"ListItem\",\"position\":1,\"name\":\"Portada\",\"item\":\"https:\/\/www.sprachschule-aktiv-muenchen.de\/fr\/\"},{\"@type\":\"ListItem\",\"position\":2,\"name\":\"L\u2019accusatif en Allemand-fonctions, formes et application\"}]},{\"@type\":\"WebSite\",\"@id\":\"https:\/\/www.sprachschule-aktiv-muenchen.de\/#website\",\"url\":\"https:\/\/www.sprachschule-aktiv-muenchen.de\/\",\"name\":\"Sprachschule Aktiv\",\"description\":\"\",\"potentialAction\":[{\"@type\":\"SearchAction\",\"target\":{\"@type\":\"EntryPoint\",\"urlTemplate\":\"https:\/\/www.sprachschule-aktiv-muenchen.de\/?s={search_term_string}\"},\"query-input\":{\"@type\":\"PropertyValueSpecification\",\"valueRequired\":true,\"valueName\":\"search_term_string\"}}],\"inLanguage\":\"fr-FR\"},{\"@type\":\"Person\",\"@id\":\"https:\/\/www.sprachschule-aktiv-muenchen.de\/#\/schema\/person\/a74a6322db9745fd586f7e97f1ee5724\",\"name\":\"Martin Polo\",\"image\":{\"@type\":\"ImageObject\",\"inLanguage\":\"fr-FR\",\"@id\":\"https:\/\/www.sprachschule-aktiv-muenchen.de\/#\/schema\/person\/image\/\",\"url\":\"https:\/\/secure.gravatar.com\/avatar\/2cbe6176b6be8b122284c50d9e7a11af9502529eae284fd73534defd313e4152?s=96&d=mm&r=g\",\"contentUrl\":\"https:\/\/secure.gravatar.com\/avatar\/2cbe6176b6be8b122284c50d9e7a11af9502529eae284fd73534defd313e4152?s=96&d=mm&r=g\",\"caption\":\"Martin Polo\"}}]}<\/script>\n<!-- \/ Yoast SEO plugin. -->","yoast_head_json":{"title":"Accusatif en allemand-fonction, formes et utilisations","description":"En allemand, les diff\u00e9rents composants de la phrase (par exemple, le sujet, l'objet, etc.) peuvent se trouver \u00e0 diff\u00e9rentes positions dans la phrase.","robots":{"index":"index","follow":"follow","max-snippet":"max-snippet:-1","max-image-preview":"max-image-preview:large","max-video-preview":"max-video-preview:-1"},"canonical":"https:\/\/www.sprachschule-aktiv-muenchen.de\/fr\/accusatif-allemand-fonctions-formes\/","og_locale":"fr_FR","og_type":"article","og_title":"Accusatif en allemand-fonction, formes et utilisations","og_description":"En allemand, les diff\u00e9rents composants de la phrase (par exemple, le sujet, l'objet, etc.) peuvent se trouver \u00e0 diff\u00e9rentes positions dans la phrase.","og_url":"https:\/\/www.sprachschule-aktiv-muenchen.de\/fr\/accusatif-allemand-fonctions-formes\/","og_site_name":"Sprachschule Aktiv","article_published_time":"2018-02-08T11:47:11+00:00","article_modified_time":"2019-04-23T10:09:07+00:00","og_image":[{"width":723,"height":542,"url":"https:\/\/www.sprachschule-aktiv-muenchen.de\/wp-content\/uploads\/2018\/02\/accusatif-allemand-fonctions-formes-usages.jpg","type":"image\/jpeg"}],"author":"Martin Polo","twitter_card":"summary_large_image","twitter_misc":{"\u00c9crit par":"Martin Polo","Dur\u00e9e de lecture estim\u00e9e":"3 minutes"},"schema":{"@context":"https:\/\/schema.org","@graph":[{"@type":"Article","@id":"https:\/\/www.sprachschule-aktiv-muenchen.de\/fr\/accusatif-allemand-fonctions-formes\/#article","isPartOf":{"@id":"https:\/\/www.sprachschule-aktiv-muenchen.de\/fr\/accusatif-allemand-fonctions-formes\/"},"author":{"name":"Martin Polo","@id":"https:\/\/www.sprachschule-aktiv-muenchen.de\/#\/schema\/person\/a74a6322db9745fd586f7e97f1ee5724"},"headline":"L\u2019accusatif en Allemand-fonctions, formes et application","datePublished":"2018-02-08T11:47:11+00:00","dateModified":"2019-04-23T10:09:07+00:00","mainEntityOfPage":{"@id":"https:\/\/www.sprachschule-aktiv-muenchen.de\/fr\/accusatif-allemand-fonctions-formes\/"},"wordCount":644,"commentCount":0,"image":{"@id":"https:\/\/www.sprachschule-aktiv-muenchen.de\/fr\/accusatif-allemand-fonctions-formes\/#primaryimage"},"thumbnailUrl":"https:\/\/www.sprachschule-aktiv-muenchen.de\/wp-content\/uploads\/2018\/02\/accusatif-allemand-fonctions-formes-usages.jpg","articleSection":["Apprendre l'allemand gratuitement"],"inLanguage":"fr-FR"},{"@type":"WebPage","@id":"https:\/\/www.sprachschule-aktiv-muenchen.de\/fr\/accusatif-allemand-fonctions-formes\/","url":"https:\/\/www.sprachschule-aktiv-muenchen.de\/fr\/accusatif-allemand-fonctions-formes\/","name":"Accusatif en allemand-fonction, formes et utilisations","isPartOf":{"@id":"https:\/\/www.sprachschule-aktiv-muenchen.de\/#website"},"primaryImageOfPage":{"@id":"https:\/\/www.sprachschule-aktiv-muenchen.de\/fr\/accusatif-allemand-fonctions-formes\/#primaryimage"},"image":{"@id":"https:\/\/www.sprachschule-aktiv-muenchen.de\/fr\/accusatif-allemand-fonctions-formes\/#primaryimage"},"thumbnailUrl":"https:\/\/www.sprachschule-aktiv-muenchen.de\/wp-content\/uploads\/2018\/02\/accusatif-allemand-fonctions-formes-usages.jpg","datePublished":"2018-02-08T11:47:11+00:00","dateModified":"2019-04-23T10:09:07+00:00","author":{"@id":"https:\/\/www.sprachschule-aktiv-muenchen.de\/#\/schema\/person\/a74a6322db9745fd586f7e97f1ee5724"},"description":"En allemand, les diff\u00e9rents composants de la phrase (par exemple, le sujet, l'objet, etc.) peuvent se trouver \u00e0 diff\u00e9rentes positions dans la phrase.","breadcrumb":{"@id":"https:\/\/www.sprachschule-aktiv-muenchen.de\/fr\/accusatif-allemand-fonctions-formes\/#breadcrumb"},"inLanguage":"fr-FR","potentialAction":[{"@type":"ReadAction","target":["https:\/\/www.sprachschule-aktiv-muenchen.de\/fr\/accusatif-allemand-fonctions-formes\/"]}]},{"@type":"ImageObject","inLanguage":"fr-FR","@id":"https:\/\/www.sprachschule-aktiv-muenchen.de\/fr\/accusatif-allemand-fonctions-formes\/#primaryimage","url":"https:\/\/www.sprachschule-aktiv-muenchen.de\/wp-content\/uploads\/2018\/02\/accusatif-allemand-fonctions-formes-usages.jpg","contentUrl":"https:\/\/www.sprachschule-aktiv-muenchen.de\/wp-content\/uploads\/2018\/02\/accusatif-allemand-fonctions-formes-usages.jpg","width":"723","height":"542","caption":"Accusatif en allemand: fonctions, formes et usages"},{"@type":"BreadcrumbList","@id":"https:\/\/www.sprachschule-aktiv-muenchen.de\/fr\/accusatif-allemand-fonctions-formes\/#breadcrumb","itemListElement":[{"@type":"ListItem","position":1,"name":"Portada","item":"https:\/\/www.sprachschule-aktiv-muenchen.de\/fr\/"},{"@type":"ListItem","position":2,"name":"L\u2019accusatif en Allemand-fonctions, formes et application"}]},{"@type":"WebSite","@id":"https:\/\/www.sprachschule-aktiv-muenchen.de\/#website","url":"https:\/\/www.sprachschule-aktiv-muenchen.de\/","name":"Sprachschule Aktiv","description":"","potentialAction":[{"@type":"SearchAction","target":{"@type":"EntryPoint","urlTemplate":"https:\/\/www.sprachschule-aktiv-muenchen.de\/?s={search_term_string}"},"query-input":{"@type":"PropertyValueSpecification","valueRequired":true,"valueName":"search_term_string"}}],"inLanguage":"fr-FR"},{"@type":"Person","@id":"https:\/\/www.sprachschule-aktiv-muenchen.de\/#\/schema\/person\/a74a6322db9745fd586f7e97f1ee5724","name":"Martin Polo","image":{"@type":"ImageObject","inLanguage":"fr-FR","@id":"https:\/\/www.sprachschule-aktiv-muenchen.de\/#\/schema\/person\/image\/","url":"https:\/\/secure.gravatar.com\/avatar\/2cbe6176b6be8b122284c50d9e7a11af9502529eae284fd73534defd313e4152?s=96&d=mm&r=g","contentUrl":"https:\/\/secure.gravatar.com\/avatar\/2cbe6176b6be8b122284c50d9e7a11af9502529eae284fd73534defd313e4152?s=96&d=mm&r=g","caption":"Martin Polo"}}]}},"_links":{"self":[{"href":"https:\/\/www.sprachschule-aktiv-muenchen.de\/fr\/wp-json\/wp\/v2\/posts\/42071","targetHints":{"allow":["GET"]}}],"collection":[{"href":"https:\/\/www.sprachschule-aktiv-muenchen.de\/fr\/wp-json\/wp\/v2\/posts"}],"about":[{"href":"https:\/\/www.sprachschule-aktiv-muenchen.de\/fr\/wp-json\/wp\/v2\/types\/post"}],"author":[{"embeddable":true,"href":"https:\/\/www.sprachschule-aktiv-muenchen.de\/fr\/wp-json\/wp\/v2\/users\/2"}],"replies":[{"embeddable":true,"href":"https:\/\/www.sprachschule-aktiv-muenchen.de\/fr\/wp-json\/wp\/v2\/comments?post=42071"}],"version-history":[{"count":0,"href":"https:\/\/www.sprachschule-aktiv-muenchen.de\/fr\/wp-json\/wp\/v2\/posts\/42071\/revisions"}],"wp:featuredmedia":[{"embeddable":true,"href":"https:\/\/www.sprachschule-aktiv-muenchen.de\/fr\/wp-json\/wp\/v2\/media\/42072"}],"wp:attachment":[{"href":"https:\/\/www.sprachschule-aktiv-muenchen.de\/fr\/wp-json\/wp\/v2\/media?parent=42071"}],"wp:term":[{"taxonomy":"category","embeddable":true,"href":"https:\/\/www.sprachschule-aktiv-muenchen.de\/fr\/wp-json\/wp\/v2\/categories?post=42071"},{"taxonomy":"post_tag","embeddable":true,"href":"https:\/\/www.sprachschule-aktiv-muenchen.de\/fr\/wp-json\/wp\/v2\/tags?post=42071"}],"curies":[{"name":"wp","href":"https:\/\/api.w.org\/{rel}","templated":true}]}}