{"id":41875,"date":"2018-02-07T12:53:48","date_gmt":"2018-02-07T11:53:48","guid":{"rendered":"https:\/\/www.sprachschule-aktiv-muenchen.de\/?p=41875"},"modified":"2021-11-21T06:34:12","modified_gmt":"2021-11-21T05:34:12","slug":"les-prepositions-allemandes-et-leurs-positions-dans-les-phrases","status":"publish","type":"post","link":"https:\/\/www.sprachschule-aktiv-muenchen.de\/fr\/les-prepositions-allemandes-et-leurs-positions-dans-les-phrases\/","title":{"rendered":"Les pr\u00e9positions allemandes et leurs positions dans les phrases"},"content":{"rendered":"<h1>Les pr\u00e9positions allemandes et leurs positions dans les phrases<\/h1>\n<p>Les pr\u00e9positions sont g\u00e9n\u00e9ralement des mots courts et ind\u00e9chiffrables qui indiquent comment les autres mots de la phrase sont li\u00e9s les uns aux autres. Les pr\u00e9positions sont difficiles \u00e0 apprendre car elles peuvent avoir des significations tr\u00e8s diff\u00e9rentes. Dans ce post, vous apprendrez: Les pr\u00e9positions allemandes et leurs positions dans les phrases.<\/p>\n<p>Il existe 4 types de pr\u00e9positions diff\u00e9rentes<\/p>\n<p>-ceux qui indique une relation de cause entre les mots (Wegen-en raison de, aufgrund-due)<br \/>\n-ceux qui indiquent une relation temporelle (nach- apr\u00e8s, vor-avant)<\/p>\n<p>-pr\u00e9position avec signification modale (ohne-sans, mit-avec)<\/p>\n<p>-pr\u00e9positions utilis\u00e9es pour indiquer une localisation (gegen\u00fcber-oppos\u00e9, hinter-derri\u00e8re)<\/p>\n<p>De nombreuses pr\u00e9positions peuvent appartenir \u00e0 plus d\u2019un seul groupe.<\/p>\n<h2>La position des pr\u00e9positions dans la phrase<\/h2>\n<p>La pr\u00e9position + le nom + le compl\u00e9ment du nom forment ensemble un groupe pr\u00e9positionnel. Le groupe pr\u00e9positionnel est d\u00e9termin\u00e9 par la pr\u00e9position c\u2019est-\u00e0-dire que la pr\u00e9position indique dans quel cas les noms et les compl\u00e9ments du nom doivent se suivre ceux-ci sont donc d\u00e9clin\u00e9s.<\/p>\n<h2>Les pr\u00e9positions et le cas<\/h2>\n<p>Les pr\u00e9positions indiquent quel est le cas \u00e0 utiliser pour les noms et les compl\u00e9ments de nom. Dans de nombreux cas, les pr\u00e9positions vont s\u2019accompagner tr\u00e8s clairement de g\u00e9nitif, de datif ou d\u2019accusatif.<\/p>\n<p>Pr\u00e9position suivie de g\u00e9nitif\u00a0: trotz, wegen, w\u00e4hrend, au\u00dferhalb, innerhalb<br \/>\nPr\u00e9position suivie de datif\u00a0: mit, nach, von, zu, ab, aus, seit, bei<br \/>\nPr\u00e9position suivie d\u2019accusatif\u00a0: f\u00fcr, gegen, bis, durch, ohne, um<\/p>\n<p>Cependant, il existe aussi des pr\u00e9positions qui alternent les cas selon le contexte\u00a0: an, auf, unter, zwischen, vor, in, \u00fcber, neben, hinter.<\/p>\n<p>Selon si elles indiquent un mouvement ou un emplacement, certaines pr\u00e9positions n\u00e9cessitent du datif ou de l\u2019accusatif. La meilleure fa\u00e7on de le savoir est de se poser des questions sur le groupe pr\u00e9positionnel correspondant. Que ces pr\u00e9positions requi\u00e8rent du datif ou de l\u2019accusatif, cela d\u00e9pend du groupe pr\u00e9positionnel correspondant.<\/p>\n<p>Wo hat sich das Kind versteckt? \u2013&gt; Hinter dem Haus.\u00a0O\u00f9 s\u2019est cach\u00e9 l\u2019enfant\u00a0? Dans la maison<br \/>\nWohin l\u00e4uft der Hund? \u2013&gt; Hinter das Haus.\u00a0 O\u00f9 va le chien\u00a0?Dans la maison<\/p>\n<h2>Moyen mn\u00e9motechnique<\/h2>\n<p>Pour se souvenir des pr\u00e9positions et des cas associ\u00e9s, il existe des moyens mn\u00e9motechniques. En Allemagne, par exemple, la rime suivante est enseign\u00e9e dans de nombreuses \u00e9coles pour aider les enfants \u00e0 se souvenir des pr\u00e9positions avec le datif<br \/>\nDativ\u00a0: &#8220;Mit, nach, von, zu, ab, aus, seit, bei&#8221;\u00a0 &#8220;Avec, apr\u00e8s, de, \u00e0, de , \u00e0 partir de , \u00e0&#8221;<\/p>\n<p>Pour les pr\u00e9positions qui n\u00e9cessitent du g\u00e9nitif et de l\u2019accusatif, il n\u2019existe malheureusement pas de rime. Dans ce cas il est n\u00e9cessaire de faire preuve d\u2019imagination. Vous pouvez essayer de mettre une m\u00e9lodie sur les mots afin de les m\u00e9moriser. Les pr\u00e9positions de l\u2019accusatif\u00a0: \u00ab\u00a0f\u00fcr ge gen bis durch oh ne und um\u00a0\u00bb s\u2019inscrivent bien avec la m\u00e9lodie du Yellow Submarin. Une autre fa\u00e7on de rendre l\u2019apprentissage plus facile est d\u2019attribuer une couleur sp\u00e9cifique \u00e0 chaque cas et d\u2019\u00e9crire les pr\u00e9positions dans cette couleur. Ainsi, en plus de la signification du mot, le cas associ\u00e9 est \u00e9galement appris, et puisque les couleurs se gravent facilement dans la m\u00e9moire, on pourra s\u2019en souvenir plus longtemps.<\/p>\n<h2>Plus d\u2019articles et de cours d\u2019allemand pour vous\u00a0:<\/h2>\n<ul>\n<li><a href=\"https:\/\/www.sprachschule-aktiv-muenchen.de\/deutsch-intensivkurs\/\">Deutsch Intensivkurs in M\u00fcnchen<\/a><\/li>\n<li><a href=\"https:\/\/www.sprachschule-aktiv-muenchen.de\/deutsch-lernen-trennbare-und-untrennbare-verben-im-deutschen\/\">Trennbare und untrennbare Verben im Deutschen<\/a><\/li>\n<li><a href=\"https:\/\/www.sprachschule-aktiv-muenchen.de\/einstufungstest-online\/\">Deutsch Einstufungstest Online<\/a><\/li>\n<\/ul>\n","protected":false},"excerpt":{"rendered":"<p>Les pr\u00e9positions allemandes et leurs positions dans les phrases Les pr\u00e9positions sont g\u00e9n\u00e9ralement des mots courts et ind\u00e9chiffrables qui indiquent comment les autres mots de la phrase sont li\u00e9s les uns aux autres. Les pr\u00e9positions sont difficiles \u00e0 apprendre car elles peuvent avoir des significations tr\u00e8s diff\u00e9rentes. Dans ce post, vous apprendrez: Les pr\u00e9positions allemandes [&hellip;]<\/p>\n","protected":false},"author":2,"featured_media":41876,"comment_status":"open","ping_status":"open","sticky":false,"template":"","format":"standard","meta":{"footnotes":""},"categories":[10],"tags":[],"class_list":["post-41875","post","type-post","status-publish","format-standard","has-post-thumbnail","hentry","category-apprendre-allemand-gratuitement"],"yoast_head":"<!-- This site is optimized with the Yoast SEO plugin v27.1.1 - https:\/\/yoast.com\/product\/yoast-seo-wordpress\/ -->\n<title>Pr\u00e9positions allemande et leurs places dans les phrases<\/title>\n<meta name=\"description\" content=\"Les pr\u00e9positions sont g\u00e9n\u00e9ralement des mots courts et ind\u00e9chiffrables qui indiquent comment les autres mots de la phrase sont li\u00e9s les uns aux autres.\" \/>\n<meta name=\"robots\" content=\"index, follow, max-snippet:-1, max-image-preview:large, max-video-preview:-1\" \/>\n<link rel=\"canonical\" href=\"https:\/\/www.sprachschule-aktiv-muenchen.de\/fr\/les-prepositions-allemandes-et-leurs-positions-dans-les-phrases\/\" \/>\n<meta property=\"og:locale\" content=\"fr_FR\" \/>\n<meta property=\"og:type\" content=\"article\" \/>\n<meta property=\"og:title\" content=\"Pr\u00e9positions allemande et leurs places dans les phrases\" \/>\n<meta property=\"og:description\" content=\"Les pr\u00e9positions sont g\u00e9n\u00e9ralement des mots courts et ind\u00e9chiffrables qui indiquent comment les autres mots de la phrase sont li\u00e9s les uns aux autres.\" \/>\n<meta property=\"og:url\" content=\"https:\/\/www.sprachschule-aktiv-muenchen.de\/fr\/les-prepositions-allemandes-et-leurs-positions-dans-les-phrases\/\" \/>\n<meta property=\"og:site_name\" content=\"Sprachschule Aktiv\" \/>\n<meta property=\"article:published_time\" content=\"2018-02-07T11:53:48+00:00\" \/>\n<meta property=\"article:modified_time\" content=\"2021-11-21T05:34:12+00:00\" \/>\n<meta property=\"og:image\" content=\"https:\/\/www.sprachschule-aktiv-muenchen.de\/wp-content\/uploads\/2018\/02\/Pr\u00e9positions-allemandes-et-positions-dans-la-phrase.jpg\" \/>\n\t<meta property=\"og:image:width\" content=\"500\" \/>\n\t<meta property=\"og:image:height\" content=\"375\" \/>\n\t<meta property=\"og:image:type\" content=\"image\/jpeg\" \/>\n<meta name=\"author\" content=\"Martin Polo\" \/>\n<meta name=\"twitter:card\" content=\"summary_large_image\" \/>\n<meta name=\"twitter:label1\" content=\"\u00c9crit par\" \/>\n\t<meta name=\"twitter:data1\" content=\"Martin Polo\" \/>\n\t<meta name=\"twitter:label2\" content=\"Dur\u00e9e de lecture estim\u00e9e\" \/>\n\t<meta name=\"twitter:data2\" content=\"3 minutes\" \/>\n<script type=\"application\/ld+json\" class=\"yoast-schema-graph\">{\"@context\":\"https:\/\/schema.org\",\"@graph\":[{\"@type\":\"Article\",\"@id\":\"https:\/\/www.sprachschule-aktiv-muenchen.de\/fr\/les-prepositions-allemandes-et-leurs-positions-dans-les-phrases\/#article\",\"isPartOf\":{\"@id\":\"https:\/\/www.sprachschule-aktiv-muenchen.de\/fr\/les-prepositions-allemandes-et-leurs-positions-dans-les-phrases\/\"},\"author\":{\"name\":\"Martin Polo\",\"@id\":\"https:\/\/www.sprachschule-aktiv-muenchen.de\/#\/schema\/person\/a74a6322db9745fd586f7e97f1ee5724\"},\"headline\":\"Les pr\u00e9positions allemandes et leurs positions dans les phrases\",\"datePublished\":\"2018-02-07T11:53:48+00:00\",\"dateModified\":\"2021-11-21T05:34:12+00:00\",\"mainEntityOfPage\":{\"@id\":\"https:\/\/www.sprachschule-aktiv-muenchen.de\/fr\/les-prepositions-allemandes-et-leurs-positions-dans-les-phrases\/\"},\"wordCount\":626,\"commentCount\":0,\"image\":{\"@id\":\"https:\/\/www.sprachschule-aktiv-muenchen.de\/fr\/les-prepositions-allemandes-et-leurs-positions-dans-les-phrases\/#primaryimage\"},\"thumbnailUrl\":\"https:\/\/www.sprachschule-aktiv-muenchen.de\/wp-content\/uploads\/2018\/02\/Pr\u00e9positions-allemandes-et-positions-dans-la-phrase.jpg\",\"articleSection\":[\"Apprendre l'allemand gratuitement\"],\"inLanguage\":\"fr-FR\"},{\"@type\":\"WebPage\",\"@id\":\"https:\/\/www.sprachschule-aktiv-muenchen.de\/fr\/les-prepositions-allemandes-et-leurs-positions-dans-les-phrases\/\",\"url\":\"https:\/\/www.sprachschule-aktiv-muenchen.de\/fr\/les-prepositions-allemandes-et-leurs-positions-dans-les-phrases\/\",\"name\":\"Pr\u00e9positions allemande et leurs places dans les phrases\",\"isPartOf\":{\"@id\":\"https:\/\/www.sprachschule-aktiv-muenchen.de\/#website\"},\"primaryImageOfPage\":{\"@id\":\"https:\/\/www.sprachschule-aktiv-muenchen.de\/fr\/les-prepositions-allemandes-et-leurs-positions-dans-les-phrases\/#primaryimage\"},\"image\":{\"@id\":\"https:\/\/www.sprachschule-aktiv-muenchen.de\/fr\/les-prepositions-allemandes-et-leurs-positions-dans-les-phrases\/#primaryimage\"},\"thumbnailUrl\":\"https:\/\/www.sprachschule-aktiv-muenchen.de\/wp-content\/uploads\/2018\/02\/Pr\u00e9positions-allemandes-et-positions-dans-la-phrase.jpg\",\"datePublished\":\"2018-02-07T11:53:48+00:00\",\"dateModified\":\"2021-11-21T05:34:12+00:00\",\"author\":{\"@id\":\"https:\/\/www.sprachschule-aktiv-muenchen.de\/#\/schema\/person\/a74a6322db9745fd586f7e97f1ee5724\"},\"description\":\"Les pr\u00e9positions sont g\u00e9n\u00e9ralement des mots courts et ind\u00e9chiffrables qui indiquent comment les autres mots de la phrase sont li\u00e9s les uns aux autres.\",\"breadcrumb\":{\"@id\":\"https:\/\/www.sprachschule-aktiv-muenchen.de\/fr\/les-prepositions-allemandes-et-leurs-positions-dans-les-phrases\/#breadcrumb\"},\"inLanguage\":\"fr-FR\",\"potentialAction\":[{\"@type\":\"ReadAction\",\"target\":[\"https:\/\/www.sprachschule-aktiv-muenchen.de\/fr\/les-prepositions-allemandes-et-leurs-positions-dans-les-phrases\/\"]}]},{\"@type\":\"ImageObject\",\"inLanguage\":\"fr-FR\",\"@id\":\"https:\/\/www.sprachschule-aktiv-muenchen.de\/fr\/les-prepositions-allemandes-et-leurs-positions-dans-les-phrases\/#primaryimage\",\"url\":\"https:\/\/www.sprachschule-aktiv-muenchen.de\/wp-content\/uploads\/2018\/02\/Pr\u00e9positions-allemandes-et-positions-dans-la-phrase.jpg\",\"contentUrl\":\"https:\/\/www.sprachschule-aktiv-muenchen.de\/wp-content\/uploads\/2018\/02\/Pr\u00e9positions-allemandes-et-positions-dans-la-phrase.jpg\",\"width\":\"500\",\"height\":\"375\",\"caption\":\"Les pr\u00e9positions en allemand et leurs positions\"},{\"@type\":\"BreadcrumbList\",\"@id\":\"https:\/\/www.sprachschule-aktiv-muenchen.de\/fr\/les-prepositions-allemandes-et-leurs-positions-dans-les-phrases\/#breadcrumb\",\"itemListElement\":[{\"@type\":\"ListItem\",\"position\":1,\"name\":\"Portada\",\"item\":\"https:\/\/www.sprachschule-aktiv-muenchen.de\/fr\/\"},{\"@type\":\"ListItem\",\"position\":2,\"name\":\"Les pr\u00e9positions allemandes et leurs positions dans les phrases\"}]},{\"@type\":\"WebSite\",\"@id\":\"https:\/\/www.sprachschule-aktiv-muenchen.de\/#website\",\"url\":\"https:\/\/www.sprachschule-aktiv-muenchen.de\/\",\"name\":\"Sprachschule Aktiv\",\"description\":\"\",\"potentialAction\":[{\"@type\":\"SearchAction\",\"target\":{\"@type\":\"EntryPoint\",\"urlTemplate\":\"https:\/\/www.sprachschule-aktiv-muenchen.de\/?s={search_term_string}\"},\"query-input\":{\"@type\":\"PropertyValueSpecification\",\"valueRequired\":true,\"valueName\":\"search_term_string\"}}],\"inLanguage\":\"fr-FR\"},{\"@type\":\"Person\",\"@id\":\"https:\/\/www.sprachschule-aktiv-muenchen.de\/#\/schema\/person\/a74a6322db9745fd586f7e97f1ee5724\",\"name\":\"Martin Polo\",\"image\":{\"@type\":\"ImageObject\",\"inLanguage\":\"fr-FR\",\"@id\":\"https:\/\/www.sprachschule-aktiv-muenchen.de\/#\/schema\/person\/image\/\",\"url\":\"https:\/\/secure.gravatar.com\/avatar\/2cbe6176b6be8b122284c50d9e7a11af9502529eae284fd73534defd313e4152?s=96&d=mm&r=g\",\"contentUrl\":\"https:\/\/secure.gravatar.com\/avatar\/2cbe6176b6be8b122284c50d9e7a11af9502529eae284fd73534defd313e4152?s=96&d=mm&r=g\",\"caption\":\"Martin Polo\"}}]}<\/script>\n<!-- \/ Yoast SEO plugin. -->","yoast_head_json":{"title":"Pr\u00e9positions allemande et leurs places dans les phrases","description":"Les pr\u00e9positions sont g\u00e9n\u00e9ralement des mots courts et ind\u00e9chiffrables qui indiquent comment les autres mots de la phrase sont li\u00e9s les uns aux autres.","robots":{"index":"index","follow":"follow","max-snippet":"max-snippet:-1","max-image-preview":"max-image-preview:large","max-video-preview":"max-video-preview:-1"},"canonical":"https:\/\/www.sprachschule-aktiv-muenchen.de\/fr\/les-prepositions-allemandes-et-leurs-positions-dans-les-phrases\/","og_locale":"fr_FR","og_type":"article","og_title":"Pr\u00e9positions allemande et leurs places dans les phrases","og_description":"Les pr\u00e9positions sont g\u00e9n\u00e9ralement des mots courts et ind\u00e9chiffrables qui indiquent comment les autres mots de la phrase sont li\u00e9s les uns aux autres.","og_url":"https:\/\/www.sprachschule-aktiv-muenchen.de\/fr\/les-prepositions-allemandes-et-leurs-positions-dans-les-phrases\/","og_site_name":"Sprachschule Aktiv","article_published_time":"2018-02-07T11:53:48+00:00","article_modified_time":"2021-11-21T05:34:12+00:00","og_image":[{"width":500,"height":375,"url":"https:\/\/www.sprachschule-aktiv-muenchen.de\/wp-content\/uploads\/2018\/02\/Pr\u00e9positions-allemandes-et-positions-dans-la-phrase.jpg","type":"image\/jpeg"}],"author":"Martin Polo","twitter_card":"summary_large_image","twitter_misc":{"\u00c9crit par":"Martin Polo","Dur\u00e9e de lecture estim\u00e9e":"3 minutes"},"schema":{"@context":"https:\/\/schema.org","@graph":[{"@type":"Article","@id":"https:\/\/www.sprachschule-aktiv-muenchen.de\/fr\/les-prepositions-allemandes-et-leurs-positions-dans-les-phrases\/#article","isPartOf":{"@id":"https:\/\/www.sprachschule-aktiv-muenchen.de\/fr\/les-prepositions-allemandes-et-leurs-positions-dans-les-phrases\/"},"author":{"name":"Martin Polo","@id":"https:\/\/www.sprachschule-aktiv-muenchen.de\/#\/schema\/person\/a74a6322db9745fd586f7e97f1ee5724"},"headline":"Les pr\u00e9positions allemandes et leurs positions dans les phrases","datePublished":"2018-02-07T11:53:48+00:00","dateModified":"2021-11-21T05:34:12+00:00","mainEntityOfPage":{"@id":"https:\/\/www.sprachschule-aktiv-muenchen.de\/fr\/les-prepositions-allemandes-et-leurs-positions-dans-les-phrases\/"},"wordCount":626,"commentCount":0,"image":{"@id":"https:\/\/www.sprachschule-aktiv-muenchen.de\/fr\/les-prepositions-allemandes-et-leurs-positions-dans-les-phrases\/#primaryimage"},"thumbnailUrl":"https:\/\/www.sprachschule-aktiv-muenchen.de\/wp-content\/uploads\/2018\/02\/Pr\u00e9positions-allemandes-et-positions-dans-la-phrase.jpg","articleSection":["Apprendre l'allemand gratuitement"],"inLanguage":"fr-FR"},{"@type":"WebPage","@id":"https:\/\/www.sprachschule-aktiv-muenchen.de\/fr\/les-prepositions-allemandes-et-leurs-positions-dans-les-phrases\/","url":"https:\/\/www.sprachschule-aktiv-muenchen.de\/fr\/les-prepositions-allemandes-et-leurs-positions-dans-les-phrases\/","name":"Pr\u00e9positions allemande et leurs places dans les phrases","isPartOf":{"@id":"https:\/\/www.sprachschule-aktiv-muenchen.de\/#website"},"primaryImageOfPage":{"@id":"https:\/\/www.sprachschule-aktiv-muenchen.de\/fr\/les-prepositions-allemandes-et-leurs-positions-dans-les-phrases\/#primaryimage"},"image":{"@id":"https:\/\/www.sprachschule-aktiv-muenchen.de\/fr\/les-prepositions-allemandes-et-leurs-positions-dans-les-phrases\/#primaryimage"},"thumbnailUrl":"https:\/\/www.sprachschule-aktiv-muenchen.de\/wp-content\/uploads\/2018\/02\/Pr\u00e9positions-allemandes-et-positions-dans-la-phrase.jpg","datePublished":"2018-02-07T11:53:48+00:00","dateModified":"2021-11-21T05:34:12+00:00","author":{"@id":"https:\/\/www.sprachschule-aktiv-muenchen.de\/#\/schema\/person\/a74a6322db9745fd586f7e97f1ee5724"},"description":"Les pr\u00e9positions sont g\u00e9n\u00e9ralement des mots courts et ind\u00e9chiffrables qui indiquent comment les autres mots de la phrase sont li\u00e9s les uns aux autres.","breadcrumb":{"@id":"https:\/\/www.sprachschule-aktiv-muenchen.de\/fr\/les-prepositions-allemandes-et-leurs-positions-dans-les-phrases\/#breadcrumb"},"inLanguage":"fr-FR","potentialAction":[{"@type":"ReadAction","target":["https:\/\/www.sprachschule-aktiv-muenchen.de\/fr\/les-prepositions-allemandes-et-leurs-positions-dans-les-phrases\/"]}]},{"@type":"ImageObject","inLanguage":"fr-FR","@id":"https:\/\/www.sprachschule-aktiv-muenchen.de\/fr\/les-prepositions-allemandes-et-leurs-positions-dans-les-phrases\/#primaryimage","url":"https:\/\/www.sprachschule-aktiv-muenchen.de\/wp-content\/uploads\/2018\/02\/Pr\u00e9positions-allemandes-et-positions-dans-la-phrase.jpg","contentUrl":"https:\/\/www.sprachschule-aktiv-muenchen.de\/wp-content\/uploads\/2018\/02\/Pr\u00e9positions-allemandes-et-positions-dans-la-phrase.jpg","width":"500","height":"375","caption":"Les pr\u00e9positions en allemand et leurs positions"},{"@type":"BreadcrumbList","@id":"https:\/\/www.sprachschule-aktiv-muenchen.de\/fr\/les-prepositions-allemandes-et-leurs-positions-dans-les-phrases\/#breadcrumb","itemListElement":[{"@type":"ListItem","position":1,"name":"Portada","item":"https:\/\/www.sprachschule-aktiv-muenchen.de\/fr\/"},{"@type":"ListItem","position":2,"name":"Les pr\u00e9positions allemandes et leurs positions dans les phrases"}]},{"@type":"WebSite","@id":"https:\/\/www.sprachschule-aktiv-muenchen.de\/#website","url":"https:\/\/www.sprachschule-aktiv-muenchen.de\/","name":"Sprachschule Aktiv","description":"","potentialAction":[{"@type":"SearchAction","target":{"@type":"EntryPoint","urlTemplate":"https:\/\/www.sprachschule-aktiv-muenchen.de\/?s={search_term_string}"},"query-input":{"@type":"PropertyValueSpecification","valueRequired":true,"valueName":"search_term_string"}}],"inLanguage":"fr-FR"},{"@type":"Person","@id":"https:\/\/www.sprachschule-aktiv-muenchen.de\/#\/schema\/person\/a74a6322db9745fd586f7e97f1ee5724","name":"Martin Polo","image":{"@type":"ImageObject","inLanguage":"fr-FR","@id":"https:\/\/www.sprachschule-aktiv-muenchen.de\/#\/schema\/person\/image\/","url":"https:\/\/secure.gravatar.com\/avatar\/2cbe6176b6be8b122284c50d9e7a11af9502529eae284fd73534defd313e4152?s=96&d=mm&r=g","contentUrl":"https:\/\/secure.gravatar.com\/avatar\/2cbe6176b6be8b122284c50d9e7a11af9502529eae284fd73534defd313e4152?s=96&d=mm&r=g","caption":"Martin Polo"}}]}},"_links":{"self":[{"href":"https:\/\/www.sprachschule-aktiv-muenchen.de\/fr\/wp-json\/wp\/v2\/posts\/41875","targetHints":{"allow":["GET"]}}],"collection":[{"href":"https:\/\/www.sprachschule-aktiv-muenchen.de\/fr\/wp-json\/wp\/v2\/posts"}],"about":[{"href":"https:\/\/www.sprachschule-aktiv-muenchen.de\/fr\/wp-json\/wp\/v2\/types\/post"}],"author":[{"embeddable":true,"href":"https:\/\/www.sprachschule-aktiv-muenchen.de\/fr\/wp-json\/wp\/v2\/users\/2"}],"replies":[{"embeddable":true,"href":"https:\/\/www.sprachschule-aktiv-muenchen.de\/fr\/wp-json\/wp\/v2\/comments?post=41875"}],"version-history":[{"count":1,"href":"https:\/\/www.sprachschule-aktiv-muenchen.de\/fr\/wp-json\/wp\/v2\/posts\/41875\/revisions"}],"predecessor-version":[{"id":70115,"href":"https:\/\/www.sprachschule-aktiv-muenchen.de\/fr\/wp-json\/wp\/v2\/posts\/41875\/revisions\/70115"}],"wp:featuredmedia":[{"embeddable":true,"href":"https:\/\/www.sprachschule-aktiv-muenchen.de\/fr\/wp-json\/wp\/v2\/media\/41876"}],"wp:attachment":[{"href":"https:\/\/www.sprachschule-aktiv-muenchen.de\/fr\/wp-json\/wp\/v2\/media?parent=41875"}],"wp:term":[{"taxonomy":"category","embeddable":true,"href":"https:\/\/www.sprachschule-aktiv-muenchen.de\/fr\/wp-json\/wp\/v2\/categories?post=41875"},{"taxonomy":"post_tag","embeddable":true,"href":"https:\/\/www.sprachschule-aktiv-muenchen.de\/fr\/wp-json\/wp\/v2\/tags?post=41875"}],"curies":[{"name":"wp","href":"https:\/\/api.w.org\/{rel}","templated":true}]}}