{"id":41850,"date":"2018-02-07T12:45:46","date_gmt":"2018-02-07T11:45:46","guid":{"rendered":"https:\/\/www.sprachschule-aktiv-muenchen.de\/?p=41850"},"modified":"2019-04-09T06:35:30","modified_gmt":"2019-04-09T04:35:30","slug":"nominatif-allemand-fonction-application","status":"publish","type":"post","link":"https:\/\/www.sprachschule-aktiv-muenchen.de\/fr\/nominatif-allemand-fonction-application\/","title":{"rendered":"Nominatif en allemand-fonction, forme et application"},"content":{"rendered":"<h1><strong>Nominatif en allemand-fonction, forme et application<\/strong><\/h1>\n<p>Dans ce post, vous apprendrez: Nominatif en allemand-fonction, r\u00e8gles et application.<\/p>\n<h2><strong>Fonction <\/strong><\/h2>\n<p>En allemand, les diff\u00e9rents membres de la phrase (par exemple, le sujet, l&#8217;objet, etc.) peuvent se trouver sur des positions diff\u00e9rentes dans la phrase. Pour comprendre qui est l&#8217;acteur et qui est la partie \u00abreceveuse\u00bb, il y a quatre cas. Le nominatif indique le sujet, c&#8217;est-\u00e0-dire celui qui fait quelque chose. Le g\u00e9nitif sert \u00e0 montrer la propri\u00e9t\u00e9 et les affiliations. Cependant, cela est souvent exprim\u00e9 par la pr\u00e9position &#8220;de&#8221; et un nom dans le datif. Le datif et l&#8217;accusatif sont utilis\u00e9s pour identifier l&#8217;objet dans la phrase, c&#8217;est-\u00e0-dire la partie de la phrase avec laquelle quelque chose se passe. Il peut parfois y avoir plusieurs objets dans une phrase, mais il n&#8217;y a toujours qu&#8217;un sujet! Apr\u00e8s le sujet est demand\u00e9 par la question de contr\u00f4le &#8220;wer?&#8221; Ou &#8220;was?&#8221;.<\/p>\n<h2><strong>Forme<\/strong><\/h2>\n<p><em><strong>Articles<\/strong><\/em><\/p>\n<table width=\"500\">\n<tbody>\n<tr>\n<td><\/td>\n<td>bestimmter Artikel<\/td>\n<td>unbestimmter Artikel<\/td>\n<td>Negationsartikel,<\/p>\n<p>Possessivartikel, etc.<\/td>\n<\/tr>\n<tr>\n<td>maskulin<\/td>\n<td>der Mann<\/td>\n<td>ein Mann<\/td>\n<td>kein Mann<\/td>\n<\/tr>\n<tr>\n<td>feminin<\/td>\n<td>die Frau<\/td>\n<td>eine Frau<\/td>\n<td>keine Frau<\/td>\n<\/tr>\n<tr>\n<td>neutral<\/td>\n<td>das Kind<\/td>\n<td>ein Kind<\/td>\n<td>kein Kind<\/td>\n<\/tr>\n<tr>\n<td>Plural<\/td>\n<td>die Menschen<\/td>\n<td>Menschen<\/td>\n<td>keine Menschen<\/td>\n<\/tr>\n<\/tbody>\n<\/table>\n<p>Les adjectifs sont aussi au nominatif. Ils doivent \u00eatre adapt\u00e9s au nom selon les types 1 &#8211; 3 (c&#8217;est-\u00e0-dire avec article d\u00e9fini, avec article ind\u00e9fini ou sans article).<\/p>\n<p>Les noms qui sont au nominatif ne sont pas modifi\u00e9s, mais utilis\u00e9s sous la forme dans laquelle ils sont \u00e9galement dans le dictionnaire. Cependant, une attention particuli\u00e8re doit \u00eatre accord\u00e9e aux diff\u00e9rents pluriels.<\/p>\n<p><strong>\u00a0<\/strong><em><strong>Pronom au Nominatif<\/strong><\/em><\/p>\n<p><strong>Pronom Personnel<\/strong><\/p>\n<table width=\"500\">\n<tbody>\n<tr>\n<td>1. Person Singular<\/td>\n<td>ich<\/td>\n<\/tr>\n<tr>\n<td>2. Person Singular<\/td>\n<td>du<\/td>\n<\/tr>\n<tr>\n<td>3. Person Singular (m)<\/td>\n<td>er<\/td>\n<\/tr>\n<tr>\n<td>3. Person Singular (f)<\/td>\n<td>sie<\/td>\n<\/tr>\n<tr>\n<td>3. Person Singular (n)<\/td>\n<td>es<\/td>\n<\/tr>\n<tr>\n<td>1. Person Plural<\/td>\n<td>wir<\/td>\n<\/tr>\n<tr>\n<td>2. Person Plural<\/td>\n<td>ihr<\/td>\n<\/tr>\n<tr>\n<td>3. Person Plural<\/td>\n<td>sie\/Sie<\/td>\n<\/tr>\n<\/tbody>\n<\/table>\n<p>&nbsp;<\/p>\n<p><strong>Pronoms possessifs<\/strong><\/p>\n<table width=\"500\">\n<tbody>\n<tr>\n<td><\/td>\n<td>Begleiter<\/td>\n<td><\/td>\n<td>Ersatz<\/td>\n<td><\/td>\n<td><\/td>\n<\/tr>\n<tr>\n<td><\/td>\n<td>maskulin\/neutral<\/td>\n<td>feminin\/Plural<\/td>\n<td>maskulin<\/td>\n<td>neutral<\/td>\n<td>feminin\/Plural<\/td>\n<\/tr>\n<tr>\n<td>1. Pers. Sg.<\/td>\n<td>mein<\/td>\n<td>meine<\/td>\n<td>meiner<\/td>\n<td>meins<\/td>\n<td>meine<\/td>\n<\/tr>\n<tr>\n<td>2. Pers. Sg.<\/td>\n<td>dein<\/td>\n<td>deine<\/td>\n<td>deiner<\/td>\n<td>deins<\/td>\n<td>seine<\/td>\n<\/tr>\n<tr>\n<td>3. Pers. Sg. (m)<\/td>\n<td>sein<\/td>\n<td>seine<\/td>\n<td>seiner<\/td>\n<td>seins<\/td>\n<td>seine<\/td>\n<\/tr>\n<tr>\n<td>3. Pers. Sg. (f)<\/td>\n<td>ihr<\/td>\n<td>ihre<\/td>\n<td>ihrer<\/td>\n<td>ihres<\/td>\n<td>ihre<\/td>\n<\/tr>\n<tr>\n<td>3. Pers Sg. (n)<\/td>\n<td>sein<\/td>\n<td>seine<\/td>\n<td>seiner<\/td>\n<td>seins<\/td>\n<td>seine<\/td>\n<\/tr>\n<tr>\n<td>1. Pers. Pl.<\/td>\n<td>unser<\/td>\n<td>unsere<\/td>\n<td>unserer<\/td>\n<td>unseres<\/td>\n<td>unsere<\/td>\n<\/tr>\n<tr>\n<td>2. Pers. Pl.<\/td>\n<td>euer<\/td>\n<td>eure<\/td>\n<td>eurer<\/td>\n<td>eures<\/td>\n<td>eure<\/td>\n<\/tr>\n<tr>\n<td>3. Pers. Pl.<\/td>\n<td>ihr\/Ihr<\/td>\n<td>ihre\/Ihre<\/td>\n<td>ihrer\/Ihrer<\/td>\n<td>ihres\/Ihres<\/td>\n<td>ihre\/Ihre<\/td>\n<\/tr>\n<\/tbody>\n<\/table>\n<h2><strong>Application<\/strong><\/h2>\n<p><strong>\u00ab\u00a0Quand est-ce que j\u2019utilise le Nominatif\u00a0?\u00a0\u00bb On doit d\u2019abord se poser quelques questions\u00a0: <\/strong><\/p>\n<p><strong>Sujet<\/strong><\/p>\n<p>La plus petite phrase d\u00e9clarative possible en allemand comprend le sujet et le pr\u00e9dicat. Presque chaque phrase allemande a besoin d&#8217;un sujet. Le cas dans lequel se trouve le sujet est toujours le nominatif! En d&#8217;autres termes, le nom qui est dans le nominatif doit \u00eatre le sujet de la phrase.<\/p>\n<p><strong>Pronomen<\/strong><\/p>\n<p>Ce qui suit s&#8217;applique aussi aux pronoms: Si l&#8217;on veut utiliser un pronom comme sujet d&#8217;une phrase, il faut utiliser le nominatif.<\/p>\n<p><strong>Voici trois exemples\u00a0:<\/strong><\/p>\n<p>: Utiliser un pronom personnel: Il aime boire du lait. Utiliser un pronom possessif comme compagnon: Ma voiture roule vite. Utiliser un pronom possessif comme substitut : Pouvez-vous me pr\u00eater votre voiture? Le mien est cass\u00e9.<\/p>\n<p>Utiliser un pronom personnel\u00a0:\u00a0\u00a0\u00a0\u00a0\u00a0 \u00a0Er trinkt gern Milch.<\/p>\n<p>Utiliser un pr\u00e9nom possessif :\u00a0\u00a0\u00a0\u00a0\u00a0\u00a0\u00a0 Mein Auto f\u00e4hrt schnell.<\/p>\n<p>Utiliser un pronom possessif comme substitut\u00a0:\u00a0 Kannst du mir dein Auto leihen? Meins ist kaputt.<\/p>\n<p><strong>Pr\u00e9position<\/strong><\/p>\n<p>Il y a aussi des pr\u00e9positions employ\u00e9es au nominatif\u00a0: \u00ab\u00a0als\u00a0\u00bb (comme).<\/p>\n<p>Julia arbeitet als Krankenschwester. Julie travaille comme infirmi\u00e8re<\/p>\n<p><strong>Exception<\/strong><\/p>\n<p>Il existe quelques exception o\u00f9 deux nominatifs apparaissent dans une phrase.<\/p>\n<p>Benno ist Lehrer. Benno est professeur.<\/p>\n<p>Er ist Arzt. Il est m\u00e9decin.<\/p>\n<p>Der Mann ist Mechaniker. L\u2019homme est m\u00e9canicien<\/p>\n<p>Lisa ist Architektin. Lisa est architecte<\/p>\n<p>Seid ihr Stewardessen? Etes-vous h\u00f4tesse\u00a0?<\/p>\n<p>Le nom ou le pronom personnel sont chacun l&#8217;objet de la phrase, le titre du travail ici est toujours un ajout nominatif.<\/p>\n<h2>Autres articles int\u00e9ressants pour vous<\/h2>\n<ul>\n<li><a href=\"https:\/\/www.sprachschule-aktiv-muenchen.de\/fr\/construction-phrase-passe-compose-allemand\/\">Construction d\u2019une phrase au perfekt<\/a><\/li>\n<li><a href=\"https:\/\/www.sprachschule-aktiv-muenchen.de\/deutsch-einstufungstest\/\">Deutsch Einstufungstest<\/a><\/li>\n<li><a href=\"https:\/\/www.sprachschule-aktiv-muenchen.de\/fr\/cours-intensifs-dallemand\/\">Cours intensifs d\u2019allemand \u00e0 Munich<\/a><\/li>\n<\/ul>\n","protected":false},"excerpt":{"rendered":"<p>Nominatif en allemand-fonction, forme et application Dans ce post, vous apprendrez: Nominatif en allemand-fonction, r\u00e8gles et application. Fonction En allemand, les diff\u00e9rents membres de la phrase (par exemple, le sujet, l&#8217;objet, etc.) peuvent se trouver sur des positions diff\u00e9rentes dans la phrase. Pour comprendre qui est l&#8217;acteur et qui est la partie \u00abreceveuse\u00bb, il y [&hellip;]<\/p>\n","protected":false},"author":2,"featured_media":41851,"comment_status":"open","ping_status":"open","sticky":false,"template":"","format":"standard","meta":{"footnotes":""},"categories":[10],"tags":[],"class_list":["post-41850","post","type-post","status-publish","format-standard","has-post-thumbnail","hentry","category-apprendre-allemand-gratuitement"],"yoast_head":"<!-- This site is optimized with the Yoast SEO plugin v27.1.1 - https:\/\/yoast.com\/product\/yoast-seo-wordpress\/ -->\n<title>Nominatif en allemand-fonction, r\u00e8gles et application<\/title>\n<meta name=\"description\" content=\"En allemand il y a quatre cas. Les diff\u00e9rents membres de la phrase par exemple le sujet peuvent se trouver sur des positions diff\u00e9rentes dans la phrase.\" \/>\n<meta name=\"robots\" content=\"index, follow, max-snippet:-1, max-image-preview:large, max-video-preview:-1\" \/>\n<link rel=\"canonical\" href=\"https:\/\/www.sprachschule-aktiv-muenchen.de\/fr\/nominatif-allemand-fonction-application\/\" \/>\n<meta property=\"og:locale\" content=\"fr_FR\" \/>\n<meta property=\"og:type\" content=\"article\" \/>\n<meta property=\"og:title\" content=\"Nominatif en allemand-fonction, r\u00e8gles et application\" \/>\n<meta property=\"og:description\" content=\"En allemand il y a quatre cas. Les diff\u00e9rents membres de la phrase par exemple le sujet peuvent se trouver sur des positions diff\u00e9rentes dans la phrase.\" \/>\n<meta property=\"og:url\" content=\"https:\/\/www.sprachschule-aktiv-muenchen.de\/fr\/nominatif-allemand-fonction-application\/\" \/>\n<meta property=\"og:site_name\" content=\"Sprachschule Aktiv\" \/>\n<meta property=\"article:published_time\" content=\"2018-02-07T11:45:46+00:00\" \/>\n<meta property=\"article:modified_time\" content=\"2019-04-09T04:35:30+00:00\" \/>\n<meta property=\"og:image\" content=\"https:\/\/www.sprachschule-aktiv-muenchen.de\/wp-content\/uploads\/2018\/02\/Nominatif-allemand-r\u00e8gles-et-application.jpg\" \/>\n\t<meta property=\"og:image:width\" content=\"600\" \/>\n\t<meta property=\"og:image:height\" content=\"352\" \/>\n\t<meta property=\"og:image:type\" content=\"image\/jpeg\" \/>\n<meta name=\"author\" content=\"Martin Polo\" \/>\n<meta name=\"twitter:card\" content=\"summary_large_image\" \/>\n<meta name=\"twitter:label1\" content=\"\u00c9crit par\" \/>\n\t<meta name=\"twitter:data1\" content=\"Martin Polo\" \/>\n\t<meta name=\"twitter:label2\" content=\"Dur\u00e9e de lecture estim\u00e9e\" \/>\n\t<meta name=\"twitter:data2\" content=\"3 minutes\" \/>\n<script type=\"application\/ld+json\" class=\"yoast-schema-graph\">{\"@context\":\"https:\/\/schema.org\",\"@graph\":[{\"@type\":\"Article\",\"@id\":\"https:\/\/www.sprachschule-aktiv-muenchen.de\/fr\/nominatif-allemand-fonction-application\/#article\",\"isPartOf\":{\"@id\":\"https:\/\/www.sprachschule-aktiv-muenchen.de\/fr\/nominatif-allemand-fonction-application\/\"},\"author\":{\"name\":\"Martin Polo\",\"@id\":\"https:\/\/www.sprachschule-aktiv-muenchen.de\/#\/schema\/person\/a74a6322db9745fd586f7e97f1ee5724\"},\"headline\":\"Nominatif en allemand-fonction, forme et application\",\"datePublished\":\"2018-02-07T11:45:46+00:00\",\"dateModified\":\"2019-04-09T04:35:30+00:00\",\"mainEntityOfPage\":{\"@id\":\"https:\/\/www.sprachschule-aktiv-muenchen.de\/fr\/nominatif-allemand-fonction-application\/\"},\"wordCount\":668,\"commentCount\":0,\"image\":{\"@id\":\"https:\/\/www.sprachschule-aktiv-muenchen.de\/fr\/nominatif-allemand-fonction-application\/#primaryimage\"},\"thumbnailUrl\":\"https:\/\/www.sprachschule-aktiv-muenchen.de\/wp-content\/uploads\/2018\/02\/Nominatif-allemand-r\u00e8gles-et-application.jpg\",\"articleSection\":[\"Apprendre l'allemand gratuitement\"],\"inLanguage\":\"fr-FR\"},{\"@type\":\"WebPage\",\"@id\":\"https:\/\/www.sprachschule-aktiv-muenchen.de\/fr\/nominatif-allemand-fonction-application\/\",\"url\":\"https:\/\/www.sprachschule-aktiv-muenchen.de\/fr\/nominatif-allemand-fonction-application\/\",\"name\":\"Nominatif en allemand-fonction, r\u00e8gles et application\",\"isPartOf\":{\"@id\":\"https:\/\/www.sprachschule-aktiv-muenchen.de\/#website\"},\"primaryImageOfPage\":{\"@id\":\"https:\/\/www.sprachschule-aktiv-muenchen.de\/fr\/nominatif-allemand-fonction-application\/#primaryimage\"},\"image\":{\"@id\":\"https:\/\/www.sprachschule-aktiv-muenchen.de\/fr\/nominatif-allemand-fonction-application\/#primaryimage\"},\"thumbnailUrl\":\"https:\/\/www.sprachschule-aktiv-muenchen.de\/wp-content\/uploads\/2018\/02\/Nominatif-allemand-r\u00e8gles-et-application.jpg\",\"datePublished\":\"2018-02-07T11:45:46+00:00\",\"dateModified\":\"2019-04-09T04:35:30+00:00\",\"author\":{\"@id\":\"https:\/\/www.sprachschule-aktiv-muenchen.de\/#\/schema\/person\/a74a6322db9745fd586f7e97f1ee5724\"},\"description\":\"En allemand il y a quatre cas. Les diff\u00e9rents membres de la phrase par exemple le sujet peuvent se trouver sur des positions diff\u00e9rentes dans la phrase.\",\"breadcrumb\":{\"@id\":\"https:\/\/www.sprachschule-aktiv-muenchen.de\/fr\/nominatif-allemand-fonction-application\/#breadcrumb\"},\"inLanguage\":\"fr-FR\",\"potentialAction\":[{\"@type\":\"ReadAction\",\"target\":[\"https:\/\/www.sprachschule-aktiv-muenchen.de\/fr\/nominatif-allemand-fonction-application\/\"]}]},{\"@type\":\"ImageObject\",\"inLanguage\":\"fr-FR\",\"@id\":\"https:\/\/www.sprachschule-aktiv-muenchen.de\/fr\/nominatif-allemand-fonction-application\/#primaryimage\",\"url\":\"https:\/\/www.sprachschule-aktiv-muenchen.de\/wp-content\/uploads\/2018\/02\/Nominatif-allemand-r\u00e8gles-et-application.jpg\",\"contentUrl\":\"https:\/\/www.sprachschule-aktiv-muenchen.de\/wp-content\/uploads\/2018\/02\/Nominatif-allemand-r\u00e8gles-et-application.jpg\",\"width\":\"600\",\"height\":\"352\",\"caption\":\"R\u00e9gles et fonction du nominatif en allemand\"},{\"@type\":\"BreadcrumbList\",\"@id\":\"https:\/\/www.sprachschule-aktiv-muenchen.de\/fr\/nominatif-allemand-fonction-application\/#breadcrumb\",\"itemListElement\":[{\"@type\":\"ListItem\",\"position\":1,\"name\":\"Portada\",\"item\":\"https:\/\/www.sprachschule-aktiv-muenchen.de\/fr\/\"},{\"@type\":\"ListItem\",\"position\":2,\"name\":\"Nominatif en allemand-fonction, forme et application\"}]},{\"@type\":\"WebSite\",\"@id\":\"https:\/\/www.sprachschule-aktiv-muenchen.de\/#website\",\"url\":\"https:\/\/www.sprachschule-aktiv-muenchen.de\/\",\"name\":\"Sprachschule Aktiv\",\"description\":\"\",\"potentialAction\":[{\"@type\":\"SearchAction\",\"target\":{\"@type\":\"EntryPoint\",\"urlTemplate\":\"https:\/\/www.sprachschule-aktiv-muenchen.de\/?s={search_term_string}\"},\"query-input\":{\"@type\":\"PropertyValueSpecification\",\"valueRequired\":true,\"valueName\":\"search_term_string\"}}],\"inLanguage\":\"fr-FR\"},{\"@type\":\"Person\",\"@id\":\"https:\/\/www.sprachschule-aktiv-muenchen.de\/#\/schema\/person\/a74a6322db9745fd586f7e97f1ee5724\",\"name\":\"Martin Polo\",\"image\":{\"@type\":\"ImageObject\",\"inLanguage\":\"fr-FR\",\"@id\":\"https:\/\/www.sprachschule-aktiv-muenchen.de\/#\/schema\/person\/image\/\",\"url\":\"https:\/\/secure.gravatar.com\/avatar\/2cbe6176b6be8b122284c50d9e7a11af9502529eae284fd73534defd313e4152?s=96&d=mm&r=g\",\"contentUrl\":\"https:\/\/secure.gravatar.com\/avatar\/2cbe6176b6be8b122284c50d9e7a11af9502529eae284fd73534defd313e4152?s=96&d=mm&r=g\",\"caption\":\"Martin Polo\"}}]}<\/script>\n<!-- \/ Yoast SEO plugin. -->","yoast_head_json":{"title":"Nominatif en allemand-fonction, r\u00e8gles et application","description":"En allemand il y a quatre cas. Les diff\u00e9rents membres de la phrase par exemple le sujet peuvent se trouver sur des positions diff\u00e9rentes dans la phrase.","robots":{"index":"index","follow":"follow","max-snippet":"max-snippet:-1","max-image-preview":"max-image-preview:large","max-video-preview":"max-video-preview:-1"},"canonical":"https:\/\/www.sprachschule-aktiv-muenchen.de\/fr\/nominatif-allemand-fonction-application\/","og_locale":"fr_FR","og_type":"article","og_title":"Nominatif en allemand-fonction, r\u00e8gles et application","og_description":"En allemand il y a quatre cas. Les diff\u00e9rents membres de la phrase par exemple le sujet peuvent se trouver sur des positions diff\u00e9rentes dans la phrase.","og_url":"https:\/\/www.sprachschule-aktiv-muenchen.de\/fr\/nominatif-allemand-fonction-application\/","og_site_name":"Sprachschule Aktiv","article_published_time":"2018-02-07T11:45:46+00:00","article_modified_time":"2019-04-09T04:35:30+00:00","og_image":[{"width":600,"height":352,"url":"https:\/\/www.sprachschule-aktiv-muenchen.de\/wp-content\/uploads\/2018\/02\/Nominatif-allemand-r\u00e8gles-et-application.jpg","type":"image\/jpeg"}],"author":"Martin Polo","twitter_card":"summary_large_image","twitter_misc":{"\u00c9crit par":"Martin Polo","Dur\u00e9e de lecture estim\u00e9e":"3 minutes"},"schema":{"@context":"https:\/\/schema.org","@graph":[{"@type":"Article","@id":"https:\/\/www.sprachschule-aktiv-muenchen.de\/fr\/nominatif-allemand-fonction-application\/#article","isPartOf":{"@id":"https:\/\/www.sprachschule-aktiv-muenchen.de\/fr\/nominatif-allemand-fonction-application\/"},"author":{"name":"Martin Polo","@id":"https:\/\/www.sprachschule-aktiv-muenchen.de\/#\/schema\/person\/a74a6322db9745fd586f7e97f1ee5724"},"headline":"Nominatif en allemand-fonction, forme et application","datePublished":"2018-02-07T11:45:46+00:00","dateModified":"2019-04-09T04:35:30+00:00","mainEntityOfPage":{"@id":"https:\/\/www.sprachschule-aktiv-muenchen.de\/fr\/nominatif-allemand-fonction-application\/"},"wordCount":668,"commentCount":0,"image":{"@id":"https:\/\/www.sprachschule-aktiv-muenchen.de\/fr\/nominatif-allemand-fonction-application\/#primaryimage"},"thumbnailUrl":"https:\/\/www.sprachschule-aktiv-muenchen.de\/wp-content\/uploads\/2018\/02\/Nominatif-allemand-r\u00e8gles-et-application.jpg","articleSection":["Apprendre l'allemand gratuitement"],"inLanguage":"fr-FR"},{"@type":"WebPage","@id":"https:\/\/www.sprachschule-aktiv-muenchen.de\/fr\/nominatif-allemand-fonction-application\/","url":"https:\/\/www.sprachschule-aktiv-muenchen.de\/fr\/nominatif-allemand-fonction-application\/","name":"Nominatif en allemand-fonction, r\u00e8gles et application","isPartOf":{"@id":"https:\/\/www.sprachschule-aktiv-muenchen.de\/#website"},"primaryImageOfPage":{"@id":"https:\/\/www.sprachschule-aktiv-muenchen.de\/fr\/nominatif-allemand-fonction-application\/#primaryimage"},"image":{"@id":"https:\/\/www.sprachschule-aktiv-muenchen.de\/fr\/nominatif-allemand-fonction-application\/#primaryimage"},"thumbnailUrl":"https:\/\/www.sprachschule-aktiv-muenchen.de\/wp-content\/uploads\/2018\/02\/Nominatif-allemand-r\u00e8gles-et-application.jpg","datePublished":"2018-02-07T11:45:46+00:00","dateModified":"2019-04-09T04:35:30+00:00","author":{"@id":"https:\/\/www.sprachschule-aktiv-muenchen.de\/#\/schema\/person\/a74a6322db9745fd586f7e97f1ee5724"},"description":"En allemand il y a quatre cas. Les diff\u00e9rents membres de la phrase par exemple le sujet peuvent se trouver sur des positions diff\u00e9rentes dans la phrase.","breadcrumb":{"@id":"https:\/\/www.sprachschule-aktiv-muenchen.de\/fr\/nominatif-allemand-fonction-application\/#breadcrumb"},"inLanguage":"fr-FR","potentialAction":[{"@type":"ReadAction","target":["https:\/\/www.sprachschule-aktiv-muenchen.de\/fr\/nominatif-allemand-fonction-application\/"]}]},{"@type":"ImageObject","inLanguage":"fr-FR","@id":"https:\/\/www.sprachschule-aktiv-muenchen.de\/fr\/nominatif-allemand-fonction-application\/#primaryimage","url":"https:\/\/www.sprachschule-aktiv-muenchen.de\/wp-content\/uploads\/2018\/02\/Nominatif-allemand-r\u00e8gles-et-application.jpg","contentUrl":"https:\/\/www.sprachschule-aktiv-muenchen.de\/wp-content\/uploads\/2018\/02\/Nominatif-allemand-r\u00e8gles-et-application.jpg","width":"600","height":"352","caption":"R\u00e9gles et fonction du nominatif en allemand"},{"@type":"BreadcrumbList","@id":"https:\/\/www.sprachschule-aktiv-muenchen.de\/fr\/nominatif-allemand-fonction-application\/#breadcrumb","itemListElement":[{"@type":"ListItem","position":1,"name":"Portada","item":"https:\/\/www.sprachschule-aktiv-muenchen.de\/fr\/"},{"@type":"ListItem","position":2,"name":"Nominatif en allemand-fonction, forme et application"}]},{"@type":"WebSite","@id":"https:\/\/www.sprachschule-aktiv-muenchen.de\/#website","url":"https:\/\/www.sprachschule-aktiv-muenchen.de\/","name":"Sprachschule Aktiv","description":"","potentialAction":[{"@type":"SearchAction","target":{"@type":"EntryPoint","urlTemplate":"https:\/\/www.sprachschule-aktiv-muenchen.de\/?s={search_term_string}"},"query-input":{"@type":"PropertyValueSpecification","valueRequired":true,"valueName":"search_term_string"}}],"inLanguage":"fr-FR"},{"@type":"Person","@id":"https:\/\/www.sprachschule-aktiv-muenchen.de\/#\/schema\/person\/a74a6322db9745fd586f7e97f1ee5724","name":"Martin Polo","image":{"@type":"ImageObject","inLanguage":"fr-FR","@id":"https:\/\/www.sprachschule-aktiv-muenchen.de\/#\/schema\/person\/image\/","url":"https:\/\/secure.gravatar.com\/avatar\/2cbe6176b6be8b122284c50d9e7a11af9502529eae284fd73534defd313e4152?s=96&d=mm&r=g","contentUrl":"https:\/\/secure.gravatar.com\/avatar\/2cbe6176b6be8b122284c50d9e7a11af9502529eae284fd73534defd313e4152?s=96&d=mm&r=g","caption":"Martin Polo"}}]}},"_links":{"self":[{"href":"https:\/\/www.sprachschule-aktiv-muenchen.de\/fr\/wp-json\/wp\/v2\/posts\/41850","targetHints":{"allow":["GET"]}}],"collection":[{"href":"https:\/\/www.sprachschule-aktiv-muenchen.de\/fr\/wp-json\/wp\/v2\/posts"}],"about":[{"href":"https:\/\/www.sprachschule-aktiv-muenchen.de\/fr\/wp-json\/wp\/v2\/types\/post"}],"author":[{"embeddable":true,"href":"https:\/\/www.sprachschule-aktiv-muenchen.de\/fr\/wp-json\/wp\/v2\/users\/2"}],"replies":[{"embeddable":true,"href":"https:\/\/www.sprachschule-aktiv-muenchen.de\/fr\/wp-json\/wp\/v2\/comments?post=41850"}],"version-history":[{"count":0,"href":"https:\/\/www.sprachschule-aktiv-muenchen.de\/fr\/wp-json\/wp\/v2\/posts\/41850\/revisions"}],"wp:featuredmedia":[{"embeddable":true,"href":"https:\/\/www.sprachschule-aktiv-muenchen.de\/fr\/wp-json\/wp\/v2\/media\/41851"}],"wp:attachment":[{"href":"https:\/\/www.sprachschule-aktiv-muenchen.de\/fr\/wp-json\/wp\/v2\/media?parent=41850"}],"wp:term":[{"taxonomy":"category","embeddable":true,"href":"https:\/\/www.sprachschule-aktiv-muenchen.de\/fr\/wp-json\/wp\/v2\/categories?post=41850"},{"taxonomy":"post_tag","embeddable":true,"href":"https:\/\/www.sprachschule-aktiv-muenchen.de\/fr\/wp-json\/wp\/v2\/tags?post=41850"}],"curies":[{"name":"wp","href":"https:\/\/api.w.org\/{rel}","templated":true}]}}