{"id":41549,"date":"2018-01-25T12:58:09","date_gmt":"2018-01-25T11:58:09","guid":{"rendered":"https:\/\/www.sprachschule-aktiv-muenchen.de\/?p=41549"},"modified":"2021-12-16T09:22:35","modified_gmt":"2021-12-16T08:22:35","slug":"construction-phrase-passe-compose-allemand","status":"publish","type":"post","link":"https:\/\/www.sprachschule-aktiv-muenchen.de\/fr\/construction-phrase-passe-compose-allemand\/","title":{"rendered":"Construction d&#8217;une phrase au Perkeft-Pass\u00e9 compos\u00e9"},"content":{"rendered":"<h1>La construction d\u2019une phrase au pass\u00e9 compos\u00e9 avec &#8220;avoir&#8221; ou &#8220;\u00eatre&#8221; &#8211; en utilisant les verbes auxiliaires<\/h1>\n<p>Le pass\u00e9 compos\u00e9 dit Perfekt est l&#8217;un des temps les plus importants de la grammaire allemande. Il est presque toujours utilis\u00e9 lorsque nous parlons du pass\u00e9. Comme dans beaucoup d&#8217;autres langues europ\u00e9ennes, le Perfekt est form\u00e9 d&#8217;un verbe auxiliaire et du participe II. Les verbes auxiliaires en allemand sont soit &#8220;\u00eatre&#8221; ou &#8220;avoir&#8221;. Fondamentalement, le verbe auxiliaire &#8220;\u00eatre&#8221; est utilis\u00e9 dans les verbes de mouvement et de changement d&#8217;\u00e9tat. &#8220;Avoir&#8221; est utilis\u00e9 dans tous les autres verbes. Mais qu&#8217;est-ce que cela signifie exactement? <span class=\"tlid-translation translation\" lang=\"fr\"><span class=\"\" title=\"\">Lisez notre blog ici:<\/span><\/span> La construction d&#8217;une phrase au pass\u00e9 compos\u00e9 avec \u00ab avoir \u00bb ou \u00ab \u00eatre \u00bb \u2013 en utilisant les verbes auxiliaires.<\/p>\n<h2>Le verbe auxiliaire \u201esein\u201c (\u00eatre) accompagne les verbes de mouvement<\/h2>\n<p>Les verbes de mouvement sont par exemple\u00a0: laufen (courir), gehen (aller), fahren (conduire), rennen (courir), springen (sauter), fliegen (fuir), ce sont donc des verbes qui d\u00e9crivent un mouvement d\u2019un endroit vers un autre<\/p>\n<p>Lorsque vous souhaitez conjuguer ces verbes au pass\u00e9 compos\u00e9, vous devez utiliser le verbe auxiliaire \u00ab\u00a0sein\u00a0\u00bb (\u00eatre) dans sa forme conjugu\u00e9e en deuxi\u00e8me position dans la phrase et le participe pass\u00e9 II \u00e0 la fin.<\/p>\n<p>Exemple: Ich bin zum B\u00e4cker gelaufen. J\u2019ai couru \u00e0 la boulangerie<br \/>\nCependant certains verbes de mouvements peuvent \u00eatre conjugu\u00e9s au Perfekt avec soit \u00ab\u00a0haben\u00a0\u00bb (avoir) ou \u00ab\u00a0sein\u00a0\u00bb (\u00eatre). Ces verbes sont par exemple \u00ab\u00a0schwimmen\u00a0\u00bb (nager) ou \u00ab\u00a0joggen\u00a0\u00bb (faire du jogging). En conjonction avec une direction ou un emplacement, la seule mani\u00e8re de le conjuguer est avec le verbe \u00ab\u00a0sein\u00a0\u00bb (\u00eatre)\u00a0:<\/p>\n<p>Ich habe geschwommen\/Ich bin geschwommen. (forme la plus courante)<\/p>\n<p>J\u2019ai nag\u00e9.<\/p>\n<p>Ich bin zum Ufer geschwommen. J\u2019ai nag\u00e9 jusqu\u2019\u00e0 la rive.<\/p>\n<p>Ich habe gejoggt\/Ich bin gejoggt. J\u2019ai fait du jogging.<\/p>\n<p>Ich bin durch den Park gejoggt. J\u2019ai fait du jogging dans le parc.<\/p>\n<p>Toutes les formulations sont correctes. Cependant, la terminaison \u00ab\u00a0habe\u00a0\u00bb est tr\u00e8s peu utilis\u00e9e.<\/p>\n<h2><a href=\"https:\/\/www.sprachschule-aktiv-muenchen.de\/fr\/cours-intensifs-dallemand\/\"><img decoding=\"async\" class=\"aligncenter size-full wp-image-66469\" src=\"https:\/\/www.sprachschule-aktiv-muenchen.de\/wp-content\/uploads\/2021\/06\/offre-speciale-allemand-muenchen.jpg\" alt=\"Nos cours d\u2019allemand \u00e0 Sprachschule Aktiv\" width=\"603\" height=\"359\" srcset=\"https:\/\/www.sprachschule-aktiv-muenchen.de\/wp-content\/uploads\/2021\/06\/offre-speciale-allemand-muenchen.jpg 603w, https:\/\/www.sprachschule-aktiv-muenchen.de\/wp-content\/uploads\/2021\/06\/offre-speciale-allemand-muenchen-300x179.jpg 300w, https:\/\/www.sprachschule-aktiv-muenchen.de\/wp-content\/uploads\/2021\/06\/offre-speciale-allemand-muenchen-124x74.jpg 124w\" sizes=\"(max-width: 603px) 100vw, 603px\" \/><\/a><\/h2>\n<h2>Le verbe auxiliaire &#8220;\u00eatre&#8221; s\u2019emploie avec les verbes de changement d&#8217;\u00e9tat<\/h2>\n<p>Par exemple, les verbes de changement d&#8217;\u00e9tat peuvent \u00eatre: sterben (mourir), wachsen (grandir), trocknen, verschwinden<\/p>\n<p>mourir, grandir, s\u00e9cher, dispara\u00eetre.<\/p>\n<p>Donc, tous ces verbes qui d\u00e9crivent le passage de l&#8217;\u00e9tat A \u00e0 l&#8217;\u00e9tat B:<\/p>\n<p>lebendig \u2013&gt; sterben \u2013&gt; tot<\/p>\n<p>vivant -&gt; mourir -&gt; mort<\/p>\n<p>klein \u2013&gt; wachsen \u2013&gt; gro\u00df<\/p>\n<p>petit -&gt; grandir -&gt; grand<\/p>\n<p>Ces verbes se forment \u00e9galement avec l\u2019auxiliaire \u00ab\u00a0sein\u00a0\u00bb (\u00eatre) au Perfekt.<\/p>\n<p>Exception: si l&#8217;un des verbes d\u2019\u00e9tat correspond \u00e0 un \u00e9tat transitif, c&#8217;est-\u00e0-dire utilis\u00e9 avec un objet accusatif, alors il n\u00e9cessite le verbe auxiliaire \u00ab\u00a0haben\u00a0\u00bb au perfekt.<\/p>\n<p>Exemple: Die W\u00e4sche ist in der Sonne getrocknet Le linge est s\u00e9ch\u00e9 au soleil.<\/p>\n<p>MAIS:Die Sonne hat die W\u00e4sche getrocknet. Le soleil a s\u00e9ch\u00e9 le linge.<\/p>\n<h2>Le verbe auxiliaire \u00ab\u00a0haben\u00a0\u00bb (avoir)-le \u00ab\u00a0cas normal\u00a0\u00bb<\/h2>\n<p>Le verbe auxiliaire \u00ab\u00a0haben\u00a0\u00bb est le cas normal. Pour tous les verbes qui ne d\u00e9crivent pas un mouvement ou un changement d\u2019\u00e9tat, la forme parfaite est form\u00e9e avec l\u2019auxiliaire haben. Cela concerne la majorit\u00e9 des verbes allemands. Les verbes suivants forment toujours le pass\u00e9 compos\u00e9 avec avoir\u00a0:<\/p>\n<p>-les verbes transitifs, c\u2019est-\u00e0-dire les verbes en relation avec un object accusatif, par exemple\u00a0: Sie hat ein Eis gegessen (elle a mang\u00e9 une glace).<\/p>\n<p>-les verbes r\u00e9flexifs\u00a0: Ich habe mich gewaschen. Je me suis lav\u00e9.<\/p>\n<h2>Diff\u00e9rences r\u00e9gionales<\/h2>\n<p>Malgr\u00e9 les r\u00e8gles \u00e9nonc\u00e9es ci-dessus, selon lesquels le verbe auxiliaire \u00ab\u00eatre\u00bb est utilis\u00e9 exclusivement dans les verbes de mouvement et de changement d&#8217;\u00e9tat, la question \u00ab\u00eatre\u00bb ou ne pas \u00eatre \u00abd\u00e9pendant de la r\u00e9gion\u00bb ne peut \u00eatre solutionn\u00e9e aussi facilement. Il est donc courant dans la r\u00e9gion linguistique du sud de l&#8217;Allemagne que m\u00eame le pass\u00e9 compos\u00e9 des verbes\u00a0 \u00ab\u00a0sitzen\u00a0\u00bb (s&#8217;asseoir), \u00ab\u00a0stehen\u00a0\u00bb (se tenir) et \u00ab\u00a0liegen\u00a0\u00bb (mentir) puisse se former \u00e0 l&#8217;aide du verbe auxiliaire \u00ab\u00eatre\u00bb, bien que ces verbes ne d\u00e9crivent ni mouvement, ni changement d&#8217;\u00e9tat. Des phrases telles que \u00ab\u00a0Ich bin gesessen\u00a0\u00bb (Je suis assis), \u00ab\u00a0Er ist gestanden\u00a0\u00bb (Il a avou\u00e9) ou \u00ab\u00a0Du bist gelegen\u00a0\u00bb (Vous mentez) sont courantes dans le sud de l&#8217;Allemagne, en Autriche et en Suisse et ne sont en aucun cas fausses. Ainsi la version que les allemands choississent d\u2019utiliser d\u00e9pend de la r\u00e9gion dans laquelle ils ont grandi et avec qui ils communiquent.<\/p>\n<h3>Autres articles int\u00e9ressants pour vous:<\/h3>\n<ul>\n<li><a href=\"https:\/\/www.sprachschule-aktiv-muenchen.de\/fr\/les-prepositions-allemandes-et-leurs-positions-dans-les-phrases\/\">Pr\u00e9positions allemandes et leurs positions dans la phrase<\/a><\/li>\n<li><a href=\"https:\/\/www.sprachschule-aktiv-muenchen.de\/fr\/nominatif-allemand-fonction-application\/\">Nominatif en allemand: forme, fonction et application<\/a><\/li>\n<li><a href=\"https:\/\/www.sprachschule-aktiv-muenchen.de\/fr\/cours-intensifs-dallemand\/\">Cours semi-intensifs d&#8217;allemand \u00e0 Munich<\/a><\/li>\n<\/ul>\n","protected":false},"excerpt":{"rendered":"<p>La construction d\u2019une phrase au pass\u00e9 compos\u00e9 avec &#8220;avoir&#8221; ou &#8220;\u00eatre&#8221; &#8211; en utilisant les verbes auxiliaires Le pass\u00e9 compos\u00e9 dit Perfekt est l&#8217;un des temps les plus importants de la grammaire allemande. Il est presque toujours utilis\u00e9 lorsque nous parlons du pass\u00e9. Comme dans beaucoup d&#8217;autres langues europ\u00e9ennes, le Perfekt est form\u00e9 d&#8217;un verbe [&hellip;]<\/p>\n","protected":false},"author":2,"featured_media":41550,"comment_status":"open","ping_status":"open","sticky":false,"template":"","format":"standard","meta":{"footnotes":""},"categories":[10],"tags":[],"class_list":["post-41549","post","type-post","status-publish","format-standard","has-post-thumbnail","hentry","category-apprendre-allemand-gratuitement"],"yoast_head":"<!-- This site is optimized with the Yoast SEO plugin v27.1.1 - https:\/\/yoast.com\/product\/yoast-seo-wordpress\/ -->\n<title>Construction d&#039;une phrase au Perkeft<\/title>\n<meta name=\"description\" content=\"Le pass\u00e9 compos\u00e9 dit Perfekt est l&#039;un des temps les plus importants de la grammaire Il est presque toujours utilis\u00e9 lorsque nous parlons du pass\u00e9.\" \/>\n<meta name=\"robots\" content=\"index, follow, max-snippet:-1, max-image-preview:large, max-video-preview:-1\" \/>\n<link rel=\"canonical\" href=\"https:\/\/www.sprachschule-aktiv-muenchen.de\/fr\/construction-phrase-passe-compose-allemand\/\" \/>\n<meta property=\"og:locale\" content=\"fr_FR\" \/>\n<meta property=\"og:type\" content=\"article\" \/>\n<meta property=\"og:title\" content=\"Construction d&#039;une phrase au Perkeft\" \/>\n<meta property=\"og:description\" content=\"Le pass\u00e9 compos\u00e9 dit Perfekt est l&#039;un des temps les plus importants de la grammaire Il est presque toujours utilis\u00e9 lorsque nous parlons du pass\u00e9.\" \/>\n<meta property=\"og:url\" content=\"https:\/\/www.sprachschule-aktiv-muenchen.de\/fr\/construction-phrase-passe-compose-allemand\/\" \/>\n<meta property=\"og:site_name\" content=\"Sprachschule Aktiv\" \/>\n<meta property=\"article:published_time\" content=\"2018-01-25T11:58:09+00:00\" \/>\n<meta property=\"article:modified_time\" content=\"2021-12-16T08:22:35+00:00\" \/>\n<meta property=\"og:image\" content=\"https:\/\/www.sprachschule-aktiv-muenchen.de\/wp-content\/uploads\/2018\/01\/Construction-Perfekt-Allemand.jpg\" \/>\n\t<meta property=\"og:image:width\" content=\"250\" \/>\n\t<meta property=\"og:image:height\" content=\"250\" \/>\n\t<meta property=\"og:image:type\" content=\"image\/jpeg\" \/>\n<meta name=\"author\" content=\"Martin Polo\" \/>\n<meta name=\"twitter:card\" content=\"summary_large_image\" \/>\n<meta name=\"twitter:label1\" content=\"\u00c9crit par\" \/>\n\t<meta name=\"twitter:data1\" content=\"Martin Polo\" \/>\n\t<meta name=\"twitter:label2\" content=\"Dur\u00e9e de lecture estim\u00e9e\" \/>\n\t<meta name=\"twitter:data2\" content=\"4 minutes\" \/>\n<script type=\"application\/ld+json\" class=\"yoast-schema-graph\">{\"@context\":\"https:\/\/schema.org\",\"@graph\":[{\"@type\":\"Article\",\"@id\":\"https:\/\/www.sprachschule-aktiv-muenchen.de\/fr\/construction-phrase-passe-compose-allemand\/#article\",\"isPartOf\":{\"@id\":\"https:\/\/www.sprachschule-aktiv-muenchen.de\/fr\/construction-phrase-passe-compose-allemand\/\"},\"author\":{\"name\":\"Martin Polo\",\"@id\":\"https:\/\/www.sprachschule-aktiv-muenchen.de\/#\/schema\/person\/a74a6322db9745fd586f7e97f1ee5724\"},\"headline\":\"Construction d&#8217;une phrase au Perkeft-Pass\u00e9 compos\u00e9\",\"datePublished\":\"2018-01-25T11:58:09+00:00\",\"dateModified\":\"2021-12-16T08:22:35+00:00\",\"mainEntityOfPage\":{\"@id\":\"https:\/\/www.sprachschule-aktiv-muenchen.de\/fr\/construction-phrase-passe-compose-allemand\/\"},\"wordCount\":785,\"commentCount\":0,\"image\":{\"@id\":\"https:\/\/www.sprachschule-aktiv-muenchen.de\/fr\/construction-phrase-passe-compose-allemand\/#primaryimage\"},\"thumbnailUrl\":\"https:\/\/www.sprachschule-aktiv-muenchen.de\/wp-content\/uploads\/2018\/01\/Construction-Perfekt-Allemand.jpg\",\"articleSection\":[\"Apprendre l'allemand gratuitement\"],\"inLanguage\":\"fr-FR\"},{\"@type\":\"WebPage\",\"@id\":\"https:\/\/www.sprachschule-aktiv-muenchen.de\/fr\/construction-phrase-passe-compose-allemand\/\",\"url\":\"https:\/\/www.sprachschule-aktiv-muenchen.de\/fr\/construction-phrase-passe-compose-allemand\/\",\"name\":\"Construction d'une phrase au Perkeft\",\"isPartOf\":{\"@id\":\"https:\/\/www.sprachschule-aktiv-muenchen.de\/#website\"},\"primaryImageOfPage\":{\"@id\":\"https:\/\/www.sprachschule-aktiv-muenchen.de\/fr\/construction-phrase-passe-compose-allemand\/#primaryimage\"},\"image\":{\"@id\":\"https:\/\/www.sprachschule-aktiv-muenchen.de\/fr\/construction-phrase-passe-compose-allemand\/#primaryimage\"},\"thumbnailUrl\":\"https:\/\/www.sprachschule-aktiv-muenchen.de\/wp-content\/uploads\/2018\/01\/Construction-Perfekt-Allemand.jpg\",\"datePublished\":\"2018-01-25T11:58:09+00:00\",\"dateModified\":\"2021-12-16T08:22:35+00:00\",\"author\":{\"@id\":\"https:\/\/www.sprachschule-aktiv-muenchen.de\/#\/schema\/person\/a74a6322db9745fd586f7e97f1ee5724\"},\"description\":\"Le pass\u00e9 compos\u00e9 dit Perfekt est l'un des temps les plus importants de la grammaire Il est presque toujours utilis\u00e9 lorsque nous parlons du pass\u00e9.\",\"breadcrumb\":{\"@id\":\"https:\/\/www.sprachschule-aktiv-muenchen.de\/fr\/construction-phrase-passe-compose-allemand\/#breadcrumb\"},\"inLanguage\":\"fr-FR\",\"potentialAction\":[{\"@type\":\"ReadAction\",\"target\":[\"https:\/\/www.sprachschule-aktiv-muenchen.de\/fr\/construction-phrase-passe-compose-allemand\/\"]}]},{\"@type\":\"ImageObject\",\"inLanguage\":\"fr-FR\",\"@id\":\"https:\/\/www.sprachschule-aktiv-muenchen.de\/fr\/construction-phrase-passe-compose-allemand\/#primaryimage\",\"url\":\"https:\/\/www.sprachschule-aktiv-muenchen.de\/wp-content\/uploads\/2018\/01\/Construction-Perfekt-Allemand.jpg\",\"contentUrl\":\"https:\/\/www.sprachschule-aktiv-muenchen.de\/wp-content\/uploads\/2018\/01\/Construction-Perfekt-Allemand.jpg\",\"width\":\"250\",\"height\":\"250\",\"caption\":\"les verbes auxiliaires - apprendre l'allemand\"},{\"@type\":\"BreadcrumbList\",\"@id\":\"https:\/\/www.sprachschule-aktiv-muenchen.de\/fr\/construction-phrase-passe-compose-allemand\/#breadcrumb\",\"itemListElement\":[{\"@type\":\"ListItem\",\"position\":1,\"name\":\"Portada\",\"item\":\"https:\/\/www.sprachschule-aktiv-muenchen.de\/fr\/\"},{\"@type\":\"ListItem\",\"position\":2,\"name\":\"Construction d&#8217;une phrase au Perkeft-Pass\u00e9 compos\u00e9\"}]},{\"@type\":\"WebSite\",\"@id\":\"https:\/\/www.sprachschule-aktiv-muenchen.de\/#website\",\"url\":\"https:\/\/www.sprachschule-aktiv-muenchen.de\/\",\"name\":\"Sprachschule Aktiv\",\"description\":\"\",\"potentialAction\":[{\"@type\":\"SearchAction\",\"target\":{\"@type\":\"EntryPoint\",\"urlTemplate\":\"https:\/\/www.sprachschule-aktiv-muenchen.de\/?s={search_term_string}\"},\"query-input\":{\"@type\":\"PropertyValueSpecification\",\"valueRequired\":true,\"valueName\":\"search_term_string\"}}],\"inLanguage\":\"fr-FR\"},{\"@type\":\"Person\",\"@id\":\"https:\/\/www.sprachschule-aktiv-muenchen.de\/#\/schema\/person\/a74a6322db9745fd586f7e97f1ee5724\",\"name\":\"Martin Polo\",\"image\":{\"@type\":\"ImageObject\",\"inLanguage\":\"fr-FR\",\"@id\":\"https:\/\/www.sprachschule-aktiv-muenchen.de\/#\/schema\/person\/image\/\",\"url\":\"https:\/\/secure.gravatar.com\/avatar\/2cbe6176b6be8b122284c50d9e7a11af9502529eae284fd73534defd313e4152?s=96&d=mm&r=g\",\"contentUrl\":\"https:\/\/secure.gravatar.com\/avatar\/2cbe6176b6be8b122284c50d9e7a11af9502529eae284fd73534defd313e4152?s=96&d=mm&r=g\",\"caption\":\"Martin Polo\"}}]}<\/script>\n<!-- \/ Yoast SEO plugin. -->","yoast_head_json":{"title":"Construction d'une phrase au Perkeft","description":"Le pass\u00e9 compos\u00e9 dit Perfekt est l'un des temps les plus importants de la grammaire Il est presque toujours utilis\u00e9 lorsque nous parlons du pass\u00e9.","robots":{"index":"index","follow":"follow","max-snippet":"max-snippet:-1","max-image-preview":"max-image-preview:large","max-video-preview":"max-video-preview:-1"},"canonical":"https:\/\/www.sprachschule-aktiv-muenchen.de\/fr\/construction-phrase-passe-compose-allemand\/","og_locale":"fr_FR","og_type":"article","og_title":"Construction d'une phrase au Perkeft","og_description":"Le pass\u00e9 compos\u00e9 dit Perfekt est l'un des temps les plus importants de la grammaire Il est presque toujours utilis\u00e9 lorsque nous parlons du pass\u00e9.","og_url":"https:\/\/www.sprachschule-aktiv-muenchen.de\/fr\/construction-phrase-passe-compose-allemand\/","og_site_name":"Sprachschule Aktiv","article_published_time":"2018-01-25T11:58:09+00:00","article_modified_time":"2021-12-16T08:22:35+00:00","og_image":[{"width":250,"height":250,"url":"https:\/\/www.sprachschule-aktiv-muenchen.de\/wp-content\/uploads\/2018\/01\/Construction-Perfekt-Allemand.jpg","type":"image\/jpeg"}],"author":"Martin Polo","twitter_card":"summary_large_image","twitter_misc":{"\u00c9crit par":"Martin Polo","Dur\u00e9e de lecture estim\u00e9e":"4 minutes"},"schema":{"@context":"https:\/\/schema.org","@graph":[{"@type":"Article","@id":"https:\/\/www.sprachschule-aktiv-muenchen.de\/fr\/construction-phrase-passe-compose-allemand\/#article","isPartOf":{"@id":"https:\/\/www.sprachschule-aktiv-muenchen.de\/fr\/construction-phrase-passe-compose-allemand\/"},"author":{"name":"Martin Polo","@id":"https:\/\/www.sprachschule-aktiv-muenchen.de\/#\/schema\/person\/a74a6322db9745fd586f7e97f1ee5724"},"headline":"Construction d&#8217;une phrase au Perkeft-Pass\u00e9 compos\u00e9","datePublished":"2018-01-25T11:58:09+00:00","dateModified":"2021-12-16T08:22:35+00:00","mainEntityOfPage":{"@id":"https:\/\/www.sprachschule-aktiv-muenchen.de\/fr\/construction-phrase-passe-compose-allemand\/"},"wordCount":785,"commentCount":0,"image":{"@id":"https:\/\/www.sprachschule-aktiv-muenchen.de\/fr\/construction-phrase-passe-compose-allemand\/#primaryimage"},"thumbnailUrl":"https:\/\/www.sprachschule-aktiv-muenchen.de\/wp-content\/uploads\/2018\/01\/Construction-Perfekt-Allemand.jpg","articleSection":["Apprendre l'allemand gratuitement"],"inLanguage":"fr-FR"},{"@type":"WebPage","@id":"https:\/\/www.sprachschule-aktiv-muenchen.de\/fr\/construction-phrase-passe-compose-allemand\/","url":"https:\/\/www.sprachschule-aktiv-muenchen.de\/fr\/construction-phrase-passe-compose-allemand\/","name":"Construction d'une phrase au Perkeft","isPartOf":{"@id":"https:\/\/www.sprachschule-aktiv-muenchen.de\/#website"},"primaryImageOfPage":{"@id":"https:\/\/www.sprachschule-aktiv-muenchen.de\/fr\/construction-phrase-passe-compose-allemand\/#primaryimage"},"image":{"@id":"https:\/\/www.sprachschule-aktiv-muenchen.de\/fr\/construction-phrase-passe-compose-allemand\/#primaryimage"},"thumbnailUrl":"https:\/\/www.sprachschule-aktiv-muenchen.de\/wp-content\/uploads\/2018\/01\/Construction-Perfekt-Allemand.jpg","datePublished":"2018-01-25T11:58:09+00:00","dateModified":"2021-12-16T08:22:35+00:00","author":{"@id":"https:\/\/www.sprachschule-aktiv-muenchen.de\/#\/schema\/person\/a74a6322db9745fd586f7e97f1ee5724"},"description":"Le pass\u00e9 compos\u00e9 dit Perfekt est l'un des temps les plus importants de la grammaire Il est presque toujours utilis\u00e9 lorsque nous parlons du pass\u00e9.","breadcrumb":{"@id":"https:\/\/www.sprachschule-aktiv-muenchen.de\/fr\/construction-phrase-passe-compose-allemand\/#breadcrumb"},"inLanguage":"fr-FR","potentialAction":[{"@type":"ReadAction","target":["https:\/\/www.sprachschule-aktiv-muenchen.de\/fr\/construction-phrase-passe-compose-allemand\/"]}]},{"@type":"ImageObject","inLanguage":"fr-FR","@id":"https:\/\/www.sprachschule-aktiv-muenchen.de\/fr\/construction-phrase-passe-compose-allemand\/#primaryimage","url":"https:\/\/www.sprachschule-aktiv-muenchen.de\/wp-content\/uploads\/2018\/01\/Construction-Perfekt-Allemand.jpg","contentUrl":"https:\/\/www.sprachschule-aktiv-muenchen.de\/wp-content\/uploads\/2018\/01\/Construction-Perfekt-Allemand.jpg","width":"250","height":"250","caption":"les verbes auxiliaires - apprendre l'allemand"},{"@type":"BreadcrumbList","@id":"https:\/\/www.sprachschule-aktiv-muenchen.de\/fr\/construction-phrase-passe-compose-allemand\/#breadcrumb","itemListElement":[{"@type":"ListItem","position":1,"name":"Portada","item":"https:\/\/www.sprachschule-aktiv-muenchen.de\/fr\/"},{"@type":"ListItem","position":2,"name":"Construction d&#8217;une phrase au Perkeft-Pass\u00e9 compos\u00e9"}]},{"@type":"WebSite","@id":"https:\/\/www.sprachschule-aktiv-muenchen.de\/#website","url":"https:\/\/www.sprachschule-aktiv-muenchen.de\/","name":"Sprachschule Aktiv","description":"","potentialAction":[{"@type":"SearchAction","target":{"@type":"EntryPoint","urlTemplate":"https:\/\/www.sprachschule-aktiv-muenchen.de\/?s={search_term_string}"},"query-input":{"@type":"PropertyValueSpecification","valueRequired":true,"valueName":"search_term_string"}}],"inLanguage":"fr-FR"},{"@type":"Person","@id":"https:\/\/www.sprachschule-aktiv-muenchen.de\/#\/schema\/person\/a74a6322db9745fd586f7e97f1ee5724","name":"Martin Polo","image":{"@type":"ImageObject","inLanguage":"fr-FR","@id":"https:\/\/www.sprachschule-aktiv-muenchen.de\/#\/schema\/person\/image\/","url":"https:\/\/secure.gravatar.com\/avatar\/2cbe6176b6be8b122284c50d9e7a11af9502529eae284fd73534defd313e4152?s=96&d=mm&r=g","contentUrl":"https:\/\/secure.gravatar.com\/avatar\/2cbe6176b6be8b122284c50d9e7a11af9502529eae284fd73534defd313e4152?s=96&d=mm&r=g","caption":"Martin Polo"}}]}},"_links":{"self":[{"href":"https:\/\/www.sprachschule-aktiv-muenchen.de\/fr\/wp-json\/wp\/v2\/posts\/41549","targetHints":{"allow":["GET"]}}],"collection":[{"href":"https:\/\/www.sprachschule-aktiv-muenchen.de\/fr\/wp-json\/wp\/v2\/posts"}],"about":[{"href":"https:\/\/www.sprachschule-aktiv-muenchen.de\/fr\/wp-json\/wp\/v2\/types\/post"}],"author":[{"embeddable":true,"href":"https:\/\/www.sprachschule-aktiv-muenchen.de\/fr\/wp-json\/wp\/v2\/users\/2"}],"replies":[{"embeddable":true,"href":"https:\/\/www.sprachschule-aktiv-muenchen.de\/fr\/wp-json\/wp\/v2\/comments?post=41549"}],"version-history":[{"count":3,"href":"https:\/\/www.sprachschule-aktiv-muenchen.de\/fr\/wp-json\/wp\/v2\/posts\/41549\/revisions"}],"predecessor-version":[{"id":70482,"href":"https:\/\/www.sprachschule-aktiv-muenchen.de\/fr\/wp-json\/wp\/v2\/posts\/41549\/revisions\/70482"}],"wp:featuredmedia":[{"embeddable":true,"href":"https:\/\/www.sprachschule-aktiv-muenchen.de\/fr\/wp-json\/wp\/v2\/media\/41550"}],"wp:attachment":[{"href":"https:\/\/www.sprachschule-aktiv-muenchen.de\/fr\/wp-json\/wp\/v2\/media?parent=41549"}],"wp:term":[{"taxonomy":"category","embeddable":true,"href":"https:\/\/www.sprachschule-aktiv-muenchen.de\/fr\/wp-json\/wp\/v2\/categories?post=41549"},{"taxonomy":"post_tag","embeddable":true,"href":"https:\/\/www.sprachschule-aktiv-muenchen.de\/fr\/wp-json\/wp\/v2\/tags?post=41549"}],"curies":[{"name":"wp","href":"https:\/\/api.w.org\/{rel}","templated":true}]}}