{"id":47843,"date":"2018-12-07T04:35:51","date_gmt":"2018-12-07T03:35:51","guid":{"rendered":"https:\/\/www.sprachschule-aktiv-muenchen.de\/?p=47843"},"modified":"2020-12-25T08:24:27","modified_gmt":"2020-12-25T07:24:27","slug":"los-9-significados-del-verbo-ir-en-aleman","status":"publish","type":"post","link":"https:\/\/www.sprachschule-aktiv-muenchen.de\/es\/los-9-significados-del-verbo-ir-en-aleman\/","title":{"rendered":"Los 9 significados del verbo ir en alem\u00e1n"},"content":{"rendered":"<h1>Los 9 significados del verbo ir en alem\u00e1n &#8220;gehen&#8221;<\/h1>\n<p>Aprender alem\u00e1n de forma din\u00e1mica, r\u00e1pida y eficaz. \u00bfEs eso posible? Por supuesto, especialmente si quieres conocer los diferentes significados del verbo. Simplemente despl\u00e1cese por esta breve entrada del blog y sabr\u00e1 m\u00e1s.<\/p>\n<p>Despu\u00e9s de cada definici\u00f3n hay un ejemplo.<\/p>\n<h2>Utilizar el verbo ir en alem\u00e1n para preguntar por el bienestar:<\/h2>\n<p>Wie geht es dir?<\/p>\n<p>\u00bfC\u00f3mo est\u00e1s?<\/p>\n<h2>Utilizar el verbo ir en alem\u00e1n para moverse a pie:<\/h2>\n<p>Ich gehe zum supermarkt<\/p>\n<p>Yo voy al supermercado<\/p>\n<h2>Algo se considera anormal o no aceptable:<\/h2>\n<p>Der Kollege kommt t\u00e4glich zu sp\u00e4t zum Meeting. Das geht doch nicht.<\/p>\n<p>El colega llega tarde a la reuni\u00f3n todos los d\u00edas. No puede hacer eso.<\/p>\n<h2>Algo est\u00e1 roto y no funciona:<\/h2>\n<p>Die Kamera macht keine Fotos. Sie geht nicht.<\/p>\n<p>La c\u00e1mara no toma fotos. Ella no va a ir.<\/p>\n<h2>Algo es posible:<\/h2>\n<p>Ich m\u00f6chte in einer halben Stunde in Ihre Arztpraxis kommen, denn ich habe Bauchschmerzen. Geht das?<\/p>\n<p>Me gustar\u00eda ir al m\u00e9dico en media hora para consultar mi dolor abdominal. \u00bfPuedo hacer eso?<\/p>\n<h2>Asistir a una escuela o un curso:<\/h2>\n<p>Anna geht seit 10 Wochen in den Deutschkurs. Sie ist jetzt auf dem Lernniveau B1.1<\/p>\n<p>Anna ha estado asistiendo al curso de alem\u00e1n durante 10 semanas. Ella est\u00e1 ahora en el nivel de aprendizaje B1.1<\/p>\n<h2>Ir a un lugar para hacer algo all\u00ed:<\/h2>\n<p>Petra und Lisa gehen im Stadtzentrum einkaufen.<\/p>\n<p>Petra y Lisa van de compras al centro de la ciudad.<\/p>\n<h2>Cambie su lugar de residencia por un per\u00edodo de tiempo m\u00e1s largo:<\/h2>\n<p>Alex geht im Winter f\u00fcr ein Praktikumsjahr nach Australien.<\/p>\n<p>Alex va a Australia\u00a0en invierno durante un a\u00f1o para hacer pr\u00e1cticas.<\/p>\n<h2>Algo se extiende espacialmente:<\/h2>\n<p>Unser Garten geht bis zum Waldrand dort dr\u00fcben.<\/p>\n<p>Nuestro jard\u00edn va hasta el borde del bosque.<\/p>\n<h2>M\u00e1s publicaciones y cursos interesantes para ti.<\/h2>\n<ul>\n<li><a href=\"https:\/\/www.sprachschule-aktiv-muenchen.de\/es\/visa-curso-aleman\/\">Cursos de alem\u00e1n y visado<\/a><\/li>\n<li><a href=\"https:\/\/www.sprachschule-aktiv-muenchen.de\/es\/blog\/\">Aprender alem\u00e1n con nuestro blog de aprendizaje\u00a0<\/a><\/li>\n<\/ul>\n","protected":false},"excerpt":{"rendered":"<p>Los 9 significados del verbo ir en alem\u00e1n &#8220;gehen&#8221; Aprender alem\u00e1n de forma din\u00e1mica, r\u00e1pida y eficaz. \u00bfEs eso posible? Por supuesto, especialmente si quieres conocer los diferentes significados del verbo. Simplemente despl\u00e1cese por esta breve entrada del blog y sabr\u00e1 m\u00e1s. Despu\u00e9s de cada definici\u00f3n hay un ejemplo. Utilizar el verbo ir en alem\u00e1n [&hellip;]<\/p>\n","protected":false},"author":2,"featured_media":47844,"comment_status":"open","ping_status":"open","sticky":false,"template":"","format":"standard","meta":{"footnotes":""},"categories":[45],"tags":[],"class_list":["post-47843","post","type-post","status-publish","format-standard","has-post-thumbnail","hentry","category-aprender-aleman-gratis"],"yoast_head":"<!-- This site is optimized with the Yoast SEO plugin v27.1.1 - https:\/\/yoast.com\/product\/yoast-seo-wordpress\/ -->\n<title>Los 9 significados del verbo ir en alem\u00e1n &quot;gehen&quot;<\/title>\n<meta name=\"description\" content=\"Como utilizar correctamente el verbo ir &quot;gehen&quot; en alem\u00e1n. Los 9 significados del verbo ir en alem\u00e1n &quot;gehen&quot;. Formas de utilizar.\" \/>\n<meta name=\"robots\" content=\"index, follow, max-snippet:-1, max-image-preview:large, max-video-preview:-1\" \/>\n<link rel=\"canonical\" href=\"https:\/\/www.sprachschule-aktiv-muenchen.de\/es\/los-9-significados-del-verbo-ir-en-aleman\/\" \/>\n<meta property=\"og:locale\" content=\"es_ES\" \/>\n<meta property=\"og:type\" content=\"article\" \/>\n<meta property=\"og:title\" content=\"Los 9 significados del verbo ir en alem\u00e1n &quot;gehen&quot;\" \/>\n<meta property=\"og:description\" content=\"Como utilizar correctamente el verbo ir &quot;gehen&quot; en alem\u00e1n. Los 9 significados del verbo ir en alem\u00e1n &quot;gehen&quot;. Formas de utilizar.\" \/>\n<meta property=\"og:url\" content=\"https:\/\/www.sprachschule-aktiv-muenchen.de\/es\/los-9-significados-del-verbo-ir-en-aleman\/\" \/>\n<meta property=\"og:site_name\" content=\"Sprachschule Aktiv\" \/>\n<meta property=\"article:published_time\" content=\"2018-12-07T03:35:51+00:00\" \/>\n<meta property=\"article:modified_time\" content=\"2020-12-25T07:24:27+00:00\" \/>\n<meta property=\"og:image\" content=\"https:\/\/www.sprachschule-aktiv-muenchen.de\/wp-content\/uploads\/2018\/12\/nueve-definiciones-del-verbo-ir-en-aleman.jpg\" \/>\n\t<meta property=\"og:image:width\" content=\"723\" \/>\n\t<meta property=\"og:image:height\" content=\"479\" \/>\n\t<meta property=\"og:image:type\" content=\"image\/jpeg\" \/>\n<meta name=\"author\" content=\"Martin Polo\" \/>\n<meta name=\"twitter:card\" content=\"summary_large_image\" \/>\n<meta name=\"twitter:label1\" content=\"Escrito por\" \/>\n\t<meta name=\"twitter:data1\" content=\"Martin Polo\" \/>\n\t<meta name=\"twitter:label2\" content=\"Tiempo de lectura\" \/>\n\t<meta name=\"twitter:data2\" content=\"2 minutos\" \/>\n<script type=\"application\/ld+json\" class=\"yoast-schema-graph\">{\"@context\":\"https:\/\/schema.org\",\"@graph\":[{\"@type\":\"Article\",\"@id\":\"https:\/\/www.sprachschule-aktiv-muenchen.de\/es\/los-9-significados-del-verbo-ir-en-aleman\/#article\",\"isPartOf\":{\"@id\":\"https:\/\/www.sprachschule-aktiv-muenchen.de\/es\/los-9-significados-del-verbo-ir-en-aleman\/\"},\"author\":{\"name\":\"Martin Polo\",\"@id\":\"https:\/\/www.sprachschule-aktiv-muenchen.de\/#\/schema\/person\/a74a6322db9745fd586f7e97f1ee5724\"},\"headline\":\"Los 9 significados del verbo ir en alem\u00e1n\",\"datePublished\":\"2018-12-07T03:35:51+00:00\",\"dateModified\":\"2020-12-25T07:24:27+00:00\",\"mainEntityOfPage\":{\"@id\":\"https:\/\/www.sprachschule-aktiv-muenchen.de\/es\/los-9-significados-del-verbo-ir-en-aleman\/\"},\"wordCount\":352,\"commentCount\":0,\"image\":{\"@id\":\"https:\/\/www.sprachschule-aktiv-muenchen.de\/es\/los-9-significados-del-verbo-ir-en-aleman\/#primaryimage\"},\"thumbnailUrl\":\"https:\/\/www.sprachschule-aktiv-muenchen.de\/wp-content\/uploads\/2018\/12\/nueve-definiciones-del-verbo-ir-en-aleman.jpg\",\"articleSection\":[\"Aprender alem\u00e1n gratis\"],\"inLanguage\":\"es\"},{\"@type\":\"WebPage\",\"@id\":\"https:\/\/www.sprachschule-aktiv-muenchen.de\/es\/los-9-significados-del-verbo-ir-en-aleman\/\",\"url\":\"https:\/\/www.sprachschule-aktiv-muenchen.de\/es\/los-9-significados-del-verbo-ir-en-aleman\/\",\"name\":\"Los 9 significados del verbo ir en alem\u00e1n \\\"gehen\\\"\",\"isPartOf\":{\"@id\":\"https:\/\/www.sprachschule-aktiv-muenchen.de\/#website\"},\"primaryImageOfPage\":{\"@id\":\"https:\/\/www.sprachschule-aktiv-muenchen.de\/es\/los-9-significados-del-verbo-ir-en-aleman\/#primaryimage\"},\"image\":{\"@id\":\"https:\/\/www.sprachschule-aktiv-muenchen.de\/es\/los-9-significados-del-verbo-ir-en-aleman\/#primaryimage\"},\"thumbnailUrl\":\"https:\/\/www.sprachschule-aktiv-muenchen.de\/wp-content\/uploads\/2018\/12\/nueve-definiciones-del-verbo-ir-en-aleman.jpg\",\"datePublished\":\"2018-12-07T03:35:51+00:00\",\"dateModified\":\"2020-12-25T07:24:27+00:00\",\"author\":{\"@id\":\"https:\/\/www.sprachschule-aktiv-muenchen.de\/#\/schema\/person\/a74a6322db9745fd586f7e97f1ee5724\"},\"description\":\"Como utilizar correctamente el verbo ir \\\"gehen\\\" en alem\u00e1n. Los 9 significados del verbo ir en alem\u00e1n \\\"gehen\\\". Formas de utilizar.\",\"breadcrumb\":{\"@id\":\"https:\/\/www.sprachschule-aktiv-muenchen.de\/es\/los-9-significados-del-verbo-ir-en-aleman\/#breadcrumb\"},\"inLanguage\":\"es\",\"potentialAction\":[{\"@type\":\"ReadAction\",\"target\":[\"https:\/\/www.sprachschule-aktiv-muenchen.de\/es\/los-9-significados-del-verbo-ir-en-aleman\/\"]}]},{\"@type\":\"ImageObject\",\"inLanguage\":\"es\",\"@id\":\"https:\/\/www.sprachschule-aktiv-muenchen.de\/es\/los-9-significados-del-verbo-ir-en-aleman\/#primaryimage\",\"url\":\"https:\/\/www.sprachschule-aktiv-muenchen.de\/wp-content\/uploads\/2018\/12\/nueve-definiciones-del-verbo-ir-en-aleman.jpg\",\"contentUrl\":\"https:\/\/www.sprachschule-aktiv-muenchen.de\/wp-content\/uploads\/2018\/12\/nueve-definiciones-del-verbo-ir-en-aleman.jpg\",\"width\":723,\"height\":479,\"caption\":\"9 definiciones del verbo ir \\\"gehen\\\" en alem\u00e1n\"},{\"@type\":\"BreadcrumbList\",\"@id\":\"https:\/\/www.sprachschule-aktiv-muenchen.de\/es\/los-9-significados-del-verbo-ir-en-aleman\/#breadcrumb\",\"itemListElement\":[{\"@type\":\"ListItem\",\"position\":1,\"name\":\"Portada\",\"item\":\"https:\/\/www.sprachschule-aktiv-muenchen.de\/es\/\"},{\"@type\":\"ListItem\",\"position\":2,\"name\":\"Los 9 significados del verbo ir en alem\u00e1n\"}]},{\"@type\":\"WebSite\",\"@id\":\"https:\/\/www.sprachschule-aktiv-muenchen.de\/#website\",\"url\":\"https:\/\/www.sprachschule-aktiv-muenchen.de\/\",\"name\":\"Sprachschule Aktiv\",\"description\":\"\",\"potentialAction\":[{\"@type\":\"SearchAction\",\"target\":{\"@type\":\"EntryPoint\",\"urlTemplate\":\"https:\/\/www.sprachschule-aktiv-muenchen.de\/?s={search_term_string}\"},\"query-input\":{\"@type\":\"PropertyValueSpecification\",\"valueRequired\":true,\"valueName\":\"search_term_string\"}}],\"inLanguage\":\"es\"},{\"@type\":\"Person\",\"@id\":\"https:\/\/www.sprachschule-aktiv-muenchen.de\/#\/schema\/person\/a74a6322db9745fd586f7e97f1ee5724\",\"name\":\"Martin Polo\",\"image\":{\"@type\":\"ImageObject\",\"inLanguage\":\"es\",\"@id\":\"https:\/\/www.sprachschule-aktiv-muenchen.de\/#\/schema\/person\/image\/\",\"url\":\"https:\/\/secure.gravatar.com\/avatar\/2cbe6176b6be8b122284c50d9e7a11af9502529eae284fd73534defd313e4152?s=96&d=mm&r=g\",\"contentUrl\":\"https:\/\/secure.gravatar.com\/avatar\/2cbe6176b6be8b122284c50d9e7a11af9502529eae284fd73534defd313e4152?s=96&d=mm&r=g\",\"caption\":\"Martin Polo\"}}]}<\/script>\n<!-- \/ Yoast SEO plugin. -->","yoast_head_json":{"title":"Los 9 significados del verbo ir en alem\u00e1n \"gehen\"","description":"Como utilizar correctamente el verbo ir \"gehen\" en alem\u00e1n. Los 9 significados del verbo ir en alem\u00e1n \"gehen\". Formas de utilizar.","robots":{"index":"index","follow":"follow","max-snippet":"max-snippet:-1","max-image-preview":"max-image-preview:large","max-video-preview":"max-video-preview:-1"},"canonical":"https:\/\/www.sprachschule-aktiv-muenchen.de\/es\/los-9-significados-del-verbo-ir-en-aleman\/","og_locale":"es_ES","og_type":"article","og_title":"Los 9 significados del verbo ir en alem\u00e1n \"gehen\"","og_description":"Como utilizar correctamente el verbo ir \"gehen\" en alem\u00e1n. Los 9 significados del verbo ir en alem\u00e1n \"gehen\". Formas de utilizar.","og_url":"https:\/\/www.sprachschule-aktiv-muenchen.de\/es\/los-9-significados-del-verbo-ir-en-aleman\/","og_site_name":"Sprachschule Aktiv","article_published_time":"2018-12-07T03:35:51+00:00","article_modified_time":"2020-12-25T07:24:27+00:00","og_image":[{"width":723,"height":479,"url":"https:\/\/www.sprachschule-aktiv-muenchen.de\/wp-content\/uploads\/2018\/12\/nueve-definiciones-del-verbo-ir-en-aleman.jpg","type":"image\/jpeg"}],"author":"Martin Polo","twitter_card":"summary_large_image","twitter_misc":{"Escrito por":"Martin Polo","Tiempo de lectura":"2 minutos"},"schema":{"@context":"https:\/\/schema.org","@graph":[{"@type":"Article","@id":"https:\/\/www.sprachschule-aktiv-muenchen.de\/es\/los-9-significados-del-verbo-ir-en-aleman\/#article","isPartOf":{"@id":"https:\/\/www.sprachschule-aktiv-muenchen.de\/es\/los-9-significados-del-verbo-ir-en-aleman\/"},"author":{"name":"Martin Polo","@id":"https:\/\/www.sprachschule-aktiv-muenchen.de\/#\/schema\/person\/a74a6322db9745fd586f7e97f1ee5724"},"headline":"Los 9 significados del verbo ir en alem\u00e1n","datePublished":"2018-12-07T03:35:51+00:00","dateModified":"2020-12-25T07:24:27+00:00","mainEntityOfPage":{"@id":"https:\/\/www.sprachschule-aktiv-muenchen.de\/es\/los-9-significados-del-verbo-ir-en-aleman\/"},"wordCount":352,"commentCount":0,"image":{"@id":"https:\/\/www.sprachschule-aktiv-muenchen.de\/es\/los-9-significados-del-verbo-ir-en-aleman\/#primaryimage"},"thumbnailUrl":"https:\/\/www.sprachschule-aktiv-muenchen.de\/wp-content\/uploads\/2018\/12\/nueve-definiciones-del-verbo-ir-en-aleman.jpg","articleSection":["Aprender alem\u00e1n gratis"],"inLanguage":"es"},{"@type":"WebPage","@id":"https:\/\/www.sprachschule-aktiv-muenchen.de\/es\/los-9-significados-del-verbo-ir-en-aleman\/","url":"https:\/\/www.sprachschule-aktiv-muenchen.de\/es\/los-9-significados-del-verbo-ir-en-aleman\/","name":"Los 9 significados del verbo ir en alem\u00e1n \"gehen\"","isPartOf":{"@id":"https:\/\/www.sprachschule-aktiv-muenchen.de\/#website"},"primaryImageOfPage":{"@id":"https:\/\/www.sprachschule-aktiv-muenchen.de\/es\/los-9-significados-del-verbo-ir-en-aleman\/#primaryimage"},"image":{"@id":"https:\/\/www.sprachschule-aktiv-muenchen.de\/es\/los-9-significados-del-verbo-ir-en-aleman\/#primaryimage"},"thumbnailUrl":"https:\/\/www.sprachschule-aktiv-muenchen.de\/wp-content\/uploads\/2018\/12\/nueve-definiciones-del-verbo-ir-en-aleman.jpg","datePublished":"2018-12-07T03:35:51+00:00","dateModified":"2020-12-25T07:24:27+00:00","author":{"@id":"https:\/\/www.sprachschule-aktiv-muenchen.de\/#\/schema\/person\/a74a6322db9745fd586f7e97f1ee5724"},"description":"Como utilizar correctamente el verbo ir \"gehen\" en alem\u00e1n. Los 9 significados del verbo ir en alem\u00e1n \"gehen\". Formas de utilizar.","breadcrumb":{"@id":"https:\/\/www.sprachschule-aktiv-muenchen.de\/es\/los-9-significados-del-verbo-ir-en-aleman\/#breadcrumb"},"inLanguage":"es","potentialAction":[{"@type":"ReadAction","target":["https:\/\/www.sprachschule-aktiv-muenchen.de\/es\/los-9-significados-del-verbo-ir-en-aleman\/"]}]},{"@type":"ImageObject","inLanguage":"es","@id":"https:\/\/www.sprachschule-aktiv-muenchen.de\/es\/los-9-significados-del-verbo-ir-en-aleman\/#primaryimage","url":"https:\/\/www.sprachschule-aktiv-muenchen.de\/wp-content\/uploads\/2018\/12\/nueve-definiciones-del-verbo-ir-en-aleman.jpg","contentUrl":"https:\/\/www.sprachschule-aktiv-muenchen.de\/wp-content\/uploads\/2018\/12\/nueve-definiciones-del-verbo-ir-en-aleman.jpg","width":723,"height":479,"caption":"9 definiciones del verbo ir \"gehen\" en alem\u00e1n"},{"@type":"BreadcrumbList","@id":"https:\/\/www.sprachschule-aktiv-muenchen.de\/es\/los-9-significados-del-verbo-ir-en-aleman\/#breadcrumb","itemListElement":[{"@type":"ListItem","position":1,"name":"Portada","item":"https:\/\/www.sprachschule-aktiv-muenchen.de\/es\/"},{"@type":"ListItem","position":2,"name":"Los 9 significados del verbo ir en alem\u00e1n"}]},{"@type":"WebSite","@id":"https:\/\/www.sprachschule-aktiv-muenchen.de\/#website","url":"https:\/\/www.sprachschule-aktiv-muenchen.de\/","name":"Sprachschule Aktiv","description":"","potentialAction":[{"@type":"SearchAction","target":{"@type":"EntryPoint","urlTemplate":"https:\/\/www.sprachschule-aktiv-muenchen.de\/?s={search_term_string}"},"query-input":{"@type":"PropertyValueSpecification","valueRequired":true,"valueName":"search_term_string"}}],"inLanguage":"es"},{"@type":"Person","@id":"https:\/\/www.sprachschule-aktiv-muenchen.de\/#\/schema\/person\/a74a6322db9745fd586f7e97f1ee5724","name":"Martin Polo","image":{"@type":"ImageObject","inLanguage":"es","@id":"https:\/\/www.sprachschule-aktiv-muenchen.de\/#\/schema\/person\/image\/","url":"https:\/\/secure.gravatar.com\/avatar\/2cbe6176b6be8b122284c50d9e7a11af9502529eae284fd73534defd313e4152?s=96&d=mm&r=g","contentUrl":"https:\/\/secure.gravatar.com\/avatar\/2cbe6176b6be8b122284c50d9e7a11af9502529eae284fd73534defd313e4152?s=96&d=mm&r=g","caption":"Martin Polo"}}]}},"_links":{"self":[{"href":"https:\/\/www.sprachschule-aktiv-muenchen.de\/es\/wp-json\/wp\/v2\/posts\/47843","targetHints":{"allow":["GET"]}}],"collection":[{"href":"https:\/\/www.sprachschule-aktiv-muenchen.de\/es\/wp-json\/wp\/v2\/posts"}],"about":[{"href":"https:\/\/www.sprachschule-aktiv-muenchen.de\/es\/wp-json\/wp\/v2\/types\/post"}],"author":[{"embeddable":true,"href":"https:\/\/www.sprachschule-aktiv-muenchen.de\/es\/wp-json\/wp\/v2\/users\/2"}],"replies":[{"embeddable":true,"href":"https:\/\/www.sprachschule-aktiv-muenchen.de\/es\/wp-json\/wp\/v2\/comments?post=47843"}],"version-history":[{"count":2,"href":"https:\/\/www.sprachschule-aktiv-muenchen.de\/es\/wp-json\/wp\/v2\/posts\/47843\/revisions"}],"predecessor-version":[{"id":53130,"href":"https:\/\/www.sprachschule-aktiv-muenchen.de\/es\/wp-json\/wp\/v2\/posts\/47843\/revisions\/53130"}],"wp:featuredmedia":[{"embeddable":true,"href":"https:\/\/www.sprachschule-aktiv-muenchen.de\/es\/wp-json\/wp\/v2\/media\/47844"}],"wp:attachment":[{"href":"https:\/\/www.sprachschule-aktiv-muenchen.de\/es\/wp-json\/wp\/v2\/media?parent=47843"}],"wp:term":[{"taxonomy":"category","embeddable":true,"href":"https:\/\/www.sprachschule-aktiv-muenchen.de\/es\/wp-json\/wp\/v2\/categories?post=47843"},{"taxonomy":"post_tag","embeddable":true,"href":"https:\/\/www.sprachschule-aktiv-muenchen.de\/es\/wp-json\/wp\/v2\/tags?post=47843"}],"curies":[{"name":"wp","href":"https:\/\/api.w.org\/{rel}","templated":true}]}}