{"id":44070,"date":"2018-03-12T09:16:08","date_gmt":"2018-03-12T08:16:08","guid":{"rendered":"https:\/\/www.sprachschule-aktiv-muenchen.de\/?p=44070"},"modified":"2022-01-06T07:19:31","modified_gmt":"2022-01-06T06:19:31","slug":"el-plural-en-aleman","status":"publish","type":"post","link":"https:\/\/www.sprachschule-aktiv-muenchen.de\/es\/el-plural-en-aleman\/","title":{"rendered":"El plural en alem\u00e1n"},"content":{"rendered":"<h1>El plural en alem\u00e1n \u2013 Reglas para las construcciones del plural<\/h1>\n<h2>Plural en alem\u00e1n &#8211; Funciones<\/h2>\n<p>En alem\u00e1n no hay un plural en general sino cinco formas del plural. La pregunta que hay que hacerse es \u00bfcuando se utiliza cada forma?<\/p>\n<p>En las construcciones del plural no hay ninguna regal. Una buena idea ser\u00eda que se aprenda la forma del plural al mismo tiempo que la del singular. Adem\u00e1s, tambi\u00e9n se puede observar el final de las palabras para adivinar la terminaci\u00f3n del plural, pero hay muchas excepciones.<\/p>\n<p>Lo que s\u00ed es cierto es que todos los sustantivos tienen un art\u00edculo determinado en plural, el cual es <strong>\u201edie\u201c. <\/strong><\/p>\n<h2>El plural en alem\u00e1n &#8211; Formas<\/h2>\n<p>En las formas m\u00e1s comunes del plural se a\u00f1ade \u2013e o\u2013(e)n al sustantivo en singular. Algunos sustantivos se construyen en plural con una di\u00e9resis (\u00e4\/\u00f6\/\u00fc).<\/p>\n<h2><strong>Formas del plural terminadas en \u2013e<\/strong><\/h2>\n<p>Se utiliza para la mayor\u00eda de sustantivos masculinos y neutros, por ejemplo, der Tag \u2013 die Tage, der Beruf \u2013 die Berufe, der Schuh \u2013 die Schuhe, das Jahr \u2013 die Jahre, das Heft \u2013 die Hefte, das Regal \u2013 die Regale, etc.<\/p>\n<p>Los sustantivos masculinos tienen a menudo una di\u00e9resis, por ejemplo, der Ball \u2013 die B\u00e4lle, der Stuhl \u2013 die St\u00fchle, der Korb \u2013 die K\u00f6rbe, etc.<\/p>\n<p>Los sustantivos femeninos tambi\u00e9n tienen esta terminaci\u00f3n. Tienen adem\u00e1s siempre una di\u00e9resis, por ejemplo, die Kuh \u2013 die K\u00fche, die Nacht \u2013 die N\u00e4chte, die Gans \u2013 die G\u00e4nse, etc.<\/p>\n<a href=\"https:\/\/www.sprachschule-aktiv-muenchen.de\/es\/cursos-intensivos-de-aleman-en-munich\/\"><img decoding=\"async\" class=\"aligncenter size-full wp-image-66395\" src=\"https:\/\/www.sprachschule-aktiv-muenchen.de\/wp-content\/uploads\/2021\/06\/especial-oferta-aprender-aleman-munich.jpg\" alt=\"Cursos de alem\u00e1n en M\u00fanich \u2013 Aprender alem\u00e1n \u2013 Escuela de alem\u00e1n \u2013 Academia alemana\" width=\"604\" height=\"356\" srcset=\"https:\/\/www.sprachschule-aktiv-muenchen.de\/wp-content\/uploads\/2021\/06\/especial-oferta-aprender-aleman-munich.jpg 604w, https:\/\/www.sprachschule-aktiv-muenchen.de\/wp-content\/uploads\/2021\/06\/especial-oferta-aprender-aleman-munich-300x177.jpg 300w, https:\/\/www.sprachschule-aktiv-muenchen.de\/wp-content\/uploads\/2021\/06\/especial-oferta-aprender-aleman-munich-124x74.jpg 124w\" sizes=\"(max-width: 604px) 100vw, 604px\" \/><\/a>\n<h2><strong>Formas del plural terminadas en \u2013(e)n<\/strong><\/h2>\n<p>Se utiliza para la mayor\u00eda de sustantivos femeninos, por ejemplo, \u00a0die Frau \u2013 die Frauen, die Lampe \u2013 die Lampen, die Tasche \u2013 die Taschen, etc.<\/p>\n<p>Todos los sustantivos masculinos terminan en \u2013n, por ejemplo, der Junge \u2013 die Jungen, der L\u00f6we \u2013 die L\u00f6wen, der Name \u2013 die Namen, etc.<\/p>\n<p>Muchas palabras extranjeras, por ejemplo, die Universit\u00e4t \u2013 die Universit\u00e4ten, das Museum \u2013 die Museen, das Thema \u2013 die Themen, etc.<\/p>\n<p>Algunos sustantivos neutros utilizan esta forma en plural, por ejemplo, das Auge \u2013 die Augen, das Ohr \u2013 die Ohren, das Bett \u2013 die Betten, etc.<\/p>\n<p>En la mayor\u00eda de estos casos se construye el plural sin di\u00e9resis.<\/p>\n<h2><strong>Forma del plural con otras terminaciones<\/strong><\/h2>\n<p>Sustantivos masculinos que terminan en \u00a0\u2013er, -en, -el enden, z.B. der Computer \u2013 die Computer, der Spaten \u2013 die Spaten, der L\u00f6ffel \u2013 die L\u00f6ffel, etc.<\/p>\n<p>Algunos sustantivos masculinos se construyen con di\u00e9resis, por ejemplo, der Apfel \u2013 die \u00c4pfel, der Vogel \u2013 die V\u00f6gel, der Garten \u2013 die G\u00e4rten, etc.<\/p>\n<p>Sustantivos neutros que terminan en \u2013chen und \u2013lein enden, z.B. das Zeichen \u2013 die Zeichen, das M\u00e4dchen \u2013 die M\u00e4dchen, das Kindlein \u2013 die Kindlein, etc.<\/p>\n<h2><strong>Formas del plural que terminan en \u2013er<\/strong><\/h2>\n<p>La mayor\u00eda de sustantivos neutros y algunos masculinos se construyen en plural con la terminaci\u00f3n \u2013er, por ejemplo, \u00a0das Bild \u2013 die Bilder, das Lied \u2013 die Lieder, der Geist \u2013 die Geister, etc.<\/p>\n<p>Adem\u00e1s, la mayor\u00eda de sustantivos en plural en este caso tienen di\u00e9resis, por ejemplo, das Buch \u2013 die B\u00fccher, der Mann \u2013 die M\u00e4nner, der Wald \u2013 die W\u00e4lder, etc.<\/p>\n<h2><strong>Formas del plural que terminan en \u2013s<\/strong><\/h2>\n<p>La mayor\u00eda de sustantivos que terminan en \u00a0\u2013a, -i o \u2013o, excepto las abreviaciones y palabras extranjeras francesas o inglesas, por ejemplo, das Foto \u2013 die Fotos, die CD \u2013 die CDs, das Restaurant \u2013 die Restaurants, etc.<\/p>\n<p><strong>Advertencia:<\/strong><\/p>\n<p>La mayor\u00eda de sustantivos se pueden utilizar en singular y en plural, pero hay algunas que se pueden utilizar solo en singular o plural.<\/p>\n<p>Algunos ejemplos de los sustantivos que se utilizan solo en singular son: das Wasser, die Milch, das Geld, die Zeit, das Gl\u00fcck, das Pech, das Alter, das Obst, das Gem\u00fcse, die Musik, etc.<\/p>\n<p>Algunos ejemplos de los sustantivos que se utilizan solo en plural son: die Eltern, die Leute, die Lebensmittel, die Ferien, die Geschwister, die Schreibwaren, die Spielwaren, etc.<\/p>\n<p><span class=\"tlid-translation translation\" lang=\"es\"><span class=\"\" title=\"\">Esperamos que te haya gustado nuestra entrada<\/span><\/span>: El plural en alem\u00e1n \u2013 Reglas para las construcciones del plural, funciones y formas.<\/p>\n<h3><strong>Otros art\u00edculos interesantes<\/strong><\/h3>\n<ul>\n<li><a href=\"https:\/\/www.sprachschule-aktiv-muenchen.de\/es\/el-genitivo-en-aleman-aprender-aleman-gratis\/\">El Genitivo en alem\u00e1n<\/a><\/li>\n<li><a href=\"https:\/\/www.sprachschule-aktiv-muenchen.de\/es\/guia-para-vivir-y-trabajar-en-alemania\/\">Gu\u00eda para vivir en Alemania<\/a><\/li>\n<\/ul>\n","protected":false},"excerpt":{"rendered":"<p>El plural en alem\u00e1n \u2013 Reglas para las construcciones del plural Plural en alem\u00e1n &#8211; Funciones En alem\u00e1n no hay un plural en general sino cinco formas del plural. La pregunta que hay que hacerse es \u00bfcuando se utiliza cada forma? En las construcciones del plural no hay ninguna regal. Una buena idea ser\u00eda que [&hellip;]<\/p>\n","protected":false},"author":2,"featured_media":44071,"comment_status":"open","ping_status":"open","sticky":false,"template":"","format":"standard","meta":{"footnotes":""},"categories":[45],"tags":[],"class_list":["post-44070","post","type-post","status-publish","format-standard","has-post-thumbnail","hentry","category-aprender-aleman-gratis"],"yoast_head":"<!-- This site is optimized with the Yoast SEO plugin v27.1.1 - https:\/\/yoast.com\/product\/yoast-seo-wordpress\/ -->\n<title>El plural en alem\u00e1n - Reglas y funciones<\/title>\n<meta name=\"description\" content=\"El plural en alem\u00e1n \u2013 Reglas para las construcciones del plural. En este curso aprender\u00e1s como utilizar correctamente el plural en alem\u00e1n.\" \/>\n<meta name=\"robots\" content=\"index, follow, max-snippet:-1, max-image-preview:large, max-video-preview:-1\" \/>\n<link rel=\"canonical\" href=\"https:\/\/www.sprachschule-aktiv-muenchen.de\/es\/el-plural-en-aleman\/\" \/>\n<meta property=\"og:locale\" content=\"es_ES\" \/>\n<meta property=\"og:type\" content=\"article\" \/>\n<meta property=\"og:title\" content=\"El plural en alem\u00e1n - Reglas y funciones\" \/>\n<meta property=\"og:description\" content=\"El plural en alem\u00e1n \u2013 Reglas para las construcciones del plural. En este curso aprender\u00e1s como utilizar correctamente el plural en alem\u00e1n.\" \/>\n<meta property=\"og:url\" content=\"https:\/\/www.sprachschule-aktiv-muenchen.de\/es\/el-plural-en-aleman\/\" \/>\n<meta property=\"og:site_name\" content=\"Sprachschule Aktiv\" \/>\n<meta property=\"article:published_time\" content=\"2018-03-12T08:16:08+00:00\" \/>\n<meta property=\"article:modified_time\" content=\"2022-01-06T06:19:31+00:00\" \/>\n<meta property=\"og:image\" content=\"https:\/\/www.sprachschule-aktiv-muenchen.de\/wp-content\/uploads\/2018\/03\/el-plural-en-aleman.jpg\" \/>\n\t<meta property=\"og:image:width\" content=\"344\" \/>\n\t<meta property=\"og:image:height\" content=\"230\" \/>\n\t<meta property=\"og:image:type\" content=\"image\/jpeg\" \/>\n<meta name=\"author\" content=\"Martin Polo\" \/>\n<meta name=\"twitter:card\" content=\"summary_large_image\" \/>\n<meta name=\"twitter:label1\" content=\"Escrito por\" \/>\n\t<meta name=\"twitter:data1\" content=\"Martin Polo\" \/>\n\t<meta name=\"twitter:label2\" content=\"Tiempo de lectura\" \/>\n\t<meta name=\"twitter:data2\" content=\"3 minutos\" \/>\n<script type=\"application\/ld+json\" class=\"yoast-schema-graph\">{\"@context\":\"https:\/\/schema.org\",\"@graph\":[{\"@type\":\"Article\",\"@id\":\"https:\/\/www.sprachschule-aktiv-muenchen.de\/es\/el-plural-en-aleman\/#article\",\"isPartOf\":{\"@id\":\"https:\/\/www.sprachschule-aktiv-muenchen.de\/es\/el-plural-en-aleman\/\"},\"author\":{\"name\":\"Martin Polo\",\"@id\":\"https:\/\/www.sprachschule-aktiv-muenchen.de\/#\/schema\/person\/a74a6322db9745fd586f7e97f1ee5724\"},\"headline\":\"El plural en alem\u00e1n\",\"datePublished\":\"2018-03-12T08:16:08+00:00\",\"dateModified\":\"2022-01-06T06:19:31+00:00\",\"mainEntityOfPage\":{\"@id\":\"https:\/\/www.sprachschule-aktiv-muenchen.de\/es\/el-plural-en-aleman\/\"},\"wordCount\":696,\"commentCount\":0,\"image\":{\"@id\":\"https:\/\/www.sprachschule-aktiv-muenchen.de\/es\/el-plural-en-aleman\/#primaryimage\"},\"thumbnailUrl\":\"https:\/\/www.sprachschule-aktiv-muenchen.de\/wp-content\/uploads\/2018\/03\/el-plural-en-aleman.jpg\",\"articleSection\":[\"Aprender alem\u00e1n gratis\"],\"inLanguage\":\"es\"},{\"@type\":\"WebPage\",\"@id\":\"https:\/\/www.sprachschule-aktiv-muenchen.de\/es\/el-plural-en-aleman\/\",\"url\":\"https:\/\/www.sprachschule-aktiv-muenchen.de\/es\/el-plural-en-aleman\/\",\"name\":\"El plural en alem\u00e1n - Reglas y funciones\",\"isPartOf\":{\"@id\":\"https:\/\/www.sprachschule-aktiv-muenchen.de\/#website\"},\"primaryImageOfPage\":{\"@id\":\"https:\/\/www.sprachschule-aktiv-muenchen.de\/es\/el-plural-en-aleman\/#primaryimage\"},\"image\":{\"@id\":\"https:\/\/www.sprachschule-aktiv-muenchen.de\/es\/el-plural-en-aleman\/#primaryimage\"},\"thumbnailUrl\":\"https:\/\/www.sprachschule-aktiv-muenchen.de\/wp-content\/uploads\/2018\/03\/el-plural-en-aleman.jpg\",\"datePublished\":\"2018-03-12T08:16:08+00:00\",\"dateModified\":\"2022-01-06T06:19:31+00:00\",\"author\":{\"@id\":\"https:\/\/www.sprachschule-aktiv-muenchen.de\/#\/schema\/person\/a74a6322db9745fd586f7e97f1ee5724\"},\"description\":\"El plural en alem\u00e1n \u2013 Reglas para las construcciones del plural. En este curso aprender\u00e1s como utilizar correctamente el plural en alem\u00e1n.\",\"breadcrumb\":{\"@id\":\"https:\/\/www.sprachschule-aktiv-muenchen.de\/es\/el-plural-en-aleman\/#breadcrumb\"},\"inLanguage\":\"es\",\"potentialAction\":[{\"@type\":\"ReadAction\",\"target\":[\"https:\/\/www.sprachschule-aktiv-muenchen.de\/es\/el-plural-en-aleman\/\"]}]},{\"@type\":\"ImageObject\",\"inLanguage\":\"es\",\"@id\":\"https:\/\/www.sprachschule-aktiv-muenchen.de\/es\/el-plural-en-aleman\/#primaryimage\",\"url\":\"https:\/\/www.sprachschule-aktiv-muenchen.de\/wp-content\/uploads\/2018\/03\/el-plural-en-aleman.jpg\",\"contentUrl\":\"https:\/\/www.sprachschule-aktiv-muenchen.de\/wp-content\/uploads\/2018\/03\/el-plural-en-aleman.jpg\",\"width\":\"344\",\"height\":\"230\",\"caption\":\"El Plural en alem\u00e1n\"},{\"@type\":\"BreadcrumbList\",\"@id\":\"https:\/\/www.sprachschule-aktiv-muenchen.de\/es\/el-plural-en-aleman\/#breadcrumb\",\"itemListElement\":[{\"@type\":\"ListItem\",\"position\":1,\"name\":\"Portada\",\"item\":\"https:\/\/www.sprachschule-aktiv-muenchen.de\/es\/\"},{\"@type\":\"ListItem\",\"position\":2,\"name\":\"El plural en alem\u00e1n\"}]},{\"@type\":\"WebSite\",\"@id\":\"https:\/\/www.sprachschule-aktiv-muenchen.de\/#website\",\"url\":\"https:\/\/www.sprachschule-aktiv-muenchen.de\/\",\"name\":\"Sprachschule Aktiv\",\"description\":\"\",\"potentialAction\":[{\"@type\":\"SearchAction\",\"target\":{\"@type\":\"EntryPoint\",\"urlTemplate\":\"https:\/\/www.sprachschule-aktiv-muenchen.de\/?s={search_term_string}\"},\"query-input\":{\"@type\":\"PropertyValueSpecification\",\"valueRequired\":true,\"valueName\":\"search_term_string\"}}],\"inLanguage\":\"es\"},{\"@type\":\"Person\",\"@id\":\"https:\/\/www.sprachschule-aktiv-muenchen.de\/#\/schema\/person\/a74a6322db9745fd586f7e97f1ee5724\",\"name\":\"Martin Polo\",\"image\":{\"@type\":\"ImageObject\",\"inLanguage\":\"es\",\"@id\":\"https:\/\/www.sprachschule-aktiv-muenchen.de\/#\/schema\/person\/image\/\",\"url\":\"https:\/\/secure.gravatar.com\/avatar\/2cbe6176b6be8b122284c50d9e7a11af9502529eae284fd73534defd313e4152?s=96&d=mm&r=g\",\"contentUrl\":\"https:\/\/secure.gravatar.com\/avatar\/2cbe6176b6be8b122284c50d9e7a11af9502529eae284fd73534defd313e4152?s=96&d=mm&r=g\",\"caption\":\"Martin Polo\"}}]}<\/script>\n<!-- \/ Yoast SEO plugin. -->","yoast_head_json":{"title":"El plural en alem\u00e1n - Reglas y funciones","description":"El plural en alem\u00e1n \u2013 Reglas para las construcciones del plural. En este curso aprender\u00e1s como utilizar correctamente el plural en alem\u00e1n.","robots":{"index":"index","follow":"follow","max-snippet":"max-snippet:-1","max-image-preview":"max-image-preview:large","max-video-preview":"max-video-preview:-1"},"canonical":"https:\/\/www.sprachschule-aktiv-muenchen.de\/es\/el-plural-en-aleman\/","og_locale":"es_ES","og_type":"article","og_title":"El plural en alem\u00e1n - Reglas y funciones","og_description":"El plural en alem\u00e1n \u2013 Reglas para las construcciones del plural. En este curso aprender\u00e1s como utilizar correctamente el plural en alem\u00e1n.","og_url":"https:\/\/www.sprachschule-aktiv-muenchen.de\/es\/el-plural-en-aleman\/","og_site_name":"Sprachschule Aktiv","article_published_time":"2018-03-12T08:16:08+00:00","article_modified_time":"2022-01-06T06:19:31+00:00","og_image":[{"width":344,"height":230,"url":"https:\/\/www.sprachschule-aktiv-muenchen.de\/wp-content\/uploads\/2018\/03\/el-plural-en-aleman.jpg","type":"image\/jpeg"}],"author":"Martin Polo","twitter_card":"summary_large_image","twitter_misc":{"Escrito por":"Martin Polo","Tiempo de lectura":"3 minutos"},"schema":{"@context":"https:\/\/schema.org","@graph":[{"@type":"Article","@id":"https:\/\/www.sprachschule-aktiv-muenchen.de\/es\/el-plural-en-aleman\/#article","isPartOf":{"@id":"https:\/\/www.sprachschule-aktiv-muenchen.de\/es\/el-plural-en-aleman\/"},"author":{"name":"Martin Polo","@id":"https:\/\/www.sprachschule-aktiv-muenchen.de\/#\/schema\/person\/a74a6322db9745fd586f7e97f1ee5724"},"headline":"El plural en alem\u00e1n","datePublished":"2018-03-12T08:16:08+00:00","dateModified":"2022-01-06T06:19:31+00:00","mainEntityOfPage":{"@id":"https:\/\/www.sprachschule-aktiv-muenchen.de\/es\/el-plural-en-aleman\/"},"wordCount":696,"commentCount":0,"image":{"@id":"https:\/\/www.sprachschule-aktiv-muenchen.de\/es\/el-plural-en-aleman\/#primaryimage"},"thumbnailUrl":"https:\/\/www.sprachschule-aktiv-muenchen.de\/wp-content\/uploads\/2018\/03\/el-plural-en-aleman.jpg","articleSection":["Aprender alem\u00e1n gratis"],"inLanguage":"es"},{"@type":"WebPage","@id":"https:\/\/www.sprachschule-aktiv-muenchen.de\/es\/el-plural-en-aleman\/","url":"https:\/\/www.sprachschule-aktiv-muenchen.de\/es\/el-plural-en-aleman\/","name":"El plural en alem\u00e1n - Reglas y funciones","isPartOf":{"@id":"https:\/\/www.sprachschule-aktiv-muenchen.de\/#website"},"primaryImageOfPage":{"@id":"https:\/\/www.sprachschule-aktiv-muenchen.de\/es\/el-plural-en-aleman\/#primaryimage"},"image":{"@id":"https:\/\/www.sprachschule-aktiv-muenchen.de\/es\/el-plural-en-aleman\/#primaryimage"},"thumbnailUrl":"https:\/\/www.sprachschule-aktiv-muenchen.de\/wp-content\/uploads\/2018\/03\/el-plural-en-aleman.jpg","datePublished":"2018-03-12T08:16:08+00:00","dateModified":"2022-01-06T06:19:31+00:00","author":{"@id":"https:\/\/www.sprachschule-aktiv-muenchen.de\/#\/schema\/person\/a74a6322db9745fd586f7e97f1ee5724"},"description":"El plural en alem\u00e1n \u2013 Reglas para las construcciones del plural. En este curso aprender\u00e1s como utilizar correctamente el plural en alem\u00e1n.","breadcrumb":{"@id":"https:\/\/www.sprachschule-aktiv-muenchen.de\/es\/el-plural-en-aleman\/#breadcrumb"},"inLanguage":"es","potentialAction":[{"@type":"ReadAction","target":["https:\/\/www.sprachschule-aktiv-muenchen.de\/es\/el-plural-en-aleman\/"]}]},{"@type":"ImageObject","inLanguage":"es","@id":"https:\/\/www.sprachschule-aktiv-muenchen.de\/es\/el-plural-en-aleman\/#primaryimage","url":"https:\/\/www.sprachschule-aktiv-muenchen.de\/wp-content\/uploads\/2018\/03\/el-plural-en-aleman.jpg","contentUrl":"https:\/\/www.sprachschule-aktiv-muenchen.de\/wp-content\/uploads\/2018\/03\/el-plural-en-aleman.jpg","width":"344","height":"230","caption":"El Plural en alem\u00e1n"},{"@type":"BreadcrumbList","@id":"https:\/\/www.sprachschule-aktiv-muenchen.de\/es\/el-plural-en-aleman\/#breadcrumb","itemListElement":[{"@type":"ListItem","position":1,"name":"Portada","item":"https:\/\/www.sprachschule-aktiv-muenchen.de\/es\/"},{"@type":"ListItem","position":2,"name":"El plural en alem\u00e1n"}]},{"@type":"WebSite","@id":"https:\/\/www.sprachschule-aktiv-muenchen.de\/#website","url":"https:\/\/www.sprachschule-aktiv-muenchen.de\/","name":"Sprachschule Aktiv","description":"","potentialAction":[{"@type":"SearchAction","target":{"@type":"EntryPoint","urlTemplate":"https:\/\/www.sprachschule-aktiv-muenchen.de\/?s={search_term_string}"},"query-input":{"@type":"PropertyValueSpecification","valueRequired":true,"valueName":"search_term_string"}}],"inLanguage":"es"},{"@type":"Person","@id":"https:\/\/www.sprachschule-aktiv-muenchen.de\/#\/schema\/person\/a74a6322db9745fd586f7e97f1ee5724","name":"Martin Polo","image":{"@type":"ImageObject","inLanguage":"es","@id":"https:\/\/www.sprachschule-aktiv-muenchen.de\/#\/schema\/person\/image\/","url":"https:\/\/secure.gravatar.com\/avatar\/2cbe6176b6be8b122284c50d9e7a11af9502529eae284fd73534defd313e4152?s=96&d=mm&r=g","contentUrl":"https:\/\/secure.gravatar.com\/avatar\/2cbe6176b6be8b122284c50d9e7a11af9502529eae284fd73534defd313e4152?s=96&d=mm&r=g","caption":"Martin Polo"}}]}},"_links":{"self":[{"href":"https:\/\/www.sprachschule-aktiv-muenchen.de\/es\/wp-json\/wp\/v2\/posts\/44070","targetHints":{"allow":["GET"]}}],"collection":[{"href":"https:\/\/www.sprachschule-aktiv-muenchen.de\/es\/wp-json\/wp\/v2\/posts"}],"about":[{"href":"https:\/\/www.sprachschule-aktiv-muenchen.de\/es\/wp-json\/wp\/v2\/types\/post"}],"author":[{"embeddable":true,"href":"https:\/\/www.sprachschule-aktiv-muenchen.de\/es\/wp-json\/wp\/v2\/users\/2"}],"replies":[{"embeddable":true,"href":"https:\/\/www.sprachschule-aktiv-muenchen.de\/es\/wp-json\/wp\/v2\/comments?post=44070"}],"version-history":[{"count":2,"href":"https:\/\/www.sprachschule-aktiv-muenchen.de\/es\/wp-json\/wp\/v2\/posts\/44070\/revisions"}],"predecessor-version":[{"id":69028,"href":"https:\/\/www.sprachschule-aktiv-muenchen.de\/es\/wp-json\/wp\/v2\/posts\/44070\/revisions\/69028"}],"wp:featuredmedia":[{"embeddable":true,"href":"https:\/\/www.sprachschule-aktiv-muenchen.de\/es\/wp-json\/wp\/v2\/media\/44071"}],"wp:attachment":[{"href":"https:\/\/www.sprachschule-aktiv-muenchen.de\/es\/wp-json\/wp\/v2\/media?parent=44070"}],"wp:term":[{"taxonomy":"category","embeddable":true,"href":"https:\/\/www.sprachschule-aktiv-muenchen.de\/es\/wp-json\/wp\/v2\/categories?post=44070"},{"taxonomy":"post_tag","embeddable":true,"href":"https:\/\/www.sprachschule-aktiv-muenchen.de\/es\/wp-json\/wp\/v2\/tags?post=44070"}],"curies":[{"name":"wp","href":"https:\/\/api.w.org\/{rel}","templated":true}]}}