{"id":44045,"date":"2018-03-12T09:08:36","date_gmt":"2018-03-12T08:08:36","guid":{"rendered":"https:\/\/www.sprachschule-aktiv-muenchen.de\/?p=44045"},"modified":"2021-08-22T07:54:16","modified_gmt":"2021-08-22T05:54:16","slug":"el-genitivo-en-aleman-aprender-aleman-gratis","status":"publish","type":"post","link":"https:\/\/www.sprachschule-aktiv-muenchen.de\/es\/el-genitivo-en-aleman-aprender-aleman-gratis\/","title":{"rendered":"El genitivo en alem\u00e1n &#8211; Aprender alem\u00e1n gratis"},"content":{"rendered":"<h1><strong>El Genitivo en alem\u00e1n \u2013 Funciones, formas y excepciones\u00a0<\/strong><\/h1>\n<p>En este blog para aprender alem\u00e1n nos dedicaremos a explicarles sobre: El Genitivo en alem\u00e1n \u2013 Funciones, formas y excepciones \u2013 Aprender alem\u00e1n gratis<\/p>\n<h2>El genitivo en alem\u00e1n y sus funciones<\/h2>\n<p>En alem\u00e1n los diferentes elementos de la frase (sujeto, objeto, etc.) pueden estar en diferentes posiciones. Para que entandamos de quien se trata o de quien se habla hay 4 casos diferentes.<\/p>\n<p>El nominativo es el sujeto, es decir, el que realiza algo.<\/p>\n<p>El genitivo sirve para designar quien es el due\u00f1o o a quien pertenece algo.<\/p>\n<p>A menudo se utiliza la preposici\u00f3n \u201evon\u201c para expresar un nombre en dativo.<\/p>\n<p>La pregunta a la que responde el genitivo es \u201ewessen?\u201c(\u00bfde qui\u00e9n?).<\/p>\n<p><strong>Formas<\/strong><\/p>\n<p><strong>Art\u00edculos<\/strong><\/p>\n<p>El dativo y el acusativo se utilizan para caracterizar el objeto de la frase.<\/p>\n<table width=\"500\">\n<tbody>\n<tr>\n<td><\/td>\n<td>Art\u00edculo conocido<\/td>\n<td>Art\u00edculo desconocido<\/td>\n<td>Art\u00edculo negativo<\/p>\n<p>Art\u00edculo posesivo, etc<\/td>\n<\/tr>\n<tr>\n<td>masculino<\/td>\n<td>des Mannes<\/td>\n<td>eines Mannes<\/td>\n<td>keines Mannes<\/td>\n<\/tr>\n<tr>\n<td>feminino<\/td>\n<td>der Frau<\/td>\n<td>einer Frau<\/td>\n<td>keiner Frau<\/td>\n<\/tr>\n<tr>\n<td>neutro<\/td>\n<td>des Kindes<\/td>\n<td>eines Kindes<\/td>\n<td>keines Kindes<\/td>\n<\/tr>\n<tr>\n<td>Plural<\/td>\n<td>der Menschen<\/td>\n<td>Menschen<\/td>\n<td>keiner Menschen<\/td>\n<\/tr>\n<\/tbody>\n<\/table>\n<p>Los adjetivos se utilizan tambi\u00e9n en el genitivo. Los adjetivos tienen que corresponderse con el nombre. Hay nombres de tres tipos: con art\u00edculo conocido, con art\u00edculo desconocido y sin art\u00edculo.<\/p>\n<p>En genitivo cambia el sustantivo. Normalmente, en los casos de sustantivos en singular, tanto masculinos como neutros se les a\u00f1ade \u2013s o \u2013es. Las formas de sustantivos femeninos no cambian.<\/p>\n<p><strong>Sustantivos masculinos:<\/strong> der Vater \u2013 des Vaters<\/p>\n<p><strong>Sustantivos neutros: <\/strong>das Auto \u2013 des Autos<\/p>\n<p>Hay algunos sustantivos en masculino que en genitivo adquieren la terminaci\u00f3n \u2013n o \u2013en.<\/p>\n<p>maskuline Nomen, die auf \u2013e enden: der Affe \u2013 des Affen<\/p>\n<p><strong>Sustantivos masculinos que terminan en \u2013ent:<\/strong> der Pr\u00e4sident \u2013 des Pr\u00e4sidenten<\/p>\n<a href=\"https:\/\/www.sprachschule-aktiv-muenchen.de\/es\/cursos-intensivos-de-aleman-en-munich\/\"><img decoding=\"async\" class=\"aligncenter size-full wp-image-66395\" src=\"https:\/\/www.sprachschule-aktiv-muenchen.de\/wp-content\/uploads\/2021\/06\/especial-oferta-aprender-aleman-munich.jpg\" alt=\"Cursos de alem\u00e1n en M\u00fanich \u2013 Aprender alem\u00e1n \u2013 Escuela de alem\u00e1n \u2013 Academia alemana\" width=\"604\" height=\"356\" srcset=\"https:\/\/www.sprachschule-aktiv-muenchen.de\/wp-content\/uploads\/2021\/06\/especial-oferta-aprender-aleman-munich.jpg 604w, https:\/\/www.sprachschule-aktiv-muenchen.de\/wp-content\/uploads\/2021\/06\/especial-oferta-aprender-aleman-munich-300x177.jpg 300w, https:\/\/www.sprachschule-aktiv-muenchen.de\/wp-content\/uploads\/2021\/06\/especial-oferta-aprender-aleman-munich-124x74.jpg 124w\" sizes=\"(max-width: 604px) 100vw, 604px\" \/><\/a>\n<h2><strong>Pronombres posesivos en genitivo<\/strong><\/h2>\n<table width=\"500\">\n<tbody>\n<tr>\n<td><\/td>\n<td>masculino<\/td>\n<td>feminino<\/td>\n<td>neutro<\/td>\n<td>Plural<\/td>\n<\/tr>\n<tr>\n<td>1. Persona Sing.<\/td>\n<td>meines<\/td>\n<td>meiner<\/td>\n<td>meines<\/td>\n<td>meiner<\/td>\n<\/tr>\n<tr>\n<td>2. Persona Sing.<\/td>\n<td>deines<\/td>\n<td>deiner<\/td>\n<td>deines<\/td>\n<td>deiner<\/td>\n<\/tr>\n<tr>\n<td>3. Persona Sing.(m)<\/td>\n<td>seines<\/td>\n<td>seiner<\/td>\n<td>seines<\/td>\n<td>deiner<\/td>\n<\/tr>\n<tr>\n<td>3. Persona Sing.(f)<\/td>\n<td>ihres<\/td>\n<td>ihrer<\/td>\n<td>ihres<\/td>\n<td>ihrer<\/td>\n<\/tr>\n<tr>\n<td>3. Persona Sing.(n)<\/td>\n<td>seines<\/td>\n<td>seiner<\/td>\n<td>seines<\/td>\n<td>seiner<\/td>\n<\/tr>\n<tr>\n<td>1. Persona Pl.<\/td>\n<td>unseres<\/td>\n<td>unserer<\/td>\n<td>unseres<\/td>\n<td>unserer<\/td>\n<\/tr>\n<tr>\n<td>2. Persona Pl.<\/td>\n<td>eures<\/td>\n<td>eurer<\/td>\n<td>eures<\/td>\n<td>eurer<\/td>\n<\/tr>\n<tr>\n<td>3. Persona Pl.<\/td>\n<td>ihres\/Ihres<\/td>\n<td>ihrer\/Ihrer<\/td>\n<td>ihres\/Ihres<\/td>\n<td>ihrer\/Ihrer<\/td>\n<\/tr>\n<\/tbody>\n<\/table>\n<p><strong>Excepci\u00f3n<\/strong><\/p>\n<p>\u201e\u00bfCuando se utiliza el genitivo?\u201d. Para responder a esta pregunta tan com\u00fan le damos estos consejos:<\/p>\n<p><strong>Sujeto<\/strong><\/p>\n<p>Siempre que queramos expresar una pertenencia de una persona o de una cosa se utiliza el genitivo en el lenguaje escrito, por ejemplo:<\/p>\n<p>Ich mag den Hund meines Freundes. Me gusta el perro de mi amigo.<\/p>\n<p>Das Dach unseres Hauses ist kaputt. El tejado de nuestra casa est\u00e1 roto.<\/p>\n<p><strong>Verbos<\/strong><\/p>\n<p>En alem\u00e1n el verbo se corresponde con el caso, es decir, que hay verbos con los que siempre se utiliza el genitivo. No son muchos, por tanto, se pueden aprender f\u00e1cilmente de memoria. Verbos que necesitan un genitivo son, por ejemplo:<\/p>\n<p>einer Sache bed\u00fcrfen, sich einer Sache r\u00fchmen, jemanden einer Sache beschuldigen, einer Sache gedenken, sich einer Sache erinnern, jemanden einer Sache anklagen, etc.<\/p>\n<p><strong>Preposiciones<\/strong><\/p>\n<p>Hay preposiciones que arrastran detr\u00e1s de s\u00ed un genitivo. Estas son, por ejemplo:<\/p>\n<p>an Stelle, auf Grund, trotz, wegen, w\u00e4hrend, au\u00dferhalb, innerhalb, n\u00f6rdlich, s\u00fcdlich, rechts, links, etc.<\/p>\n<p><strong>Adjetivos<\/strong><\/p>\n<p>Algunos objetivos necesitan el genitivo para completar lo que quieren decir. En este caso vale la pena aprenderlos de memoria. Algunos ejemplos son los siguientes adjetivos:<\/p>\n<p>einer Sache m\u00e4chtig sein, einer Sache w\u00fcrdig sein, einer Sache unw\u00fcrdig sein, einer Sache \u00fcberdr\u00fcssig sein, einer Sache kundig sein, etc.<\/p>\n<h3><strong>Otros art\u00edculos y cursos de alem\u00e1n de su inter\u00e9s<\/strong><\/h3>\n<ul>\n<li><a href=\"https:\/\/www.sprachschule-aktiv-muenchen.de\/es\/el-nominativo-en-aleman\/\">El Nominativo en alem\u00e1n<\/a><\/li>\n<li><a href=\"https:\/\/www.sprachschule-aktiv-muenchen.de\/es\/cursos-intensivos-de-aleman-en-munich\/\">Cursos intensivos de alem\u00e1n<\/a><\/li>\n<\/ul>\n","protected":false},"excerpt":{"rendered":"<p>El Genitivo en alem\u00e1n \u2013 Funciones, formas y excepciones\u00a0 En este blog para aprender alem\u00e1n nos dedicaremos a explicarles sobre: El Genitivo en alem\u00e1n \u2013 Funciones, formas y excepciones \u2013 Aprender alem\u00e1n gratis El genitivo en alem\u00e1n y sus funciones En alem\u00e1n los diferentes elementos de la frase (sujeto, objeto, etc.) pueden estar en diferentes [&hellip;]<\/p>\n","protected":false},"author":2,"featured_media":44046,"comment_status":"open","ping_status":"open","sticky":false,"template":"","format":"standard","meta":{"footnotes":""},"categories":[45],"tags":[],"class_list":["post-44045","post","type-post","status-publish","format-standard","has-post-thumbnail","hentry","category-aprender-aleman-gratis"],"yoast_head":"<!-- This site is optimized with the Yoast SEO plugin v27.1.1 - https:\/\/yoast.com\/product\/yoast-seo-wordpress\/ -->\n<title>El Genitivo en alem\u00e1n \u2013 Funciones, formas, excepciones<\/title>\n<meta name=\"description\" content=\"El Genitivo en alem\u00e1n - En este art\u00edculo aprender\u00e1s las funciones, formas y excepciones y como utilizar correctamente el genitivo\" \/>\n<meta name=\"robots\" content=\"index, follow, max-snippet:-1, max-image-preview:large, max-video-preview:-1\" \/>\n<link rel=\"canonical\" href=\"https:\/\/www.sprachschule-aktiv-muenchen.de\/es\/el-genitivo-en-aleman-aprender-aleman-gratis\/\" \/>\n<meta property=\"og:locale\" content=\"es_ES\" \/>\n<meta property=\"og:type\" content=\"article\" \/>\n<meta property=\"og:title\" content=\"El Genitivo en alem\u00e1n \u2013 Funciones, formas, excepciones\" \/>\n<meta property=\"og:description\" content=\"El Genitivo en alem\u00e1n - En este art\u00edculo aprender\u00e1s las funciones, formas y excepciones y como utilizar correctamente el genitivo\" \/>\n<meta property=\"og:url\" content=\"https:\/\/www.sprachschule-aktiv-muenchen.de\/es\/el-genitivo-en-aleman-aprender-aleman-gratis\/\" \/>\n<meta property=\"og:site_name\" content=\"Sprachschule Aktiv\" \/>\n<meta property=\"article:published_time\" content=\"2018-03-12T08:08:36+00:00\" \/>\n<meta property=\"article:modified_time\" content=\"2021-08-22T05:54:16+00:00\" \/>\n<meta property=\"og:image\" content=\"https:\/\/www.sprachschule-aktiv-muenchen.de\/wp-content\/uploads\/2018\/03\/el-genitivo-en-aleman.jpg\" \/>\n\t<meta property=\"og:image:width\" content=\"723\" \/>\n\t<meta property=\"og:image:height\" content=\"479\" \/>\n\t<meta property=\"og:image:type\" content=\"image\/jpeg\" \/>\n<meta name=\"author\" content=\"Martin Polo\" \/>\n<meta name=\"twitter:card\" content=\"summary_large_image\" \/>\n<meta name=\"twitter:label1\" content=\"Escrito por\" \/>\n\t<meta name=\"twitter:data1\" content=\"Martin Polo\" \/>\n\t<meta name=\"twitter:label2\" content=\"Tiempo de lectura\" \/>\n\t<meta name=\"twitter:data2\" content=\"3 minutos\" \/>\n<script type=\"application\/ld+json\" class=\"yoast-schema-graph\">{\"@context\":\"https:\/\/schema.org\",\"@graph\":[{\"@type\":\"Article\",\"@id\":\"https:\/\/www.sprachschule-aktiv-muenchen.de\/es\/el-genitivo-en-aleman-aprender-aleman-gratis\/#article\",\"isPartOf\":{\"@id\":\"https:\/\/www.sprachschule-aktiv-muenchen.de\/es\/el-genitivo-en-aleman-aprender-aleman-gratis\/\"},\"author\":{\"name\":\"Martin Polo\",\"@id\":\"https:\/\/www.sprachschule-aktiv-muenchen.de\/#\/schema\/person\/a74a6322db9745fd586f7e97f1ee5724\"},\"headline\":\"El genitivo en alem\u00e1n &#8211; Aprender alem\u00e1n gratis\",\"datePublished\":\"2018-03-12T08:08:36+00:00\",\"dateModified\":\"2021-08-22T05:54:16+00:00\",\"mainEntityOfPage\":{\"@id\":\"https:\/\/www.sprachschule-aktiv-muenchen.de\/es\/el-genitivo-en-aleman-aprender-aleman-gratis\/\"},\"wordCount\":616,\"commentCount\":0,\"image\":{\"@id\":\"https:\/\/www.sprachschule-aktiv-muenchen.de\/es\/el-genitivo-en-aleman-aprender-aleman-gratis\/#primaryimage\"},\"thumbnailUrl\":\"https:\/\/www.sprachschule-aktiv-muenchen.de\/wp-content\/uploads\/2018\/03\/el-genitivo-en-aleman.jpg\",\"articleSection\":[\"Aprender alem\u00e1n gratis\"],\"inLanguage\":\"es\"},{\"@type\":\"WebPage\",\"@id\":\"https:\/\/www.sprachschule-aktiv-muenchen.de\/es\/el-genitivo-en-aleman-aprender-aleman-gratis\/\",\"url\":\"https:\/\/www.sprachschule-aktiv-muenchen.de\/es\/el-genitivo-en-aleman-aprender-aleman-gratis\/\",\"name\":\"El Genitivo en alem\u00e1n \u2013 Funciones, formas, excepciones\",\"isPartOf\":{\"@id\":\"https:\/\/www.sprachschule-aktiv-muenchen.de\/#website\"},\"primaryImageOfPage\":{\"@id\":\"https:\/\/www.sprachschule-aktiv-muenchen.de\/es\/el-genitivo-en-aleman-aprender-aleman-gratis\/#primaryimage\"},\"image\":{\"@id\":\"https:\/\/www.sprachschule-aktiv-muenchen.de\/es\/el-genitivo-en-aleman-aprender-aleman-gratis\/#primaryimage\"},\"thumbnailUrl\":\"https:\/\/www.sprachschule-aktiv-muenchen.de\/wp-content\/uploads\/2018\/03\/el-genitivo-en-aleman.jpg\",\"datePublished\":\"2018-03-12T08:08:36+00:00\",\"dateModified\":\"2021-08-22T05:54:16+00:00\",\"author\":{\"@id\":\"https:\/\/www.sprachschule-aktiv-muenchen.de\/#\/schema\/person\/a74a6322db9745fd586f7e97f1ee5724\"},\"description\":\"El Genitivo en alem\u00e1n - En este art\u00edculo aprender\u00e1s las funciones, formas y excepciones y como utilizar correctamente el genitivo\",\"breadcrumb\":{\"@id\":\"https:\/\/www.sprachschule-aktiv-muenchen.de\/es\/el-genitivo-en-aleman-aprender-aleman-gratis\/#breadcrumb\"},\"inLanguage\":\"es\",\"potentialAction\":[{\"@type\":\"ReadAction\",\"target\":[\"https:\/\/www.sprachschule-aktiv-muenchen.de\/es\/el-genitivo-en-aleman-aprender-aleman-gratis\/\"]}]},{\"@type\":\"ImageObject\",\"inLanguage\":\"es\",\"@id\":\"https:\/\/www.sprachschule-aktiv-muenchen.de\/es\/el-genitivo-en-aleman-aprender-aleman-gratis\/#primaryimage\",\"url\":\"https:\/\/www.sprachschule-aktiv-muenchen.de\/wp-content\/uploads\/2018\/03\/el-genitivo-en-aleman.jpg\",\"contentUrl\":\"https:\/\/www.sprachschule-aktiv-muenchen.de\/wp-content\/uploads\/2018\/03\/el-genitivo-en-aleman.jpg\",\"width\":\"723\",\"height\":\"479\",\"caption\":\"El Genitivo en alem\u00e1n\"},{\"@type\":\"BreadcrumbList\",\"@id\":\"https:\/\/www.sprachschule-aktiv-muenchen.de\/es\/el-genitivo-en-aleman-aprender-aleman-gratis\/#breadcrumb\",\"itemListElement\":[{\"@type\":\"ListItem\",\"position\":1,\"name\":\"Portada\",\"item\":\"https:\/\/www.sprachschule-aktiv-muenchen.de\/es\/\"},{\"@type\":\"ListItem\",\"position\":2,\"name\":\"El genitivo en alem\u00e1n &#8211; Aprender alem\u00e1n gratis\"}]},{\"@type\":\"WebSite\",\"@id\":\"https:\/\/www.sprachschule-aktiv-muenchen.de\/#website\",\"url\":\"https:\/\/www.sprachschule-aktiv-muenchen.de\/\",\"name\":\"Sprachschule Aktiv\",\"description\":\"\",\"potentialAction\":[{\"@type\":\"SearchAction\",\"target\":{\"@type\":\"EntryPoint\",\"urlTemplate\":\"https:\/\/www.sprachschule-aktiv-muenchen.de\/?s={search_term_string}\"},\"query-input\":{\"@type\":\"PropertyValueSpecification\",\"valueRequired\":true,\"valueName\":\"search_term_string\"}}],\"inLanguage\":\"es\"},{\"@type\":\"Person\",\"@id\":\"https:\/\/www.sprachschule-aktiv-muenchen.de\/#\/schema\/person\/a74a6322db9745fd586f7e97f1ee5724\",\"name\":\"Martin Polo\",\"image\":{\"@type\":\"ImageObject\",\"inLanguage\":\"es\",\"@id\":\"https:\/\/www.sprachschule-aktiv-muenchen.de\/#\/schema\/person\/image\/\",\"url\":\"https:\/\/secure.gravatar.com\/avatar\/2cbe6176b6be8b122284c50d9e7a11af9502529eae284fd73534defd313e4152?s=96&d=mm&r=g\",\"contentUrl\":\"https:\/\/secure.gravatar.com\/avatar\/2cbe6176b6be8b122284c50d9e7a11af9502529eae284fd73534defd313e4152?s=96&d=mm&r=g\",\"caption\":\"Martin Polo\"}}]}<\/script>\n<!-- \/ Yoast SEO plugin. -->","yoast_head_json":{"title":"El Genitivo en alem\u00e1n \u2013 Funciones, formas, excepciones","description":"El Genitivo en alem\u00e1n - En este art\u00edculo aprender\u00e1s las funciones, formas y excepciones y como utilizar correctamente el genitivo","robots":{"index":"index","follow":"follow","max-snippet":"max-snippet:-1","max-image-preview":"max-image-preview:large","max-video-preview":"max-video-preview:-1"},"canonical":"https:\/\/www.sprachschule-aktiv-muenchen.de\/es\/el-genitivo-en-aleman-aprender-aleman-gratis\/","og_locale":"es_ES","og_type":"article","og_title":"El Genitivo en alem\u00e1n \u2013 Funciones, formas, excepciones","og_description":"El Genitivo en alem\u00e1n - En este art\u00edculo aprender\u00e1s las funciones, formas y excepciones y como utilizar correctamente el genitivo","og_url":"https:\/\/www.sprachschule-aktiv-muenchen.de\/es\/el-genitivo-en-aleman-aprender-aleman-gratis\/","og_site_name":"Sprachschule Aktiv","article_published_time":"2018-03-12T08:08:36+00:00","article_modified_time":"2021-08-22T05:54:16+00:00","og_image":[{"width":723,"height":479,"url":"https:\/\/www.sprachschule-aktiv-muenchen.de\/wp-content\/uploads\/2018\/03\/el-genitivo-en-aleman.jpg","type":"image\/jpeg"}],"author":"Martin Polo","twitter_card":"summary_large_image","twitter_misc":{"Escrito por":"Martin Polo","Tiempo de lectura":"3 minutos"},"schema":{"@context":"https:\/\/schema.org","@graph":[{"@type":"Article","@id":"https:\/\/www.sprachschule-aktiv-muenchen.de\/es\/el-genitivo-en-aleman-aprender-aleman-gratis\/#article","isPartOf":{"@id":"https:\/\/www.sprachschule-aktiv-muenchen.de\/es\/el-genitivo-en-aleman-aprender-aleman-gratis\/"},"author":{"name":"Martin Polo","@id":"https:\/\/www.sprachschule-aktiv-muenchen.de\/#\/schema\/person\/a74a6322db9745fd586f7e97f1ee5724"},"headline":"El genitivo en alem\u00e1n &#8211; Aprender alem\u00e1n gratis","datePublished":"2018-03-12T08:08:36+00:00","dateModified":"2021-08-22T05:54:16+00:00","mainEntityOfPage":{"@id":"https:\/\/www.sprachschule-aktiv-muenchen.de\/es\/el-genitivo-en-aleman-aprender-aleman-gratis\/"},"wordCount":616,"commentCount":0,"image":{"@id":"https:\/\/www.sprachschule-aktiv-muenchen.de\/es\/el-genitivo-en-aleman-aprender-aleman-gratis\/#primaryimage"},"thumbnailUrl":"https:\/\/www.sprachschule-aktiv-muenchen.de\/wp-content\/uploads\/2018\/03\/el-genitivo-en-aleman.jpg","articleSection":["Aprender alem\u00e1n gratis"],"inLanguage":"es"},{"@type":"WebPage","@id":"https:\/\/www.sprachschule-aktiv-muenchen.de\/es\/el-genitivo-en-aleman-aprender-aleman-gratis\/","url":"https:\/\/www.sprachschule-aktiv-muenchen.de\/es\/el-genitivo-en-aleman-aprender-aleman-gratis\/","name":"El Genitivo en alem\u00e1n \u2013 Funciones, formas, excepciones","isPartOf":{"@id":"https:\/\/www.sprachschule-aktiv-muenchen.de\/#website"},"primaryImageOfPage":{"@id":"https:\/\/www.sprachschule-aktiv-muenchen.de\/es\/el-genitivo-en-aleman-aprender-aleman-gratis\/#primaryimage"},"image":{"@id":"https:\/\/www.sprachschule-aktiv-muenchen.de\/es\/el-genitivo-en-aleman-aprender-aleman-gratis\/#primaryimage"},"thumbnailUrl":"https:\/\/www.sprachschule-aktiv-muenchen.de\/wp-content\/uploads\/2018\/03\/el-genitivo-en-aleman.jpg","datePublished":"2018-03-12T08:08:36+00:00","dateModified":"2021-08-22T05:54:16+00:00","author":{"@id":"https:\/\/www.sprachschule-aktiv-muenchen.de\/#\/schema\/person\/a74a6322db9745fd586f7e97f1ee5724"},"description":"El Genitivo en alem\u00e1n - En este art\u00edculo aprender\u00e1s las funciones, formas y excepciones y como utilizar correctamente el genitivo","breadcrumb":{"@id":"https:\/\/www.sprachschule-aktiv-muenchen.de\/es\/el-genitivo-en-aleman-aprender-aleman-gratis\/#breadcrumb"},"inLanguage":"es","potentialAction":[{"@type":"ReadAction","target":["https:\/\/www.sprachschule-aktiv-muenchen.de\/es\/el-genitivo-en-aleman-aprender-aleman-gratis\/"]}]},{"@type":"ImageObject","inLanguage":"es","@id":"https:\/\/www.sprachschule-aktiv-muenchen.de\/es\/el-genitivo-en-aleman-aprender-aleman-gratis\/#primaryimage","url":"https:\/\/www.sprachschule-aktiv-muenchen.de\/wp-content\/uploads\/2018\/03\/el-genitivo-en-aleman.jpg","contentUrl":"https:\/\/www.sprachschule-aktiv-muenchen.de\/wp-content\/uploads\/2018\/03\/el-genitivo-en-aleman.jpg","width":"723","height":"479","caption":"El Genitivo en alem\u00e1n"},{"@type":"BreadcrumbList","@id":"https:\/\/www.sprachschule-aktiv-muenchen.de\/es\/el-genitivo-en-aleman-aprender-aleman-gratis\/#breadcrumb","itemListElement":[{"@type":"ListItem","position":1,"name":"Portada","item":"https:\/\/www.sprachschule-aktiv-muenchen.de\/es\/"},{"@type":"ListItem","position":2,"name":"El genitivo en alem\u00e1n &#8211; Aprender alem\u00e1n gratis"}]},{"@type":"WebSite","@id":"https:\/\/www.sprachschule-aktiv-muenchen.de\/#website","url":"https:\/\/www.sprachschule-aktiv-muenchen.de\/","name":"Sprachschule Aktiv","description":"","potentialAction":[{"@type":"SearchAction","target":{"@type":"EntryPoint","urlTemplate":"https:\/\/www.sprachschule-aktiv-muenchen.de\/?s={search_term_string}"},"query-input":{"@type":"PropertyValueSpecification","valueRequired":true,"valueName":"search_term_string"}}],"inLanguage":"es"},{"@type":"Person","@id":"https:\/\/www.sprachschule-aktiv-muenchen.de\/#\/schema\/person\/a74a6322db9745fd586f7e97f1ee5724","name":"Martin Polo","image":{"@type":"ImageObject","inLanguage":"es","@id":"https:\/\/www.sprachschule-aktiv-muenchen.de\/#\/schema\/person\/image\/","url":"https:\/\/secure.gravatar.com\/avatar\/2cbe6176b6be8b122284c50d9e7a11af9502529eae284fd73534defd313e4152?s=96&d=mm&r=g","contentUrl":"https:\/\/secure.gravatar.com\/avatar\/2cbe6176b6be8b122284c50d9e7a11af9502529eae284fd73534defd313e4152?s=96&d=mm&r=g","caption":"Martin Polo"}}]}},"_links":{"self":[{"href":"https:\/\/www.sprachschule-aktiv-muenchen.de\/es\/wp-json\/wp\/v2\/posts\/44045","targetHints":{"allow":["GET"]}}],"collection":[{"href":"https:\/\/www.sprachschule-aktiv-muenchen.de\/es\/wp-json\/wp\/v2\/posts"}],"about":[{"href":"https:\/\/www.sprachschule-aktiv-muenchen.de\/es\/wp-json\/wp\/v2\/types\/post"}],"author":[{"embeddable":true,"href":"https:\/\/www.sprachschule-aktiv-muenchen.de\/es\/wp-json\/wp\/v2\/users\/2"}],"replies":[{"embeddable":true,"href":"https:\/\/www.sprachschule-aktiv-muenchen.de\/es\/wp-json\/wp\/v2\/comments?post=44045"}],"version-history":[{"count":2,"href":"https:\/\/www.sprachschule-aktiv-muenchen.de\/es\/wp-json\/wp\/v2\/posts\/44045\/revisions"}],"predecessor-version":[{"id":69176,"href":"https:\/\/www.sprachschule-aktiv-muenchen.de\/es\/wp-json\/wp\/v2\/posts\/44045\/revisions\/69176"}],"wp:featuredmedia":[{"embeddable":true,"href":"https:\/\/www.sprachschule-aktiv-muenchen.de\/es\/wp-json\/wp\/v2\/media\/44046"}],"wp:attachment":[{"href":"https:\/\/www.sprachschule-aktiv-muenchen.de\/es\/wp-json\/wp\/v2\/media?parent=44045"}],"wp:term":[{"taxonomy":"category","embeddable":true,"href":"https:\/\/www.sprachschule-aktiv-muenchen.de\/es\/wp-json\/wp\/v2\/categories?post=44045"},{"taxonomy":"post_tag","embeddable":true,"href":"https:\/\/www.sprachschule-aktiv-muenchen.de\/es\/wp-json\/wp\/v2\/tags?post=44045"}],"curies":[{"name":"wp","href":"https:\/\/api.w.org\/{rel}","templated":true}]}}