{"id":44020,"date":"2018-03-12T08:58:08","date_gmt":"2018-03-12T07:58:08","guid":{"rendered":"https:\/\/www.sprachschule-aktiv-muenchen.de\/?p=44020"},"modified":"2019-04-08T12:20:53","modified_gmt":"2019-04-08T10:20:53","slug":"el-nominativo-en-aleman","status":"publish","type":"post","link":"https:\/\/www.sprachschule-aktiv-muenchen.de\/es\/el-nominativo-en-aleman\/","title":{"rendered":"El nominativo en alem\u00e1n"},"content":{"rendered":"<h1><strong>El nominativo en alem\u00e1n \u2013 Funciones, formas y excepciones<\/strong><\/h1>\n<p><strong>Funciones<\/strong><\/p>\n<p>En alem\u00e1n los diferentes elementos de la frase (sujeto, objeto, etc.) pueden estar en diferentes posiciones. Para que entandamos de quien se trata o de quien se habla hay 4 casos diferentes.<\/p>\n<p>El nominativo es el sujeto, es decir, el que realiza algo.<\/p>\n<p>El genitivo sirve para designar quien es el due\u00f1o o a quien pertenece algo.<\/p>\n<p>A menudo se utiliza la preposici\u00f3n \u201evon\u201c para expresar un nombre en dativo.<\/p>\n<p>El dativo y el acusativo se utilizan para se\u00f1alar el objetivo de la frase, es decir, la parte de la frase con la que sucede algo.<\/p>\n<p>En una frase puede haber m\u00e1s de un objeto, pero s\u00f3lo puede haber un sujeto.<\/p>\n<p>La pregunta a la que responde el Sujeto es \u201ewen?\u201c(\u00bfqui\u00e9n?) o \u201ewas?\u201c(\u00bfqu\u00e9?).<\/p>\n<p>Formas Art\u00edculos: El nominativo en alem\u00e1n en nosotros cursos gratuitos de alem\u00e1n<strong><br \/>\n<\/strong><\/p>\n<table width=\"500\">\n<tbody>\n<tr>\n<td><\/td>\n<td>Art\u00edculo conocido<\/td>\n<td>Art\u00edculo desconocido<\/td>\n<td>Art\u00edculo negativo<\/p>\n<p>Art\u00edculo posesivo, etc.<\/td>\n<\/tr>\n<tr>\n<td>masculino<\/td>\n<td>der Mann<\/td>\n<td>ein Mann<\/td>\n<td>kein Mann<\/td>\n<\/tr>\n<tr>\n<td>feminino<\/td>\n<td>die Frau<\/td>\n<td>eine Frau<\/td>\n<td>keine Frau<\/td>\n<\/tr>\n<tr>\n<td>neutro<\/td>\n<td>das Kind<\/td>\n<td>ein Kind<\/td>\n<td>kein Kind<\/td>\n<\/tr>\n<tr>\n<td>Plural<\/td>\n<td>die Menschen<\/td>\n<td>Menschen<\/td>\n<td>keine Menschen<\/td>\n<\/tr>\n<\/tbody>\n<\/table>\n<p>Los adjetivos se utilizan tambi\u00e9n en el nominativo. Los adjetivos tienen que corresponderse con el nombre. Hay nombres de tres tipos: con art\u00edculo conocido, con art\u00edculo desconocido y sin art\u00edculo.<\/p>\n<p>Los nombres que se utilizan en nominativo no cambian sino que se utilizar\u00e1 la forma tal como consta en el diccionario. Se tiene que tener en cuenta las diferentes formas del plural.<\/p>\n<h2><strong>Pronombres en nominativo<\/strong><\/h2>\n<p><strong>Pronombres personales <\/strong><\/p>\n<table width=\"500\">\n<tbody>\n<tr>\n<td>1. Persona Singular<\/td>\n<td>ich<\/td>\n<\/tr>\n<tr>\n<td>2. Persona Singular<\/td>\n<td>du<\/td>\n<\/tr>\n<tr>\n<td>3. Persona Singular (m)<\/td>\n<td>er<\/td>\n<\/tr>\n<tr>\n<td>3. Persona Singular (f)<\/td>\n<td>sie<\/td>\n<\/tr>\n<tr>\n<td>3. Persona Singular (n)<\/td>\n<td>es<\/td>\n<\/tr>\n<tr>\n<td>1. Persona Plural<\/td>\n<td>wir<\/td>\n<\/tr>\n<tr>\n<td>2. Persona Plural<\/td>\n<td>ihr<\/td>\n<\/tr>\n<tr>\n<td>3. Persona Plural<\/td>\n<td>sie\/Sie<\/td>\n<\/tr>\n<\/tbody>\n<\/table>\n<h2><strong><br \/>\nPronombres posesivos<\/strong><\/h2>\n<table width=\"500\">\n<tbody>\n<tr>\n<td><\/td>\n<td>Acompa\u00f1ante<\/td>\n<td><\/td>\n<td>Sustituto<\/td>\n<td><\/td>\n<td><\/td>\n<\/tr>\n<tr>\n<td><\/td>\n<td>masculino\/neutro<\/td>\n<td>feminino\/Plural<\/td>\n<td>masculino<\/td>\n<td>neutro<\/td>\n<td>feminino\/Plural<\/td>\n<\/tr>\n<tr>\n<td>1. Pers. Sing.<\/td>\n<td>mein<\/td>\n<td>meine<\/td>\n<td>meiner<\/td>\n<td>meins<\/td>\n<td>meine<\/td>\n<\/tr>\n<tr>\n<td>2. Pers. Sing.<\/td>\n<td>dein<\/td>\n<td>deine<\/td>\n<td>deiner<\/td>\n<td>deins<\/td>\n<td>seine<\/td>\n<\/tr>\n<tr>\n<td>3. Pers. Sing. (m)<\/td>\n<td>sein<\/td>\n<td>seine<\/td>\n<td>seiner<\/td>\n<td>seins<\/td>\n<td>seine<\/td>\n<\/tr>\n<tr>\n<td>3. Pers. Sing. (f)<\/td>\n<td>ihr<\/td>\n<td>ihre<\/td>\n<td>ihrer<\/td>\n<td>ihres<\/td>\n<td>ihre<\/td>\n<\/tr>\n<tr>\n<td>3. Pers Sing. (n)<\/td>\n<td>sein<\/td>\n<td>seine<\/td>\n<td>seiner<\/td>\n<td>seins<\/td>\n<td>seine<\/td>\n<\/tr>\n<tr>\n<td>1. Pers. Pl.<\/td>\n<td>unser<\/td>\n<td>unsere<\/td>\n<td>unserer<\/td>\n<td>unseres<\/td>\n<td>unsere<\/td>\n<\/tr>\n<tr>\n<td>2. Pers. Pl.<\/td>\n<td>euer<\/td>\n<td>eure<\/td>\n<td>eurer<\/td>\n<td>eures<\/td>\n<td>eure<\/td>\n<\/tr>\n<tr>\n<td>3. Pers. Pl.<\/td>\n<td>ihr\/Ihr<\/td>\n<td>ihre\/Ihre<\/td>\n<td>ihrer\/Ihrer<\/td>\n<td>ihres\/Ihres<\/td>\n<td>ihre\/Ihre<\/td>\n<\/tr>\n<\/tbody>\n<\/table>\n<p><strong>Excepci\u00f3n<\/strong><\/p>\n<p>\u201e\u00bfCuando se utiliza el nominativo?\u201d. Para responder a esta pregunta tan com\u00fan le damos estos consejos:<\/p>\n<p><strong>Sujeto<\/strong><\/p>\n<p>Incluso la oraci\u00f3n enunciativa m\u00e1s corta en alem\u00e1n se forma de un sujeto y un predicado.<\/p>\n<p>Casi todas las frases en alem\u00e1n precisan de un sujeto. En el caso de que se nombre el sujeto, este est\u00e1 siempre en nominativo. O dicho de otra forma: El nombre que est\u00e9 en nominativo tiene que ser el sujeto de la frase.<\/p>\n<p><strong>Pronombre<\/strong><\/p>\n<p>Esto tambi\u00e9n se aplica para el pronombre: si se quiere utilizar el pronombre como sujeto de una frase, tiene que usarse la forma en nominativo.<\/p>\n<p><strong>Ejemplos<\/strong><\/p>\n<p>Utilizaci\u00f3n del pronombre personal:\u00a0Er trinkt gern Milch. \u00c9l bebe con mucho gusto leche.<\/p>\n<p>Utilizaci\u00f3n del pronombre\u00a0 posesivo como acompa\u00f1ante: Mein Auto f\u00e4hrt schnell. Mi coche va r\u00e1pido.<\/p>\n<p>Utilizaci\u00f3n del pronombre\u00a0 posesivo como sustituto:\u00a0\u00a0Kannst du mir dein Auto leihen? Meins ist kaputt. \u00bfPuedes prestarme tu coche? El m\u00edo est\u00e1 roto.<\/p>\n<p><strong>Preposiciones<\/strong><\/p>\n<p>Hay una preposici\u00f3n que rigen en nominativo. Es la preposici\u00f3n \u201eals\u201c, que se utiliza de la siguiente forma:<\/p>\n<p>Julia arbeitet als Krankenschwester. Julia trabaja de\/ como enfermera.<\/p>\n<p>En este caso se utiliza la palabra \u201eKrankenschwester\u201c como un complemento nominativo.<\/p>\n<p><strong>Excepciones<\/strong><\/p>\n<p>Hay otra excepci\u00f3n en la que se utiliza dos nominativos en una frase. Esto sucede en frases de este tipo:<\/p>\n<p>Benno ist Lehrer. Benno es profesor.<\/p>\n<p>Er ist Arzt. \u00c8l es m\u00e9dico.<\/p>\n<p>Der Mann ist Mechaniker. El hombre es mec\u00e1nico.<\/p>\n<p>Lisa ist Architektin. Lisa es arquitecto.<\/p>\n<p>Seid ihr Stewardessen? \u00bfEs azafata?<\/p>\n<p>El nombre, el sustantivo o los pronombres personales son respectivamente el sujeto de la frase. Las profesiones se utilizan siempre como complemento nominativo.<\/p>\n<h3><strong>M\u00e1s art\u00edculos para aprender alem\u00e1n gratis y cursos de alem\u00e1n: <\/strong><\/h3>\n<ul>\n<li><a href=\"https:\/\/www.sprachschule-aktiv-muenchen.de\/deutsch-einstufungstest\/#nivel\">Prueba gratis de nivel alem\u00e1n<\/a><\/li>\n<li><a href=\"https:\/\/www.sprachschule-aktiv-muenchen.de\/es\/el-acusativo-en-aleman\/\">El acusativo en alem\u00e1n<\/a><\/li>\n<\/ul>\n","protected":false},"excerpt":{"rendered":"<p>El nominativo en alem\u00e1n \u2013 Funciones, formas y excepciones Funciones En alem\u00e1n los diferentes elementos de la frase (sujeto, objeto, etc.) pueden estar en diferentes posiciones. Para que entandamos de quien se trata o de quien se habla hay 4 casos diferentes. El nominativo es el sujeto, es decir, el que realiza algo. El genitivo [&hellip;]<\/p>\n","protected":false},"author":2,"featured_media":44021,"comment_status":"open","ping_status":"open","sticky":false,"template":"","format":"standard","meta":{"footnotes":""},"categories":[45],"tags":[],"class_list":["post-44020","post","type-post","status-publish","format-standard","has-post-thumbnail","hentry","category-aprender-aleman-gratis"],"yoast_head":"<!-- This site is optimized with the Yoast SEO plugin v27.1.1 - https:\/\/yoast.com\/product\/yoast-seo-wordpress\/ -->\n<title>El nominativo en alem\u00e1n - cursos gratuitos de alem\u00e1n<\/title>\n<meta name=\"description\" content=\"El nominativo en alem\u00e1n \u2013 Funcione y excepciones. En este curso gratis de alem\u00e1n aprender\u00e1s los diferentes elementos de la frase (sujeto).\" \/>\n<meta name=\"robots\" content=\"index, follow, max-snippet:-1, max-image-preview:large, max-video-preview:-1\" \/>\n<link rel=\"canonical\" href=\"https:\/\/www.sprachschule-aktiv-muenchen.de\/es\/el-nominativo-en-aleman\/\" \/>\n<meta property=\"og:locale\" content=\"es_ES\" \/>\n<meta property=\"og:type\" content=\"article\" \/>\n<meta property=\"og:title\" content=\"El nominativo en alem\u00e1n - cursos gratuitos de alem\u00e1n\" \/>\n<meta property=\"og:description\" content=\"El nominativo en alem\u00e1n \u2013 Funcione y excepciones. En este curso gratis de alem\u00e1n aprender\u00e1s los diferentes elementos de la frase (sujeto).\" \/>\n<meta property=\"og:url\" content=\"https:\/\/www.sprachschule-aktiv-muenchen.de\/es\/el-nominativo-en-aleman\/\" \/>\n<meta property=\"og:site_name\" content=\"Sprachschule Aktiv\" \/>\n<meta property=\"article:published_time\" content=\"2018-03-12T07:58:08+00:00\" \/>\n<meta property=\"article:modified_time\" content=\"2019-04-08T10:20:53+00:00\" \/>\n<meta property=\"og:image\" content=\"https:\/\/www.sprachschule-aktiv-muenchen.de\/wp-content\/uploads\/2018\/03\/el-nominativo-en-aleman.jpg\" \/>\n\t<meta property=\"og:image:width\" content=\"500\" \/>\n\t<meta property=\"og:image:height\" content=\"375\" \/>\n\t<meta property=\"og:image:type\" content=\"image\/jpeg\" \/>\n<meta name=\"author\" content=\"Martin Polo\" \/>\n<meta name=\"twitter:card\" content=\"summary_large_image\" \/>\n<meta name=\"twitter:label1\" content=\"Escrito por\" \/>\n\t<meta name=\"twitter:data1\" content=\"Martin Polo\" \/>\n\t<meta name=\"twitter:label2\" content=\"Tiempo de lectura\" \/>\n\t<meta name=\"twitter:data2\" content=\"3 minutos\" \/>\n<script type=\"application\/ld+json\" class=\"yoast-schema-graph\">{\"@context\":\"https:\/\/schema.org\",\"@graph\":[{\"@type\":\"Article\",\"@id\":\"https:\/\/www.sprachschule-aktiv-muenchen.de\/es\/el-nominativo-en-aleman\/#article\",\"isPartOf\":{\"@id\":\"https:\/\/www.sprachschule-aktiv-muenchen.de\/es\/el-nominativo-en-aleman\/\"},\"author\":{\"name\":\"Martin Polo\",\"@id\":\"https:\/\/www.sprachschule-aktiv-muenchen.de\/#\/schema\/person\/a74a6322db9745fd586f7e97f1ee5724\"},\"headline\":\"El nominativo en alem\u00e1n\",\"datePublished\":\"2018-03-12T07:58:08+00:00\",\"dateModified\":\"2019-04-08T10:20:53+00:00\",\"mainEntityOfPage\":{\"@id\":\"https:\/\/www.sprachschule-aktiv-muenchen.de\/es\/el-nominativo-en-aleman\/\"},\"wordCount\":691,\"commentCount\":0,\"image\":{\"@id\":\"https:\/\/www.sprachschule-aktiv-muenchen.de\/es\/el-nominativo-en-aleman\/#primaryimage\"},\"thumbnailUrl\":\"https:\/\/www.sprachschule-aktiv-muenchen.de\/wp-content\/uploads\/2018\/03\/el-nominativo-en-aleman.jpg\",\"articleSection\":[\"Aprender alem\u00e1n gratis\"],\"inLanguage\":\"es\"},{\"@type\":\"WebPage\",\"@id\":\"https:\/\/www.sprachschule-aktiv-muenchen.de\/es\/el-nominativo-en-aleman\/\",\"url\":\"https:\/\/www.sprachschule-aktiv-muenchen.de\/es\/el-nominativo-en-aleman\/\",\"name\":\"El nominativo en alem\u00e1n - cursos gratuitos de alem\u00e1n\",\"isPartOf\":{\"@id\":\"https:\/\/www.sprachschule-aktiv-muenchen.de\/#website\"},\"primaryImageOfPage\":{\"@id\":\"https:\/\/www.sprachschule-aktiv-muenchen.de\/es\/el-nominativo-en-aleman\/#primaryimage\"},\"image\":{\"@id\":\"https:\/\/www.sprachschule-aktiv-muenchen.de\/es\/el-nominativo-en-aleman\/#primaryimage\"},\"thumbnailUrl\":\"https:\/\/www.sprachschule-aktiv-muenchen.de\/wp-content\/uploads\/2018\/03\/el-nominativo-en-aleman.jpg\",\"datePublished\":\"2018-03-12T07:58:08+00:00\",\"dateModified\":\"2019-04-08T10:20:53+00:00\",\"author\":{\"@id\":\"https:\/\/www.sprachschule-aktiv-muenchen.de\/#\/schema\/person\/a74a6322db9745fd586f7e97f1ee5724\"},\"description\":\"El nominativo en alem\u00e1n \u2013 Funcione y excepciones. En este curso gratis de alem\u00e1n aprender\u00e1s los diferentes elementos de la frase (sujeto).\",\"breadcrumb\":{\"@id\":\"https:\/\/www.sprachschule-aktiv-muenchen.de\/es\/el-nominativo-en-aleman\/#breadcrumb\"},\"inLanguage\":\"es\",\"potentialAction\":[{\"@type\":\"ReadAction\",\"target\":[\"https:\/\/www.sprachschule-aktiv-muenchen.de\/es\/el-nominativo-en-aleman\/\"]}]},{\"@type\":\"ImageObject\",\"inLanguage\":\"es\",\"@id\":\"https:\/\/www.sprachschule-aktiv-muenchen.de\/es\/el-nominativo-en-aleman\/#primaryimage\",\"url\":\"https:\/\/www.sprachschule-aktiv-muenchen.de\/wp-content\/uploads\/2018\/03\/el-nominativo-en-aleman.jpg\",\"contentUrl\":\"https:\/\/www.sprachschule-aktiv-muenchen.de\/wp-content\/uploads\/2018\/03\/el-nominativo-en-aleman.jpg\",\"width\":\"500\",\"height\":\"375\",\"caption\":\"El Nominativo en alem\u00e1n\"},{\"@type\":\"BreadcrumbList\",\"@id\":\"https:\/\/www.sprachschule-aktiv-muenchen.de\/es\/el-nominativo-en-aleman\/#breadcrumb\",\"itemListElement\":[{\"@type\":\"ListItem\",\"position\":1,\"name\":\"Portada\",\"item\":\"https:\/\/www.sprachschule-aktiv-muenchen.de\/es\/\"},{\"@type\":\"ListItem\",\"position\":2,\"name\":\"El nominativo en alem\u00e1n\"}]},{\"@type\":\"WebSite\",\"@id\":\"https:\/\/www.sprachschule-aktiv-muenchen.de\/#website\",\"url\":\"https:\/\/www.sprachschule-aktiv-muenchen.de\/\",\"name\":\"Sprachschule Aktiv\",\"description\":\"\",\"potentialAction\":[{\"@type\":\"SearchAction\",\"target\":{\"@type\":\"EntryPoint\",\"urlTemplate\":\"https:\/\/www.sprachschule-aktiv-muenchen.de\/?s={search_term_string}\"},\"query-input\":{\"@type\":\"PropertyValueSpecification\",\"valueRequired\":true,\"valueName\":\"search_term_string\"}}],\"inLanguage\":\"es\"},{\"@type\":\"Person\",\"@id\":\"https:\/\/www.sprachschule-aktiv-muenchen.de\/#\/schema\/person\/a74a6322db9745fd586f7e97f1ee5724\",\"name\":\"Martin Polo\",\"image\":{\"@type\":\"ImageObject\",\"inLanguage\":\"es\",\"@id\":\"https:\/\/www.sprachschule-aktiv-muenchen.de\/#\/schema\/person\/image\/\",\"url\":\"https:\/\/secure.gravatar.com\/avatar\/2cbe6176b6be8b122284c50d9e7a11af9502529eae284fd73534defd313e4152?s=96&d=mm&r=g\",\"contentUrl\":\"https:\/\/secure.gravatar.com\/avatar\/2cbe6176b6be8b122284c50d9e7a11af9502529eae284fd73534defd313e4152?s=96&d=mm&r=g\",\"caption\":\"Martin Polo\"}}]}<\/script>\n<!-- \/ Yoast SEO plugin. -->","yoast_head_json":{"title":"El nominativo en alem\u00e1n - cursos gratuitos de alem\u00e1n","description":"El nominativo en alem\u00e1n \u2013 Funcione y excepciones. En este curso gratis de alem\u00e1n aprender\u00e1s los diferentes elementos de la frase (sujeto).","robots":{"index":"index","follow":"follow","max-snippet":"max-snippet:-1","max-image-preview":"max-image-preview:large","max-video-preview":"max-video-preview:-1"},"canonical":"https:\/\/www.sprachschule-aktiv-muenchen.de\/es\/el-nominativo-en-aleman\/","og_locale":"es_ES","og_type":"article","og_title":"El nominativo en alem\u00e1n - cursos gratuitos de alem\u00e1n","og_description":"El nominativo en alem\u00e1n \u2013 Funcione y excepciones. En este curso gratis de alem\u00e1n aprender\u00e1s los diferentes elementos de la frase (sujeto).","og_url":"https:\/\/www.sprachschule-aktiv-muenchen.de\/es\/el-nominativo-en-aleman\/","og_site_name":"Sprachschule Aktiv","article_published_time":"2018-03-12T07:58:08+00:00","article_modified_time":"2019-04-08T10:20:53+00:00","og_image":[{"width":500,"height":375,"url":"https:\/\/www.sprachschule-aktiv-muenchen.de\/wp-content\/uploads\/2018\/03\/el-nominativo-en-aleman.jpg","type":"image\/jpeg"}],"author":"Martin Polo","twitter_card":"summary_large_image","twitter_misc":{"Escrito por":"Martin Polo","Tiempo de lectura":"3 minutos"},"schema":{"@context":"https:\/\/schema.org","@graph":[{"@type":"Article","@id":"https:\/\/www.sprachschule-aktiv-muenchen.de\/es\/el-nominativo-en-aleman\/#article","isPartOf":{"@id":"https:\/\/www.sprachschule-aktiv-muenchen.de\/es\/el-nominativo-en-aleman\/"},"author":{"name":"Martin Polo","@id":"https:\/\/www.sprachschule-aktiv-muenchen.de\/#\/schema\/person\/a74a6322db9745fd586f7e97f1ee5724"},"headline":"El nominativo en alem\u00e1n","datePublished":"2018-03-12T07:58:08+00:00","dateModified":"2019-04-08T10:20:53+00:00","mainEntityOfPage":{"@id":"https:\/\/www.sprachschule-aktiv-muenchen.de\/es\/el-nominativo-en-aleman\/"},"wordCount":691,"commentCount":0,"image":{"@id":"https:\/\/www.sprachschule-aktiv-muenchen.de\/es\/el-nominativo-en-aleman\/#primaryimage"},"thumbnailUrl":"https:\/\/www.sprachschule-aktiv-muenchen.de\/wp-content\/uploads\/2018\/03\/el-nominativo-en-aleman.jpg","articleSection":["Aprender alem\u00e1n gratis"],"inLanguage":"es"},{"@type":"WebPage","@id":"https:\/\/www.sprachschule-aktiv-muenchen.de\/es\/el-nominativo-en-aleman\/","url":"https:\/\/www.sprachschule-aktiv-muenchen.de\/es\/el-nominativo-en-aleman\/","name":"El nominativo en alem\u00e1n - cursos gratuitos de alem\u00e1n","isPartOf":{"@id":"https:\/\/www.sprachschule-aktiv-muenchen.de\/#website"},"primaryImageOfPage":{"@id":"https:\/\/www.sprachschule-aktiv-muenchen.de\/es\/el-nominativo-en-aleman\/#primaryimage"},"image":{"@id":"https:\/\/www.sprachschule-aktiv-muenchen.de\/es\/el-nominativo-en-aleman\/#primaryimage"},"thumbnailUrl":"https:\/\/www.sprachschule-aktiv-muenchen.de\/wp-content\/uploads\/2018\/03\/el-nominativo-en-aleman.jpg","datePublished":"2018-03-12T07:58:08+00:00","dateModified":"2019-04-08T10:20:53+00:00","author":{"@id":"https:\/\/www.sprachschule-aktiv-muenchen.de\/#\/schema\/person\/a74a6322db9745fd586f7e97f1ee5724"},"description":"El nominativo en alem\u00e1n \u2013 Funcione y excepciones. En este curso gratis de alem\u00e1n aprender\u00e1s los diferentes elementos de la frase (sujeto).","breadcrumb":{"@id":"https:\/\/www.sprachschule-aktiv-muenchen.de\/es\/el-nominativo-en-aleman\/#breadcrumb"},"inLanguage":"es","potentialAction":[{"@type":"ReadAction","target":["https:\/\/www.sprachschule-aktiv-muenchen.de\/es\/el-nominativo-en-aleman\/"]}]},{"@type":"ImageObject","inLanguage":"es","@id":"https:\/\/www.sprachschule-aktiv-muenchen.de\/es\/el-nominativo-en-aleman\/#primaryimage","url":"https:\/\/www.sprachschule-aktiv-muenchen.de\/wp-content\/uploads\/2018\/03\/el-nominativo-en-aleman.jpg","contentUrl":"https:\/\/www.sprachschule-aktiv-muenchen.de\/wp-content\/uploads\/2018\/03\/el-nominativo-en-aleman.jpg","width":"500","height":"375","caption":"El Nominativo en alem\u00e1n"},{"@type":"BreadcrumbList","@id":"https:\/\/www.sprachschule-aktiv-muenchen.de\/es\/el-nominativo-en-aleman\/#breadcrumb","itemListElement":[{"@type":"ListItem","position":1,"name":"Portada","item":"https:\/\/www.sprachschule-aktiv-muenchen.de\/es\/"},{"@type":"ListItem","position":2,"name":"El nominativo en alem\u00e1n"}]},{"@type":"WebSite","@id":"https:\/\/www.sprachschule-aktiv-muenchen.de\/#website","url":"https:\/\/www.sprachschule-aktiv-muenchen.de\/","name":"Sprachschule Aktiv","description":"","potentialAction":[{"@type":"SearchAction","target":{"@type":"EntryPoint","urlTemplate":"https:\/\/www.sprachschule-aktiv-muenchen.de\/?s={search_term_string}"},"query-input":{"@type":"PropertyValueSpecification","valueRequired":true,"valueName":"search_term_string"}}],"inLanguage":"es"},{"@type":"Person","@id":"https:\/\/www.sprachschule-aktiv-muenchen.de\/#\/schema\/person\/a74a6322db9745fd586f7e97f1ee5724","name":"Martin Polo","image":{"@type":"ImageObject","inLanguage":"es","@id":"https:\/\/www.sprachschule-aktiv-muenchen.de\/#\/schema\/person\/image\/","url":"https:\/\/secure.gravatar.com\/avatar\/2cbe6176b6be8b122284c50d9e7a11af9502529eae284fd73534defd313e4152?s=96&d=mm&r=g","contentUrl":"https:\/\/secure.gravatar.com\/avatar\/2cbe6176b6be8b122284c50d9e7a11af9502529eae284fd73534defd313e4152?s=96&d=mm&r=g","caption":"Martin Polo"}}]}},"_links":{"self":[{"href":"https:\/\/www.sprachschule-aktiv-muenchen.de\/es\/wp-json\/wp\/v2\/posts\/44020","targetHints":{"allow":["GET"]}}],"collection":[{"href":"https:\/\/www.sprachschule-aktiv-muenchen.de\/es\/wp-json\/wp\/v2\/posts"}],"about":[{"href":"https:\/\/www.sprachschule-aktiv-muenchen.de\/es\/wp-json\/wp\/v2\/types\/post"}],"author":[{"embeddable":true,"href":"https:\/\/www.sprachschule-aktiv-muenchen.de\/es\/wp-json\/wp\/v2\/users\/2"}],"replies":[{"embeddable":true,"href":"https:\/\/www.sprachschule-aktiv-muenchen.de\/es\/wp-json\/wp\/v2\/comments?post=44020"}],"version-history":[{"count":0,"href":"https:\/\/www.sprachschule-aktiv-muenchen.de\/es\/wp-json\/wp\/v2\/posts\/44020\/revisions"}],"wp:featuredmedia":[{"embeddable":true,"href":"https:\/\/www.sprachschule-aktiv-muenchen.de\/es\/wp-json\/wp\/v2\/media\/44021"}],"wp:attachment":[{"href":"https:\/\/www.sprachschule-aktiv-muenchen.de\/es\/wp-json\/wp\/v2\/media?parent=44020"}],"wp:term":[{"taxonomy":"category","embeddable":true,"href":"https:\/\/www.sprachschule-aktiv-muenchen.de\/es\/wp-json\/wp\/v2\/categories?post=44020"},{"taxonomy":"post_tag","embeddable":true,"href":"https:\/\/www.sprachschule-aktiv-muenchen.de\/es\/wp-json\/wp\/v2\/tags?post=44020"}],"curies":[{"name":"wp","href":"https:\/\/api.w.org\/{rel}","templated":true}]}}