{"id":43992,"date":"2018-03-12T08:20:15","date_gmt":"2018-03-12T07:20:15","guid":{"rendered":"https:\/\/www.sprachschule-aktiv-muenchen.de\/?p=43992"},"modified":"2019-04-12T09:35:19","modified_gmt":"2019-04-12T07:35:19","slug":"el-acusativo-en-aleman","status":"publish","type":"post","link":"https:\/\/www.sprachschule-aktiv-muenchen.de\/es\/el-acusativo-en-aleman\/","title":{"rendered":"El acusativo en alem\u00e1n"},"content":{"rendered":"<h1><strong>El acusativo en alem\u00e1n \u2013 Funciones, formas y excepciones<\/strong><\/h1>\n<p>Aqu\u00ed nos dedicaremos al tema: El acusativo en alem\u00e1n \u2013 Funciones, formas y excepciones<\/p>\n<p><strong>Funciones<\/strong><\/p>\n<p>En alem\u00e1n los diferentes elementos de la frase (sujeto, objeto, etc.) pueden estar en diferentes posiciones. Para que entandamos de quien se trata o de quien se habla hay 4 casos diferentes.<\/p>\n<p>El nominativo es el sujeto, es decir, el que realiza algo.<\/p>\n<p>El genitivo sirve para designar quien es el due\u00f1o o a quien pertenece algo.<\/p>\n<p>A menudo se utiliza la preposici\u00f3n \u201evon\u201c para expresar un nombre en dativo.<\/p>\n<p>El dativo y el acusativo se utilizan para se\u00f1alar el objetivo de la frase, es decir, la parte de la frase con la que sucede algo.<\/p>\n<p>El acusativo se\u00f1ala, por lo tanto, una persona o una cosa.<\/p>\n<p>La pregunta a la que responde el Objeto en acusativo es \u201ewen?\u201c(\u00bfa qui\u00e9n?) o \u201ewas?\u201c(\u00bfqu\u00e9?). El objeto que se utiliza en acusativo se conoce como el objeto directo.<\/p>\n<p><strong>Formas <\/strong><\/p>\n<h2><strong>Art\u00edculos<\/strong><\/h2>\n<table width=\"500\">\n<tbody>\n<tr>\n<td width=\"63\"><\/td>\n<td width=\"104\">Art\u00edculo conocido<\/td>\n<td>Art\u00edculo desconocido<\/td>\n<td>Art\u00edculo negativo<\/p>\n<p>Art\u00edculo posesivo, etc.<\/td>\n<\/tr>\n<tr>\n<td width=\"63\">masculino<\/td>\n<td width=\"104\">den Mann<\/td>\n<td>einen Mann<\/td>\n<td>keinen Mann<\/td>\n<\/tr>\n<tr>\n<td width=\"63\">feminino<\/td>\n<td width=\"104\">die Frau<\/td>\n<td>eine Frau<\/td>\n<td>keine Frau<\/td>\n<\/tr>\n<tr>\n<td width=\"63\">neutro<\/td>\n<td width=\"104\">das Kind<\/td>\n<td>ein Kind<\/td>\n<td>kein Kind<\/td>\n<\/tr>\n<tr>\n<td width=\"63\">Plural<\/td>\n<td width=\"104\">die Menschen<\/td>\n<td>Menschen<\/td>\n<td>keine Menschen<\/td>\n<\/tr>\n<\/tbody>\n<\/table>\n<p>Los adjetivos se utilizan tambi\u00e9n en el acusativo. Los adjetivos tienen que corresponderse con el nombre. Hay nombres de tres tipos: con art\u00edculo conocido, con art\u00edculo desconocido y sin art\u00edculo.<\/p>\n<p>Normalmente los nombres no var\u00edan, excepto en genitivo. Hay un nombre en masculino, que en acusativo termina en \u2013n o en \u2013en.<\/p>\n<p>Nombres masculinos que terminan en \u2013e: der L\u00f6we \u2013 den L\u00f6wen<\/p>\n<p>Nombres masculinos que terminan en \u2013ent: der Produzent \u2013 den Produzenten<strong>\u00a0<\/strong><\/p>\n<p><span class=\"tlid-translation translation\" lang=\"es\"><span class=\"\" title=\"\">A\u00fan m\u00e1s deseo de informaci\u00f3n sobre<\/span><\/span> el acusativo en alem\u00e1n con cursos online gratis de alem\u00e1n?<\/p>\n<h2><strong>Pronombres en acusativo<\/strong><\/h2>\n<table width=\"500\">\n<tbody>\n<tr>\n<td><\/td>\n<td>Pronombres personales<\/td>\n<td>Pronombres posesivos<\/td>\n<td><\/td>\n<td><\/td>\n<td><\/td>\n<\/tr>\n<tr>\n<td><\/td>\n<td><\/td>\n<td>masculino<\/td>\n<td>neutro<\/td>\n<td><\/td>\n<td>feminino\/plural<\/td>\n<\/tr>\n<tr>\n<td><\/td>\n<td><\/td>\n<td><\/td>\n<td>Acompa\u00f1ante<\/td>\n<td>Sustituto<\/td>\n<td><\/td>\n<\/tr>\n<tr>\n<td>1. Persona Sing.<\/td>\n<td>mich<\/td>\n<td>meinen<\/td>\n<td>mein<\/td>\n<td>meins<\/td>\n<td>meine<\/td>\n<\/tr>\n<tr>\n<td>2. Persona Sing.<\/td>\n<td>dich<\/td>\n<td>deinen<\/td>\n<td>dein<\/td>\n<td>deins<\/td>\n<td>deine<\/td>\n<\/tr>\n<tr>\n<td>3. Persona Sing.(m)<\/td>\n<td>ihn<\/td>\n<td>seinen<\/td>\n<td>sein<\/td>\n<td>seins<\/td>\n<td>seine<\/td>\n<\/tr>\n<tr>\n<td>3. Persona Sg.(f)<\/td>\n<td>sie<\/td>\n<td>ihren<\/td>\n<td>ihr<\/td>\n<td>ihr(e)s<\/td>\n<td>ihre<\/td>\n<\/tr>\n<tr>\n<td>3. Persona Sing.(n)<\/td>\n<td>ihn<\/td>\n<td>seinen<\/td>\n<td>sein<\/td>\n<td>seins<\/td>\n<td>seine<\/td>\n<\/tr>\n<tr>\n<td>1. Persona Pl.<\/td>\n<td>uns<\/td>\n<td>unseren<\/td>\n<td>unser<\/td>\n<td>unser(e)s<\/td>\n<td>unsere<\/td>\n<\/tr>\n<tr>\n<td>2. Persona Pl.<\/td>\n<td>euch<\/td>\n<td>eueren<\/td>\n<td>euer<\/td>\n<td>euers<\/td>\n<td>euere<\/td>\n<\/tr>\n<tr>\n<td>3. Persona Pl.<\/td>\n<td>sie\/Sie<\/td>\n<td>ihren\/Ihren<\/td>\n<td>ihr\/Ihr<\/td>\n<td>ihr(e)s\/Ihr(e)s<\/td>\n<td>ihre\/Ihre<\/td>\n<\/tr>\n<\/tbody>\n<\/table>\n<p><strong>Excepci\u00f3n<\/strong><\/p>\n<p>\u201e\u00bfCuando se utiliza el acusativo?\u201d. Para responder a esta pregunta tan com\u00fan le damos estos consejos:<\/p>\n<h2><strong>Verbos<\/strong><\/h2>\n<p>En alem\u00e1n, concuerda el verbo con el caso del objeto, es decir, que hay verbos determinados despu\u00e9s de los cuales se utiliza el acusativo. Esto sucede para el 90 % de los verbos. El 10 % de los verbos restantes rigen en dativo o necesitan dos objetos.<\/p>\n<p>Los verbos que necesitan el acusativo son, por ejemplo:<\/p>\n<p>Lesen, schreiben, trinken, essen, lernen, fragen, kaufen, suchen, finden, lernen, h\u00f6ren, bezahlen, haben, etc.<\/p>\n<p>Algunos verbos necesitan dos objetos, por ejemplo, geben. En este caso el acusativo califica casi siempre la cosa. Die Frau gibt mir das Buch..<\/p>\n<h2><strong>Preposiciones<\/strong><\/h2>\n<p>Hay preposiciones que arrastran siempre un acusativo. Estas son, por ejemplo,<\/p>\n<p>Durch, entlang, gegen, um, f\u00fcr, ohne, etc.<\/p>\n<p>Existen algunas preposiciones, las Wechselpr\u00e4positionen, o preposiciones cambiantes, que rigen tanto en dativo como en acusativo. Con estas se utilizan el acusativo cuando responden a la frase \u201ewohin?\u201c \u00a0\u201e\u00bfa donde?\u201d. Las preposiciones de este caso son:<\/p>\n<p>an, auf, hinter, in, neben, \u00fcber, unter, vor, zwischen<\/p>\n<h2><strong>Locuciones<\/strong><\/h2>\n<p>Hay frases conocidas en alem\u00e1n, en las cuales se utiliza el acusativo. Por ejemplo,<\/p>\n<p>Guten Tag! \u00a1Buen d\u00eda!<\/p>\n<p>Herzlichen Gl\u00fcckwunsch! \u00a1Felicidades!<\/p>\n<p>En estos casos se conoce por el adjetivo que se trata de un acusativo.<\/p>\n<h3><strong>Otros blogs interesantes <\/strong><\/h3>\n<ul>\n<li><a href=\"https:\/\/www.sprachschule-aktiv-muenchen.de\/es\/el-preterito-perfecto-en-aleman\/\">El Pr\u00e9terito Perfecto en alem\u00e1n<\/a><\/li>\n<li><a href=\"https:\/\/www.sprachschule-aktiv-muenchen.de\/es\/verbos-fuertes-y-debiles-en-aleman\/\">Verbos fuertes y d\u00e9biles en alem\u00e1n<\/a><\/li>\n<\/ul>\n","protected":false},"excerpt":{"rendered":"<p>El acusativo en alem\u00e1n \u2013 Funciones, formas y excepciones Aqu\u00ed nos dedicaremos al tema: El acusativo en alem\u00e1n \u2013 Funciones, formas y excepciones Funciones En alem\u00e1n los diferentes elementos de la frase (sujeto, objeto, etc.) pueden estar en diferentes posiciones. Para que entandamos de quien se trata o de quien se habla hay 4 casos [&hellip;]<\/p>\n","protected":false},"author":2,"featured_media":43993,"comment_status":"open","ping_status":"open","sticky":false,"template":"","format":"standard","meta":{"footnotes":""},"categories":[45],"tags":[],"class_list":["post-43992","post","type-post","status-publish","format-standard","has-post-thumbnail","hentry","category-aprender-aleman-gratis"],"yoast_head":"<!-- This site is optimized with the Yoast SEO plugin v27.1.1 - https:\/\/yoast.com\/product\/yoast-seo-wordpress\/ -->\n<title>El acusativo en alem\u00e1n - Cursos online gratis de alem\u00e1n<\/title>\n<meta name=\"description\" content=\"El acusativo en alem\u00e1n \u2013 Funciones, formas. En alem\u00e1n los diferentes elementos de la frase (sujeto, objeto, etc.) pueden estar en diferentes posiciones.\" \/>\n<meta name=\"robots\" content=\"index, follow, max-snippet:-1, max-image-preview:large, max-video-preview:-1\" \/>\n<link rel=\"canonical\" href=\"https:\/\/www.sprachschule-aktiv-muenchen.de\/es\/el-acusativo-en-aleman\/\" \/>\n<meta property=\"og:locale\" content=\"es_ES\" \/>\n<meta property=\"og:type\" content=\"article\" \/>\n<meta property=\"og:title\" content=\"El acusativo en alem\u00e1n - Cursos online gratis de alem\u00e1n\" \/>\n<meta property=\"og:description\" content=\"El acusativo en alem\u00e1n \u2013 Funciones, formas. En alem\u00e1n los diferentes elementos de la frase (sujeto, objeto, etc.) pueden estar en diferentes posiciones.\" \/>\n<meta property=\"og:url\" content=\"https:\/\/www.sprachschule-aktiv-muenchen.de\/es\/el-acusativo-en-aleman\/\" \/>\n<meta property=\"og:site_name\" content=\"Sprachschule Aktiv\" \/>\n<meta property=\"article:published_time\" content=\"2018-03-12T07:20:15+00:00\" \/>\n<meta property=\"article:modified_time\" content=\"2019-04-12T07:35:19+00:00\" \/>\n<meta property=\"og:image\" content=\"https:\/\/www.sprachschule-aktiv-muenchen.de\/wp-content\/uploads\/2018\/03\/el-acusativo-en-aleman.jpg\" \/>\n\t<meta property=\"og:image:width\" content=\"500\" \/>\n\t<meta property=\"og:image:height\" content=\"281\" \/>\n\t<meta property=\"og:image:type\" content=\"image\/jpeg\" \/>\n<meta name=\"author\" content=\"Martin Polo\" \/>\n<meta name=\"twitter:card\" content=\"summary_large_image\" \/>\n<meta name=\"twitter:label1\" content=\"Escrito por\" \/>\n\t<meta name=\"twitter:data1\" content=\"Martin Polo\" \/>\n\t<meta name=\"twitter:label2\" content=\"Tiempo de lectura\" \/>\n\t<meta name=\"twitter:data2\" content=\"3 minutos\" \/>\n<script type=\"application\/ld+json\" class=\"yoast-schema-graph\">{\"@context\":\"https:\/\/schema.org\",\"@graph\":[{\"@type\":\"Article\",\"@id\":\"https:\/\/www.sprachschule-aktiv-muenchen.de\/es\/el-acusativo-en-aleman\/#article\",\"isPartOf\":{\"@id\":\"https:\/\/www.sprachschule-aktiv-muenchen.de\/es\/el-acusativo-en-aleman\/\"},\"author\":{\"name\":\"Martin Polo\",\"@id\":\"https:\/\/www.sprachschule-aktiv-muenchen.de\/#\/schema\/person\/a74a6322db9745fd586f7e97f1ee5724\"},\"headline\":\"El acusativo en alem\u00e1n\",\"datePublished\":\"2018-03-12T07:20:15+00:00\",\"dateModified\":\"2019-04-12T07:35:19+00:00\",\"mainEntityOfPage\":{\"@id\":\"https:\/\/www.sprachschule-aktiv-muenchen.de\/es\/el-acusativo-en-aleman\/\"},\"wordCount\":636,\"commentCount\":0,\"image\":{\"@id\":\"https:\/\/www.sprachschule-aktiv-muenchen.de\/es\/el-acusativo-en-aleman\/#primaryimage\"},\"thumbnailUrl\":\"https:\/\/www.sprachschule-aktiv-muenchen.de\/wp-content\/uploads\/2018\/03\/el-acusativo-en-aleman.jpg\",\"articleSection\":[\"Aprender alem\u00e1n gratis\"],\"inLanguage\":\"es\"},{\"@type\":\"WebPage\",\"@id\":\"https:\/\/www.sprachschule-aktiv-muenchen.de\/es\/el-acusativo-en-aleman\/\",\"url\":\"https:\/\/www.sprachschule-aktiv-muenchen.de\/es\/el-acusativo-en-aleman\/\",\"name\":\"El acusativo en alem\u00e1n - Cursos online gratis de alem\u00e1n\",\"isPartOf\":{\"@id\":\"https:\/\/www.sprachschule-aktiv-muenchen.de\/#website\"},\"primaryImageOfPage\":{\"@id\":\"https:\/\/www.sprachschule-aktiv-muenchen.de\/es\/el-acusativo-en-aleman\/#primaryimage\"},\"image\":{\"@id\":\"https:\/\/www.sprachschule-aktiv-muenchen.de\/es\/el-acusativo-en-aleman\/#primaryimage\"},\"thumbnailUrl\":\"https:\/\/www.sprachschule-aktiv-muenchen.de\/wp-content\/uploads\/2018\/03\/el-acusativo-en-aleman.jpg\",\"datePublished\":\"2018-03-12T07:20:15+00:00\",\"dateModified\":\"2019-04-12T07:35:19+00:00\",\"author\":{\"@id\":\"https:\/\/www.sprachschule-aktiv-muenchen.de\/#\/schema\/person\/a74a6322db9745fd586f7e97f1ee5724\"},\"description\":\"El acusativo en alem\u00e1n \u2013 Funciones, formas. En alem\u00e1n los diferentes elementos de la frase (sujeto, objeto, etc.) pueden estar en diferentes posiciones.\",\"breadcrumb\":{\"@id\":\"https:\/\/www.sprachschule-aktiv-muenchen.de\/es\/el-acusativo-en-aleman\/#breadcrumb\"},\"inLanguage\":\"es\",\"potentialAction\":[{\"@type\":\"ReadAction\",\"target\":[\"https:\/\/www.sprachschule-aktiv-muenchen.de\/es\/el-acusativo-en-aleman\/\"]}]},{\"@type\":\"ImageObject\",\"inLanguage\":\"es\",\"@id\":\"https:\/\/www.sprachschule-aktiv-muenchen.de\/es\/el-acusativo-en-aleman\/#primaryimage\",\"url\":\"https:\/\/www.sprachschule-aktiv-muenchen.de\/wp-content\/uploads\/2018\/03\/el-acusativo-en-aleman.jpg\",\"contentUrl\":\"https:\/\/www.sprachschule-aktiv-muenchen.de\/wp-content\/uploads\/2018\/03\/el-acusativo-en-aleman.jpg\",\"width\":\"500\",\"height\":\"281\",\"caption\":\"El acusativo en alem\u00e1n\"},{\"@type\":\"BreadcrumbList\",\"@id\":\"https:\/\/www.sprachschule-aktiv-muenchen.de\/es\/el-acusativo-en-aleman\/#breadcrumb\",\"itemListElement\":[{\"@type\":\"ListItem\",\"position\":1,\"name\":\"Portada\",\"item\":\"https:\/\/www.sprachschule-aktiv-muenchen.de\/es\/\"},{\"@type\":\"ListItem\",\"position\":2,\"name\":\"El acusativo en alem\u00e1n\"}]},{\"@type\":\"WebSite\",\"@id\":\"https:\/\/www.sprachschule-aktiv-muenchen.de\/#website\",\"url\":\"https:\/\/www.sprachschule-aktiv-muenchen.de\/\",\"name\":\"Sprachschule Aktiv\",\"description\":\"\",\"potentialAction\":[{\"@type\":\"SearchAction\",\"target\":{\"@type\":\"EntryPoint\",\"urlTemplate\":\"https:\/\/www.sprachschule-aktiv-muenchen.de\/?s={search_term_string}\"},\"query-input\":{\"@type\":\"PropertyValueSpecification\",\"valueRequired\":true,\"valueName\":\"search_term_string\"}}],\"inLanguage\":\"es\"},{\"@type\":\"Person\",\"@id\":\"https:\/\/www.sprachschule-aktiv-muenchen.de\/#\/schema\/person\/a74a6322db9745fd586f7e97f1ee5724\",\"name\":\"Martin Polo\",\"image\":{\"@type\":\"ImageObject\",\"inLanguage\":\"es\",\"@id\":\"https:\/\/www.sprachschule-aktiv-muenchen.de\/#\/schema\/person\/image\/\",\"url\":\"https:\/\/secure.gravatar.com\/avatar\/2cbe6176b6be8b122284c50d9e7a11af9502529eae284fd73534defd313e4152?s=96&d=mm&r=g\",\"contentUrl\":\"https:\/\/secure.gravatar.com\/avatar\/2cbe6176b6be8b122284c50d9e7a11af9502529eae284fd73534defd313e4152?s=96&d=mm&r=g\",\"caption\":\"Martin Polo\"}}]}<\/script>\n<!-- \/ Yoast SEO plugin. -->","yoast_head_json":{"title":"El acusativo en alem\u00e1n - Cursos online gratis de alem\u00e1n","description":"El acusativo en alem\u00e1n \u2013 Funciones, formas. En alem\u00e1n los diferentes elementos de la frase (sujeto, objeto, etc.) pueden estar en diferentes posiciones.","robots":{"index":"index","follow":"follow","max-snippet":"max-snippet:-1","max-image-preview":"max-image-preview:large","max-video-preview":"max-video-preview:-1"},"canonical":"https:\/\/www.sprachschule-aktiv-muenchen.de\/es\/el-acusativo-en-aleman\/","og_locale":"es_ES","og_type":"article","og_title":"El acusativo en alem\u00e1n - Cursos online gratis de alem\u00e1n","og_description":"El acusativo en alem\u00e1n \u2013 Funciones, formas. En alem\u00e1n los diferentes elementos de la frase (sujeto, objeto, etc.) pueden estar en diferentes posiciones.","og_url":"https:\/\/www.sprachschule-aktiv-muenchen.de\/es\/el-acusativo-en-aleman\/","og_site_name":"Sprachschule Aktiv","article_published_time":"2018-03-12T07:20:15+00:00","article_modified_time":"2019-04-12T07:35:19+00:00","og_image":[{"width":500,"height":281,"url":"https:\/\/www.sprachschule-aktiv-muenchen.de\/wp-content\/uploads\/2018\/03\/el-acusativo-en-aleman.jpg","type":"image\/jpeg"}],"author":"Martin Polo","twitter_card":"summary_large_image","twitter_misc":{"Escrito por":"Martin Polo","Tiempo de lectura":"3 minutos"},"schema":{"@context":"https:\/\/schema.org","@graph":[{"@type":"Article","@id":"https:\/\/www.sprachschule-aktiv-muenchen.de\/es\/el-acusativo-en-aleman\/#article","isPartOf":{"@id":"https:\/\/www.sprachschule-aktiv-muenchen.de\/es\/el-acusativo-en-aleman\/"},"author":{"name":"Martin Polo","@id":"https:\/\/www.sprachschule-aktiv-muenchen.de\/#\/schema\/person\/a74a6322db9745fd586f7e97f1ee5724"},"headline":"El acusativo en alem\u00e1n","datePublished":"2018-03-12T07:20:15+00:00","dateModified":"2019-04-12T07:35:19+00:00","mainEntityOfPage":{"@id":"https:\/\/www.sprachschule-aktiv-muenchen.de\/es\/el-acusativo-en-aleman\/"},"wordCount":636,"commentCount":0,"image":{"@id":"https:\/\/www.sprachschule-aktiv-muenchen.de\/es\/el-acusativo-en-aleman\/#primaryimage"},"thumbnailUrl":"https:\/\/www.sprachschule-aktiv-muenchen.de\/wp-content\/uploads\/2018\/03\/el-acusativo-en-aleman.jpg","articleSection":["Aprender alem\u00e1n gratis"],"inLanguage":"es"},{"@type":"WebPage","@id":"https:\/\/www.sprachschule-aktiv-muenchen.de\/es\/el-acusativo-en-aleman\/","url":"https:\/\/www.sprachschule-aktiv-muenchen.de\/es\/el-acusativo-en-aleman\/","name":"El acusativo en alem\u00e1n - Cursos online gratis de alem\u00e1n","isPartOf":{"@id":"https:\/\/www.sprachschule-aktiv-muenchen.de\/#website"},"primaryImageOfPage":{"@id":"https:\/\/www.sprachschule-aktiv-muenchen.de\/es\/el-acusativo-en-aleman\/#primaryimage"},"image":{"@id":"https:\/\/www.sprachschule-aktiv-muenchen.de\/es\/el-acusativo-en-aleman\/#primaryimage"},"thumbnailUrl":"https:\/\/www.sprachschule-aktiv-muenchen.de\/wp-content\/uploads\/2018\/03\/el-acusativo-en-aleman.jpg","datePublished":"2018-03-12T07:20:15+00:00","dateModified":"2019-04-12T07:35:19+00:00","author":{"@id":"https:\/\/www.sprachschule-aktiv-muenchen.de\/#\/schema\/person\/a74a6322db9745fd586f7e97f1ee5724"},"description":"El acusativo en alem\u00e1n \u2013 Funciones, formas. En alem\u00e1n los diferentes elementos de la frase (sujeto, objeto, etc.) pueden estar en diferentes posiciones.","breadcrumb":{"@id":"https:\/\/www.sprachschule-aktiv-muenchen.de\/es\/el-acusativo-en-aleman\/#breadcrumb"},"inLanguage":"es","potentialAction":[{"@type":"ReadAction","target":["https:\/\/www.sprachschule-aktiv-muenchen.de\/es\/el-acusativo-en-aleman\/"]}]},{"@type":"ImageObject","inLanguage":"es","@id":"https:\/\/www.sprachschule-aktiv-muenchen.de\/es\/el-acusativo-en-aleman\/#primaryimage","url":"https:\/\/www.sprachschule-aktiv-muenchen.de\/wp-content\/uploads\/2018\/03\/el-acusativo-en-aleman.jpg","contentUrl":"https:\/\/www.sprachschule-aktiv-muenchen.de\/wp-content\/uploads\/2018\/03\/el-acusativo-en-aleman.jpg","width":"500","height":"281","caption":"El acusativo en alem\u00e1n"},{"@type":"BreadcrumbList","@id":"https:\/\/www.sprachschule-aktiv-muenchen.de\/es\/el-acusativo-en-aleman\/#breadcrumb","itemListElement":[{"@type":"ListItem","position":1,"name":"Portada","item":"https:\/\/www.sprachschule-aktiv-muenchen.de\/es\/"},{"@type":"ListItem","position":2,"name":"El acusativo en alem\u00e1n"}]},{"@type":"WebSite","@id":"https:\/\/www.sprachschule-aktiv-muenchen.de\/#website","url":"https:\/\/www.sprachschule-aktiv-muenchen.de\/","name":"Sprachschule Aktiv","description":"","potentialAction":[{"@type":"SearchAction","target":{"@type":"EntryPoint","urlTemplate":"https:\/\/www.sprachschule-aktiv-muenchen.de\/?s={search_term_string}"},"query-input":{"@type":"PropertyValueSpecification","valueRequired":true,"valueName":"search_term_string"}}],"inLanguage":"es"},{"@type":"Person","@id":"https:\/\/www.sprachschule-aktiv-muenchen.de\/#\/schema\/person\/a74a6322db9745fd586f7e97f1ee5724","name":"Martin Polo","image":{"@type":"ImageObject","inLanguage":"es","@id":"https:\/\/www.sprachschule-aktiv-muenchen.de\/#\/schema\/person\/image\/","url":"https:\/\/secure.gravatar.com\/avatar\/2cbe6176b6be8b122284c50d9e7a11af9502529eae284fd73534defd313e4152?s=96&d=mm&r=g","contentUrl":"https:\/\/secure.gravatar.com\/avatar\/2cbe6176b6be8b122284c50d9e7a11af9502529eae284fd73534defd313e4152?s=96&d=mm&r=g","caption":"Martin Polo"}}]}},"_links":{"self":[{"href":"https:\/\/www.sprachschule-aktiv-muenchen.de\/es\/wp-json\/wp\/v2\/posts\/43992","targetHints":{"allow":["GET"]}}],"collection":[{"href":"https:\/\/www.sprachschule-aktiv-muenchen.de\/es\/wp-json\/wp\/v2\/posts"}],"about":[{"href":"https:\/\/www.sprachschule-aktiv-muenchen.de\/es\/wp-json\/wp\/v2\/types\/post"}],"author":[{"embeddable":true,"href":"https:\/\/www.sprachschule-aktiv-muenchen.de\/es\/wp-json\/wp\/v2\/users\/2"}],"replies":[{"embeddable":true,"href":"https:\/\/www.sprachschule-aktiv-muenchen.de\/es\/wp-json\/wp\/v2\/comments?post=43992"}],"version-history":[{"count":0,"href":"https:\/\/www.sprachschule-aktiv-muenchen.de\/es\/wp-json\/wp\/v2\/posts\/43992\/revisions"}],"wp:featuredmedia":[{"embeddable":true,"href":"https:\/\/www.sprachschule-aktiv-muenchen.de\/es\/wp-json\/wp\/v2\/media\/43993"}],"wp:attachment":[{"href":"https:\/\/www.sprachschule-aktiv-muenchen.de\/es\/wp-json\/wp\/v2\/media?parent=43992"}],"wp:term":[{"taxonomy":"category","embeddable":true,"href":"https:\/\/www.sprachschule-aktiv-muenchen.de\/es\/wp-json\/wp\/v2\/categories?post=43992"},{"taxonomy":"post_tag","embeddable":true,"href":"https:\/\/www.sprachschule-aktiv-muenchen.de\/es\/wp-json\/wp\/v2\/tags?post=43992"}],"curies":[{"name":"wp","href":"https:\/\/api.w.org\/{rel}","templated":true}]}}