{"id":43967,"date":"2018-03-12T08:07:58","date_gmt":"2018-03-12T07:07:58","guid":{"rendered":"https:\/\/www.sprachschule-aktiv-muenchen.de\/?p=43967"},"modified":"2020-12-13T07:50:35","modified_gmt":"2020-12-13T06:50:35","slug":"el-preterito-perfecto-en-aleman","status":"publish","type":"post","link":"https:\/\/www.sprachschule-aktiv-muenchen.de\/es\/el-preterito-perfecto-en-aleman\/","title":{"rendered":"El pret\u00e9rito perfecto en alem\u00e1n"},"content":{"rendered":"<h1><strong>El pret\u00e9rito perfecto en alem\u00e1n \u2013 Reglas, formas temporales, Gram\u00e1tica<\/strong><\/h1>\n<p>Este art\u00edculo trata de: El pret\u00e9rito perfecto en alem\u00e1n \u2013 Reglas, formas temporales,\u00a0Gram\u00e1tica<\/p>\n<p>El pret\u00e9rito perfecto, tambi\u00e9n llamado forma completa del pasado, es una de los tiempos verbales m\u00e1s importantes en la gram\u00e1tica alemana. Se utiliza para hablar del pasado. Seguidamente, explicaremos su construcci\u00f3n, as\u00ed como sus reglas de utilizaci\u00f3n y su gram\u00e1tica.<\/p>\n<a href=\"https:\/\/www.sprachschule-aktiv-muenchen.de\/es\/cursos-de-aleman-en-munich\/\"><img decoding=\"async\" class=\"alignnone size-full wp-image-56702\" src=\"https:\/\/www.sprachschule-aktiv-muenchen.de\/wp-content\/uploads\/2018\/03\/nuestros-cursos-de-aleman.jpg\" alt=\"Nuestros cursos de alem\u00e1n en Alemania\" width=\"300\" height=\"358\" srcset=\"https:\/\/www.sprachschule-aktiv-muenchen.de\/wp-content\/uploads\/2018\/03\/nuestros-cursos-de-aleman.jpg 300w, https:\/\/www.sprachschule-aktiv-muenchen.de\/wp-content\/uploads\/2018\/03\/nuestros-cursos-de-aleman-251x300.jpg 251w\" sizes=\"(max-width: 300px) 100vw, 300px\" \/><\/a>\n<h2><strong>La construcci\u00f3n del tiempo verbal en pret\u00e9rito perfecto \u2013 Haben y Sein<\/strong><\/h2>\n<p>La construcci\u00f3n del tiempo verbal en pret\u00e9rito perfecto se realiza con la ayuda de un verbo auxiliar. \u00c9stos tienen solamente una function gram\u00e1tica y no tienen en s\u00ed ning\u00fan significado. S\u00f3lo hay 2 verbos que pueden actuar como verbos auxiliares, estos son los verbos \u201ehaben\u201c y \u201esein\u201c.<\/p>\n<h2><strong>El pret\u00e9rito perfecto \u2013 Explicaciones y ejemplos<\/strong><\/h2>\n<p>El funcionamiento lo explicamos mejor con ejemplos. Tomemos una frase \u201eIch schaue den Film.\u201c. Cuando esta frase en presente la transformamos en pret\u00e9rito perfecto sucede lo siguiente: el verbo \u201eschauen\u201c se convierte en una frase en \u201eGE-schaut\u201c, en donde la frase comienza con un verbo auxiliar (en este caso con HABE porque se utiliza la forma de la primera persona ICH)<\/p>\n<p>Nuestra frase \u201eIch schaue den Film\u201c ser\u00eda en pret\u00e9rito perfecto \u201eIch habe den Film geschaut.\u201c<\/p>\n<p>Otro ejemplo ser\u00eda: \u201eSie lieben die Natur.\u201c Aqu\u00ed tambi\u00e9n se construye el participio con el prefijo \u201eGE\u201c, por lo tanto ser\u00eda \u201egeliebt\u201c. Debido a que con la forma de la tercera persona del plural se rige con \u201ehaben\u201c nuestra frase en pret\u00e9rito perfecto ser\u00eda: \u201eSie haben die Natur geliebt.\u201c<\/p>\n<h2><strong>El pret\u00e9rito perfecto \u2013 Excepciones<\/strong><\/h2>\n<p>Las excepciones ser\u00edan las frases con verbos de movimiento y de cambios de estado. En estos casos no se utiliza el verbo auxiliar\u201ehaben\u201c sino \u201esein\u201c. Verbos de movimiento son por ejemplo \u201egehen\u201c, \u201efahren\u201cy \u201efliegen\u201c.<\/p>\n<p>Otros ejemplos ser\u00edan.\u00a0 Tomemos la frase: \u201eIch fahre zur Schule.\u201c El verbo auxiliar ser\u00eda en este caso \u201ebin\u201c (primera persona del singular de \u201esein\u201c). El verbo \u201efahren\u201c se convierte en \u00a0\u201eGE-fahren\u201c y el participio se coloca al final de la frase. En pret\u00e9rito perfecto la frase ser\u00eda: \u201eIch bin zur Schule gefahren.\u201c<\/p>\n<p>Con la frase: \u201eWir schwimmen schnell.\u201c Ser\u00eda el pret\u00e9rito perfecto \u201eWir sind schnell geschwommen.\u201c La utilizaci\u00f3n de la forma \u201esind\u201c como verbo auxiliar se debe a que la frases utiliza la primera persona del plural, por lo que la frase en pret\u00e9rito perfecto se construye con el verbo auxiliar con la forma de la primera persona del plural( en este caso \u201csind\u201d).<\/p>\n<p>Asimismo sucede con los verbos de cambios de estado como \u201esterben\u201c o \u201eeinschlafen\u201c. Tambi\u00e9n con estos se utiliza\u201esein\u201c. Con la frase \u201eSie stirbt.\u201c Ser\u00eda el pret\u00e9rito perfecto \u201eSie ist gestorben\u201c. Y en la frase \u201eIch schlafe ein.\u201c Ser\u00eda el pret\u00e9rito perfecto \u201eIch bin eingeschlafen.\u201c<\/p>\n<h2><strong>La construcci\u00f3n del tiempo verbal pret\u00e9rito perfecto<\/strong><\/h2>\n<p>La construcci\u00f3n del tiempo verbal pret\u00e9rito perfecto comienza con los verbos auxiliares \u201ehaben\u201c y \u201esein\u201c. Se utiliza la forma del verbo auxiliar correspondiente conjugado de acuerto a la forma personal correspondiente.<\/p>\n<p>Por regla general el participio se construye con el prefijo \u201eGE\u201c.<\/p>\n<p>Con verbos de movimiento y de cambios de estado se utiliza el verbo auxiliary \u201esein\u201c, y en el resto de casos \u201ehaben\u201c.<\/p>\n<h3><strong>Otros art\u00edculos interesantes<\/strong><\/h3>\n<ul>\n<li><a href=\"https:\/\/www.sprachschule-aktiv-muenchen.de\/es\/cursos-de-aleman-semanales\/\">Cursos de alem\u00e1n semanales\u00a0<\/a><\/li>\n<li><a href=\"https:\/\/www.sprachschule-aktiv-muenchen.de\/deutsch-einstufungstest\/#nivel\">Test de nivel online para el idioma aleman<\/a><\/li>\n<\/ul>\n","protected":false},"excerpt":{"rendered":"<p>El pret\u00e9rito perfecto en alem\u00e1n \u2013 Reglas, formas temporales, Gram\u00e1tica Este art\u00edculo trata de: El pret\u00e9rito perfecto en alem\u00e1n \u2013 Reglas, formas temporales,\u00a0Gram\u00e1tica El pret\u00e9rito perfecto, tambi\u00e9n llamado forma completa del pasado, es una de los tiempos verbales m\u00e1s importantes en la gram\u00e1tica alemana. Se utiliza para hablar del pasado. Seguidamente, explicaremos su construcci\u00f3n, as\u00ed [&hellip;]<\/p>\n","protected":false},"author":2,"featured_media":43968,"comment_status":"open","ping_status":"open","sticky":false,"template":"","format":"standard","meta":{"footnotes":""},"categories":[45],"tags":[],"class_list":["post-43967","post","type-post","status-publish","format-standard","has-post-thumbnail","hentry","category-aprender-aleman-gratis"],"yoast_head":"<!-- This site is optimized with the Yoast SEO plugin v27.1.1 - https:\/\/yoast.com\/product\/yoast-seo-wordpress\/ -->\n<title>El pret\u00e9rito perfecto en alem\u00e1n \u2013 Reglas de uso<\/title>\n<meta name=\"description\" content=\"El pret\u00e9rito perfecto en alem\u00e1n \u2013 Reglas, formas temporales, Gram\u00e1tica Aprende aqu\u00ed a utilizarlo correctamente. Cursos gratis de alem\u00e1n!\" \/>\n<meta name=\"robots\" content=\"index, follow, max-snippet:-1, max-image-preview:large, max-video-preview:-1\" \/>\n<link rel=\"canonical\" href=\"https:\/\/www.sprachschule-aktiv-muenchen.de\/es\/el-preterito-perfecto-en-aleman\/\" \/>\n<meta property=\"og:locale\" content=\"es_ES\" \/>\n<meta property=\"og:type\" content=\"article\" \/>\n<meta property=\"og:title\" content=\"El pret\u00e9rito perfecto en alem\u00e1n \u2013 Reglas de uso\" \/>\n<meta property=\"og:description\" content=\"El pret\u00e9rito perfecto en alem\u00e1n \u2013 Reglas, formas temporales, Gram\u00e1tica Aprende aqu\u00ed a utilizarlo correctamente. Cursos gratis de alem\u00e1n!\" \/>\n<meta property=\"og:url\" content=\"https:\/\/www.sprachschule-aktiv-muenchen.de\/es\/el-preterito-perfecto-en-aleman\/\" \/>\n<meta property=\"og:site_name\" content=\"Sprachschule Aktiv\" \/>\n<meta property=\"article:published_time\" content=\"2018-03-12T07:07:58+00:00\" \/>\n<meta property=\"article:modified_time\" content=\"2020-12-13T06:50:35+00:00\" \/>\n<meta property=\"og:image\" content=\"https:\/\/www.sprachschule-aktiv-muenchen.de\/wp-content\/uploads\/2018\/03\/preterito-perfecto-aleman.jpg\" \/>\n\t<meta property=\"og:image:width\" content=\"344\" \/>\n\t<meta property=\"og:image:height\" content=\"230\" \/>\n\t<meta property=\"og:image:type\" content=\"image\/jpeg\" \/>\n<meta name=\"author\" content=\"Martin Polo\" \/>\n<meta name=\"twitter:card\" content=\"summary_large_image\" \/>\n<meta name=\"twitter:label1\" content=\"Escrito por\" \/>\n\t<meta name=\"twitter:data1\" content=\"Martin Polo\" \/>\n\t<meta name=\"twitter:label2\" content=\"Tiempo de lectura\" \/>\n\t<meta name=\"twitter:data2\" content=\"3 minutos\" \/>\n<script type=\"application\/ld+json\" class=\"yoast-schema-graph\">{\"@context\":\"https:\/\/schema.org\",\"@graph\":[{\"@type\":\"Article\",\"@id\":\"https:\/\/www.sprachschule-aktiv-muenchen.de\/es\/el-preterito-perfecto-en-aleman\/#article\",\"isPartOf\":{\"@id\":\"https:\/\/www.sprachschule-aktiv-muenchen.de\/es\/el-preterito-perfecto-en-aleman\/\"},\"author\":{\"name\":\"Martin Polo\",\"@id\":\"https:\/\/www.sprachschule-aktiv-muenchen.de\/#\/schema\/person\/a74a6322db9745fd586f7e97f1ee5724\"},\"headline\":\"El pret\u00e9rito perfecto en alem\u00e1n\",\"datePublished\":\"2018-03-12T07:07:58+00:00\",\"dateModified\":\"2020-12-13T06:50:35+00:00\",\"mainEntityOfPage\":{\"@id\":\"https:\/\/www.sprachschule-aktiv-muenchen.de\/es\/el-preterito-perfecto-en-aleman\/\"},\"wordCount\":593,\"commentCount\":0,\"image\":{\"@id\":\"https:\/\/www.sprachschule-aktiv-muenchen.de\/es\/el-preterito-perfecto-en-aleman\/#primaryimage\"},\"thumbnailUrl\":\"https:\/\/www.sprachschule-aktiv-muenchen.de\/wp-content\/uploads\/2018\/03\/preterito-perfecto-aleman.jpg\",\"articleSection\":[\"Aprender alem\u00e1n gratis\"],\"inLanguage\":\"es\"},{\"@type\":\"WebPage\",\"@id\":\"https:\/\/www.sprachschule-aktiv-muenchen.de\/es\/el-preterito-perfecto-en-aleman\/\",\"url\":\"https:\/\/www.sprachschule-aktiv-muenchen.de\/es\/el-preterito-perfecto-en-aleman\/\",\"name\":\"El pret\u00e9rito perfecto en alem\u00e1n \u2013 Reglas de uso\",\"isPartOf\":{\"@id\":\"https:\/\/www.sprachschule-aktiv-muenchen.de\/#website\"},\"primaryImageOfPage\":{\"@id\":\"https:\/\/www.sprachschule-aktiv-muenchen.de\/es\/el-preterito-perfecto-en-aleman\/#primaryimage\"},\"image\":{\"@id\":\"https:\/\/www.sprachschule-aktiv-muenchen.de\/es\/el-preterito-perfecto-en-aleman\/#primaryimage\"},\"thumbnailUrl\":\"https:\/\/www.sprachschule-aktiv-muenchen.de\/wp-content\/uploads\/2018\/03\/preterito-perfecto-aleman.jpg\",\"datePublished\":\"2018-03-12T07:07:58+00:00\",\"dateModified\":\"2020-12-13T06:50:35+00:00\",\"author\":{\"@id\":\"https:\/\/www.sprachschule-aktiv-muenchen.de\/#\/schema\/person\/a74a6322db9745fd586f7e97f1ee5724\"},\"description\":\"El pret\u00e9rito perfecto en alem\u00e1n \u2013 Reglas, formas temporales, Gram\u00e1tica Aprende aqu\u00ed a utilizarlo correctamente. Cursos gratis de alem\u00e1n!\",\"breadcrumb\":{\"@id\":\"https:\/\/www.sprachschule-aktiv-muenchen.de\/es\/el-preterito-perfecto-en-aleman\/#breadcrumb\"},\"inLanguage\":\"es\",\"potentialAction\":[{\"@type\":\"ReadAction\",\"target\":[\"https:\/\/www.sprachschule-aktiv-muenchen.de\/es\/el-preterito-perfecto-en-aleman\/\"]}]},{\"@type\":\"ImageObject\",\"inLanguage\":\"es\",\"@id\":\"https:\/\/www.sprachschule-aktiv-muenchen.de\/es\/el-preterito-perfecto-en-aleman\/#primaryimage\",\"url\":\"https:\/\/www.sprachschule-aktiv-muenchen.de\/wp-content\/uploads\/2018\/03\/preterito-perfecto-aleman.jpg\",\"contentUrl\":\"https:\/\/www.sprachschule-aktiv-muenchen.de\/wp-content\/uploads\/2018\/03\/preterito-perfecto-aleman.jpg\",\"width\":\"344\",\"height\":\"230\",\"caption\":\"El Pr\u00e9terito Perfecto en alem\u00e1n\"},{\"@type\":\"BreadcrumbList\",\"@id\":\"https:\/\/www.sprachschule-aktiv-muenchen.de\/es\/el-preterito-perfecto-en-aleman\/#breadcrumb\",\"itemListElement\":[{\"@type\":\"ListItem\",\"position\":1,\"name\":\"Portada\",\"item\":\"https:\/\/www.sprachschule-aktiv-muenchen.de\/es\/\"},{\"@type\":\"ListItem\",\"position\":2,\"name\":\"El pret\u00e9rito perfecto en alem\u00e1n\"}]},{\"@type\":\"WebSite\",\"@id\":\"https:\/\/www.sprachschule-aktiv-muenchen.de\/#website\",\"url\":\"https:\/\/www.sprachschule-aktiv-muenchen.de\/\",\"name\":\"Sprachschule Aktiv\",\"description\":\"\",\"potentialAction\":[{\"@type\":\"SearchAction\",\"target\":{\"@type\":\"EntryPoint\",\"urlTemplate\":\"https:\/\/www.sprachschule-aktiv-muenchen.de\/?s={search_term_string}\"},\"query-input\":{\"@type\":\"PropertyValueSpecification\",\"valueRequired\":true,\"valueName\":\"search_term_string\"}}],\"inLanguage\":\"es\"},{\"@type\":\"Person\",\"@id\":\"https:\/\/www.sprachschule-aktiv-muenchen.de\/#\/schema\/person\/a74a6322db9745fd586f7e97f1ee5724\",\"name\":\"Martin Polo\",\"image\":{\"@type\":\"ImageObject\",\"inLanguage\":\"es\",\"@id\":\"https:\/\/www.sprachschule-aktiv-muenchen.de\/#\/schema\/person\/image\/\",\"url\":\"https:\/\/secure.gravatar.com\/avatar\/2cbe6176b6be8b122284c50d9e7a11af9502529eae284fd73534defd313e4152?s=96&d=mm&r=g\",\"contentUrl\":\"https:\/\/secure.gravatar.com\/avatar\/2cbe6176b6be8b122284c50d9e7a11af9502529eae284fd73534defd313e4152?s=96&d=mm&r=g\",\"caption\":\"Martin Polo\"}}]}<\/script>\n<!-- \/ Yoast SEO plugin. -->","yoast_head_json":{"title":"El pret\u00e9rito perfecto en alem\u00e1n \u2013 Reglas de uso","description":"El pret\u00e9rito perfecto en alem\u00e1n \u2013 Reglas, formas temporales, Gram\u00e1tica Aprende aqu\u00ed a utilizarlo correctamente. Cursos gratis de alem\u00e1n!","robots":{"index":"index","follow":"follow","max-snippet":"max-snippet:-1","max-image-preview":"max-image-preview:large","max-video-preview":"max-video-preview:-1"},"canonical":"https:\/\/www.sprachschule-aktiv-muenchen.de\/es\/el-preterito-perfecto-en-aleman\/","og_locale":"es_ES","og_type":"article","og_title":"El pret\u00e9rito perfecto en alem\u00e1n \u2013 Reglas de uso","og_description":"El pret\u00e9rito perfecto en alem\u00e1n \u2013 Reglas, formas temporales, Gram\u00e1tica Aprende aqu\u00ed a utilizarlo correctamente. Cursos gratis de alem\u00e1n!","og_url":"https:\/\/www.sprachschule-aktiv-muenchen.de\/es\/el-preterito-perfecto-en-aleman\/","og_site_name":"Sprachschule Aktiv","article_published_time":"2018-03-12T07:07:58+00:00","article_modified_time":"2020-12-13T06:50:35+00:00","og_image":[{"width":344,"height":230,"url":"https:\/\/www.sprachschule-aktiv-muenchen.de\/wp-content\/uploads\/2018\/03\/preterito-perfecto-aleman.jpg","type":"image\/jpeg"}],"author":"Martin Polo","twitter_card":"summary_large_image","twitter_misc":{"Escrito por":"Martin Polo","Tiempo de lectura":"3 minutos"},"schema":{"@context":"https:\/\/schema.org","@graph":[{"@type":"Article","@id":"https:\/\/www.sprachschule-aktiv-muenchen.de\/es\/el-preterito-perfecto-en-aleman\/#article","isPartOf":{"@id":"https:\/\/www.sprachschule-aktiv-muenchen.de\/es\/el-preterito-perfecto-en-aleman\/"},"author":{"name":"Martin Polo","@id":"https:\/\/www.sprachschule-aktiv-muenchen.de\/#\/schema\/person\/a74a6322db9745fd586f7e97f1ee5724"},"headline":"El pret\u00e9rito perfecto en alem\u00e1n","datePublished":"2018-03-12T07:07:58+00:00","dateModified":"2020-12-13T06:50:35+00:00","mainEntityOfPage":{"@id":"https:\/\/www.sprachschule-aktiv-muenchen.de\/es\/el-preterito-perfecto-en-aleman\/"},"wordCount":593,"commentCount":0,"image":{"@id":"https:\/\/www.sprachschule-aktiv-muenchen.de\/es\/el-preterito-perfecto-en-aleman\/#primaryimage"},"thumbnailUrl":"https:\/\/www.sprachschule-aktiv-muenchen.de\/wp-content\/uploads\/2018\/03\/preterito-perfecto-aleman.jpg","articleSection":["Aprender alem\u00e1n gratis"],"inLanguage":"es"},{"@type":"WebPage","@id":"https:\/\/www.sprachschule-aktiv-muenchen.de\/es\/el-preterito-perfecto-en-aleman\/","url":"https:\/\/www.sprachschule-aktiv-muenchen.de\/es\/el-preterito-perfecto-en-aleman\/","name":"El pret\u00e9rito perfecto en alem\u00e1n \u2013 Reglas de uso","isPartOf":{"@id":"https:\/\/www.sprachschule-aktiv-muenchen.de\/#website"},"primaryImageOfPage":{"@id":"https:\/\/www.sprachschule-aktiv-muenchen.de\/es\/el-preterito-perfecto-en-aleman\/#primaryimage"},"image":{"@id":"https:\/\/www.sprachschule-aktiv-muenchen.de\/es\/el-preterito-perfecto-en-aleman\/#primaryimage"},"thumbnailUrl":"https:\/\/www.sprachschule-aktiv-muenchen.de\/wp-content\/uploads\/2018\/03\/preterito-perfecto-aleman.jpg","datePublished":"2018-03-12T07:07:58+00:00","dateModified":"2020-12-13T06:50:35+00:00","author":{"@id":"https:\/\/www.sprachschule-aktiv-muenchen.de\/#\/schema\/person\/a74a6322db9745fd586f7e97f1ee5724"},"description":"El pret\u00e9rito perfecto en alem\u00e1n \u2013 Reglas, formas temporales, Gram\u00e1tica Aprende aqu\u00ed a utilizarlo correctamente. Cursos gratis de alem\u00e1n!","breadcrumb":{"@id":"https:\/\/www.sprachschule-aktiv-muenchen.de\/es\/el-preterito-perfecto-en-aleman\/#breadcrumb"},"inLanguage":"es","potentialAction":[{"@type":"ReadAction","target":["https:\/\/www.sprachschule-aktiv-muenchen.de\/es\/el-preterito-perfecto-en-aleman\/"]}]},{"@type":"ImageObject","inLanguage":"es","@id":"https:\/\/www.sprachschule-aktiv-muenchen.de\/es\/el-preterito-perfecto-en-aleman\/#primaryimage","url":"https:\/\/www.sprachschule-aktiv-muenchen.de\/wp-content\/uploads\/2018\/03\/preterito-perfecto-aleman.jpg","contentUrl":"https:\/\/www.sprachschule-aktiv-muenchen.de\/wp-content\/uploads\/2018\/03\/preterito-perfecto-aleman.jpg","width":"344","height":"230","caption":"El Pr\u00e9terito Perfecto en alem\u00e1n"},{"@type":"BreadcrumbList","@id":"https:\/\/www.sprachschule-aktiv-muenchen.de\/es\/el-preterito-perfecto-en-aleman\/#breadcrumb","itemListElement":[{"@type":"ListItem","position":1,"name":"Portada","item":"https:\/\/www.sprachschule-aktiv-muenchen.de\/es\/"},{"@type":"ListItem","position":2,"name":"El pret\u00e9rito perfecto en alem\u00e1n"}]},{"@type":"WebSite","@id":"https:\/\/www.sprachschule-aktiv-muenchen.de\/#website","url":"https:\/\/www.sprachschule-aktiv-muenchen.de\/","name":"Sprachschule Aktiv","description":"","potentialAction":[{"@type":"SearchAction","target":{"@type":"EntryPoint","urlTemplate":"https:\/\/www.sprachschule-aktiv-muenchen.de\/?s={search_term_string}"},"query-input":{"@type":"PropertyValueSpecification","valueRequired":true,"valueName":"search_term_string"}}],"inLanguage":"es"},{"@type":"Person","@id":"https:\/\/www.sprachschule-aktiv-muenchen.de\/#\/schema\/person\/a74a6322db9745fd586f7e97f1ee5724","name":"Martin Polo","image":{"@type":"ImageObject","inLanguage":"es","@id":"https:\/\/www.sprachschule-aktiv-muenchen.de\/#\/schema\/person\/image\/","url":"https:\/\/secure.gravatar.com\/avatar\/2cbe6176b6be8b122284c50d9e7a11af9502529eae284fd73534defd313e4152?s=96&d=mm&r=g","contentUrl":"https:\/\/secure.gravatar.com\/avatar\/2cbe6176b6be8b122284c50d9e7a11af9502529eae284fd73534defd313e4152?s=96&d=mm&r=g","caption":"Martin Polo"}}]}},"_links":{"self":[{"href":"https:\/\/www.sprachschule-aktiv-muenchen.de\/es\/wp-json\/wp\/v2\/posts\/43967","targetHints":{"allow":["GET"]}}],"collection":[{"href":"https:\/\/www.sprachschule-aktiv-muenchen.de\/es\/wp-json\/wp\/v2\/posts"}],"about":[{"href":"https:\/\/www.sprachschule-aktiv-muenchen.de\/es\/wp-json\/wp\/v2\/types\/post"}],"author":[{"embeddable":true,"href":"https:\/\/www.sprachschule-aktiv-muenchen.de\/es\/wp-json\/wp\/v2\/users\/2"}],"replies":[{"embeddable":true,"href":"https:\/\/www.sprachschule-aktiv-muenchen.de\/es\/wp-json\/wp\/v2\/comments?post=43967"}],"version-history":[{"count":2,"href":"https:\/\/www.sprachschule-aktiv-muenchen.de\/es\/wp-json\/wp\/v2\/posts\/43967\/revisions"}],"predecessor-version":[{"id":61032,"href":"https:\/\/www.sprachschule-aktiv-muenchen.de\/es\/wp-json\/wp\/v2\/posts\/43967\/revisions\/61032"}],"wp:featuredmedia":[{"embeddable":true,"href":"https:\/\/www.sprachschule-aktiv-muenchen.de\/es\/wp-json\/wp\/v2\/media\/43968"}],"wp:attachment":[{"href":"https:\/\/www.sprachschule-aktiv-muenchen.de\/es\/wp-json\/wp\/v2\/media?parent=43967"}],"wp:term":[{"taxonomy":"category","embeddable":true,"href":"https:\/\/www.sprachschule-aktiv-muenchen.de\/es\/wp-json\/wp\/v2\/categories?post=43967"},{"taxonomy":"post_tag","embeddable":true,"href":"https:\/\/www.sprachschule-aktiv-muenchen.de\/es\/wp-json\/wp\/v2\/tags?post=43967"}],"curies":[{"name":"wp","href":"https:\/\/api.w.org\/{rel}","templated":true}]}}