{"id":43917,"date":"2018-03-12T07:41:47","date_gmt":"2018-03-12T06:41:47","guid":{"rendered":"https:\/\/www.sprachschule-aktiv-muenchen.de\/?p=43917"},"modified":"2021-11-21T06:48:12","modified_gmt":"2021-11-21T05:48:12","slug":"utilizacion-de-los-verbos-de-auxiliares-en-aleman","status":"publish","type":"post","link":"https:\/\/www.sprachschule-aktiv-muenchen.de\/es\/utilizacion-de-los-verbos-de-auxiliares-en-aleman\/","title":{"rendered":"Utilizaci\u00f3n de los verbos de auxiliares en alem\u00e1n"},"content":{"rendered":"<h1>La construcci\u00f3n del pret\u00e9rito perfecto en alem\u00e1n con \u201ehaben\u201c o \u201esein\u201c<\/h1>\n<p>El pret\u00e9rito perfecto es una de las formas temporales m\u00e1s importantes de la Gram\u00e1tica alemana. Se utiliza casi siempre que hablamos del pasado. Como en muchos otros lenguajes europeos el pret\u00e9rito perfecto se construye con un verbo auxiliar y el Participio II. Los verbos auxiliares en alem\u00e1n son \u201esein\u201c o \u201ehaben\u201c.<\/p>\n<h2>Utilizaci\u00f3n de los verbos de auxiliares en alem\u00e1n<\/h2>\n<p>De modo general, se utiliza el verbo auxiliar \u201esein\u201c con verbos de movimiento o de cambios de estado. \u201eHaben\u201c se utiliza con los otros verbos. Pero, \u00bfqu\u00e9 significa esto?<\/p>\n<h2>El verbo auxiliar \u201esein\u201c con verbos de movimiento<\/h2>\n<p>Los verbos de movimiento son, por ejemplo: laufen, gehen, fahren, rennen, springen, fliegen, es decir, son verbos que describen la locomoci\u00f3n desde un lugar. Cuando queremos construir el pret\u00e9rito perfecto con estos verbos, tenemos que utilizar el verbo auxiliar \u201esein\u201c de forma conjugadas en la segunda posici\u00f3n de la frase y la forma correspondiente del Participio II al final de la frase.<\/p>\n<p><strong> Por ejemplo:<\/strong><\/p>\n<p>Ich bin zum B\u00e4cker gelaufen. He ido a la panader\u00eda.<\/p>\n<p>Sin embargo, algunos verbos de movimiento pueden construirse en la forma de pret\u00e9rito perfecto con \u201ehaben\u201c y \u201esein\u201c. En esta categor\u00eda est\u00e1n los verbos como\u201eschwimmen\u201c o \u201ejoggen\u201c.<\/p>\n<p>En conexi\u00f3n con direcciones o lugares, la construcci\u00f3n del pret\u00e9rito perfecto s\u00f3lo se puede realizar con \u201esein\u201c.<\/p>\n<p><strong>Por ejemplo:<\/strong><\/p>\n<p>Ich habe geschwommen. Ich bin geschwommen. Ich bin zum Ufer geschwommen.<br \/>\nIch habe gejoggt. Ich bin gejoggt. Ich bin durch den Park gejoggt.<\/p>\n<p>Todas las formas nombradas son correctas, sin embargo, la formaci\u00f3n del pret\u00e9rito perfecto con verbos de movimiento tiende a hacerse con \u201ehaben\u201c.<\/p>\n<h2>El verbo auxiliar \u201esein\u201c con verbos de cambios de estado<\/h2>\n<p><strong>Los verbos de cambios de estado <\/strong>pueden ser, por ejemplo: sterben, wachsen, trocknen, verschwinden; tambi\u00e9n todos los verbos que describen un cambio de un estado A a un estado B, por ejemplo:<\/p>\n<p>lebendig \u2013&gt; sterben \u2013&gt; tot<br \/>\nklein \u2013&gt; wachsen \u2013&gt; gro\u00df<\/p>\n<p>Tambi\u00e9n estos verbos se construyen en la forma de pret\u00e9rito perfecto con \u201esein\u201c. Excepci\u00f3n:<\/p>\n<p>Con verbos transitivos de cambios de estado que se utilizan con objetos directos (acusativo) se construye la forma del pret\u00e9rito perfecto con \u201ehaben\u201c.<\/p>\n<p><strong>Por ejemplo:<\/strong><br \/>\nDie W\u00e4sche ist in der Sonne getrocknet. Pero: Die Sonne hat die W\u00e4sche getrocknet.<\/p>\n<p>La colada se ha secado al sol. Pero: El sol ha secado la colada.<\/p>\n<h2>El verbo auxiliar \u201ehaben\u201c \u2013 el \u201ecaso normal\u201c<\/h2>\n<p>Con todos los verbos, excepto los que describan movimiento o cambio de estado, se construir\u00e1 la forma del pret\u00e9rito perfecto con el verbo auxiliar \u201ehaben\u201c. Esto concierne a la mayor\u00eda de verbos alemanes.<\/p>\n<p>Los siguientes verbos se construyen en la forma del pret\u00e9rito perfecto siempre con \u201ehaben\u201c:<br \/>\n\u2013 verbos transitivos, es decir, verbos en conexi\u00f3n con un objeto directo (acusativo), por ejemplo: Sie hat ein Eis gegessen. Ella se ha comido un helado.<br \/>\n\u2013 verbos reflexivos, por ejemplo: Ich habe mich gewaschen. Me he lavado.<\/p>\n<h2>Particularidades regionales<\/h2>\n<p>A pesar de la reglas generales nombradas, en las que el verbo \u201esein\u201c se utiliza exclusivamente con verbos de movimiento y de cambio de estado, en algunas regiones no est\u00e1 clara la utilizaci\u00f3n de \u201esein\u201c. En el \u00e1rea ling\u00fc\u00edstica del sur de Alemania, es usual la construcci\u00f3n del pret\u00e9rito perfecto de verbos como \u201esitzen\u201c, \u201estehen\u201c y \u201eliegen\u201c con la ayuda del verbo auxiliar \u201esein\u201c aunque estos verbos no describan un movimiento y cambio de estado.<\/p>\n<p>En el sur de Alemania, Austria y Suiza se utilizan de forma est\u00e1ndar y, en absoluto, falsa construcciones como: \u201eIch bin gesessen\u201c, \u201eEr ist gestanden\u201c o \u201eDu bist gelegen\u201c. Cual de las variantes debe asimilar el estudiante de alem\u00e1n, depende de forma decisiva, de la region en la que se estudia el lenguaje y de donde proceden las personas con las que va a comunicarse cotidianamente.<\/p>\n<h3>Otros art\u00edculos de nuestro blog y cursos de alem\u00e1n<\/h3>\n<ul>\n<li><a href=\"https:\/\/www.sprachschule-aktiv-muenchen.de\/es\/cursos-intensivos-de-aleman-en-munich\/\">Cursos intensivos de alem\u00e1n en Alemania para todos los niveles<\/a><\/li>\n<li><a href=\"https:\/\/www.sprachschule-aktiv-muenchen.de\/es\/verbos-separables-e-inseparables-en-aleman\/\">Verbos separables e inseparables<\/a><\/li>\n<\/ul>\n","protected":false},"excerpt":{"rendered":"<p>La construcci\u00f3n del pret\u00e9rito perfecto en alem\u00e1n con \u201ehaben\u201c o \u201esein\u201c El pret\u00e9rito perfecto es una de las formas temporales m\u00e1s importantes de la Gram\u00e1tica alemana. Se utiliza casi siempre que hablamos del pasado. Como en muchos otros lenguajes europeos el pret\u00e9rito perfecto se construye con un verbo auxiliar y el Participio II. Los verbos [&hellip;]<\/p>\n","protected":false},"author":2,"featured_media":43918,"comment_status":"open","ping_status":"open","sticky":false,"template":"","format":"standard","meta":{"footnotes":""},"categories":[45],"tags":[],"class_list":["post-43917","post","type-post","status-publish","format-standard","has-post-thumbnail","hentry","category-aprender-aleman-gratis"],"yoast_head":"<!-- This site is optimized with the Yoast SEO plugin v27.1.1 - https:\/\/yoast.com\/product\/yoast-seo-wordpress\/ -->\n<title>Utilizaci\u00f3n de los verbos de auxiliares en alem\u00e1n - haben o sein<\/title>\n<meta name=\"description\" content=\"La construcci\u00f3n del pret\u00e9rito perfecto con \u201ehaben\u201c o \u201esein\u201c \u2013 \u00a0Aqu\u00ed aprender\u00e1s la utilizaci\u00f3n de los verbos de auxiliares en el idioma alem\u00e1n\" \/>\n<meta name=\"robots\" content=\"index, follow, max-snippet:-1, max-image-preview:large, max-video-preview:-1\" \/>\n<link rel=\"canonical\" href=\"https:\/\/www.sprachschule-aktiv-muenchen.de\/es\/utilizacion-de-los-verbos-de-auxiliares-en-aleman\/\" \/>\n<meta property=\"og:locale\" content=\"es_ES\" \/>\n<meta property=\"og:type\" content=\"article\" \/>\n<meta property=\"og:title\" content=\"Utilizaci\u00f3n de los verbos de auxiliares en alem\u00e1n - haben o sein\" \/>\n<meta property=\"og:description\" content=\"La construcci\u00f3n del pret\u00e9rito perfecto con \u201ehaben\u201c o \u201esein\u201c \u2013 \u00a0Aqu\u00ed aprender\u00e1s la utilizaci\u00f3n de los verbos de auxiliares en el idioma alem\u00e1n\" \/>\n<meta property=\"og:url\" content=\"https:\/\/www.sprachschule-aktiv-muenchen.de\/es\/utilizacion-de-los-verbos-de-auxiliares-en-aleman\/\" \/>\n<meta property=\"og:site_name\" content=\"Sprachschule Aktiv\" \/>\n<meta property=\"article:published_time\" content=\"2018-03-12T06:41:47+00:00\" \/>\n<meta property=\"article:modified_time\" content=\"2021-11-21T05:48:12+00:00\" \/>\n<meta property=\"og:image\" content=\"https:\/\/www.sprachschule-aktiv-muenchen.de\/wp-content\/uploads\/2018\/03\/los-verbos-auxiliares-aleman.jpg\" \/>\n\t<meta property=\"og:image:width\" content=\"500\" \/>\n\t<meta property=\"og:image:height\" content=\"375\" \/>\n\t<meta property=\"og:image:type\" content=\"image\/jpeg\" \/>\n<meta name=\"author\" content=\"Martin Polo\" \/>\n<meta name=\"twitter:card\" content=\"summary_large_image\" \/>\n<meta name=\"twitter:label1\" content=\"Escrito por\" \/>\n\t<meta name=\"twitter:data1\" content=\"Martin Polo\" \/>\n\t<meta name=\"twitter:label2\" content=\"Tiempo de lectura\" \/>\n\t<meta name=\"twitter:data2\" content=\"3 minutos\" \/>\n<script type=\"application\/ld+json\" class=\"yoast-schema-graph\">{\"@context\":\"https:\/\/schema.org\",\"@graph\":[{\"@type\":\"Article\",\"@id\":\"https:\/\/www.sprachschule-aktiv-muenchen.de\/es\/utilizacion-de-los-verbos-de-auxiliares-en-aleman\/#article\",\"isPartOf\":{\"@id\":\"https:\/\/www.sprachschule-aktiv-muenchen.de\/es\/utilizacion-de-los-verbos-de-auxiliares-en-aleman\/\"},\"author\":{\"name\":\"Martin Polo\",\"@id\":\"https:\/\/www.sprachschule-aktiv-muenchen.de\/#\/schema\/person\/a74a6322db9745fd586f7e97f1ee5724\"},\"headline\":\"Utilizaci\u00f3n de los verbos de auxiliares en alem\u00e1n\",\"datePublished\":\"2018-03-12T06:41:47+00:00\",\"dateModified\":\"2021-11-21T05:48:12+00:00\",\"mainEntityOfPage\":{\"@id\":\"https:\/\/www.sprachschule-aktiv-muenchen.de\/es\/utilizacion-de-los-verbos-de-auxiliares-en-aleman\/\"},\"wordCount\":702,\"commentCount\":0,\"image\":{\"@id\":\"https:\/\/www.sprachschule-aktiv-muenchen.de\/es\/utilizacion-de-los-verbos-de-auxiliares-en-aleman\/#primaryimage\"},\"thumbnailUrl\":\"https:\/\/www.sprachschule-aktiv-muenchen.de\/wp-content\/uploads\/2018\/03\/los-verbos-auxiliares-aleman.jpg\",\"articleSection\":[\"Aprender alem\u00e1n gratis\"],\"inLanguage\":\"es\"},{\"@type\":\"WebPage\",\"@id\":\"https:\/\/www.sprachschule-aktiv-muenchen.de\/es\/utilizacion-de-los-verbos-de-auxiliares-en-aleman\/\",\"url\":\"https:\/\/www.sprachschule-aktiv-muenchen.de\/es\/utilizacion-de-los-verbos-de-auxiliares-en-aleman\/\",\"name\":\"Utilizaci\u00f3n de los verbos de auxiliares en alem\u00e1n - haben o sein\",\"isPartOf\":{\"@id\":\"https:\/\/www.sprachschule-aktiv-muenchen.de\/#website\"},\"primaryImageOfPage\":{\"@id\":\"https:\/\/www.sprachschule-aktiv-muenchen.de\/es\/utilizacion-de-los-verbos-de-auxiliares-en-aleman\/#primaryimage\"},\"image\":{\"@id\":\"https:\/\/www.sprachschule-aktiv-muenchen.de\/es\/utilizacion-de-los-verbos-de-auxiliares-en-aleman\/#primaryimage\"},\"thumbnailUrl\":\"https:\/\/www.sprachschule-aktiv-muenchen.de\/wp-content\/uploads\/2018\/03\/los-verbos-auxiliares-aleman.jpg\",\"datePublished\":\"2018-03-12T06:41:47+00:00\",\"dateModified\":\"2021-11-21T05:48:12+00:00\",\"author\":{\"@id\":\"https:\/\/www.sprachschule-aktiv-muenchen.de\/#\/schema\/person\/a74a6322db9745fd586f7e97f1ee5724\"},\"description\":\"La construcci\u00f3n del pret\u00e9rito perfecto con \u201ehaben\u201c o \u201esein\u201c \u2013 \u00a0Aqu\u00ed aprender\u00e1s la utilizaci\u00f3n de los verbos de auxiliares en el idioma alem\u00e1n\",\"breadcrumb\":{\"@id\":\"https:\/\/www.sprachschule-aktiv-muenchen.de\/es\/utilizacion-de-los-verbos-de-auxiliares-en-aleman\/#breadcrumb\"},\"inLanguage\":\"es\",\"potentialAction\":[{\"@type\":\"ReadAction\",\"target\":[\"https:\/\/www.sprachschule-aktiv-muenchen.de\/es\/utilizacion-de-los-verbos-de-auxiliares-en-aleman\/\"]}]},{\"@type\":\"ImageObject\",\"inLanguage\":\"es\",\"@id\":\"https:\/\/www.sprachschule-aktiv-muenchen.de\/es\/utilizacion-de-los-verbos-de-auxiliares-en-aleman\/#primaryimage\",\"url\":\"https:\/\/www.sprachschule-aktiv-muenchen.de\/wp-content\/uploads\/2018\/03\/los-verbos-auxiliares-aleman.jpg\",\"contentUrl\":\"https:\/\/www.sprachschule-aktiv-muenchen.de\/wp-content\/uploads\/2018\/03\/los-verbos-auxiliares-aleman.jpg\",\"width\":\"500\",\"height\":\"375\",\"caption\":\"Los verbos auxiliares en alem\u00e1n\"},{\"@type\":\"BreadcrumbList\",\"@id\":\"https:\/\/www.sprachschule-aktiv-muenchen.de\/es\/utilizacion-de-los-verbos-de-auxiliares-en-aleman\/#breadcrumb\",\"itemListElement\":[{\"@type\":\"ListItem\",\"position\":1,\"name\":\"Portada\",\"item\":\"https:\/\/www.sprachschule-aktiv-muenchen.de\/es\/\"},{\"@type\":\"ListItem\",\"position\":2,\"name\":\"Utilizaci\u00f3n de los verbos de auxiliares en alem\u00e1n\"}]},{\"@type\":\"WebSite\",\"@id\":\"https:\/\/www.sprachschule-aktiv-muenchen.de\/#website\",\"url\":\"https:\/\/www.sprachschule-aktiv-muenchen.de\/\",\"name\":\"Sprachschule Aktiv\",\"description\":\"\",\"potentialAction\":[{\"@type\":\"SearchAction\",\"target\":{\"@type\":\"EntryPoint\",\"urlTemplate\":\"https:\/\/www.sprachschule-aktiv-muenchen.de\/?s={search_term_string}\"},\"query-input\":{\"@type\":\"PropertyValueSpecification\",\"valueRequired\":true,\"valueName\":\"search_term_string\"}}],\"inLanguage\":\"es\"},{\"@type\":\"Person\",\"@id\":\"https:\/\/www.sprachschule-aktiv-muenchen.de\/#\/schema\/person\/a74a6322db9745fd586f7e97f1ee5724\",\"name\":\"Martin Polo\",\"image\":{\"@type\":\"ImageObject\",\"inLanguage\":\"es\",\"@id\":\"https:\/\/www.sprachschule-aktiv-muenchen.de\/#\/schema\/person\/image\/\",\"url\":\"https:\/\/secure.gravatar.com\/avatar\/2cbe6176b6be8b122284c50d9e7a11af9502529eae284fd73534defd313e4152?s=96&d=mm&r=g\",\"contentUrl\":\"https:\/\/secure.gravatar.com\/avatar\/2cbe6176b6be8b122284c50d9e7a11af9502529eae284fd73534defd313e4152?s=96&d=mm&r=g\",\"caption\":\"Martin Polo\"}}]}<\/script>\n<!-- \/ Yoast SEO plugin. -->","yoast_head_json":{"title":"Utilizaci\u00f3n de los verbos de auxiliares en alem\u00e1n - haben o sein","description":"La construcci\u00f3n del pret\u00e9rito perfecto con \u201ehaben\u201c o \u201esein\u201c \u2013 \u00a0Aqu\u00ed aprender\u00e1s la utilizaci\u00f3n de los verbos de auxiliares en el idioma alem\u00e1n","robots":{"index":"index","follow":"follow","max-snippet":"max-snippet:-1","max-image-preview":"max-image-preview:large","max-video-preview":"max-video-preview:-1"},"canonical":"https:\/\/www.sprachschule-aktiv-muenchen.de\/es\/utilizacion-de-los-verbos-de-auxiliares-en-aleman\/","og_locale":"es_ES","og_type":"article","og_title":"Utilizaci\u00f3n de los verbos de auxiliares en alem\u00e1n - haben o sein","og_description":"La construcci\u00f3n del pret\u00e9rito perfecto con \u201ehaben\u201c o \u201esein\u201c \u2013 \u00a0Aqu\u00ed aprender\u00e1s la utilizaci\u00f3n de los verbos de auxiliares en el idioma alem\u00e1n","og_url":"https:\/\/www.sprachschule-aktiv-muenchen.de\/es\/utilizacion-de-los-verbos-de-auxiliares-en-aleman\/","og_site_name":"Sprachschule Aktiv","article_published_time":"2018-03-12T06:41:47+00:00","article_modified_time":"2021-11-21T05:48:12+00:00","og_image":[{"width":500,"height":375,"url":"https:\/\/www.sprachschule-aktiv-muenchen.de\/wp-content\/uploads\/2018\/03\/los-verbos-auxiliares-aleman.jpg","type":"image\/jpeg"}],"author":"Martin Polo","twitter_card":"summary_large_image","twitter_misc":{"Escrito por":"Martin Polo","Tiempo de lectura":"3 minutos"},"schema":{"@context":"https:\/\/schema.org","@graph":[{"@type":"Article","@id":"https:\/\/www.sprachschule-aktiv-muenchen.de\/es\/utilizacion-de-los-verbos-de-auxiliares-en-aleman\/#article","isPartOf":{"@id":"https:\/\/www.sprachschule-aktiv-muenchen.de\/es\/utilizacion-de-los-verbos-de-auxiliares-en-aleman\/"},"author":{"name":"Martin Polo","@id":"https:\/\/www.sprachschule-aktiv-muenchen.de\/#\/schema\/person\/a74a6322db9745fd586f7e97f1ee5724"},"headline":"Utilizaci\u00f3n de los verbos de auxiliares en alem\u00e1n","datePublished":"2018-03-12T06:41:47+00:00","dateModified":"2021-11-21T05:48:12+00:00","mainEntityOfPage":{"@id":"https:\/\/www.sprachschule-aktiv-muenchen.de\/es\/utilizacion-de-los-verbos-de-auxiliares-en-aleman\/"},"wordCount":702,"commentCount":0,"image":{"@id":"https:\/\/www.sprachschule-aktiv-muenchen.de\/es\/utilizacion-de-los-verbos-de-auxiliares-en-aleman\/#primaryimage"},"thumbnailUrl":"https:\/\/www.sprachschule-aktiv-muenchen.de\/wp-content\/uploads\/2018\/03\/los-verbos-auxiliares-aleman.jpg","articleSection":["Aprender alem\u00e1n gratis"],"inLanguage":"es"},{"@type":"WebPage","@id":"https:\/\/www.sprachschule-aktiv-muenchen.de\/es\/utilizacion-de-los-verbos-de-auxiliares-en-aleman\/","url":"https:\/\/www.sprachschule-aktiv-muenchen.de\/es\/utilizacion-de-los-verbos-de-auxiliares-en-aleman\/","name":"Utilizaci\u00f3n de los verbos de auxiliares en alem\u00e1n - haben o sein","isPartOf":{"@id":"https:\/\/www.sprachschule-aktiv-muenchen.de\/#website"},"primaryImageOfPage":{"@id":"https:\/\/www.sprachschule-aktiv-muenchen.de\/es\/utilizacion-de-los-verbos-de-auxiliares-en-aleman\/#primaryimage"},"image":{"@id":"https:\/\/www.sprachschule-aktiv-muenchen.de\/es\/utilizacion-de-los-verbos-de-auxiliares-en-aleman\/#primaryimage"},"thumbnailUrl":"https:\/\/www.sprachschule-aktiv-muenchen.de\/wp-content\/uploads\/2018\/03\/los-verbos-auxiliares-aleman.jpg","datePublished":"2018-03-12T06:41:47+00:00","dateModified":"2021-11-21T05:48:12+00:00","author":{"@id":"https:\/\/www.sprachschule-aktiv-muenchen.de\/#\/schema\/person\/a74a6322db9745fd586f7e97f1ee5724"},"description":"La construcci\u00f3n del pret\u00e9rito perfecto con \u201ehaben\u201c o \u201esein\u201c \u2013 \u00a0Aqu\u00ed aprender\u00e1s la utilizaci\u00f3n de los verbos de auxiliares en el idioma alem\u00e1n","breadcrumb":{"@id":"https:\/\/www.sprachschule-aktiv-muenchen.de\/es\/utilizacion-de-los-verbos-de-auxiliares-en-aleman\/#breadcrumb"},"inLanguage":"es","potentialAction":[{"@type":"ReadAction","target":["https:\/\/www.sprachschule-aktiv-muenchen.de\/es\/utilizacion-de-los-verbos-de-auxiliares-en-aleman\/"]}]},{"@type":"ImageObject","inLanguage":"es","@id":"https:\/\/www.sprachschule-aktiv-muenchen.de\/es\/utilizacion-de-los-verbos-de-auxiliares-en-aleman\/#primaryimage","url":"https:\/\/www.sprachschule-aktiv-muenchen.de\/wp-content\/uploads\/2018\/03\/los-verbos-auxiliares-aleman.jpg","contentUrl":"https:\/\/www.sprachschule-aktiv-muenchen.de\/wp-content\/uploads\/2018\/03\/los-verbos-auxiliares-aleman.jpg","width":"500","height":"375","caption":"Los verbos auxiliares en alem\u00e1n"},{"@type":"BreadcrumbList","@id":"https:\/\/www.sprachschule-aktiv-muenchen.de\/es\/utilizacion-de-los-verbos-de-auxiliares-en-aleman\/#breadcrumb","itemListElement":[{"@type":"ListItem","position":1,"name":"Portada","item":"https:\/\/www.sprachschule-aktiv-muenchen.de\/es\/"},{"@type":"ListItem","position":2,"name":"Utilizaci\u00f3n de los verbos de auxiliares en alem\u00e1n"}]},{"@type":"WebSite","@id":"https:\/\/www.sprachschule-aktiv-muenchen.de\/#website","url":"https:\/\/www.sprachschule-aktiv-muenchen.de\/","name":"Sprachschule Aktiv","description":"","potentialAction":[{"@type":"SearchAction","target":{"@type":"EntryPoint","urlTemplate":"https:\/\/www.sprachschule-aktiv-muenchen.de\/?s={search_term_string}"},"query-input":{"@type":"PropertyValueSpecification","valueRequired":true,"valueName":"search_term_string"}}],"inLanguage":"es"},{"@type":"Person","@id":"https:\/\/www.sprachschule-aktiv-muenchen.de\/#\/schema\/person\/a74a6322db9745fd586f7e97f1ee5724","name":"Martin Polo","image":{"@type":"ImageObject","inLanguage":"es","@id":"https:\/\/www.sprachschule-aktiv-muenchen.de\/#\/schema\/person\/image\/","url":"https:\/\/secure.gravatar.com\/avatar\/2cbe6176b6be8b122284c50d9e7a11af9502529eae284fd73534defd313e4152?s=96&d=mm&r=g","contentUrl":"https:\/\/secure.gravatar.com\/avatar\/2cbe6176b6be8b122284c50d9e7a11af9502529eae284fd73534defd313e4152?s=96&d=mm&r=g","caption":"Martin Polo"}}]}},"_links":{"self":[{"href":"https:\/\/www.sprachschule-aktiv-muenchen.de\/es\/wp-json\/wp\/v2\/posts\/43917","targetHints":{"allow":["GET"]}}],"collection":[{"href":"https:\/\/www.sprachschule-aktiv-muenchen.de\/es\/wp-json\/wp\/v2\/posts"}],"about":[{"href":"https:\/\/www.sprachschule-aktiv-muenchen.de\/es\/wp-json\/wp\/v2\/types\/post"}],"author":[{"embeddable":true,"href":"https:\/\/www.sprachschule-aktiv-muenchen.de\/es\/wp-json\/wp\/v2\/users\/2"}],"replies":[{"embeddable":true,"href":"https:\/\/www.sprachschule-aktiv-muenchen.de\/es\/wp-json\/wp\/v2\/comments?post=43917"}],"version-history":[{"count":4,"href":"https:\/\/www.sprachschule-aktiv-muenchen.de\/es\/wp-json\/wp\/v2\/posts\/43917\/revisions"}],"predecessor-version":[{"id":70122,"href":"https:\/\/www.sprachschule-aktiv-muenchen.de\/es\/wp-json\/wp\/v2\/posts\/43917\/revisions\/70122"}],"wp:featuredmedia":[{"embeddable":true,"href":"https:\/\/www.sprachschule-aktiv-muenchen.de\/es\/wp-json\/wp\/v2\/media\/43918"}],"wp:attachment":[{"href":"https:\/\/www.sprachschule-aktiv-muenchen.de\/es\/wp-json\/wp\/v2\/media?parent=43917"}],"wp:term":[{"taxonomy":"category","embeddable":true,"href":"https:\/\/www.sprachschule-aktiv-muenchen.de\/es\/wp-json\/wp\/v2\/categories?post=43917"},{"taxonomy":"post_tag","embeddable":true,"href":"https:\/\/www.sprachschule-aktiv-muenchen.de\/es\/wp-json\/wp\/v2\/tags?post=43917"}],"curies":[{"name":"wp","href":"https:\/\/api.w.org\/{rel}","templated":true}]}}