{"id":43892,"date":"2018-03-12T07:32:37","date_gmt":"2018-03-12T06:32:37","guid":{"rendered":"https:\/\/www.sprachschule-aktiv-muenchen.de\/?p=43892"},"modified":"2021-12-16T08:24:10","modified_gmt":"2021-12-16T07:24:10","slug":"verbos-separables-e-inseparables-en-aleman","status":"publish","type":"post","link":"https:\/\/www.sprachschule-aktiv-muenchen.de\/es\/verbos-separables-e-inseparables-en-aleman\/","title":{"rendered":"Verbos separables e inseparables en alem\u00e1n"},"content":{"rendered":"<h1>Verbos separables e inseparables en alem\u00e1n<\/h1>\n<p>Laufen, entlaufen, auslaufen: muchos verbos alemanes pueden, debido a un prefijo, cambiar su significado. A menudo, cuando se conjugan estos verbos, la forma verbal queda separada de estos prefijos. Estos son los verbos separables. Cuando el prefijo se queda con la forma verbal de un verbo conjugado se trata de un verbo inseparable. El que un verbo y un prefijo se separen depende del prefijo.<\/p>\n<h2>Prefijos separables<\/h2>\n<p>La mayor\u00eda de los prefijos alemanes se separan del verbo al conjugarlo. Lo que significa, que el prefijo, que en infinitivo es parte integrante y directa del verbo, se sit\u00faa al final de la frase del verbo conjugado.<\/p>\n<p>Por ejemplo:<\/p>\n<p>anrufen \u2013&gt; Ich rufe Dich sp\u00e4ter an. Te llamo m\u00e1s tarde.<\/p>\n<p>einladen \u2013&gt; L\u00e4dst Du mich zum Geburtstag ein? \u00bfMe invitas a tu cumplea\u00f1os?<\/p>\n<h2>Los siguientes prefijos son separables:<\/h2>\n<p>an-, auf-, ab-, aus-, bei-, da-, ein-, mit-, vor-, zu-, hin-, her-, nach-, los-, weiter-, rein-, raus-, weg-, gegen-, hoch-, runter-, r\u00fcber-, entlang-, empor-, entgegen-, fern-, fest-, fort-, nieder-, zurecht-, zusammen-, auseinander-, entzwei-, gegen\u00fcber-, heim-, hinterher-.<\/p>\n<p>Como regla general rige: el prefijo se descata cuando es separable y, al contrario, no se destaca cuando no es separable. Cuando el prefijo puede ser utilizado en una inclinaci\u00f3n conjunta como palabra independiente (normalmente como preposici\u00f3n), es casi siempre separable.<\/p>\n<h2>Prefijo separable<\/h2>\n<p>Los siguientes prefijo se conjugar\u00e1n de forma que no se separa del verbo aunque son prefijos separable:<br \/>\nge-, be-, zer-, ver-, ent-, er-, re-, de-, des-, dis-, in-, miss-, fehl-, hinter-.<br \/>\nPor ejemplo:<\/p>\n<p>geh\u00f6ren \u2013&gt; Geh\u00f6rt der Stift Dir? \u00bfTe pertenece a ti el bol\u00edgrafo?<\/p>\n<p>bestellen \u2013&gt; Wer hat den Tee bestellt? \u00bfQui\u00e9n ha pedido t\u00e9?<\/p>\n<p>La mayor\u00eda de prefijos no separable no pueden estar como palabra independiente.<\/p>\n<h2>Prefijos que pueden ser no s\u00f3lo separables sino tambi\u00e9n inseparable<\/h2>\n<p>Algunos prefijos pueden ser tanto separables como inseparables. Si estos prefijos se separan o no depende del verbo con el que se conecte. Estos prefijos son:<\/p>\n<p>um-, \u00fcber-, durch-, unter-, wieder- und wider-.<\/p>\n<p><strong>Por ejemplo: <\/strong><br \/>\nwiederholen \u2013&gt; Er wiederholt seine Aussage mehrmals. Ha repasado su declaraci\u00f3n muchas veces.<br \/>\nwiedersehen \u2013&gt; Er sieht sie nach langer Zeit wieder. \u00c9l se reencuentra con ella tras largo tiempo.<\/p>\n<p>Aqu\u00ed tambi\u00e9n rige la regla general: el prefijo se destaca cuando es separable y no se destaca cuando es inseparable.<\/p>\n<p>Adem\u00e1s hay prefijos que al separarlos tienen otro significado.<\/p>\n<p><strong> Por ejemplo:<\/strong><\/p>\n<p>Er umf\u00e4hrt die Baustelle. Fahr bitte nicht das Schild um!<\/p>\n<p>\u00c9l evit\u00f3 la obra. \u00a1Por favor, no arroyes el letrero!<\/p>\n<a href=\"https:\/\/www.sprachschule-aktiv-muenchen.de\/es\/cursos-intensivos-de-aleman-en-munich\/\"><img decoding=\"async\" class=\"aligncenter size-full wp-image-66395\" src=\"https:\/\/www.sprachschule-aktiv-muenchen.de\/wp-content\/uploads\/2021\/06\/especial-oferta-aprender-aleman-munich.jpg\" alt=\"Cursos de alem\u00e1n en M\u00fanich \u2013 Aprender alem\u00e1n \u2013 Escuela de alem\u00e1n \u2013 Academia alemana\" width=\"604\" height=\"356\" srcset=\"https:\/\/www.sprachschule-aktiv-muenchen.de\/wp-content\/uploads\/2021\/06\/especial-oferta-aprender-aleman-munich.jpg 604w, https:\/\/www.sprachschule-aktiv-muenchen.de\/wp-content\/uploads\/2021\/06\/especial-oferta-aprender-aleman-munich-300x177.jpg 300w, https:\/\/www.sprachschule-aktiv-muenchen.de\/wp-content\/uploads\/2021\/06\/especial-oferta-aprender-aleman-munich-124x74.jpg 124w\" sizes=\"(max-width: 604px) 100vw, 604px\" \/><\/a>\n<h2>\u00bfCuando se debe separar el verbo?<\/h2>\n<p>De modo general, se realiza la separaci\u00f3n del verbo y del prefijo cuando se conjuga el verbo.<\/p>\n<p>Cuando se utiliza en conexi\u00f3n con verbos de ayuda o modales, la separaci\u00f3n del prefijo no es necesaria.<\/p>\n<p>Por ejemplo:<\/p>\n<p>Wer kann mir die Aufgabe erkl\u00e4ren? Ich m\u00f6chte dich gern einladen.<\/p>\n<p>\u00bfQui\u00e9n puede explicarme la tarea? Yo quiero invitarte.<\/p>\n<p>Igualmente, con las construcciones del participio II no hace falta ninguna separaci\u00f3n. En este caso simplemente se inserta una -ge- entre el prefijo y el verbo.<\/p>\n<p><strong> Por ejemplo:<\/strong><\/p>\n<p>Sie hat 2 Stunden ferngesehen. Die Schale ist auseinandergebrochen.<\/p>\n<p>Ella ha visto televisi\u00f3n durante horas. El cuenco se ha roto.<\/p>\n<h2>El resultado<\/h2>\n<p>Realmente las reglas para la separaci\u00f3n de los verbos son sencillas y es f\u00e1cil darse cuenta. Cuando te fijas en la acentuaci\u00f3n de los verbos compuestos y desde el principio se hace un esfuerzo en hacer la separaci\u00f3n correctamente, funcionar\u00e1 bien.<\/p>\n<h3>Otros blogs para aprender alem\u00e1n y cursos interesantes<\/h3>\n<ul>\n<li><a href=\"https:\/\/www.sprachschule-aktiv-muenchen.de\/es\/las-preposiciones-en-aleman-y-la-posicion-en-la-frase\/\">Las preposiciones en alem\u00e1n<\/a><\/li>\n<li><a href=\"https:\/\/www.sprachschule-aktiv-muenchen.de\/es\/cursos-intensivos-de-aleman-en-munich\/\">Curso semi-intensivo de alem\u00e1n<\/a><\/li>\n<\/ul>\n","protected":false},"excerpt":{"rendered":"<p>Verbos separables e inseparables en alem\u00e1n Laufen, entlaufen, auslaufen: muchos verbos alemanes pueden, debido a un prefijo, cambiar su significado. A menudo, cuando se conjugan estos verbos, la forma verbal queda separada de estos prefijos. Estos son los verbos separables. Cuando el prefijo se queda con la forma verbal de un verbo conjugado se trata [&hellip;]<\/p>\n","protected":false},"author":2,"featured_media":43893,"comment_status":"open","ping_status":"open","sticky":false,"template":"","format":"standard","meta":{"footnotes":""},"categories":[45],"tags":[],"class_list":["post-43892","post","type-post","status-publish","format-standard","has-post-thumbnail","hentry","category-aprender-aleman-gratis"],"yoast_head":"<!-- This site is optimized with the Yoast SEO plugin v27.1.1 - https:\/\/yoast.com\/product\/yoast-seo-wordpress\/ -->\n<title>Verbos separables e inseparables en alem\u00e1n<\/title>\n<meta name=\"description\" content=\"Verbos separables e inseparables en alem\u00e1n. Ent\u00e9rate de las diferencias de los verbos sebarables e inseparables y como utilizarlos.\" \/>\n<meta name=\"robots\" content=\"index, follow, max-snippet:-1, max-image-preview:large, max-video-preview:-1\" \/>\n<link rel=\"canonical\" href=\"https:\/\/www.sprachschule-aktiv-muenchen.de\/es\/verbos-separables-e-inseparables-en-aleman\/\" \/>\n<meta property=\"og:locale\" content=\"es_ES\" \/>\n<meta property=\"og:type\" content=\"article\" \/>\n<meta property=\"og:title\" content=\"Verbos separables e inseparables en alem\u00e1n\" \/>\n<meta property=\"og:description\" content=\"Verbos separables e inseparables en alem\u00e1n. Ent\u00e9rate de las diferencias de los verbos sebarables e inseparables y como utilizarlos.\" \/>\n<meta property=\"og:url\" content=\"https:\/\/www.sprachschule-aktiv-muenchen.de\/es\/verbos-separables-e-inseparables-en-aleman\/\" \/>\n<meta property=\"og:site_name\" content=\"Sprachschule Aktiv\" \/>\n<meta property=\"article:published_time\" content=\"2018-03-12T06:32:37+00:00\" \/>\n<meta property=\"article:modified_time\" content=\"2021-12-16T07:24:10+00:00\" \/>\n<meta property=\"og:image\" content=\"https:\/\/www.sprachschule-aktiv-muenchen.de\/wp-content\/uploads\/2018\/03\/verbos-separables-inseparables.jpg\" \/>\n\t<meta property=\"og:image:width\" content=\"500\" \/>\n\t<meta property=\"og:image:height\" content=\"281\" \/>\n\t<meta property=\"og:image:type\" content=\"image\/jpeg\" \/>\n<meta name=\"author\" content=\"Martin Polo\" \/>\n<meta name=\"twitter:card\" content=\"summary_large_image\" \/>\n<meta name=\"twitter:label1\" content=\"Escrito por\" \/>\n\t<meta name=\"twitter:data1\" content=\"Martin Polo\" \/>\n\t<meta name=\"twitter:label2\" content=\"Tiempo de lectura\" \/>\n\t<meta name=\"twitter:data2\" content=\"3 minutos\" \/>\n<script type=\"application\/ld+json\" class=\"yoast-schema-graph\">{\"@context\":\"https:\/\/schema.org\",\"@graph\":[{\"@type\":\"Article\",\"@id\":\"https:\/\/www.sprachschule-aktiv-muenchen.de\/es\/verbos-separables-e-inseparables-en-aleman\/#article\",\"isPartOf\":{\"@id\":\"https:\/\/www.sprachschule-aktiv-muenchen.de\/es\/verbos-separables-e-inseparables-en-aleman\/\"},\"author\":{\"name\":\"Martin Polo\",\"@id\":\"https:\/\/www.sprachschule-aktiv-muenchen.de\/#\/schema\/person\/a74a6322db9745fd586f7e97f1ee5724\"},\"headline\":\"Verbos separables e inseparables en alem\u00e1n\",\"datePublished\":\"2018-03-12T06:32:37+00:00\",\"dateModified\":\"2021-12-16T07:24:10+00:00\",\"mainEntityOfPage\":{\"@id\":\"https:\/\/www.sprachschule-aktiv-muenchen.de\/es\/verbos-separables-e-inseparables-en-aleman\/\"},\"wordCount\":628,\"commentCount\":0,\"image\":{\"@id\":\"https:\/\/www.sprachschule-aktiv-muenchen.de\/es\/verbos-separables-e-inseparables-en-aleman\/#primaryimage\"},\"thumbnailUrl\":\"https:\/\/www.sprachschule-aktiv-muenchen.de\/wp-content\/uploads\/2018\/03\/verbos-separables-inseparables.jpg\",\"articleSection\":[\"Aprender alem\u00e1n gratis\"],\"inLanguage\":\"es\"},{\"@type\":\"WebPage\",\"@id\":\"https:\/\/www.sprachschule-aktiv-muenchen.de\/es\/verbos-separables-e-inseparables-en-aleman\/\",\"url\":\"https:\/\/www.sprachschule-aktiv-muenchen.de\/es\/verbos-separables-e-inseparables-en-aleman\/\",\"name\":\"Verbos separables e inseparables en alem\u00e1n\",\"isPartOf\":{\"@id\":\"https:\/\/www.sprachschule-aktiv-muenchen.de\/#website\"},\"primaryImageOfPage\":{\"@id\":\"https:\/\/www.sprachschule-aktiv-muenchen.de\/es\/verbos-separables-e-inseparables-en-aleman\/#primaryimage\"},\"image\":{\"@id\":\"https:\/\/www.sprachschule-aktiv-muenchen.de\/es\/verbos-separables-e-inseparables-en-aleman\/#primaryimage\"},\"thumbnailUrl\":\"https:\/\/www.sprachschule-aktiv-muenchen.de\/wp-content\/uploads\/2018\/03\/verbos-separables-inseparables.jpg\",\"datePublished\":\"2018-03-12T06:32:37+00:00\",\"dateModified\":\"2021-12-16T07:24:10+00:00\",\"author\":{\"@id\":\"https:\/\/www.sprachschule-aktiv-muenchen.de\/#\/schema\/person\/a74a6322db9745fd586f7e97f1ee5724\"},\"description\":\"Verbos separables e inseparables en alem\u00e1n. Ent\u00e9rate de las diferencias de los verbos sebarables e inseparables y como utilizarlos.\",\"breadcrumb\":{\"@id\":\"https:\/\/www.sprachschule-aktiv-muenchen.de\/es\/verbos-separables-e-inseparables-en-aleman\/#breadcrumb\"},\"inLanguage\":\"es\",\"potentialAction\":[{\"@type\":\"ReadAction\",\"target\":[\"https:\/\/www.sprachschule-aktiv-muenchen.de\/es\/verbos-separables-e-inseparables-en-aleman\/\"]}]},{\"@type\":\"ImageObject\",\"inLanguage\":\"es\",\"@id\":\"https:\/\/www.sprachschule-aktiv-muenchen.de\/es\/verbos-separables-e-inseparables-en-aleman\/#primaryimage\",\"url\":\"https:\/\/www.sprachschule-aktiv-muenchen.de\/wp-content\/uploads\/2018\/03\/verbos-separables-inseparables.jpg\",\"contentUrl\":\"https:\/\/www.sprachschule-aktiv-muenchen.de\/wp-content\/uploads\/2018\/03\/verbos-separables-inseparables.jpg\",\"width\":\"500\",\"height\":\"281\",\"caption\":\"Verbos separables e inseparables en alem\u00e1n\"},{\"@type\":\"BreadcrumbList\",\"@id\":\"https:\/\/www.sprachschule-aktiv-muenchen.de\/es\/verbos-separables-e-inseparables-en-aleman\/#breadcrumb\",\"itemListElement\":[{\"@type\":\"ListItem\",\"position\":1,\"name\":\"Portada\",\"item\":\"https:\/\/www.sprachschule-aktiv-muenchen.de\/es\/\"},{\"@type\":\"ListItem\",\"position\":2,\"name\":\"Verbos separables e inseparables en alem\u00e1n\"}]},{\"@type\":\"WebSite\",\"@id\":\"https:\/\/www.sprachschule-aktiv-muenchen.de\/#website\",\"url\":\"https:\/\/www.sprachschule-aktiv-muenchen.de\/\",\"name\":\"Sprachschule Aktiv\",\"description\":\"\",\"potentialAction\":[{\"@type\":\"SearchAction\",\"target\":{\"@type\":\"EntryPoint\",\"urlTemplate\":\"https:\/\/www.sprachschule-aktiv-muenchen.de\/?s={search_term_string}\"},\"query-input\":{\"@type\":\"PropertyValueSpecification\",\"valueRequired\":true,\"valueName\":\"search_term_string\"}}],\"inLanguage\":\"es\"},{\"@type\":\"Person\",\"@id\":\"https:\/\/www.sprachschule-aktiv-muenchen.de\/#\/schema\/person\/a74a6322db9745fd586f7e97f1ee5724\",\"name\":\"Martin Polo\",\"image\":{\"@type\":\"ImageObject\",\"inLanguage\":\"es\",\"@id\":\"https:\/\/www.sprachschule-aktiv-muenchen.de\/#\/schema\/person\/image\/\",\"url\":\"https:\/\/secure.gravatar.com\/avatar\/2cbe6176b6be8b122284c50d9e7a11af9502529eae284fd73534defd313e4152?s=96&d=mm&r=g\",\"contentUrl\":\"https:\/\/secure.gravatar.com\/avatar\/2cbe6176b6be8b122284c50d9e7a11af9502529eae284fd73534defd313e4152?s=96&d=mm&r=g\",\"caption\":\"Martin Polo\"}}]}<\/script>\n<!-- \/ Yoast SEO plugin. -->","yoast_head_json":{"title":"Verbos separables e inseparables en alem\u00e1n","description":"Verbos separables e inseparables en alem\u00e1n. Ent\u00e9rate de las diferencias de los verbos sebarables e inseparables y como utilizarlos.","robots":{"index":"index","follow":"follow","max-snippet":"max-snippet:-1","max-image-preview":"max-image-preview:large","max-video-preview":"max-video-preview:-1"},"canonical":"https:\/\/www.sprachschule-aktiv-muenchen.de\/es\/verbos-separables-e-inseparables-en-aleman\/","og_locale":"es_ES","og_type":"article","og_title":"Verbos separables e inseparables en alem\u00e1n","og_description":"Verbos separables e inseparables en alem\u00e1n. Ent\u00e9rate de las diferencias de los verbos sebarables e inseparables y como utilizarlos.","og_url":"https:\/\/www.sprachschule-aktiv-muenchen.de\/es\/verbos-separables-e-inseparables-en-aleman\/","og_site_name":"Sprachschule Aktiv","article_published_time":"2018-03-12T06:32:37+00:00","article_modified_time":"2021-12-16T07:24:10+00:00","og_image":[{"width":500,"height":281,"url":"https:\/\/www.sprachschule-aktiv-muenchen.de\/wp-content\/uploads\/2018\/03\/verbos-separables-inseparables.jpg","type":"image\/jpeg"}],"author":"Martin Polo","twitter_card":"summary_large_image","twitter_misc":{"Escrito por":"Martin Polo","Tiempo de lectura":"3 minutos"},"schema":{"@context":"https:\/\/schema.org","@graph":[{"@type":"Article","@id":"https:\/\/www.sprachschule-aktiv-muenchen.de\/es\/verbos-separables-e-inseparables-en-aleman\/#article","isPartOf":{"@id":"https:\/\/www.sprachschule-aktiv-muenchen.de\/es\/verbos-separables-e-inseparables-en-aleman\/"},"author":{"name":"Martin Polo","@id":"https:\/\/www.sprachschule-aktiv-muenchen.de\/#\/schema\/person\/a74a6322db9745fd586f7e97f1ee5724"},"headline":"Verbos separables e inseparables en alem\u00e1n","datePublished":"2018-03-12T06:32:37+00:00","dateModified":"2021-12-16T07:24:10+00:00","mainEntityOfPage":{"@id":"https:\/\/www.sprachschule-aktiv-muenchen.de\/es\/verbos-separables-e-inseparables-en-aleman\/"},"wordCount":628,"commentCount":0,"image":{"@id":"https:\/\/www.sprachschule-aktiv-muenchen.de\/es\/verbos-separables-e-inseparables-en-aleman\/#primaryimage"},"thumbnailUrl":"https:\/\/www.sprachschule-aktiv-muenchen.de\/wp-content\/uploads\/2018\/03\/verbos-separables-inseparables.jpg","articleSection":["Aprender alem\u00e1n gratis"],"inLanguage":"es"},{"@type":"WebPage","@id":"https:\/\/www.sprachschule-aktiv-muenchen.de\/es\/verbos-separables-e-inseparables-en-aleman\/","url":"https:\/\/www.sprachschule-aktiv-muenchen.de\/es\/verbos-separables-e-inseparables-en-aleman\/","name":"Verbos separables e inseparables en alem\u00e1n","isPartOf":{"@id":"https:\/\/www.sprachschule-aktiv-muenchen.de\/#website"},"primaryImageOfPage":{"@id":"https:\/\/www.sprachschule-aktiv-muenchen.de\/es\/verbos-separables-e-inseparables-en-aleman\/#primaryimage"},"image":{"@id":"https:\/\/www.sprachschule-aktiv-muenchen.de\/es\/verbos-separables-e-inseparables-en-aleman\/#primaryimage"},"thumbnailUrl":"https:\/\/www.sprachschule-aktiv-muenchen.de\/wp-content\/uploads\/2018\/03\/verbos-separables-inseparables.jpg","datePublished":"2018-03-12T06:32:37+00:00","dateModified":"2021-12-16T07:24:10+00:00","author":{"@id":"https:\/\/www.sprachschule-aktiv-muenchen.de\/#\/schema\/person\/a74a6322db9745fd586f7e97f1ee5724"},"description":"Verbos separables e inseparables en alem\u00e1n. Ent\u00e9rate de las diferencias de los verbos sebarables e inseparables y como utilizarlos.","breadcrumb":{"@id":"https:\/\/www.sprachschule-aktiv-muenchen.de\/es\/verbos-separables-e-inseparables-en-aleman\/#breadcrumb"},"inLanguage":"es","potentialAction":[{"@type":"ReadAction","target":["https:\/\/www.sprachschule-aktiv-muenchen.de\/es\/verbos-separables-e-inseparables-en-aleman\/"]}]},{"@type":"ImageObject","inLanguage":"es","@id":"https:\/\/www.sprachschule-aktiv-muenchen.de\/es\/verbos-separables-e-inseparables-en-aleman\/#primaryimage","url":"https:\/\/www.sprachschule-aktiv-muenchen.de\/wp-content\/uploads\/2018\/03\/verbos-separables-inseparables.jpg","contentUrl":"https:\/\/www.sprachschule-aktiv-muenchen.de\/wp-content\/uploads\/2018\/03\/verbos-separables-inseparables.jpg","width":"500","height":"281","caption":"Verbos separables e inseparables en alem\u00e1n"},{"@type":"BreadcrumbList","@id":"https:\/\/www.sprachschule-aktiv-muenchen.de\/es\/verbos-separables-e-inseparables-en-aleman\/#breadcrumb","itemListElement":[{"@type":"ListItem","position":1,"name":"Portada","item":"https:\/\/www.sprachschule-aktiv-muenchen.de\/es\/"},{"@type":"ListItem","position":2,"name":"Verbos separables e inseparables en alem\u00e1n"}]},{"@type":"WebSite","@id":"https:\/\/www.sprachschule-aktiv-muenchen.de\/#website","url":"https:\/\/www.sprachschule-aktiv-muenchen.de\/","name":"Sprachschule Aktiv","description":"","potentialAction":[{"@type":"SearchAction","target":{"@type":"EntryPoint","urlTemplate":"https:\/\/www.sprachschule-aktiv-muenchen.de\/?s={search_term_string}"},"query-input":{"@type":"PropertyValueSpecification","valueRequired":true,"valueName":"search_term_string"}}],"inLanguage":"es"},{"@type":"Person","@id":"https:\/\/www.sprachschule-aktiv-muenchen.de\/#\/schema\/person\/a74a6322db9745fd586f7e97f1ee5724","name":"Martin Polo","image":{"@type":"ImageObject","inLanguage":"es","@id":"https:\/\/www.sprachschule-aktiv-muenchen.de\/#\/schema\/person\/image\/","url":"https:\/\/secure.gravatar.com\/avatar\/2cbe6176b6be8b122284c50d9e7a11af9502529eae284fd73534defd313e4152?s=96&d=mm&r=g","contentUrl":"https:\/\/secure.gravatar.com\/avatar\/2cbe6176b6be8b122284c50d9e7a11af9502529eae284fd73534defd313e4152?s=96&d=mm&r=g","caption":"Martin Polo"}}]}},"_links":{"self":[{"href":"https:\/\/www.sprachschule-aktiv-muenchen.de\/es\/wp-json\/wp\/v2\/posts\/43892","targetHints":{"allow":["GET"]}}],"collection":[{"href":"https:\/\/www.sprachschule-aktiv-muenchen.de\/es\/wp-json\/wp\/v2\/posts"}],"about":[{"href":"https:\/\/www.sprachschule-aktiv-muenchen.de\/es\/wp-json\/wp\/v2\/types\/post"}],"author":[{"embeddable":true,"href":"https:\/\/www.sprachschule-aktiv-muenchen.de\/es\/wp-json\/wp\/v2\/users\/2"}],"replies":[{"embeddable":true,"href":"https:\/\/www.sprachschule-aktiv-muenchen.de\/es\/wp-json\/wp\/v2\/comments?post=43892"}],"version-history":[{"count":4,"href":"https:\/\/www.sprachschule-aktiv-muenchen.de\/es\/wp-json\/wp\/v2\/posts\/43892\/revisions"}],"predecessor-version":[{"id":70474,"href":"https:\/\/www.sprachschule-aktiv-muenchen.de\/es\/wp-json\/wp\/v2\/posts\/43892\/revisions\/70474"}],"wp:featuredmedia":[{"embeddable":true,"href":"https:\/\/www.sprachschule-aktiv-muenchen.de\/es\/wp-json\/wp\/v2\/media\/43893"}],"wp:attachment":[{"href":"https:\/\/www.sprachschule-aktiv-muenchen.de\/es\/wp-json\/wp\/v2\/media?parent=43892"}],"wp:term":[{"taxonomy":"category","embeddable":true,"href":"https:\/\/www.sprachschule-aktiv-muenchen.de\/es\/wp-json\/wp\/v2\/categories?post=43892"},{"taxonomy":"post_tag","embeddable":true,"href":"https:\/\/www.sprachschule-aktiv-muenchen.de\/es\/wp-json\/wp\/v2\/tags?post=43892"}],"curies":[{"name":"wp","href":"https:\/\/api.w.org\/{rel}","templated":true}]}}