{"id":43866,"date":"2018-03-11T07:46:53","date_gmt":"2018-03-11T06:46:53","guid":{"rendered":"https:\/\/www.sprachschule-aktiv-muenchen.de\/?p=43866"},"modified":"2019-03-28T08:07:38","modified_gmt":"2019-03-28T07:07:38","slug":"las-preposiciones-en-aleman-y-la-posicion-en-la-frase","status":"publish","type":"post","link":"https:\/\/www.sprachschule-aktiv-muenchen.de\/es\/las-preposiciones-en-aleman-y-la-posicion-en-la-frase\/","title":{"rendered":"Las preposiciones en alem\u00e1n y la posici\u00f3n en la frase"},"content":{"rendered":"<h1>Las preposiciones en alem\u00e1n y la posici\u00f3n en la frase<\/h1>\n<p>Las preposiciones son normalmente palabras cortas, que no se declinan y se\u00f1alan el comportamiento que tienen las palabras de la frase entre ellas. Son dif\u00edciles de aprender porque pueden tener significados muy diferentes.<\/p>\n<h2>Hay 4 tipos diferentes de preposiciones<\/h2>\n<p>\u2013 Aquellas, que indican un comportamiento causal entre las palabras (p. ej. wegen, aufgrund)<br \/>\n\u2013 Aquellas, que indican un comportamiento temporal (p.ej. nach, vor)<br \/>\n\u2013 Preposiciones con significado modal (p. ej. ohne, mit)<br \/>\n\u2013 Preposiciones, que se utilizan con un sentido local (p. ej. gegen\u00fcber, hinter)<\/p>\n<p>Muchas preposiciones pueden pertenecer a varios de estos grupos.<\/p>\n<h2>La posici\u00f3n de las preposiciones en la frase<\/h2>\n<p>Las preposiciones no pueden estar solas en la frase. Por regla general, se situan delante de una palabra de referencia, normalmente un nombre o un pronombre. A menudo, la palabra de referencia es suplida por otras palabras, conocidas como acompa\u00f1antes del nombre (p. ej. Art\u00edculo). Art\u00edculos y preposiciones se comprimen, a veces, en una palabra, p. ej.:<\/p>\n<p>in das Haus \u2013&gt; ins Haus, an dem Fenster\u2013&gt; am Fenster.<\/p>\n<p>Preposiciones + nombres + acompa\u00f1antes del nombre forman juntos un grupo preposicional. Los grupos preposicionales ser\u00e1n espec\u00edficos para la preposici\u00f3n, lo que significa, que la preposici\u00f3n se\u00f1alar\u00e1 en qu\u00e9 casos de nombres o acompa\u00f1antes del nombre se deben situar y estos ser\u00e1n declinados de la forma correspondiente.<\/p>\n<h2>Las preposiciones y los casos<\/h2>\n<p>Las \u00a0preposiciones se\u00f1alar\u00e1n en qu\u00e9 casos de nombres o acompa\u00f1antes del nombre se deben situar y estos ser\u00e1n declinados de la forma correspondiente. Para muchas preposiciones el caso correspondiente, genitivo, dativo oder acusativo, est\u00e1 fijado de forma inequ\u00edvoca:<\/p>\n<p>Preposiciones que se utilizan en genitivo: trotz, wegen, w\u00e4hrend, au\u00dferhalb, innerhalb<br \/>\nPreposiciones que se utilizan en dativo: mit, nach, von, zu, ab, aus, seit, bei<br \/>\nPreposiciones que se utilizan en acusativo: f\u00fcr, gegen, bis, durch, ohne, um<\/p>\n<p>No obstante, est\u00e1n las conocidas preposiciones cambiantes o de alternancia, las cuales se pueden utilizar tanto en dativo como en acusativo: an, auf, unter, zwischen, vor, in, \u00fcber, neben, hinter.<\/p>\n<p>Si estas preposiciones rigen en dativo o en acusativo depende de si se refieren a una posici\u00f3n o un movimiento. Lo mejor es aprender esto ubicando las preposiciones en el grupo correspondiente. \u00a0Las preguntas de \u00bfd\u00f3nde? se utilizan en dativo. Las preguntas de \u00bfhacia d\u00f3nde? Se utilizan en acusativo.<\/p>\n<p>Wo-Fragen &#8211; Dativ, Wohin-Fragen &#8211; Akkusativ:<\/p>\n<p>Wo hat sich das Kind versteckt? \u2013&gt; Hinter dem Haus.<\/p>\n<p>\u00bfD\u00f3nde se ha escondido el perro? \u2013&gt; Detr\u00e1s de la casa (dativo).<\/p>\n<p>Wohin l\u00e4uft der Hund? \u2013&gt; Hinter das Haus.<\/p>\n<p>\u00bfHacia d\u00f3nde ha ido el perro? \u2013&gt; Detr\u00e1s de la casa (acusativo).<\/p>\n<h2>Ayudas<\/h2>\n<p>Para darse cuenda de las preposiciones y de los casos correspondientes hay unas reglas memot\u00e9cnicas. As\u00ed que en Alemania, en muchas escuelas se aprenden las siguientes rimas, con la que los ni\u00f1os aprenden memorizan las preposiciones que rigen en dativo:<\/p>\n<p>\u201eMit, nach, von, zu, ab, aus, seit, bei\u201c se utilizan para los casos n\u00famero 3.<\/p>\n<p>Para las preposiciones del genitivo y acusativo no hay ninguna rima en los libros de studio. Aqu\u00ed se pide al alumno que utilice su fantasia. Se puede intentar utilizar las palabras en una melod\u00eda de forma que sea m\u00e1s f\u00e1cil aprenderlo de memoria.<\/p>\n<p>Las preposiciones del acusativo: \u201ef\u00fcr ge gen bis durch oh ne und um\u201c quedan bien, por ejemplo, con la melod\u00eda de \u201eYellow Submarin\u201c.<\/p>\n<p>Otra posibilidad de hacer el aprendizaje m\u00e1s sencillo es odenar y asociar cada preposici\u00f3n y cada caso con un color espec\u00edfico. Se trata de poner al lado del significado de cada palabra el caso correspondiente con un color, de modo que sea m\u00e1s f\u00e1cil de memorizar y de recorder m\u00e1s tarde.<\/p>\n<h3><strong>Otros Blogs y cursos de alem\u00e1n de tu inter\u00e9s:<\/strong><\/h3>\n<ul>\n<li><a href=\"https:\/\/www.sprachschule-aktiv-muenchen.de\/es\/estudiar-en-alemania-en-universidades\/\">Estudiar en Alemania en Universidades<\/a><\/li>\n<li><a href=\"https:\/\/www.sprachschule-aktiv-muenchen.de\/es\/fuehlen-spueren-empfinden-significado-diferencias\/\">F\u00fchlen-Sp\u00fcren-Empfinden: Significado y diferencias<\/a><\/li>\n<\/ul>\n<p>&nbsp;<\/p>\n","protected":false},"excerpt":{"rendered":"<p>Las preposiciones en alem\u00e1n y la posici\u00f3n en la frase Las preposiciones son normalmente palabras cortas, que no se declinan y se\u00f1alan el comportamiento que tienen las palabras de la frase entre ellas. Son dif\u00edciles de aprender porque pueden tener significados muy diferentes. Hay 4 tipos diferentes de preposiciones \u2013 Aquellas, que indican un comportamiento [&hellip;]<\/p>\n","protected":false},"author":2,"featured_media":43867,"comment_status":"open","ping_status":"open","sticky":false,"template":"","format":"standard","meta":{"footnotes":""},"categories":[45],"tags":[],"class_list":["post-43866","post","type-post","status-publish","format-standard","has-post-thumbnail","hentry","category-aprender-aleman-gratis"],"yoast_head":"<!-- This site is optimized with the Yoast SEO plugin v27.1.1 - https:\/\/yoast.com\/product\/yoast-seo-wordpress\/ -->\n<title>Las preposiciones en alem\u00e1n y la posici\u00f3n en la frase<\/title>\n<meta name=\"description\" content=\"Las preposiciones en alem\u00e1n y la posici\u00f3n en la frase. Las preposiciones son normalmente palabras cortas, que no se declinan y se\u00f1alan el comportamiento.\" \/>\n<meta name=\"robots\" content=\"index, follow, max-snippet:-1, max-image-preview:large, max-video-preview:-1\" \/>\n<link rel=\"canonical\" href=\"https:\/\/www.sprachschule-aktiv-muenchen.de\/es\/las-preposiciones-en-aleman-y-la-posicion-en-la-frase\/\" \/>\n<meta property=\"og:locale\" content=\"es_ES\" \/>\n<meta property=\"og:type\" content=\"article\" \/>\n<meta property=\"og:title\" content=\"Las preposiciones en alem\u00e1n y la posici\u00f3n en la frase\" \/>\n<meta property=\"og:description\" content=\"Las preposiciones en alem\u00e1n y la posici\u00f3n en la frase. Las preposiciones son normalmente palabras cortas, que no se declinan y se\u00f1alan el comportamiento.\" \/>\n<meta property=\"og:url\" content=\"https:\/\/www.sprachschule-aktiv-muenchen.de\/es\/las-preposiciones-en-aleman-y-la-posicion-en-la-frase\/\" \/>\n<meta property=\"og:site_name\" content=\"Sprachschule Aktiv\" \/>\n<meta property=\"article:published_time\" content=\"2018-03-11T06:46:53+00:00\" \/>\n<meta property=\"article:modified_time\" content=\"2019-03-28T07:07:38+00:00\" \/>\n<meta property=\"og:image\" content=\"https:\/\/www.sprachschule-aktiv-muenchen.de\/wp-content\/uploads\/2018\/03\/las-preposiciones-en-aleman-y-la-posicion-en-la-frase.jpg\" \/>\n\t<meta property=\"og:image:width\" content=\"723\" \/>\n\t<meta property=\"og:image:height\" content=\"479\" \/>\n\t<meta property=\"og:image:type\" content=\"image\/jpeg\" \/>\n<meta name=\"author\" content=\"Martin Polo\" \/>\n<meta name=\"twitter:card\" content=\"summary_large_image\" \/>\n<meta name=\"twitter:label1\" content=\"Escrito por\" \/>\n\t<meta name=\"twitter:data1\" content=\"Martin Polo\" \/>\n\t<meta name=\"twitter:label2\" content=\"Tiempo de lectura\" \/>\n\t<meta name=\"twitter:data2\" content=\"3 minutos\" \/>\n<script type=\"application\/ld+json\" class=\"yoast-schema-graph\">{\"@context\":\"https:\/\/schema.org\",\"@graph\":[{\"@type\":\"Article\",\"@id\":\"https:\/\/www.sprachschule-aktiv-muenchen.de\/es\/las-preposiciones-en-aleman-y-la-posicion-en-la-frase\/#article\",\"isPartOf\":{\"@id\":\"https:\/\/www.sprachschule-aktiv-muenchen.de\/es\/las-preposiciones-en-aleman-y-la-posicion-en-la-frase\/\"},\"author\":{\"name\":\"Martin Polo\",\"@id\":\"https:\/\/www.sprachschule-aktiv-muenchen.de\/#\/schema\/person\/a74a6322db9745fd586f7e97f1ee5724\"},\"headline\":\"Las preposiciones en alem\u00e1n y la posici\u00f3n en la frase\",\"datePublished\":\"2018-03-11T06:46:53+00:00\",\"dateModified\":\"2019-03-28T07:07:38+00:00\",\"mainEntityOfPage\":{\"@id\":\"https:\/\/www.sprachschule-aktiv-muenchen.de\/es\/las-preposiciones-en-aleman-y-la-posicion-en-la-frase\/\"},\"wordCount\":684,\"commentCount\":0,\"image\":{\"@id\":\"https:\/\/www.sprachschule-aktiv-muenchen.de\/es\/las-preposiciones-en-aleman-y-la-posicion-en-la-frase\/#primaryimage\"},\"thumbnailUrl\":\"https:\/\/www.sprachschule-aktiv-muenchen.de\/wp-content\/uploads\/2018\/03\/las-preposiciones-en-aleman-y-la-posicion-en-la-frase.jpg\",\"articleSection\":[\"Aprender alem\u00e1n gratis\"],\"inLanguage\":\"es\"},{\"@type\":\"WebPage\",\"@id\":\"https:\/\/www.sprachschule-aktiv-muenchen.de\/es\/las-preposiciones-en-aleman-y-la-posicion-en-la-frase\/\",\"url\":\"https:\/\/www.sprachschule-aktiv-muenchen.de\/es\/las-preposiciones-en-aleman-y-la-posicion-en-la-frase\/\",\"name\":\"Las preposiciones en alem\u00e1n y la posici\u00f3n en la frase\",\"isPartOf\":{\"@id\":\"https:\/\/www.sprachschule-aktiv-muenchen.de\/#website\"},\"primaryImageOfPage\":{\"@id\":\"https:\/\/www.sprachschule-aktiv-muenchen.de\/es\/las-preposiciones-en-aleman-y-la-posicion-en-la-frase\/#primaryimage\"},\"image\":{\"@id\":\"https:\/\/www.sprachschule-aktiv-muenchen.de\/es\/las-preposiciones-en-aleman-y-la-posicion-en-la-frase\/#primaryimage\"},\"thumbnailUrl\":\"https:\/\/www.sprachschule-aktiv-muenchen.de\/wp-content\/uploads\/2018\/03\/las-preposiciones-en-aleman-y-la-posicion-en-la-frase.jpg\",\"datePublished\":\"2018-03-11T06:46:53+00:00\",\"dateModified\":\"2019-03-28T07:07:38+00:00\",\"author\":{\"@id\":\"https:\/\/www.sprachschule-aktiv-muenchen.de\/#\/schema\/person\/a74a6322db9745fd586f7e97f1ee5724\"},\"description\":\"Las preposiciones en alem\u00e1n y la posici\u00f3n en la frase. Las preposiciones son normalmente palabras cortas, que no se declinan y se\u00f1alan el comportamiento.\",\"breadcrumb\":{\"@id\":\"https:\/\/www.sprachschule-aktiv-muenchen.de\/es\/las-preposiciones-en-aleman-y-la-posicion-en-la-frase\/#breadcrumb\"},\"inLanguage\":\"es\",\"potentialAction\":[{\"@type\":\"ReadAction\",\"target\":[\"https:\/\/www.sprachschule-aktiv-muenchen.de\/es\/las-preposiciones-en-aleman-y-la-posicion-en-la-frase\/\"]}]},{\"@type\":\"ImageObject\",\"inLanguage\":\"es\",\"@id\":\"https:\/\/www.sprachschule-aktiv-muenchen.de\/es\/las-preposiciones-en-aleman-y-la-posicion-en-la-frase\/#primaryimage\",\"url\":\"https:\/\/www.sprachschule-aktiv-muenchen.de\/wp-content\/uploads\/2018\/03\/las-preposiciones-en-aleman-y-la-posicion-en-la-frase.jpg\",\"contentUrl\":\"https:\/\/www.sprachschule-aktiv-muenchen.de\/wp-content\/uploads\/2018\/03\/las-preposiciones-en-aleman-y-la-posicion-en-la-frase.jpg\",\"width\":\"723\",\"height\":\"479\",\"caption\":\"Las preposiciones en alem\u00e1n y la posici\u00f3n en la frase\"},{\"@type\":\"BreadcrumbList\",\"@id\":\"https:\/\/www.sprachschule-aktiv-muenchen.de\/es\/las-preposiciones-en-aleman-y-la-posicion-en-la-frase\/#breadcrumb\",\"itemListElement\":[{\"@type\":\"ListItem\",\"position\":1,\"name\":\"Portada\",\"item\":\"https:\/\/www.sprachschule-aktiv-muenchen.de\/es\/\"},{\"@type\":\"ListItem\",\"position\":2,\"name\":\"Las preposiciones en alem\u00e1n y la posici\u00f3n en la frase\"}]},{\"@type\":\"WebSite\",\"@id\":\"https:\/\/www.sprachschule-aktiv-muenchen.de\/#website\",\"url\":\"https:\/\/www.sprachschule-aktiv-muenchen.de\/\",\"name\":\"Sprachschule Aktiv\",\"description\":\"\",\"potentialAction\":[{\"@type\":\"SearchAction\",\"target\":{\"@type\":\"EntryPoint\",\"urlTemplate\":\"https:\/\/www.sprachschule-aktiv-muenchen.de\/?s={search_term_string}\"},\"query-input\":{\"@type\":\"PropertyValueSpecification\",\"valueRequired\":true,\"valueName\":\"search_term_string\"}}],\"inLanguage\":\"es\"},{\"@type\":\"Person\",\"@id\":\"https:\/\/www.sprachschule-aktiv-muenchen.de\/#\/schema\/person\/a74a6322db9745fd586f7e97f1ee5724\",\"name\":\"Martin Polo\",\"image\":{\"@type\":\"ImageObject\",\"inLanguage\":\"es\",\"@id\":\"https:\/\/www.sprachschule-aktiv-muenchen.de\/#\/schema\/person\/image\/\",\"url\":\"https:\/\/secure.gravatar.com\/avatar\/2cbe6176b6be8b122284c50d9e7a11af9502529eae284fd73534defd313e4152?s=96&d=mm&r=g\",\"contentUrl\":\"https:\/\/secure.gravatar.com\/avatar\/2cbe6176b6be8b122284c50d9e7a11af9502529eae284fd73534defd313e4152?s=96&d=mm&r=g\",\"caption\":\"Martin Polo\"}}]}<\/script>\n<!-- \/ Yoast SEO plugin. -->","yoast_head_json":{"title":"Las preposiciones en alem\u00e1n y la posici\u00f3n en la frase","description":"Las preposiciones en alem\u00e1n y la posici\u00f3n en la frase. Las preposiciones son normalmente palabras cortas, que no se declinan y se\u00f1alan el comportamiento.","robots":{"index":"index","follow":"follow","max-snippet":"max-snippet:-1","max-image-preview":"max-image-preview:large","max-video-preview":"max-video-preview:-1"},"canonical":"https:\/\/www.sprachschule-aktiv-muenchen.de\/es\/las-preposiciones-en-aleman-y-la-posicion-en-la-frase\/","og_locale":"es_ES","og_type":"article","og_title":"Las preposiciones en alem\u00e1n y la posici\u00f3n en la frase","og_description":"Las preposiciones en alem\u00e1n y la posici\u00f3n en la frase. Las preposiciones son normalmente palabras cortas, que no se declinan y se\u00f1alan el comportamiento.","og_url":"https:\/\/www.sprachschule-aktiv-muenchen.de\/es\/las-preposiciones-en-aleman-y-la-posicion-en-la-frase\/","og_site_name":"Sprachschule Aktiv","article_published_time":"2018-03-11T06:46:53+00:00","article_modified_time":"2019-03-28T07:07:38+00:00","og_image":[{"width":723,"height":479,"url":"https:\/\/www.sprachschule-aktiv-muenchen.de\/wp-content\/uploads\/2018\/03\/las-preposiciones-en-aleman-y-la-posicion-en-la-frase.jpg","type":"image\/jpeg"}],"author":"Martin Polo","twitter_card":"summary_large_image","twitter_misc":{"Escrito por":"Martin Polo","Tiempo de lectura":"3 minutos"},"schema":{"@context":"https:\/\/schema.org","@graph":[{"@type":"Article","@id":"https:\/\/www.sprachschule-aktiv-muenchen.de\/es\/las-preposiciones-en-aleman-y-la-posicion-en-la-frase\/#article","isPartOf":{"@id":"https:\/\/www.sprachschule-aktiv-muenchen.de\/es\/las-preposiciones-en-aleman-y-la-posicion-en-la-frase\/"},"author":{"name":"Martin Polo","@id":"https:\/\/www.sprachschule-aktiv-muenchen.de\/#\/schema\/person\/a74a6322db9745fd586f7e97f1ee5724"},"headline":"Las preposiciones en alem\u00e1n y la posici\u00f3n en la frase","datePublished":"2018-03-11T06:46:53+00:00","dateModified":"2019-03-28T07:07:38+00:00","mainEntityOfPage":{"@id":"https:\/\/www.sprachschule-aktiv-muenchen.de\/es\/las-preposiciones-en-aleman-y-la-posicion-en-la-frase\/"},"wordCount":684,"commentCount":0,"image":{"@id":"https:\/\/www.sprachschule-aktiv-muenchen.de\/es\/las-preposiciones-en-aleman-y-la-posicion-en-la-frase\/#primaryimage"},"thumbnailUrl":"https:\/\/www.sprachschule-aktiv-muenchen.de\/wp-content\/uploads\/2018\/03\/las-preposiciones-en-aleman-y-la-posicion-en-la-frase.jpg","articleSection":["Aprender alem\u00e1n gratis"],"inLanguage":"es"},{"@type":"WebPage","@id":"https:\/\/www.sprachschule-aktiv-muenchen.de\/es\/las-preposiciones-en-aleman-y-la-posicion-en-la-frase\/","url":"https:\/\/www.sprachschule-aktiv-muenchen.de\/es\/las-preposiciones-en-aleman-y-la-posicion-en-la-frase\/","name":"Las preposiciones en alem\u00e1n y la posici\u00f3n en la frase","isPartOf":{"@id":"https:\/\/www.sprachschule-aktiv-muenchen.de\/#website"},"primaryImageOfPage":{"@id":"https:\/\/www.sprachschule-aktiv-muenchen.de\/es\/las-preposiciones-en-aleman-y-la-posicion-en-la-frase\/#primaryimage"},"image":{"@id":"https:\/\/www.sprachschule-aktiv-muenchen.de\/es\/las-preposiciones-en-aleman-y-la-posicion-en-la-frase\/#primaryimage"},"thumbnailUrl":"https:\/\/www.sprachschule-aktiv-muenchen.de\/wp-content\/uploads\/2018\/03\/las-preposiciones-en-aleman-y-la-posicion-en-la-frase.jpg","datePublished":"2018-03-11T06:46:53+00:00","dateModified":"2019-03-28T07:07:38+00:00","author":{"@id":"https:\/\/www.sprachschule-aktiv-muenchen.de\/#\/schema\/person\/a74a6322db9745fd586f7e97f1ee5724"},"description":"Las preposiciones en alem\u00e1n y la posici\u00f3n en la frase. Las preposiciones son normalmente palabras cortas, que no se declinan y se\u00f1alan el comportamiento.","breadcrumb":{"@id":"https:\/\/www.sprachschule-aktiv-muenchen.de\/es\/las-preposiciones-en-aleman-y-la-posicion-en-la-frase\/#breadcrumb"},"inLanguage":"es","potentialAction":[{"@type":"ReadAction","target":["https:\/\/www.sprachschule-aktiv-muenchen.de\/es\/las-preposiciones-en-aleman-y-la-posicion-en-la-frase\/"]}]},{"@type":"ImageObject","inLanguage":"es","@id":"https:\/\/www.sprachschule-aktiv-muenchen.de\/es\/las-preposiciones-en-aleman-y-la-posicion-en-la-frase\/#primaryimage","url":"https:\/\/www.sprachschule-aktiv-muenchen.de\/wp-content\/uploads\/2018\/03\/las-preposiciones-en-aleman-y-la-posicion-en-la-frase.jpg","contentUrl":"https:\/\/www.sprachschule-aktiv-muenchen.de\/wp-content\/uploads\/2018\/03\/las-preposiciones-en-aleman-y-la-posicion-en-la-frase.jpg","width":"723","height":"479","caption":"Las preposiciones en alem\u00e1n y la posici\u00f3n en la frase"},{"@type":"BreadcrumbList","@id":"https:\/\/www.sprachschule-aktiv-muenchen.de\/es\/las-preposiciones-en-aleman-y-la-posicion-en-la-frase\/#breadcrumb","itemListElement":[{"@type":"ListItem","position":1,"name":"Portada","item":"https:\/\/www.sprachschule-aktiv-muenchen.de\/es\/"},{"@type":"ListItem","position":2,"name":"Las preposiciones en alem\u00e1n y la posici\u00f3n en la frase"}]},{"@type":"WebSite","@id":"https:\/\/www.sprachschule-aktiv-muenchen.de\/#website","url":"https:\/\/www.sprachschule-aktiv-muenchen.de\/","name":"Sprachschule Aktiv","description":"","potentialAction":[{"@type":"SearchAction","target":{"@type":"EntryPoint","urlTemplate":"https:\/\/www.sprachschule-aktiv-muenchen.de\/?s={search_term_string}"},"query-input":{"@type":"PropertyValueSpecification","valueRequired":true,"valueName":"search_term_string"}}],"inLanguage":"es"},{"@type":"Person","@id":"https:\/\/www.sprachschule-aktiv-muenchen.de\/#\/schema\/person\/a74a6322db9745fd586f7e97f1ee5724","name":"Martin Polo","image":{"@type":"ImageObject","inLanguage":"es","@id":"https:\/\/www.sprachschule-aktiv-muenchen.de\/#\/schema\/person\/image\/","url":"https:\/\/secure.gravatar.com\/avatar\/2cbe6176b6be8b122284c50d9e7a11af9502529eae284fd73534defd313e4152?s=96&d=mm&r=g","contentUrl":"https:\/\/secure.gravatar.com\/avatar\/2cbe6176b6be8b122284c50d9e7a11af9502529eae284fd73534defd313e4152?s=96&d=mm&r=g","caption":"Martin Polo"}}]}},"_links":{"self":[{"href":"https:\/\/www.sprachschule-aktiv-muenchen.de\/es\/wp-json\/wp\/v2\/posts\/43866","targetHints":{"allow":["GET"]}}],"collection":[{"href":"https:\/\/www.sprachschule-aktiv-muenchen.de\/es\/wp-json\/wp\/v2\/posts"}],"about":[{"href":"https:\/\/www.sprachschule-aktiv-muenchen.de\/es\/wp-json\/wp\/v2\/types\/post"}],"author":[{"embeddable":true,"href":"https:\/\/www.sprachschule-aktiv-muenchen.de\/es\/wp-json\/wp\/v2\/users\/2"}],"replies":[{"embeddable":true,"href":"https:\/\/www.sprachschule-aktiv-muenchen.de\/es\/wp-json\/wp\/v2\/comments?post=43866"}],"version-history":[{"count":0,"href":"https:\/\/www.sprachschule-aktiv-muenchen.de\/es\/wp-json\/wp\/v2\/posts\/43866\/revisions"}],"wp:featuredmedia":[{"embeddable":true,"href":"https:\/\/www.sprachschule-aktiv-muenchen.de\/es\/wp-json\/wp\/v2\/media\/43867"}],"wp:attachment":[{"href":"https:\/\/www.sprachschule-aktiv-muenchen.de\/es\/wp-json\/wp\/v2\/media?parent=43866"}],"wp:term":[{"taxonomy":"category","embeddable":true,"href":"https:\/\/www.sprachschule-aktiv-muenchen.de\/es\/wp-json\/wp\/v2\/categories?post=43866"},{"taxonomy":"post_tag","embeddable":true,"href":"https:\/\/www.sprachschule-aktiv-muenchen.de\/es\/wp-json\/wp\/v2\/tags?post=43866"}],"curies":[{"name":"wp","href":"https:\/\/api.w.org\/{rel}","templated":true}]}}