{"id":43841,"date":"2018-03-11T07:38:33","date_gmt":"2018-03-11T06:38:33","guid":{"rendered":"https:\/\/www.sprachschule-aktiv-muenchen.de\/?p=43841"},"modified":"2019-11-27T10:20:21","modified_gmt":"2019-11-27T09:20:21","slug":"fuehlen-spueren-empfinden-significado-diferencias","status":"publish","type":"post","link":"https:\/\/www.sprachschule-aktiv-muenchen.de\/es\/fuehlen-spueren-empfinden-significado-diferencias\/","title":{"rendered":"F\u00fchlen \u2013 Sp\u00fcren \u2013 Empfinden: Significado y diferencias"},"content":{"rendered":"<h1>F\u00fchlen \u2013 Sp\u00fcren \u2013 Empfinden: Significado y diferencias<\/h1>\n<p>Este blog se dedica no solo a los verbos alemanes: F\u00fchlen \u2013 Sp\u00fcren \u2013 Empfinden, sino tambi\u00e9n con el Significado y las\u00a0 diferencias<\/p>\n<p>En alem\u00e1n se puede hablar de sentimientos de forma muy exacta. La diferencia entre \u201ef\u00fchlen\u201c, \u201esp\u00fcren\u201c y \u201eempfinden\u201c est\u00e1 en la intensidad y en la procedencia de los sentimientos.<\/p>\n<h2>F\u00fchlen<\/h2>\n<p>F\u00fchlen se puede con los nervios, los dedos, y tambi\u00e9n con el coraz\u00f3n.<\/p>\n<p>\u201eSie f\u00fchlt die W\u00e4rme der Sonne.\u201c \u201eElla siente el calor del sol.\u201c<\/p>\n<p>\u201eDie Mutter f\u00fchlt mit der Hand, ob ihr Kind Fieber hat.\u201c \u201eLa madre siente (toca) con la mano, si el ni\u00f1o tiene fiebre.\u201c<\/p>\n<p>sich f\u00fchlen:<\/p>\n<p>\u201eWie f\u00fchlst du dich heute?\u201c \u2013 \u201eIch f\u00fchle mich gro\u00dfartig!\u201c<\/p>\n<p>\u201e\u00bfC\u00f3mo te sientes hoy?\u201d \u2013 \u201e\u00a1Me siento estupendo!\u201c<\/p>\n<p>\u201eWir f\u00fchlen uns f\u00fcr dieses Projekt verantwortlich.\u201c \u201eNosotros nos sentimos responsables de de este proyecto.\u201c<\/p>\n<p>Conjugaci\u00f3n: Ich f\u00fchle, du f\u00fchlst\u2026<\/p>\n<p>Pret\u00e9rito: ich f\u00fchlte, du f\u00fchltest\u2026<\/p>\n<p>Perfecto: ich habe\u2026gef\u00fchlt.<\/p>\n<p>Das Gef\u00fchl.<\/p>\n<p>\u201eIch habe das Gef\u00fchl, wir verstehen uns!\u201c \u201e\u00a1 Siento que nos entendemos!\u201c<\/p>\n<h2>Sp\u00fcren<\/h2>\n<p>Se utiliza con los sentidos, por lo que Sp\u00fcren se utiliza con todo el cuerpo.<\/p>\n<p>\u201eWir sp\u00fcren die Wellen unter dem Schiff und den Wind in den Haaren.\u201c<\/p>\n<p>\u201eNosotros sentimos las olas debajo del barco y el viento en el pelo.\u201c (El barco se mueve).<\/p>\n<p>\u201eGestern hat er Sport gemacht und heute sp\u00fcrt er jeden Muskel!\u201c<\/p>\n<p>\u201e\u00a1Ayer ha hecho deporte, y hoy siente los m\u00fasculos!\u201c (Todos los m\u00fasculos duelen).<\/p>\n<p>Conjugaci\u00f3n: ich sp\u00fcre, du sp\u00fcrst\u2026<\/p>\n<p>Pret\u00e9rito: ich sp\u00fcrte, du sp\u00fcrtest\u2026<\/p>\n<p>Perfecto: ich habe\u2026gesp\u00fcrt.<\/p>\n<p>Das Gesp\u00fcr.<\/p>\n<p>\u201eDeine Freundin hat ein feines Gesp\u00fcr.\u201c \u201eTu amiga tiene un olfato fino.\u201c<\/p>\n<h2>Empfinden<\/h2>\n<p>Se refiere a emociones profundas.<\/p>\n<p>\u201eIch empfinde gro\u00dfe Freude, wenn ich diese Stadt besuche!\u201c<\/p>\n<p>\u201e\u00a1Yo siento mucha alegr\u00eda cuando visito esta ciudad!\u201c<\/p>\n<h3>Otros art\u00edculos y cursos que pueden interesarle:<\/h3>\n<ul>\n<li><a href=\"https:\/\/www.sprachschule-aktiv-muenchen.de\/es\/kennen-wissen-koennen-cuales-son-las-diferencias\/\">K\u00f6nnen, wissen, k\u00f6nnen &#8211; Diferencias<\/a><\/li>\n<li><a href=\"https:\/\/www.sprachschule-aktiv-muenchen.de\/es\/estudiar-trabajar-y-vivir-en-alemania\/\">Vivir en Alemania<\/a><\/li>\n<\/ul>\n","protected":false},"excerpt":{"rendered":"<p>F\u00fchlen \u2013 Sp\u00fcren \u2013 Empfinden: Significado y diferencias Este blog se dedica no solo a los verbos alemanes: F\u00fchlen \u2013 Sp\u00fcren \u2013 Empfinden, sino tambi\u00e9n con el Significado y las\u00a0 diferencias En alem\u00e1n se puede hablar de sentimientos de forma muy exacta. La diferencia entre \u201ef\u00fchlen\u201c, \u201esp\u00fcren\u201c y \u201eempfinden\u201c est\u00e1 en la intensidad y en [&hellip;]<\/p>\n","protected":false},"author":2,"featured_media":43842,"comment_status":"open","ping_status":"open","sticky":false,"template":"","format":"standard","meta":{"footnotes":""},"categories":[45],"tags":[],"class_list":["post-43841","post","type-post","status-publish","format-standard","has-post-thumbnail","hentry","category-aprender-aleman-gratis"],"yoast_head":"<!-- This site is optimized with the Yoast SEO plugin v27.1.1 - https:\/\/yoast.com\/product\/yoast-seo-wordpress\/ -->\n<title>F\u00fchlen \u2013 Sp\u00fcren \u2013 Empfinden: Significado y diferencias<\/title>\n<meta name=\"description\" content=\"F\u00fchlen \u2013 Sp\u00fcren \u2013 Empfinden: Significado y diferencias. Cuando se debe utilizar en alem\u00e1n y cuales son las diferencias de los verbos.\" \/>\n<meta name=\"robots\" content=\"index, follow, max-snippet:-1, max-image-preview:large, max-video-preview:-1\" \/>\n<link rel=\"canonical\" href=\"https:\/\/www.sprachschule-aktiv-muenchen.de\/es\/fuehlen-spueren-empfinden-significado-diferencias\/\" \/>\n<meta property=\"og:locale\" content=\"es_ES\" \/>\n<meta property=\"og:type\" content=\"article\" \/>\n<meta property=\"og:title\" content=\"F\u00fchlen \u2013 Sp\u00fcren \u2013 Empfinden: Significado y diferencias\" \/>\n<meta property=\"og:description\" content=\"F\u00fchlen \u2013 Sp\u00fcren \u2013 Empfinden: Significado y diferencias. Cuando se debe utilizar en alem\u00e1n y cuales son las diferencias de los verbos.\" \/>\n<meta property=\"og:url\" content=\"https:\/\/www.sprachschule-aktiv-muenchen.de\/es\/fuehlen-spueren-empfinden-significado-diferencias\/\" \/>\n<meta property=\"og:site_name\" content=\"Sprachschule Aktiv\" \/>\n<meta property=\"article:published_time\" content=\"2018-03-11T06:38:33+00:00\" \/>\n<meta property=\"article:modified_time\" content=\"2019-11-27T09:20:21+00:00\" \/>\n<meta property=\"og:image\" content=\"https:\/\/www.sprachschule-aktiv-muenchen.de\/wp-content\/uploads\/2018\/03\/fuehlen-spueren-empfinden-diferencias.jpg\" \/>\n\t<meta property=\"og:image:width\" content=\"600\" \/>\n\t<meta property=\"og:image:height\" content=\"352\" \/>\n\t<meta property=\"og:image:type\" content=\"image\/jpeg\" \/>\n<meta name=\"author\" content=\"Martin Polo\" \/>\n<meta name=\"twitter:card\" content=\"summary_large_image\" \/>\n<meta name=\"twitter:label1\" content=\"Escrito por\" \/>\n\t<meta name=\"twitter:data1\" content=\"Martin Polo\" \/>\n\t<meta name=\"twitter:label2\" content=\"Tiempo de lectura\" \/>\n\t<meta name=\"twitter:data2\" content=\"2 minutos\" \/>\n<script type=\"application\/ld+json\" class=\"yoast-schema-graph\">{\"@context\":\"https:\/\/schema.org\",\"@graph\":[{\"@type\":\"Article\",\"@id\":\"https:\/\/www.sprachschule-aktiv-muenchen.de\/es\/fuehlen-spueren-empfinden-significado-diferencias\/#article\",\"isPartOf\":{\"@id\":\"https:\/\/www.sprachschule-aktiv-muenchen.de\/es\/fuehlen-spueren-empfinden-significado-diferencias\/\"},\"author\":{\"name\":\"Martin Polo\",\"@id\":\"https:\/\/www.sprachschule-aktiv-muenchen.de\/#\/schema\/person\/a74a6322db9745fd586f7e97f1ee5724\"},\"headline\":\"F\u00fchlen \u2013 Sp\u00fcren \u2013 Empfinden: Significado y diferencias\",\"datePublished\":\"2018-03-11T06:38:33+00:00\",\"dateModified\":\"2019-11-27T09:20:21+00:00\",\"mainEntityOfPage\":{\"@id\":\"https:\/\/www.sprachschule-aktiv-muenchen.de\/es\/fuehlen-spueren-empfinden-significado-diferencias\/\"},\"wordCount\":361,\"commentCount\":0,\"image\":{\"@id\":\"https:\/\/www.sprachschule-aktiv-muenchen.de\/es\/fuehlen-spueren-empfinden-significado-diferencias\/#primaryimage\"},\"thumbnailUrl\":\"https:\/\/www.sprachschule-aktiv-muenchen.de\/wp-content\/uploads\/2018\/03\/fuehlen-spueren-empfinden-diferencias.jpg\",\"articleSection\":[\"Aprender alem\u00e1n gratis\"],\"inLanguage\":\"es\"},{\"@type\":\"WebPage\",\"@id\":\"https:\/\/www.sprachschule-aktiv-muenchen.de\/es\/fuehlen-spueren-empfinden-significado-diferencias\/\",\"url\":\"https:\/\/www.sprachschule-aktiv-muenchen.de\/es\/fuehlen-spueren-empfinden-significado-diferencias\/\",\"name\":\"F\u00fchlen \u2013 Sp\u00fcren \u2013 Empfinden: Significado y diferencias\",\"isPartOf\":{\"@id\":\"https:\/\/www.sprachschule-aktiv-muenchen.de\/#website\"},\"primaryImageOfPage\":{\"@id\":\"https:\/\/www.sprachschule-aktiv-muenchen.de\/es\/fuehlen-spueren-empfinden-significado-diferencias\/#primaryimage\"},\"image\":{\"@id\":\"https:\/\/www.sprachschule-aktiv-muenchen.de\/es\/fuehlen-spueren-empfinden-significado-diferencias\/#primaryimage\"},\"thumbnailUrl\":\"https:\/\/www.sprachschule-aktiv-muenchen.de\/wp-content\/uploads\/2018\/03\/fuehlen-spueren-empfinden-diferencias.jpg\",\"datePublished\":\"2018-03-11T06:38:33+00:00\",\"dateModified\":\"2019-11-27T09:20:21+00:00\",\"author\":{\"@id\":\"https:\/\/www.sprachschule-aktiv-muenchen.de\/#\/schema\/person\/a74a6322db9745fd586f7e97f1ee5724\"},\"description\":\"F\u00fchlen \u2013 Sp\u00fcren \u2013 Empfinden: Significado y diferencias. Cuando se debe utilizar en alem\u00e1n y cuales son las diferencias de los verbos.\",\"breadcrumb\":{\"@id\":\"https:\/\/www.sprachschule-aktiv-muenchen.de\/es\/fuehlen-spueren-empfinden-significado-diferencias\/#breadcrumb\"},\"inLanguage\":\"es\",\"potentialAction\":[{\"@type\":\"ReadAction\",\"target\":[\"https:\/\/www.sprachschule-aktiv-muenchen.de\/es\/fuehlen-spueren-empfinden-significado-diferencias\/\"]}]},{\"@type\":\"ImageObject\",\"inLanguage\":\"es\",\"@id\":\"https:\/\/www.sprachschule-aktiv-muenchen.de\/es\/fuehlen-spueren-empfinden-significado-diferencias\/#primaryimage\",\"url\":\"https:\/\/www.sprachschule-aktiv-muenchen.de\/wp-content\/uploads\/2018\/03\/fuehlen-spueren-empfinden-diferencias.jpg\",\"contentUrl\":\"https:\/\/www.sprachschule-aktiv-muenchen.de\/wp-content\/uploads\/2018\/03\/fuehlen-spueren-empfinden-diferencias.jpg\",\"width\":\"600\",\"height\":\"352\",\"caption\":\"F\u00fchlen \u2013 Sp\u00fcren \u2013 Empfinden: Signifado y diferencias\"},{\"@type\":\"BreadcrumbList\",\"@id\":\"https:\/\/www.sprachschule-aktiv-muenchen.de\/es\/fuehlen-spueren-empfinden-significado-diferencias\/#breadcrumb\",\"itemListElement\":[{\"@type\":\"ListItem\",\"position\":1,\"name\":\"Portada\",\"item\":\"https:\/\/www.sprachschule-aktiv-muenchen.de\/es\/\"},{\"@type\":\"ListItem\",\"position\":2,\"name\":\"F\u00fchlen \u2013 Sp\u00fcren \u2013 Empfinden: Significado y diferencias\"}]},{\"@type\":\"WebSite\",\"@id\":\"https:\/\/www.sprachschule-aktiv-muenchen.de\/#website\",\"url\":\"https:\/\/www.sprachschule-aktiv-muenchen.de\/\",\"name\":\"Sprachschule Aktiv\",\"description\":\"\",\"potentialAction\":[{\"@type\":\"SearchAction\",\"target\":{\"@type\":\"EntryPoint\",\"urlTemplate\":\"https:\/\/www.sprachschule-aktiv-muenchen.de\/?s={search_term_string}\"},\"query-input\":{\"@type\":\"PropertyValueSpecification\",\"valueRequired\":true,\"valueName\":\"search_term_string\"}}],\"inLanguage\":\"es\"},{\"@type\":\"Person\",\"@id\":\"https:\/\/www.sprachschule-aktiv-muenchen.de\/#\/schema\/person\/a74a6322db9745fd586f7e97f1ee5724\",\"name\":\"Martin Polo\",\"image\":{\"@type\":\"ImageObject\",\"inLanguage\":\"es\",\"@id\":\"https:\/\/www.sprachschule-aktiv-muenchen.de\/#\/schema\/person\/image\/\",\"url\":\"https:\/\/secure.gravatar.com\/avatar\/2cbe6176b6be8b122284c50d9e7a11af9502529eae284fd73534defd313e4152?s=96&d=mm&r=g\",\"contentUrl\":\"https:\/\/secure.gravatar.com\/avatar\/2cbe6176b6be8b122284c50d9e7a11af9502529eae284fd73534defd313e4152?s=96&d=mm&r=g\",\"caption\":\"Martin Polo\"}}]}<\/script>\n<!-- \/ Yoast SEO plugin. -->","yoast_head_json":{"title":"F\u00fchlen \u2013 Sp\u00fcren \u2013 Empfinden: Significado y diferencias","description":"F\u00fchlen \u2013 Sp\u00fcren \u2013 Empfinden: Significado y diferencias. Cuando se debe utilizar en alem\u00e1n y cuales son las diferencias de los verbos.","robots":{"index":"index","follow":"follow","max-snippet":"max-snippet:-1","max-image-preview":"max-image-preview:large","max-video-preview":"max-video-preview:-1"},"canonical":"https:\/\/www.sprachschule-aktiv-muenchen.de\/es\/fuehlen-spueren-empfinden-significado-diferencias\/","og_locale":"es_ES","og_type":"article","og_title":"F\u00fchlen \u2013 Sp\u00fcren \u2013 Empfinden: Significado y diferencias","og_description":"F\u00fchlen \u2013 Sp\u00fcren \u2013 Empfinden: Significado y diferencias. Cuando se debe utilizar en alem\u00e1n y cuales son las diferencias de los verbos.","og_url":"https:\/\/www.sprachschule-aktiv-muenchen.de\/es\/fuehlen-spueren-empfinden-significado-diferencias\/","og_site_name":"Sprachschule Aktiv","article_published_time":"2018-03-11T06:38:33+00:00","article_modified_time":"2019-11-27T09:20:21+00:00","og_image":[{"width":600,"height":352,"url":"https:\/\/www.sprachschule-aktiv-muenchen.de\/wp-content\/uploads\/2018\/03\/fuehlen-spueren-empfinden-diferencias.jpg","type":"image\/jpeg"}],"author":"Martin Polo","twitter_card":"summary_large_image","twitter_misc":{"Escrito por":"Martin Polo","Tiempo de lectura":"2 minutos"},"schema":{"@context":"https:\/\/schema.org","@graph":[{"@type":"Article","@id":"https:\/\/www.sprachschule-aktiv-muenchen.de\/es\/fuehlen-spueren-empfinden-significado-diferencias\/#article","isPartOf":{"@id":"https:\/\/www.sprachschule-aktiv-muenchen.de\/es\/fuehlen-spueren-empfinden-significado-diferencias\/"},"author":{"name":"Martin Polo","@id":"https:\/\/www.sprachschule-aktiv-muenchen.de\/#\/schema\/person\/a74a6322db9745fd586f7e97f1ee5724"},"headline":"F\u00fchlen \u2013 Sp\u00fcren \u2013 Empfinden: Significado y diferencias","datePublished":"2018-03-11T06:38:33+00:00","dateModified":"2019-11-27T09:20:21+00:00","mainEntityOfPage":{"@id":"https:\/\/www.sprachschule-aktiv-muenchen.de\/es\/fuehlen-spueren-empfinden-significado-diferencias\/"},"wordCount":361,"commentCount":0,"image":{"@id":"https:\/\/www.sprachschule-aktiv-muenchen.de\/es\/fuehlen-spueren-empfinden-significado-diferencias\/#primaryimage"},"thumbnailUrl":"https:\/\/www.sprachschule-aktiv-muenchen.de\/wp-content\/uploads\/2018\/03\/fuehlen-spueren-empfinden-diferencias.jpg","articleSection":["Aprender alem\u00e1n gratis"],"inLanguage":"es"},{"@type":"WebPage","@id":"https:\/\/www.sprachschule-aktiv-muenchen.de\/es\/fuehlen-spueren-empfinden-significado-diferencias\/","url":"https:\/\/www.sprachschule-aktiv-muenchen.de\/es\/fuehlen-spueren-empfinden-significado-diferencias\/","name":"F\u00fchlen \u2013 Sp\u00fcren \u2013 Empfinden: Significado y diferencias","isPartOf":{"@id":"https:\/\/www.sprachschule-aktiv-muenchen.de\/#website"},"primaryImageOfPage":{"@id":"https:\/\/www.sprachschule-aktiv-muenchen.de\/es\/fuehlen-spueren-empfinden-significado-diferencias\/#primaryimage"},"image":{"@id":"https:\/\/www.sprachschule-aktiv-muenchen.de\/es\/fuehlen-spueren-empfinden-significado-diferencias\/#primaryimage"},"thumbnailUrl":"https:\/\/www.sprachschule-aktiv-muenchen.de\/wp-content\/uploads\/2018\/03\/fuehlen-spueren-empfinden-diferencias.jpg","datePublished":"2018-03-11T06:38:33+00:00","dateModified":"2019-11-27T09:20:21+00:00","author":{"@id":"https:\/\/www.sprachschule-aktiv-muenchen.de\/#\/schema\/person\/a74a6322db9745fd586f7e97f1ee5724"},"description":"F\u00fchlen \u2013 Sp\u00fcren \u2013 Empfinden: Significado y diferencias. Cuando se debe utilizar en alem\u00e1n y cuales son las diferencias de los verbos.","breadcrumb":{"@id":"https:\/\/www.sprachschule-aktiv-muenchen.de\/es\/fuehlen-spueren-empfinden-significado-diferencias\/#breadcrumb"},"inLanguage":"es","potentialAction":[{"@type":"ReadAction","target":["https:\/\/www.sprachschule-aktiv-muenchen.de\/es\/fuehlen-spueren-empfinden-significado-diferencias\/"]}]},{"@type":"ImageObject","inLanguage":"es","@id":"https:\/\/www.sprachschule-aktiv-muenchen.de\/es\/fuehlen-spueren-empfinden-significado-diferencias\/#primaryimage","url":"https:\/\/www.sprachschule-aktiv-muenchen.de\/wp-content\/uploads\/2018\/03\/fuehlen-spueren-empfinden-diferencias.jpg","contentUrl":"https:\/\/www.sprachschule-aktiv-muenchen.de\/wp-content\/uploads\/2018\/03\/fuehlen-spueren-empfinden-diferencias.jpg","width":"600","height":"352","caption":"F\u00fchlen \u2013 Sp\u00fcren \u2013 Empfinden: Signifado y diferencias"},{"@type":"BreadcrumbList","@id":"https:\/\/www.sprachschule-aktiv-muenchen.de\/es\/fuehlen-spueren-empfinden-significado-diferencias\/#breadcrumb","itemListElement":[{"@type":"ListItem","position":1,"name":"Portada","item":"https:\/\/www.sprachschule-aktiv-muenchen.de\/es\/"},{"@type":"ListItem","position":2,"name":"F\u00fchlen \u2013 Sp\u00fcren \u2013 Empfinden: Significado y diferencias"}]},{"@type":"WebSite","@id":"https:\/\/www.sprachschule-aktiv-muenchen.de\/#website","url":"https:\/\/www.sprachschule-aktiv-muenchen.de\/","name":"Sprachschule Aktiv","description":"","potentialAction":[{"@type":"SearchAction","target":{"@type":"EntryPoint","urlTemplate":"https:\/\/www.sprachschule-aktiv-muenchen.de\/?s={search_term_string}"},"query-input":{"@type":"PropertyValueSpecification","valueRequired":true,"valueName":"search_term_string"}}],"inLanguage":"es"},{"@type":"Person","@id":"https:\/\/www.sprachschule-aktiv-muenchen.de\/#\/schema\/person\/a74a6322db9745fd586f7e97f1ee5724","name":"Martin Polo","image":{"@type":"ImageObject","inLanguage":"es","@id":"https:\/\/www.sprachschule-aktiv-muenchen.de\/#\/schema\/person\/image\/","url":"https:\/\/secure.gravatar.com\/avatar\/2cbe6176b6be8b122284c50d9e7a11af9502529eae284fd73534defd313e4152?s=96&d=mm&r=g","contentUrl":"https:\/\/secure.gravatar.com\/avatar\/2cbe6176b6be8b122284c50d9e7a11af9502529eae284fd73534defd313e4152?s=96&d=mm&r=g","caption":"Martin Polo"}}]}},"_links":{"self":[{"href":"https:\/\/www.sprachschule-aktiv-muenchen.de\/es\/wp-json\/wp\/v2\/posts\/43841","targetHints":{"allow":["GET"]}}],"collection":[{"href":"https:\/\/www.sprachschule-aktiv-muenchen.de\/es\/wp-json\/wp\/v2\/posts"}],"about":[{"href":"https:\/\/www.sprachschule-aktiv-muenchen.de\/es\/wp-json\/wp\/v2\/types\/post"}],"author":[{"embeddable":true,"href":"https:\/\/www.sprachschule-aktiv-muenchen.de\/es\/wp-json\/wp\/v2\/users\/2"}],"replies":[{"embeddable":true,"href":"https:\/\/www.sprachschule-aktiv-muenchen.de\/es\/wp-json\/wp\/v2\/comments?post=43841"}],"version-history":[{"count":2,"href":"https:\/\/www.sprachschule-aktiv-muenchen.de\/es\/wp-json\/wp\/v2\/posts\/43841\/revisions"}],"predecessor-version":[{"id":53132,"href":"https:\/\/www.sprachschule-aktiv-muenchen.de\/es\/wp-json\/wp\/v2\/posts\/43841\/revisions\/53132"}],"wp:featuredmedia":[{"embeddable":true,"href":"https:\/\/www.sprachschule-aktiv-muenchen.de\/es\/wp-json\/wp\/v2\/media\/43842"}],"wp:attachment":[{"href":"https:\/\/www.sprachschule-aktiv-muenchen.de\/es\/wp-json\/wp\/v2\/media?parent=43841"}],"wp:term":[{"taxonomy":"category","embeddable":true,"href":"https:\/\/www.sprachschule-aktiv-muenchen.de\/es\/wp-json\/wp\/v2\/categories?post=43841"},{"taxonomy":"post_tag","embeddable":true,"href":"https:\/\/www.sprachschule-aktiv-muenchen.de\/es\/wp-json\/wp\/v2\/tags?post=43841"}],"curies":[{"name":"wp","href":"https:\/\/api.w.org\/{rel}","templated":true}]}}