{"id":43816,"date":"2018-03-11T07:29:08","date_gmt":"2018-03-11T06:29:08","guid":{"rendered":"https:\/\/www.sprachschule-aktiv-muenchen.de\/?p=43816"},"modified":"2023-10-11T06:38:27","modified_gmt":"2023-10-11T04:38:27","slug":"kennen-wissen-koennen-cuales-son-las-diferencias","status":"publish","type":"post","link":"https:\/\/www.sprachschule-aktiv-muenchen.de\/es\/kennen-wissen-koennen-cuales-son-las-diferencias\/","title":{"rendered":"Kennen \u2013 Wissen \u2013 K\u00f6nnen: \u00bfCu\u00e1les son las diferencias?"},"content":{"rendered":"<h1>Kennen \u2013 Wissen \u2013 K\u00f6nnen: \u00bfCu\u00e1les son las diferencias?<\/h1>\n<p>\u201eYo conozco a Albert Einstein.\u201c \u2013 \u201eIch kenne Albert Einstein.\u201c<\/p>\n<p>\u201eYo s\u00e9 donde est\u00e1 M\u00fanich.\u201c \u2013 \u201eIch wei\u00df, wo M\u00fcnchen liegt.\u201c<\/p>\n<p>\u201eYo puedo (tengo conocimientos) hablar alem\u00e1n\u201c \u2013 \u201eIch kann etwas Deutsch.\u201c<\/p>\n<p>\u00bfPor qu\u00e9 no se puede decir \u201eich <em>wei\u00df <\/em>etwas Deutsch\u201c <em>y las palabras<\/em> \u201ekennen\u201c y \u201ewissen\u201c no est\u00e1n claras al principio para los estudiantes de alem\u00e1n. En esta lecci\u00f3n explicamos Kennen \u2013 Wissen \u2013 K\u00f6nnen: \u00bfCu\u00e1les son las diferencias?<\/p>\n<h2>Kennen<\/h2>\n<p>Kennen + Nombre \/ Pronombre<\/p>\n<p>Con \u201ekennen\u201c se habla de, por ejemplo, una persona.<\/p>\n<p>\u201eKennst du meine Tante Katharina?\u201c (\u201eJa, ich habe sie kennengelernt.\u201c)<\/p>\n<p>\u00bf\u201eConoces a mi t\u00eda Katharina?\u201c \u00a0(\u201eS\u00ed, la he conocido.\u201d)<\/p>\n<p>\u201eKennst du einen guten Auto-Mechaniker?\u201c (\u201eJa, ich kenne einen.\u201c)<\/p>\n<p>\u00bf\u201eConoces a un buen mec\u00e1nico de coches?\u201d (\u201eS\u00ed, conozco a uno.\u201d)<\/p>\n<p>\u201eKennst du ihn?\u201c \u2013 \u201eKennt ihr euch schon? (\u201eNein, wir haben uns noch nicht kennengelernt.\u201c)<\/p>\n<p>\u00bf\u201eLe conoces?\u201d (\u201eS\u00ed, ya le conozco.\u201d) (\u201eNo, no nos hemos conocido todav\u00eda.\u201c)<\/p>\n<p>O sobre ciudades, lugares, pel\u00edculas, comida, \u2026<\/p>\n<p>\u201eKennst du das Oktoberfest?\u201c (\u201eJa, ich war schon dort.\u201c)<\/p>\n<p>\u00bf\u201eConoces el Oktoberfest?\u201d (\u201eS\u00ed, ya he estado ah\u00ed.\u201d)<\/p>\n<p>\u201eKennst du diesen Film?\u201c (\u201eNein, den habe ich noch nicht gesehen.\u201c)<\/p>\n<p>\u00bf\u201eConoces esta pel\u00edcula?\u201d (\u201eNo, no la he visto todav\u00eda.\u201c)<\/p>\n<p>\u201eKennst du Brezen?\u201c (\u201eJa, ich habe gestern eine probiert.\u201c)<\/p>\n<p>\u00bf\u201eConoces los Brezen?\u201d (\u201eS\u00ed, ayer probe uno.\u201d)<\/p>\n<p>\u201eKennst du den Unterschied?\u201c (\u201eJa, den kenne ich.\u201c)<\/p>\n<p>\u00bf\u201eConoces la diferencia?\u201d (\u201eS\u00ed, la conozco.\u201d)<\/p>\n<p>Conjugaci\u00f3n: ich kenne, du kennst\u2026<\/p>\n<p>Pret\u00e9rito: ich kannte, du kanntest\u2026<\/p>\n<p>Perfecto: ich habe diesen Autor gekannt. (Heute lebt er nicht mehr.)<\/p>\n<p>kennenlernen: Ich habe meinen Nachbarn kennengelernt. Wir haben miteinander gesprochen und jetzt kenne ich ihn.<\/p>\n<p>He conocido a mi vecino. Hemos hablado y ahora le conozco.<\/p>\n<h2>Wissen<\/h2>\n<p>Wissen + Oraci\u00f3n subordinada: Con \u201ewissen\u201c se habla de informaci\u00f3n exacta.<\/p>\n<p>\u201eWei\u00dft du, wann sein Geburtstag ist?\u201c \u00bf\u201eSabes cuando es su <a href=\"https:\/\/dict.leo.org\/spanisch-deutsch\/cumplea\u00f1os\">cumplea\u00f1os<\/a>?\u201d<\/p>\n<p>\u201eIch wei\u00df nicht, wo der n\u00e4chste Supermarkt ist.\u201c \u201eYo no s\u00e9 donde est\u00e1 el supermercado m\u00e1s pr\u00f3ximo.\u201d<\/p>\n<p>\u201eWissen Sie, wie ich zur U-Bahn komme?\u201c \u00bf\u201eSabe c\u00f3mo llego al metro?\u201d<\/p>\n<p>Conjugaci\u00f3n: ich wei\u00df, du wei\u00dft, er wei\u00df; wir wissen, ihr wisst, sie \/ Sie wissen.<\/p>\n<p>Pret\u00e9rito: ich wusste, du wusstest\u2026<\/p>\n<p>Perfecto: ich habe das nicht gewusst.<\/p>\n<h2>K\u00f6nnen<\/h2>\n<p>K\u00f6nnen + Lenguajes y facultades\/ conocimientos:<\/p>\n<p>\u201eIch kann kein Englisch, aber ich kann gut Deutsch.\u201c \u201eYo no s\u00e9 ingl\u00e9s pero puedo hablar alem\u00e1n.\u201d<\/p>\n<p>\u201eMein Freund kann Karate.\u201c \u201eMi amigo sabe k\u00e1rate.\u201c<\/p>\n<p>\u201eDein Opa kann super Schach!\u201c \u201e\u00a1Tu abuelo puede ,jugar muy bien al ajedrez!<\/p>\n<p>K\u00f6nnen como verbo modal<\/p>\n<p>\u201eIch kann dich heute anrufen.\u201c \u201eYo puedo llamarte hoy\u201c<\/p>\n<p>\u201eDas M\u00e4dchen kann noch nicht so gut schwimmen.\u201c \u201eLa chica no sabe nadar muy bien.\u201c<\/p>\n<p>Conjugaci\u00f3n: ich kann, du kannst, er kann; wir k\u00f6nnen, ihr k\u00f6nnt, sie \/ Sie k\u00f6nnen.<\/p>\n<p>Pret\u00e9rito: ich konnte, du konntest\u2026<\/p>\n<p>Perfecto: <em>k\u00f6nnen <\/em>es uno verbo modal, por lo que se utiliza en el pasado normalmente con pret\u00e9rito.<\/p>\n<p>Alles klar? Jetzt <em>wei\u00dft<\/em> du, was der Unterschied zwischen den Verben ist. Du <em>kennst<\/em> ,ihre Bedeutung und <em>kannst<\/em> die W\u00f6rter richtig benutzen!<\/p>\n<p>\u00bfEst\u00e1 todo claro? Ahora sabes las diferencias entre los verbos. \u00a1Conoces su significado y puedes utilizar las palabras correctamente!<\/p>\n<h3>Otros art\u00edculos y cursos que pueden interesarle:<\/h3>\n<ul>\n<li><a href=\"https:\/\/www.sprachschule-aktiv-muenchen.de\/es\/gewoehnt-o-gewohnt-definicion-significados-diferencias\/\">Gew\u00f6hnt o Gewohnt &#8211; Diferencias y definici\u00f3n<\/a><\/li>\n<li><a href=\"https:\/\/www.sprachschule-aktiv-muenchen.de\/es\/visa-curso-aleman\/\">Curso de alem\u00e1n y visa para Alemania<\/a><\/li>\n<\/ul>\n","protected":false},"excerpt":{"rendered":"<p>Kennen \u2013 Wissen \u2013 K\u00f6nnen: \u00bfCu\u00e1les son las diferencias? \u201eYo conozco a Albert Einstein.\u201c \u2013 \u201eIch kenne Albert Einstein.\u201c \u201eYo s\u00e9 donde est\u00e1 M\u00fanich.\u201c \u2013 \u201eIch wei\u00df, wo M\u00fcnchen liegt.\u201c \u201eYo puedo (tengo conocimientos) hablar alem\u00e1n\u201c \u2013 \u201eIch kann etwas Deutsch.\u201c \u00bfPor qu\u00e9 no se puede decir \u201eich wei\u00df etwas Deutsch\u201c y las palabras \u201ekennen\u201c [&hellip;]<\/p>\n","protected":false},"author":2,"featured_media":43817,"comment_status":"closed","ping_status":"closed","sticky":false,"template":"","format":"standard","meta":{"footnotes":""},"categories":[45],"tags":[],"class_list":["post-43816","post","type-post","status-publish","format-standard","has-post-thumbnail","hentry","category-aprender-aleman-gratis"],"yoast_head":"<!-- This site is optimized with the Yoast SEO plugin v27.1.1 - https:\/\/yoast.com\/product\/yoast-seo-wordpress\/ -->\n<title>Kennen \u2013 Wissen \u2013 K\u00f6nnen: \u00bfCu\u00e1les son las diferencias?<\/title>\n<meta name=\"description\" content=\"Kennen \u2013 Wissen \u2013 K\u00f6nnen: Ent\u00e9rate en este art\u00edculo cuando y como utilizar los verbos Kennen, Wissen o K\u00f6nnen de manera adecuada.\" \/>\n<meta name=\"robots\" content=\"index, follow, max-snippet:-1, max-image-preview:large, max-video-preview:-1\" \/>\n<link rel=\"canonical\" href=\"https:\/\/www.sprachschule-aktiv-muenchen.de\/es\/kennen-wissen-koennen-cuales-son-las-diferencias\/\" \/>\n<meta property=\"og:locale\" content=\"es_ES\" \/>\n<meta property=\"og:type\" content=\"article\" \/>\n<meta property=\"og:title\" content=\"Kennen \u2013 Wissen \u2013 K\u00f6nnen: \u00bfCu\u00e1les son las diferencias?\" \/>\n<meta property=\"og:description\" content=\"Kennen \u2013 Wissen \u2013 K\u00f6nnen: Ent\u00e9rate en este art\u00edculo cuando y como utilizar los verbos Kennen, Wissen o K\u00f6nnen de manera adecuada.\" \/>\n<meta property=\"og:url\" content=\"https:\/\/www.sprachschule-aktiv-muenchen.de\/es\/kennen-wissen-koennen-cuales-son-las-diferencias\/\" \/>\n<meta property=\"og:site_name\" content=\"Sprachschule Aktiv\" \/>\n<meta property=\"article:published_time\" content=\"2018-03-11T06:29:08+00:00\" \/>\n<meta property=\"article:modified_time\" content=\"2023-10-11T04:38:27+00:00\" \/>\n<meta property=\"og:image\" content=\"https:\/\/www.sprachschule-aktiv-muenchen.de\/wp-content\/uploads\/2018\/03\/kennen-wissen-koennen-diferencias.png\" \/>\n\t<meta property=\"og:image:width\" content=\"1160\" \/>\n\t<meta property=\"og:image:height\" content=\"580\" \/>\n\t<meta property=\"og:image:type\" content=\"image\/png\" \/>\n<meta name=\"author\" content=\"Martin Polo\" \/>\n<meta name=\"twitter:card\" content=\"summary_large_image\" \/>\n<meta name=\"twitter:label1\" content=\"Escrito por\" \/>\n\t<meta name=\"twitter:data1\" content=\"Martin Polo\" \/>\n\t<meta name=\"twitter:label2\" content=\"Tiempo de lectura\" \/>\n\t<meta name=\"twitter:data2\" content=\"3 minutos\" \/>\n<script type=\"application\/ld+json\" class=\"yoast-schema-graph\">{\"@context\":\"https:\/\/schema.org\",\"@graph\":[{\"@type\":\"Article\",\"@id\":\"https:\/\/www.sprachschule-aktiv-muenchen.de\/es\/kennen-wissen-koennen-cuales-son-las-diferencias\/#article\",\"isPartOf\":{\"@id\":\"https:\/\/www.sprachschule-aktiv-muenchen.de\/es\/kennen-wissen-koennen-cuales-son-las-diferencias\/\"},\"author\":{\"name\":\"Martin Polo\",\"@id\":\"https:\/\/www.sprachschule-aktiv-muenchen.de\/#\/schema\/person\/a74a6322db9745fd586f7e97f1ee5724\"},\"headline\":\"Kennen \u2013 Wissen \u2013 K\u00f6nnen: \u00bfCu\u00e1les son las diferencias?\",\"datePublished\":\"2018-03-11T06:29:08+00:00\",\"dateModified\":\"2023-10-11T04:38:27+00:00\",\"mainEntityOfPage\":{\"@id\":\"https:\/\/www.sprachschule-aktiv-muenchen.de\/es\/kennen-wissen-koennen-cuales-son-las-diferencias\/\"},\"wordCount\":575,\"image\":{\"@id\":\"https:\/\/www.sprachschule-aktiv-muenchen.de\/es\/kennen-wissen-koennen-cuales-son-las-diferencias\/#primaryimage\"},\"thumbnailUrl\":\"https:\/\/www.sprachschule-aktiv-muenchen.de\/wp-content\/uploads\/2018\/03\/kennen-wissen-koennen-diferencias.png\",\"articleSection\":[\"Aprender alem\u00e1n gratis\"],\"inLanguage\":\"es\"},{\"@type\":\"WebPage\",\"@id\":\"https:\/\/www.sprachschule-aktiv-muenchen.de\/es\/kennen-wissen-koennen-cuales-son-las-diferencias\/\",\"url\":\"https:\/\/www.sprachschule-aktiv-muenchen.de\/es\/kennen-wissen-koennen-cuales-son-las-diferencias\/\",\"name\":\"Kennen \u2013 Wissen \u2013 K\u00f6nnen: \u00bfCu\u00e1les son las diferencias?\",\"isPartOf\":{\"@id\":\"https:\/\/www.sprachschule-aktiv-muenchen.de\/#website\"},\"primaryImageOfPage\":{\"@id\":\"https:\/\/www.sprachschule-aktiv-muenchen.de\/es\/kennen-wissen-koennen-cuales-son-las-diferencias\/#primaryimage\"},\"image\":{\"@id\":\"https:\/\/www.sprachschule-aktiv-muenchen.de\/es\/kennen-wissen-koennen-cuales-son-las-diferencias\/#primaryimage\"},\"thumbnailUrl\":\"https:\/\/www.sprachschule-aktiv-muenchen.de\/wp-content\/uploads\/2018\/03\/kennen-wissen-koennen-diferencias.png\",\"datePublished\":\"2018-03-11T06:29:08+00:00\",\"dateModified\":\"2023-10-11T04:38:27+00:00\",\"author\":{\"@id\":\"https:\/\/www.sprachschule-aktiv-muenchen.de\/#\/schema\/person\/a74a6322db9745fd586f7e97f1ee5724\"},\"description\":\"Kennen \u2013 Wissen \u2013 K\u00f6nnen: Ent\u00e9rate en este art\u00edculo cuando y como utilizar los verbos Kennen, Wissen o K\u00f6nnen de manera adecuada.\",\"breadcrumb\":{\"@id\":\"https:\/\/www.sprachschule-aktiv-muenchen.de\/es\/kennen-wissen-koennen-cuales-son-las-diferencias\/#breadcrumb\"},\"inLanguage\":\"es\",\"potentialAction\":[{\"@type\":\"ReadAction\",\"target\":[\"https:\/\/www.sprachschule-aktiv-muenchen.de\/es\/kennen-wissen-koennen-cuales-son-las-diferencias\/\"]}]},{\"@type\":\"ImageObject\",\"inLanguage\":\"es\",\"@id\":\"https:\/\/www.sprachschule-aktiv-muenchen.de\/es\/kennen-wissen-koennen-cuales-son-las-diferencias\/#primaryimage\",\"url\":\"https:\/\/www.sprachschule-aktiv-muenchen.de\/wp-content\/uploads\/2018\/03\/kennen-wissen-koennen-diferencias.png\",\"contentUrl\":\"https:\/\/www.sprachschule-aktiv-muenchen.de\/wp-content\/uploads\/2018\/03\/kennen-wissen-koennen-diferencias.png\",\"width\":\"1160\",\"height\":\"580\",\"caption\":\"Kennen \u2013 Wissen \u2013 K\u00f6nnen: \u00bfCu\u00e1les son las diferencias?\"},{\"@type\":\"BreadcrumbList\",\"@id\":\"https:\/\/www.sprachschule-aktiv-muenchen.de\/es\/kennen-wissen-koennen-cuales-son-las-diferencias\/#breadcrumb\",\"itemListElement\":[{\"@type\":\"ListItem\",\"position\":1,\"name\":\"Portada\",\"item\":\"https:\/\/www.sprachschule-aktiv-muenchen.de\/es\/\"},{\"@type\":\"ListItem\",\"position\":2,\"name\":\"Kennen \u2013 Wissen \u2013 K\u00f6nnen: \u00bfCu\u00e1les son las diferencias?\"}]},{\"@type\":\"WebSite\",\"@id\":\"https:\/\/www.sprachschule-aktiv-muenchen.de\/#website\",\"url\":\"https:\/\/www.sprachschule-aktiv-muenchen.de\/\",\"name\":\"Sprachschule Aktiv\",\"description\":\"\",\"potentialAction\":[{\"@type\":\"SearchAction\",\"target\":{\"@type\":\"EntryPoint\",\"urlTemplate\":\"https:\/\/www.sprachschule-aktiv-muenchen.de\/?s={search_term_string}\"},\"query-input\":{\"@type\":\"PropertyValueSpecification\",\"valueRequired\":true,\"valueName\":\"search_term_string\"}}],\"inLanguage\":\"es\"},{\"@type\":\"Person\",\"@id\":\"https:\/\/www.sprachschule-aktiv-muenchen.de\/#\/schema\/person\/a74a6322db9745fd586f7e97f1ee5724\",\"name\":\"Martin Polo\",\"image\":{\"@type\":\"ImageObject\",\"inLanguage\":\"es\",\"@id\":\"https:\/\/www.sprachschule-aktiv-muenchen.de\/#\/schema\/person\/image\/\",\"url\":\"https:\/\/secure.gravatar.com\/avatar\/2cbe6176b6be8b122284c50d9e7a11af9502529eae284fd73534defd313e4152?s=96&d=mm&r=g\",\"contentUrl\":\"https:\/\/secure.gravatar.com\/avatar\/2cbe6176b6be8b122284c50d9e7a11af9502529eae284fd73534defd313e4152?s=96&d=mm&r=g\",\"caption\":\"Martin Polo\"}}]}<\/script>\n<!-- \/ Yoast SEO plugin. -->","yoast_head_json":{"title":"Kennen \u2013 Wissen \u2013 K\u00f6nnen: \u00bfCu\u00e1les son las diferencias?","description":"Kennen \u2013 Wissen \u2013 K\u00f6nnen: Ent\u00e9rate en este art\u00edculo cuando y como utilizar los verbos Kennen, Wissen o K\u00f6nnen de manera adecuada.","robots":{"index":"index","follow":"follow","max-snippet":"max-snippet:-1","max-image-preview":"max-image-preview:large","max-video-preview":"max-video-preview:-1"},"canonical":"https:\/\/www.sprachschule-aktiv-muenchen.de\/es\/kennen-wissen-koennen-cuales-son-las-diferencias\/","og_locale":"es_ES","og_type":"article","og_title":"Kennen \u2013 Wissen \u2013 K\u00f6nnen: \u00bfCu\u00e1les son las diferencias?","og_description":"Kennen \u2013 Wissen \u2013 K\u00f6nnen: Ent\u00e9rate en este art\u00edculo cuando y como utilizar los verbos Kennen, Wissen o K\u00f6nnen de manera adecuada.","og_url":"https:\/\/www.sprachschule-aktiv-muenchen.de\/es\/kennen-wissen-koennen-cuales-son-las-diferencias\/","og_site_name":"Sprachschule Aktiv","article_published_time":"2018-03-11T06:29:08+00:00","article_modified_time":"2023-10-11T04:38:27+00:00","og_image":[{"width":1160,"height":580,"url":"https:\/\/www.sprachschule-aktiv-muenchen.de\/wp-content\/uploads\/2018\/03\/kennen-wissen-koennen-diferencias.png","type":"image\/png"}],"author":"Martin Polo","twitter_card":"summary_large_image","twitter_misc":{"Escrito por":"Martin Polo","Tiempo de lectura":"3 minutos"},"schema":{"@context":"https:\/\/schema.org","@graph":[{"@type":"Article","@id":"https:\/\/www.sprachschule-aktiv-muenchen.de\/es\/kennen-wissen-koennen-cuales-son-las-diferencias\/#article","isPartOf":{"@id":"https:\/\/www.sprachschule-aktiv-muenchen.de\/es\/kennen-wissen-koennen-cuales-son-las-diferencias\/"},"author":{"name":"Martin Polo","@id":"https:\/\/www.sprachschule-aktiv-muenchen.de\/#\/schema\/person\/a74a6322db9745fd586f7e97f1ee5724"},"headline":"Kennen \u2013 Wissen \u2013 K\u00f6nnen: \u00bfCu\u00e1les son las diferencias?","datePublished":"2018-03-11T06:29:08+00:00","dateModified":"2023-10-11T04:38:27+00:00","mainEntityOfPage":{"@id":"https:\/\/www.sprachschule-aktiv-muenchen.de\/es\/kennen-wissen-koennen-cuales-son-las-diferencias\/"},"wordCount":575,"image":{"@id":"https:\/\/www.sprachschule-aktiv-muenchen.de\/es\/kennen-wissen-koennen-cuales-son-las-diferencias\/#primaryimage"},"thumbnailUrl":"https:\/\/www.sprachschule-aktiv-muenchen.de\/wp-content\/uploads\/2018\/03\/kennen-wissen-koennen-diferencias.png","articleSection":["Aprender alem\u00e1n gratis"],"inLanguage":"es"},{"@type":"WebPage","@id":"https:\/\/www.sprachschule-aktiv-muenchen.de\/es\/kennen-wissen-koennen-cuales-son-las-diferencias\/","url":"https:\/\/www.sprachschule-aktiv-muenchen.de\/es\/kennen-wissen-koennen-cuales-son-las-diferencias\/","name":"Kennen \u2013 Wissen \u2013 K\u00f6nnen: \u00bfCu\u00e1les son las diferencias?","isPartOf":{"@id":"https:\/\/www.sprachschule-aktiv-muenchen.de\/#website"},"primaryImageOfPage":{"@id":"https:\/\/www.sprachschule-aktiv-muenchen.de\/es\/kennen-wissen-koennen-cuales-son-las-diferencias\/#primaryimage"},"image":{"@id":"https:\/\/www.sprachschule-aktiv-muenchen.de\/es\/kennen-wissen-koennen-cuales-son-las-diferencias\/#primaryimage"},"thumbnailUrl":"https:\/\/www.sprachschule-aktiv-muenchen.de\/wp-content\/uploads\/2018\/03\/kennen-wissen-koennen-diferencias.png","datePublished":"2018-03-11T06:29:08+00:00","dateModified":"2023-10-11T04:38:27+00:00","author":{"@id":"https:\/\/www.sprachschule-aktiv-muenchen.de\/#\/schema\/person\/a74a6322db9745fd586f7e97f1ee5724"},"description":"Kennen \u2013 Wissen \u2013 K\u00f6nnen: Ent\u00e9rate en este art\u00edculo cuando y como utilizar los verbos Kennen, Wissen o K\u00f6nnen de manera adecuada.","breadcrumb":{"@id":"https:\/\/www.sprachschule-aktiv-muenchen.de\/es\/kennen-wissen-koennen-cuales-son-las-diferencias\/#breadcrumb"},"inLanguage":"es","potentialAction":[{"@type":"ReadAction","target":["https:\/\/www.sprachschule-aktiv-muenchen.de\/es\/kennen-wissen-koennen-cuales-son-las-diferencias\/"]}]},{"@type":"ImageObject","inLanguage":"es","@id":"https:\/\/www.sprachschule-aktiv-muenchen.de\/es\/kennen-wissen-koennen-cuales-son-las-diferencias\/#primaryimage","url":"https:\/\/www.sprachschule-aktiv-muenchen.de\/wp-content\/uploads\/2018\/03\/kennen-wissen-koennen-diferencias.png","contentUrl":"https:\/\/www.sprachschule-aktiv-muenchen.de\/wp-content\/uploads\/2018\/03\/kennen-wissen-koennen-diferencias.png","width":"1160","height":"580","caption":"Kennen \u2013 Wissen \u2013 K\u00f6nnen: \u00bfCu\u00e1les son las diferencias?"},{"@type":"BreadcrumbList","@id":"https:\/\/www.sprachschule-aktiv-muenchen.de\/es\/kennen-wissen-koennen-cuales-son-las-diferencias\/#breadcrumb","itemListElement":[{"@type":"ListItem","position":1,"name":"Portada","item":"https:\/\/www.sprachschule-aktiv-muenchen.de\/es\/"},{"@type":"ListItem","position":2,"name":"Kennen \u2013 Wissen \u2013 K\u00f6nnen: \u00bfCu\u00e1les son las diferencias?"}]},{"@type":"WebSite","@id":"https:\/\/www.sprachschule-aktiv-muenchen.de\/#website","url":"https:\/\/www.sprachschule-aktiv-muenchen.de\/","name":"Sprachschule Aktiv","description":"","potentialAction":[{"@type":"SearchAction","target":{"@type":"EntryPoint","urlTemplate":"https:\/\/www.sprachschule-aktiv-muenchen.de\/?s={search_term_string}"},"query-input":{"@type":"PropertyValueSpecification","valueRequired":true,"valueName":"search_term_string"}}],"inLanguage":"es"},{"@type":"Person","@id":"https:\/\/www.sprachschule-aktiv-muenchen.de\/#\/schema\/person\/a74a6322db9745fd586f7e97f1ee5724","name":"Martin Polo","image":{"@type":"ImageObject","inLanguage":"es","@id":"https:\/\/www.sprachschule-aktiv-muenchen.de\/#\/schema\/person\/image\/","url":"https:\/\/secure.gravatar.com\/avatar\/2cbe6176b6be8b122284c50d9e7a11af9502529eae284fd73534defd313e4152?s=96&d=mm&r=g","contentUrl":"https:\/\/secure.gravatar.com\/avatar\/2cbe6176b6be8b122284c50d9e7a11af9502529eae284fd73534defd313e4152?s=96&d=mm&r=g","caption":"Martin Polo"}}]}},"_links":{"self":[{"href":"https:\/\/www.sprachschule-aktiv-muenchen.de\/es\/wp-json\/wp\/v2\/posts\/43816","targetHints":{"allow":["GET"]}}],"collection":[{"href":"https:\/\/www.sprachschule-aktiv-muenchen.de\/es\/wp-json\/wp\/v2\/posts"}],"about":[{"href":"https:\/\/www.sprachschule-aktiv-muenchen.de\/es\/wp-json\/wp\/v2\/types\/post"}],"author":[{"embeddable":true,"href":"https:\/\/www.sprachschule-aktiv-muenchen.de\/es\/wp-json\/wp\/v2\/users\/2"}],"replies":[{"embeddable":true,"href":"https:\/\/www.sprachschule-aktiv-muenchen.de\/es\/wp-json\/wp\/v2\/comments?post=43816"}],"version-history":[{"count":3,"href":"https:\/\/www.sprachschule-aktiv-muenchen.de\/es\/wp-json\/wp\/v2\/posts\/43816\/revisions"}],"predecessor-version":[{"id":66691,"href":"https:\/\/www.sprachschule-aktiv-muenchen.de\/es\/wp-json\/wp\/v2\/posts\/43816\/revisions\/66691"}],"wp:featuredmedia":[{"embeddable":true,"href":"https:\/\/www.sprachschule-aktiv-muenchen.de\/es\/wp-json\/wp\/v2\/media\/43817"}],"wp:attachment":[{"href":"https:\/\/www.sprachschule-aktiv-muenchen.de\/es\/wp-json\/wp\/v2\/media?parent=43816"}],"wp:term":[{"taxonomy":"category","embeddable":true,"href":"https:\/\/www.sprachschule-aktiv-muenchen.de\/es\/wp-json\/wp\/v2\/categories?post=43816"},{"taxonomy":"post_tag","embeddable":true,"href":"https:\/\/www.sprachschule-aktiv-muenchen.de\/es\/wp-json\/wp\/v2\/tags?post=43816"}],"curies":[{"name":"wp","href":"https:\/\/api.w.org\/{rel}","templated":true}]}}