{"id":43763,"date":"2018-03-10T06:43:43","date_gmt":"2018-03-10T05:43:43","guid":{"rendered":"https:\/\/www.sprachschule-aktiv-muenchen.de\/?p=43763"},"modified":"2021-11-21T06:40:33","modified_gmt":"2021-11-21T05:40:33","slug":"praeteritum-o-perfekt-por-que-se-necesitan-dos-verbos-en-pasado","status":"publish","type":"post","link":"https:\/\/www.sprachschule-aktiv-muenchen.de\/es\/praeteritum-o-perfekt-por-que-se-necesitan-dos-verbos-en-pasado\/","title":{"rendered":"Pr\u00e4teritum o Perfekt \u2013 \u00bfPor qu\u00e9 se necesitan dos verbos en pasado?"},"content":{"rendered":"<p>[vc_row][vc_column][vc_column_text]<\/p>\n<h1>Pr\u00e4teritum o Perfekt \u2013 \u00bfPor qu\u00e9 se necesitan dos verbos en pasado?<\/h1>\n<p>El pret\u00e9rito o el pret\u00e9rito perfecto los necesitamos para los tiempos en pasado. No hay mucha diferencia en el significado, pero si en el uso. Por esta raz\u00f3n el tema de este art\u00edculo es: Pr\u00e4teritum\u00a0o Perfekt \u2013 \u00bfPor qu\u00e9 se\u00a0necesitan\u00a0dos verbos en pasado?<\/p>\n<h2>La diferencia est\u00e1 en el uso:<\/h2>\n<p>En la mayor\u00eda de la veces usamos el\u00a0 pret\u00e9rito perfecto (sein\/haben + Partizip II).<\/p>\n<p>Normalmente se utiliza en el lenguaje hablado y en e-mails personales:<\/p>\n<p>\u201eWir haben gestern Fu\u00dfball gespielt.\u201c. \u201eAyer hemos jugado a f\u00fatbol.\u201c<\/p>\n<p>Tambi\u00e9n se puede usar el pret\u00e9rito:<\/p>\n<p>\u201eWir spielten gestern Fu\u00dfball.\u201c. \u201eAyer jugamos a f\u00fatbol\u201c.<\/p>\n<p>Pero el pret\u00e9rito suena un poco literal, por eso encontramos el pret\u00e9rito sobretodo en libros, en revistas o en las noticias.<\/p>\n<p>Algunas palabras se utilizan casi siempre en pret\u00e9rito, tanto en el lenguaje hablado, en chats o en e-mail. Son las siguientes:<\/p>\n<p>&#8211; \u201esein\u201c, \u201ehaben\u201c (ser, estar)<\/p>\n<p>&#8211; todos los verbos modales<\/p>\n<p>&#8211; Algunas palabras como: \u00a0\u201edenken, finden, wissen, kennen\u201c. \u201epensar, encontrar, saber, conocer\u201c.<\/p>\n<p>Las formas verdes se utilizan a menudo, las formas amarillas son correctas, pero no se utilizan tanto como las formas verdes. Las formas rojas se utilizan raramente.<\/p>\n<a href=\"https:\/\/www.sprachschule-aktiv-muenchen.de\/es\/cursos-intensivos-de-aleman-en-munich\/\"><img decoding=\"async\" class=\"aligncenter size-full wp-image-66395\" src=\"https:\/\/www.sprachschule-aktiv-muenchen.de\/wp-content\/uploads\/2021\/06\/especial-oferta-aprender-aleman-munich.jpg\" alt=\"Cursos de alem\u00e1n en M\u00fanich \u2013 Aprender alem\u00e1n \u2013 Escuela de alem\u00e1n \u2013 Academia alemana\" width=\"604\" height=\"356\" srcset=\"https:\/\/www.sprachschule-aktiv-muenchen.de\/wp-content\/uploads\/2021\/06\/especial-oferta-aprender-aleman-munich.jpg 604w, https:\/\/www.sprachschule-aktiv-muenchen.de\/wp-content\/uploads\/2021\/06\/especial-oferta-aprender-aleman-munich-300x177.jpg 300w, https:\/\/www.sprachschule-aktiv-muenchen.de\/wp-content\/uploads\/2021\/06\/especial-oferta-aprender-aleman-munich-124x74.jpg 124w\" sizes=\"(max-width: 604px) 100vw, 604px\" \/><\/a>\n<h2>El verbo ser:\u00a0 Sein \u2013 Definici\u00f3n, significado<\/h2>\n<p>Conjugaci\u00f3n: ich bin, du bist\u2026<\/p>\n<p>Pret\u00e9rito: ich war, du warst\u2026\u00a0 Ich war in M\u00fcnchen, aber ich war krank. Estaba en M\u00fanich, pero estaba enfermo.<\/p>\n<p>Perfecto: ich bin\u2026gewesen.\u00a0 Ich bin in M\u00fcnchen gewesen, aber ich bin krank gewesen. Hab\u00eda estado en M\u00fanich, pero hab\u00eda estado enfermo.<\/p>\n<h2>El verbo tener:\u00a0 Haben \u2013 Definici\u00f3n, significado<\/h2>\n<p>Conjugaci\u00f3n: ich habe, du hast\u2026<\/p>\n<p>Pret\u00e9rito: ich hatte, du hattest\u2026\u00a0 Ich hatte Spa\u00df, obwohl ich kein Geld hatte. Me divert\u00eda, aunque no ten\u00eda dinero.<\/p>\n<p>Perfecto: ich habe\u2026gehabt.\u00a0 Ich habe Spa\u00df gehabt, obwohl ich kein Geld gehabt habe. Hab\u00eda tenido diversi\u00f3n, aunque no hab\u00eda tenido dinero.<\/p>\n<h2>Verbos modales<\/h2>\n<h2>wollen<\/h2>\n<p>Conjugaci\u00f3n: ich sp\u00fcre, du sp\u00fcrst\u2026<\/p>\n<p>Pret\u00e9rito: ich wollte, du wolltest\u2026\u00a0 Ich wollte mit dir sprechen. Ich wollte eine Breze. Quer\u00eda hablar contigo. Quer\u00eda un pan t\u00edpico.<\/p>\n<p>Perfecto: ich habe\u2026gewollt. Ich habe mit dir sprechen gewollt. Quer\u00eda haber hablado contigo.<\/p>\n<h2>Asimismo: d\u00fcrfen, k\u00f6nnen, m\u00fcssen, sollen<\/h2>\n<p>Ich durfte den Kuchen essen. Du durftest hier sitzen. (habe gedurft)<\/p>\n<p>Pod\u00eda comerme el pastel. T\u00fa pod\u00edas sentarte aqu\u00ed.<\/p>\n<p>K\u00f6nnen: Ich konnte kein Deutsch. Ihr konntet die T\u00fcr nicht \u00f6ffnen. (habe gekonnt)<\/p>\n<p>Yo no sab\u00eda alem\u00e1n. Vosotros no pod\u00edais abrir la puerta.<\/p>\n<p>M\u00fcssen: Ich musste zuhause bleiben. Du musstest das Zimmer aufr\u00e4umen. (habe gemusst)<\/p>\n<p>Yo ten\u00eda que quedarme en casa. T\u00fa ten\u00edas que recoger la habitaci\u00f3n.<\/p>\n<p>Sollen: Ich sollte das Buch lesen. Sie sollten die Blumen gie\u00dfen. (habe gesollt)<\/p>\n<p>Yo deb\u00eda de leer el libro. Ellos deb\u00edan de regar las flores.<\/p>\n<h2>Otros verbos<\/h2>\n<p>Algunos verbos se utilizan a menudo en pret\u00e9rito porque la forma es corta. Pero en pret\u00e9rito perfecto son tambi\u00e9n correctos. Algunos ejemplos son:<\/p>\n<p>denken: pensar<\/p>\n<p>Conjugaci\u00f3n: ich denke, du denkst\u2026<\/p>\n<p>Pret\u00e9rito: ich dachte, du dachtest\u2026\u00a0 Oh, ich dachte, du bist verheiratet! \u00a1Oh, yo pens\u00e9 que tu estabas casada!<\/p>\n<p>Perfecto: ich habe\u2026gedacht.\u00a0 Oh, ich habe gedacht, du bist verheiratet! \u00a1Oh, yo hab\u00eda pensado que tu estabas casada!<\/p>\n<p>hei\u00dfen: llamarse<\/p>\n<p>Conjugaci\u00f3n: ich hei\u00dfe, du hei\u00dft\u2026<\/p>\n<p>Pret\u00e9rito: ich hie\u00df, du hie\u00dfest\u2026\u00a0 Mein Nachbar hie\u00df auch Paul, genau wie du! \u00a1 Mi vecino se llama tambi\u00e9n Paul!<\/p>\n<p>Perfekt: ich habe\u2026gehei\u00dfen.\u00a0 Mein Nachbar hat auch Paul gehei\u00dfen! \u00a1Mi vecino tambi\u00e9n se hab\u00eda llamado Paul!<\/p>\n<p>wissen: saber<\/p>\n<p>Conjugaci\u00f3n: Ich wei\u00df, du wei\u00dft\u2026<\/p>\n<p>Pret\u00e9rito: ich wusste, du wusstest\u2026\u00a0 Wusstest du, dass man in Namibia auch Deutsch spricht? \u00bfSab\u00edas que en Namibia tambi\u00e9n se habla alem\u00e1n?<\/p>\n<p>Perfecto: ich habe\u2026gewusst.\u00a0 Hast du gewusst, dass man in Namibia auch Deutsch spricht? \u00bfHab\u00edas sabido que en Namibia tambi\u00e9n se habla alem\u00e1n?<\/p>\n<p>finden: encontrar<\/p>\n<p>Conjugaci\u00f3n Ich finde, du findest\u2026\u00a0 Ich finde den Film ziemlich witzig. Encuentro la pel\u00edcula muy graciosa.<\/p>\n<p>Pret\u00e9rito: ich fand, du fandest\u2026\u00a0 Ich fand den Film ziemlich witzig. Encontr\u00e9 la pel\u00edcula muy graciosa.<\/p>\n<p>Perfecto: ich habe\u2026gefunden.\u00a0 Ich habe den Film ziemlich witzig gefunden. Yo hab\u00eda encontrado la pel\u00edcula muy graciosa.<\/p>\n<p>El pret\u00e9rito es complicado porque hay muchos verbos irregulares. En la vida cotidiana es importante que se conozca bien el pret\u00e9rito perfecto as\u00ed como el pret\u00e9rito. Con los verbos: haben, sein, denken, finden, wissen y todos los verbos modales.<\/p>\n<h3>Otros art\u00edculos que pueden interesarle:<\/h3>\n<ul>\n<li><a href=\"https:\/\/www.sprachschule-aktiv-muenchen.de\/es\/cursos-de-aleman-con-alojamiento-en-munich\/\">Curso de alem\u00e1n con alojamiento\u00a0<\/a><\/li>\n<li><a href=\"https:\/\/www.sprachschule-aktiv-muenchen.de\/es\/cursos-para-escuelas\/\">Cursos para escuelas y universidades<\/a><\/li>\n<\/ul>\n<p>[\/vc_column_text][\/vc_column][\/vc_row]<\/p>\n","protected":false},"excerpt":{"rendered":"<p>[vc_row][vc_column][vc_column_text] Pr\u00e4teritum o Perfekt \u2013 \u00bfPor qu\u00e9 se necesitan dos verbos en pasado? El pret\u00e9rito o el pret\u00e9rito perfecto los necesitamos para los tiempos en pasado. No hay mucha diferencia en el significado, pero si en el uso. Por esta raz\u00f3n el tema de este art\u00edculo es: Pr\u00e4teritum\u00a0o Perfekt \u2013 \u00bfPor qu\u00e9 se\u00a0necesitan\u00a0dos verbos en [&hellip;]<\/p>\n","protected":false},"author":2,"featured_media":43764,"comment_status":"open","ping_status":"open","sticky":false,"template":"","format":"standard","meta":{"footnotes":""},"categories":[45],"tags":[],"class_list":["post-43763","post","type-post","status-publish","format-standard","has-post-thumbnail","hentry","category-aprender-aleman-gratis"],"yoast_head":"<!-- This site is optimized with the Yoast SEO plugin v27.1.1 - https:\/\/yoast.com\/product\/yoast-seo-wordpress\/ -->\n<title>Pr\u00e4teritum o Perfekt \u2013 \u00bfPor qu\u00e9 se necesitan dos verbos en pasado?<\/title>\n<meta name=\"description\" content=\"\u00bfPor qu\u00e9 se necesitan dos verbos en pasado en alem\u00e1n? No hay mucha diferencia en el significado, pero si en el uso. Te explicamos.\" \/>\n<meta name=\"robots\" content=\"index, follow, max-snippet:-1, max-image-preview:large, max-video-preview:-1\" \/>\n<link rel=\"canonical\" href=\"https:\/\/www.sprachschule-aktiv-muenchen.de\/es\/praeteritum-o-perfekt-por-que-se-necesitan-dos-verbos-en-pasado\/\" \/>\n<meta property=\"og:locale\" content=\"es_ES\" \/>\n<meta property=\"og:type\" content=\"article\" \/>\n<meta property=\"og:title\" content=\"Pr\u00e4teritum o Perfekt \u2013 \u00bfPor qu\u00e9 se necesitan dos verbos en pasado?\" \/>\n<meta property=\"og:description\" content=\"\u00bfPor qu\u00e9 se necesitan dos verbos en pasado en alem\u00e1n? No hay mucha diferencia en el significado, pero si en el uso. Te explicamos.\" \/>\n<meta property=\"og:url\" content=\"https:\/\/www.sprachschule-aktiv-muenchen.de\/es\/praeteritum-o-perfekt-por-que-se-necesitan-dos-verbos-en-pasado\/\" \/>\n<meta property=\"og:site_name\" content=\"Sprachschule Aktiv\" \/>\n<meta property=\"article:published_time\" content=\"2018-03-10T05:43:43+00:00\" \/>\n<meta property=\"article:modified_time\" content=\"2021-11-21T05:40:33+00:00\" \/>\n<meta property=\"og:image\" content=\"https:\/\/www.sprachschule-aktiv-muenchen.de\/wp-content\/uploads\/2018\/03\/praeteritum-o-perfekt-diferencias-explicacion.jpg\" \/>\n\t<meta property=\"og:image:width\" content=\"250\" \/>\n\t<meta property=\"og:image:height\" content=\"250\" \/>\n\t<meta property=\"og:image:type\" content=\"image\/jpeg\" \/>\n<meta name=\"author\" content=\"Martin Polo\" \/>\n<meta name=\"twitter:card\" content=\"summary_large_image\" \/>\n<meta name=\"twitter:label1\" content=\"Escrito por\" \/>\n\t<meta name=\"twitter:data1\" content=\"Martin Polo\" \/>\n\t<meta name=\"twitter:label2\" content=\"Tiempo de lectura\" \/>\n\t<meta name=\"twitter:data2\" content=\"4 minutos\" \/>\n<script type=\"application\/ld+json\" class=\"yoast-schema-graph\">{\"@context\":\"https:\/\/schema.org\",\"@graph\":[{\"@type\":\"Article\",\"@id\":\"https:\/\/www.sprachschule-aktiv-muenchen.de\/es\/praeteritum-o-perfekt-por-que-se-necesitan-dos-verbos-en-pasado\/#article\",\"isPartOf\":{\"@id\":\"https:\/\/www.sprachschule-aktiv-muenchen.de\/es\/praeteritum-o-perfekt-por-que-se-necesitan-dos-verbos-en-pasado\/\"},\"author\":{\"name\":\"Martin Polo\",\"@id\":\"https:\/\/www.sprachschule-aktiv-muenchen.de\/#\/schema\/person\/a74a6322db9745fd586f7e97f1ee5724\"},\"headline\":\"Pr\u00e4teritum o Perfekt \u2013 \u00bfPor qu\u00e9 se necesitan dos verbos en pasado?\",\"datePublished\":\"2018-03-10T05:43:43+00:00\",\"dateModified\":\"2021-11-21T05:40:33+00:00\",\"mainEntityOfPage\":{\"@id\":\"https:\/\/www.sprachschule-aktiv-muenchen.de\/es\/praeteritum-o-perfekt-por-que-se-necesitan-dos-verbos-en-pasado\/\"},\"wordCount\":838,\"commentCount\":0,\"image\":{\"@id\":\"https:\/\/www.sprachschule-aktiv-muenchen.de\/es\/praeteritum-o-perfekt-por-que-se-necesitan-dos-verbos-en-pasado\/#primaryimage\"},\"thumbnailUrl\":\"https:\/\/www.sprachschule-aktiv-muenchen.de\/wp-content\/uploads\/2018\/03\/praeteritum-o-perfekt-diferencias-explicacion.jpg\",\"articleSection\":[\"Aprender alem\u00e1n gratis\"],\"inLanguage\":\"es\"},{\"@type\":\"WebPage\",\"@id\":\"https:\/\/www.sprachschule-aktiv-muenchen.de\/es\/praeteritum-o-perfekt-por-que-se-necesitan-dos-verbos-en-pasado\/\",\"url\":\"https:\/\/www.sprachschule-aktiv-muenchen.de\/es\/praeteritum-o-perfekt-por-que-se-necesitan-dos-verbos-en-pasado\/\",\"name\":\"Pr\u00e4teritum o Perfekt \u2013 \u00bfPor qu\u00e9 se necesitan dos verbos en pasado?\",\"isPartOf\":{\"@id\":\"https:\/\/www.sprachschule-aktiv-muenchen.de\/#website\"},\"primaryImageOfPage\":{\"@id\":\"https:\/\/www.sprachschule-aktiv-muenchen.de\/es\/praeteritum-o-perfekt-por-que-se-necesitan-dos-verbos-en-pasado\/#primaryimage\"},\"image\":{\"@id\":\"https:\/\/www.sprachschule-aktiv-muenchen.de\/es\/praeteritum-o-perfekt-por-que-se-necesitan-dos-verbos-en-pasado\/#primaryimage\"},\"thumbnailUrl\":\"https:\/\/www.sprachschule-aktiv-muenchen.de\/wp-content\/uploads\/2018\/03\/praeteritum-o-perfekt-diferencias-explicacion.jpg\",\"datePublished\":\"2018-03-10T05:43:43+00:00\",\"dateModified\":\"2021-11-21T05:40:33+00:00\",\"author\":{\"@id\":\"https:\/\/www.sprachschule-aktiv-muenchen.de\/#\/schema\/person\/a74a6322db9745fd586f7e97f1ee5724\"},\"description\":\"\u00bfPor qu\u00e9 se necesitan dos verbos en pasado en alem\u00e1n? No hay mucha diferencia en el significado, pero si en el uso. Te explicamos.\",\"breadcrumb\":{\"@id\":\"https:\/\/www.sprachschule-aktiv-muenchen.de\/es\/praeteritum-o-perfekt-por-que-se-necesitan-dos-verbos-en-pasado\/#breadcrumb\"},\"inLanguage\":\"es\",\"potentialAction\":[{\"@type\":\"ReadAction\",\"target\":[\"https:\/\/www.sprachschule-aktiv-muenchen.de\/es\/praeteritum-o-perfekt-por-que-se-necesitan-dos-verbos-en-pasado\/\"]}]},{\"@type\":\"ImageObject\",\"inLanguage\":\"es\",\"@id\":\"https:\/\/www.sprachschule-aktiv-muenchen.de\/es\/praeteritum-o-perfekt-por-que-se-necesitan-dos-verbos-en-pasado\/#primaryimage\",\"url\":\"https:\/\/www.sprachschule-aktiv-muenchen.de\/wp-content\/uploads\/2018\/03\/praeteritum-o-perfekt-diferencias-explicacion.jpg\",\"contentUrl\":\"https:\/\/www.sprachschule-aktiv-muenchen.de\/wp-content\/uploads\/2018\/03\/praeteritum-o-perfekt-diferencias-explicacion.jpg\",\"width\":\"250\",\"height\":\"250\",\"caption\":\"Pr\u00e4teritum oder Perfekt - Diferencia y explicaci\u00f3n\"},{\"@type\":\"BreadcrumbList\",\"@id\":\"https:\/\/www.sprachschule-aktiv-muenchen.de\/es\/praeteritum-o-perfekt-por-que-se-necesitan-dos-verbos-en-pasado\/#breadcrumb\",\"itemListElement\":[{\"@type\":\"ListItem\",\"position\":1,\"name\":\"Portada\",\"item\":\"https:\/\/www.sprachschule-aktiv-muenchen.de\/es\/\"},{\"@type\":\"ListItem\",\"position\":2,\"name\":\"Pr\u00e4teritum o Perfekt \u2013 \u00bfPor qu\u00e9 se necesitan dos verbos en pasado?\"}]},{\"@type\":\"WebSite\",\"@id\":\"https:\/\/www.sprachschule-aktiv-muenchen.de\/#website\",\"url\":\"https:\/\/www.sprachschule-aktiv-muenchen.de\/\",\"name\":\"Sprachschule Aktiv\",\"description\":\"\",\"potentialAction\":[{\"@type\":\"SearchAction\",\"target\":{\"@type\":\"EntryPoint\",\"urlTemplate\":\"https:\/\/www.sprachschule-aktiv-muenchen.de\/?s={search_term_string}\"},\"query-input\":{\"@type\":\"PropertyValueSpecification\",\"valueRequired\":true,\"valueName\":\"search_term_string\"}}],\"inLanguage\":\"es\"},{\"@type\":\"Person\",\"@id\":\"https:\/\/www.sprachschule-aktiv-muenchen.de\/#\/schema\/person\/a74a6322db9745fd586f7e97f1ee5724\",\"name\":\"Martin Polo\",\"image\":{\"@type\":\"ImageObject\",\"inLanguage\":\"es\",\"@id\":\"https:\/\/www.sprachschule-aktiv-muenchen.de\/#\/schema\/person\/image\/\",\"url\":\"https:\/\/secure.gravatar.com\/avatar\/2cbe6176b6be8b122284c50d9e7a11af9502529eae284fd73534defd313e4152?s=96&d=mm&r=g\",\"contentUrl\":\"https:\/\/secure.gravatar.com\/avatar\/2cbe6176b6be8b122284c50d9e7a11af9502529eae284fd73534defd313e4152?s=96&d=mm&r=g\",\"caption\":\"Martin Polo\"}}]}<\/script>\n<!-- \/ Yoast SEO plugin. -->","yoast_head_json":{"title":"Pr\u00e4teritum o Perfekt \u2013 \u00bfPor qu\u00e9 se necesitan dos verbos en pasado?","description":"\u00bfPor qu\u00e9 se necesitan dos verbos en pasado en alem\u00e1n? No hay mucha diferencia en el significado, pero si en el uso. Te explicamos.","robots":{"index":"index","follow":"follow","max-snippet":"max-snippet:-1","max-image-preview":"max-image-preview:large","max-video-preview":"max-video-preview:-1"},"canonical":"https:\/\/www.sprachschule-aktiv-muenchen.de\/es\/praeteritum-o-perfekt-por-que-se-necesitan-dos-verbos-en-pasado\/","og_locale":"es_ES","og_type":"article","og_title":"Pr\u00e4teritum o Perfekt \u2013 \u00bfPor qu\u00e9 se necesitan dos verbos en pasado?","og_description":"\u00bfPor qu\u00e9 se necesitan dos verbos en pasado en alem\u00e1n? No hay mucha diferencia en el significado, pero si en el uso. Te explicamos.","og_url":"https:\/\/www.sprachschule-aktiv-muenchen.de\/es\/praeteritum-o-perfekt-por-que-se-necesitan-dos-verbos-en-pasado\/","og_site_name":"Sprachschule Aktiv","article_published_time":"2018-03-10T05:43:43+00:00","article_modified_time":"2021-11-21T05:40:33+00:00","og_image":[{"width":250,"height":250,"url":"https:\/\/www.sprachschule-aktiv-muenchen.de\/wp-content\/uploads\/2018\/03\/praeteritum-o-perfekt-diferencias-explicacion.jpg","type":"image\/jpeg"}],"author":"Martin Polo","twitter_card":"summary_large_image","twitter_misc":{"Escrito por":"Martin Polo","Tiempo de lectura":"4 minutos"},"schema":{"@context":"https:\/\/schema.org","@graph":[{"@type":"Article","@id":"https:\/\/www.sprachschule-aktiv-muenchen.de\/es\/praeteritum-o-perfekt-por-que-se-necesitan-dos-verbos-en-pasado\/#article","isPartOf":{"@id":"https:\/\/www.sprachschule-aktiv-muenchen.de\/es\/praeteritum-o-perfekt-por-que-se-necesitan-dos-verbos-en-pasado\/"},"author":{"name":"Martin Polo","@id":"https:\/\/www.sprachschule-aktiv-muenchen.de\/#\/schema\/person\/a74a6322db9745fd586f7e97f1ee5724"},"headline":"Pr\u00e4teritum o Perfekt \u2013 \u00bfPor qu\u00e9 se necesitan dos verbos en pasado?","datePublished":"2018-03-10T05:43:43+00:00","dateModified":"2021-11-21T05:40:33+00:00","mainEntityOfPage":{"@id":"https:\/\/www.sprachschule-aktiv-muenchen.de\/es\/praeteritum-o-perfekt-por-que-se-necesitan-dos-verbos-en-pasado\/"},"wordCount":838,"commentCount":0,"image":{"@id":"https:\/\/www.sprachschule-aktiv-muenchen.de\/es\/praeteritum-o-perfekt-por-que-se-necesitan-dos-verbos-en-pasado\/#primaryimage"},"thumbnailUrl":"https:\/\/www.sprachschule-aktiv-muenchen.de\/wp-content\/uploads\/2018\/03\/praeteritum-o-perfekt-diferencias-explicacion.jpg","articleSection":["Aprender alem\u00e1n gratis"],"inLanguage":"es"},{"@type":"WebPage","@id":"https:\/\/www.sprachschule-aktiv-muenchen.de\/es\/praeteritum-o-perfekt-por-que-se-necesitan-dos-verbos-en-pasado\/","url":"https:\/\/www.sprachschule-aktiv-muenchen.de\/es\/praeteritum-o-perfekt-por-que-se-necesitan-dos-verbos-en-pasado\/","name":"Pr\u00e4teritum o Perfekt \u2013 \u00bfPor qu\u00e9 se necesitan dos verbos en pasado?","isPartOf":{"@id":"https:\/\/www.sprachschule-aktiv-muenchen.de\/#website"},"primaryImageOfPage":{"@id":"https:\/\/www.sprachschule-aktiv-muenchen.de\/es\/praeteritum-o-perfekt-por-que-se-necesitan-dos-verbos-en-pasado\/#primaryimage"},"image":{"@id":"https:\/\/www.sprachschule-aktiv-muenchen.de\/es\/praeteritum-o-perfekt-por-que-se-necesitan-dos-verbos-en-pasado\/#primaryimage"},"thumbnailUrl":"https:\/\/www.sprachschule-aktiv-muenchen.de\/wp-content\/uploads\/2018\/03\/praeteritum-o-perfekt-diferencias-explicacion.jpg","datePublished":"2018-03-10T05:43:43+00:00","dateModified":"2021-11-21T05:40:33+00:00","author":{"@id":"https:\/\/www.sprachschule-aktiv-muenchen.de\/#\/schema\/person\/a74a6322db9745fd586f7e97f1ee5724"},"description":"\u00bfPor qu\u00e9 se necesitan dos verbos en pasado en alem\u00e1n? No hay mucha diferencia en el significado, pero si en el uso. Te explicamos.","breadcrumb":{"@id":"https:\/\/www.sprachschule-aktiv-muenchen.de\/es\/praeteritum-o-perfekt-por-que-se-necesitan-dos-verbos-en-pasado\/#breadcrumb"},"inLanguage":"es","potentialAction":[{"@type":"ReadAction","target":["https:\/\/www.sprachschule-aktiv-muenchen.de\/es\/praeteritum-o-perfekt-por-que-se-necesitan-dos-verbos-en-pasado\/"]}]},{"@type":"ImageObject","inLanguage":"es","@id":"https:\/\/www.sprachschule-aktiv-muenchen.de\/es\/praeteritum-o-perfekt-por-que-se-necesitan-dos-verbos-en-pasado\/#primaryimage","url":"https:\/\/www.sprachschule-aktiv-muenchen.de\/wp-content\/uploads\/2018\/03\/praeteritum-o-perfekt-diferencias-explicacion.jpg","contentUrl":"https:\/\/www.sprachschule-aktiv-muenchen.de\/wp-content\/uploads\/2018\/03\/praeteritum-o-perfekt-diferencias-explicacion.jpg","width":"250","height":"250","caption":"Pr\u00e4teritum oder Perfekt - Diferencia y explicaci\u00f3n"},{"@type":"BreadcrumbList","@id":"https:\/\/www.sprachschule-aktiv-muenchen.de\/es\/praeteritum-o-perfekt-por-que-se-necesitan-dos-verbos-en-pasado\/#breadcrumb","itemListElement":[{"@type":"ListItem","position":1,"name":"Portada","item":"https:\/\/www.sprachschule-aktiv-muenchen.de\/es\/"},{"@type":"ListItem","position":2,"name":"Pr\u00e4teritum o Perfekt \u2013 \u00bfPor qu\u00e9 se necesitan dos verbos en pasado?"}]},{"@type":"WebSite","@id":"https:\/\/www.sprachschule-aktiv-muenchen.de\/#website","url":"https:\/\/www.sprachschule-aktiv-muenchen.de\/","name":"Sprachschule Aktiv","description":"","potentialAction":[{"@type":"SearchAction","target":{"@type":"EntryPoint","urlTemplate":"https:\/\/www.sprachschule-aktiv-muenchen.de\/?s={search_term_string}"},"query-input":{"@type":"PropertyValueSpecification","valueRequired":true,"valueName":"search_term_string"}}],"inLanguage":"es"},{"@type":"Person","@id":"https:\/\/www.sprachschule-aktiv-muenchen.de\/#\/schema\/person\/a74a6322db9745fd586f7e97f1ee5724","name":"Martin Polo","image":{"@type":"ImageObject","inLanguage":"es","@id":"https:\/\/www.sprachschule-aktiv-muenchen.de\/#\/schema\/person\/image\/","url":"https:\/\/secure.gravatar.com\/avatar\/2cbe6176b6be8b122284c50d9e7a11af9502529eae284fd73534defd313e4152?s=96&d=mm&r=g","contentUrl":"https:\/\/secure.gravatar.com\/avatar\/2cbe6176b6be8b122284c50d9e7a11af9502529eae284fd73534defd313e4152?s=96&d=mm&r=g","caption":"Martin Polo"}}]}},"_links":{"self":[{"href":"https:\/\/www.sprachschule-aktiv-muenchen.de\/es\/wp-json\/wp\/v2\/posts\/43763","targetHints":{"allow":["GET"]}}],"collection":[{"href":"https:\/\/www.sprachschule-aktiv-muenchen.de\/es\/wp-json\/wp\/v2\/posts"}],"about":[{"href":"https:\/\/www.sprachschule-aktiv-muenchen.de\/es\/wp-json\/wp\/v2\/types\/post"}],"author":[{"embeddable":true,"href":"https:\/\/www.sprachschule-aktiv-muenchen.de\/es\/wp-json\/wp\/v2\/users\/2"}],"replies":[{"embeddable":true,"href":"https:\/\/www.sprachschule-aktiv-muenchen.de\/es\/wp-json\/wp\/v2\/comments?post=43763"}],"version-history":[{"count":3,"href":"https:\/\/www.sprachschule-aktiv-muenchen.de\/es\/wp-json\/wp\/v2\/posts\/43763\/revisions"}],"predecessor-version":[{"id":70118,"href":"https:\/\/www.sprachschule-aktiv-muenchen.de\/es\/wp-json\/wp\/v2\/posts\/43763\/revisions\/70118"}],"wp:featuredmedia":[{"embeddable":true,"href":"https:\/\/www.sprachschule-aktiv-muenchen.de\/es\/wp-json\/wp\/v2\/media\/43764"}],"wp:attachment":[{"href":"https:\/\/www.sprachschule-aktiv-muenchen.de\/es\/wp-json\/wp\/v2\/media?parent=43763"}],"wp:term":[{"taxonomy":"category","embeddable":true,"href":"https:\/\/www.sprachschule-aktiv-muenchen.de\/es\/wp-json\/wp\/v2\/categories?post=43763"},{"taxonomy":"post_tag","embeddable":true,"href":"https:\/\/www.sprachschule-aktiv-muenchen.de\/es\/wp-json\/wp\/v2\/tags?post=43763"}],"curies":[{"name":"wp","href":"https:\/\/api.w.org\/{rel}","templated":true}]}}