{"id":43712,"date":"2018-03-10T06:21:47","date_gmt":"2018-03-10T05:21:47","guid":{"rendered":"https:\/\/www.sprachschule-aktiv-muenchen.de\/?p=43712"},"modified":"2019-04-12T09:59:29","modified_gmt":"2019-04-12T07:59:29","slug":"nutzen-o-benutzen-explicaciones-diferencias-definicion","status":"publish","type":"post","link":"https:\/\/www.sprachschule-aktiv-muenchen.de\/es\/nutzen-o-benutzen-explicaciones-diferencias-definicion\/","title":{"rendered":"Nutzen o Benutzen \u2013 Explicaciones, diferencias, definici\u00f3n"},"content":{"rendered":"<h1>Nutzen o Benutzen \u2013 Explicaciones, diferencias, definici\u00f3n<\/h1>\n<p>\u00bfQu\u00e9 beneficio tiene el hecho de que de este verbo haya dos variantes?<\/p>\n<p>\u00bfCuando se utiliza cada verbo?<\/p>\n<p>\u00bfQu\u00e9 significado tiene realmente \u201en\u00fctzen\u201c y \u201eben\u00fctzen\u201c? La respuesta a esta \u00faltima frase es sencilla:<br \/>\nbenutzen = ben\u00fctzen.<br \/>\nnutzen + n\u00fctzen pueden emplearse como sin\u00f3minos, pero hay una tendencia a utilizarse cada caso para determinadas ocasiones.<\/p>\n<p>Este blog trata de los verbos &#8220;nutzen&#8221; o &#8220;benutzen&#8221;. Adem\u00e1s nos enfocamos a los explicaciones, las diferencias y la definici\u00f3n.<\/p>\n<h2>Nutzen<\/h2>\n<p>\u201enutzen\u201c se emplea normalmente cuando se habla de cosas abstractas. Se pueden decir tambi\u00e9n \u201en\u00fctzen\u201c, pero la mayor\u00eda de las veces se emplea \u201enutzen\u201c.<\/p>\n<p>Por ejemplo, se pueden emplear ambos \u201enutzt (o n\u00fctzt)\u201c\u00a0 para decir que alguien utiliza su talento o que aprovecha una oportunidad.<br \/>\nConjugaci\u00f3n: ich nutze, du nutzt, er nutzt\u2026<br \/>\nPret\u00e9rito: ich nutzte, du nutztest\u2026<br \/>\nPerfecto: ich habe\u2026genutzt<\/p>\n<ul>\n<li><strong>Der Nutzen<\/strong><\/li>\n<\/ul>\n<p>\u201eIch sollte diese Chance nutzen!\u201c. \u201eDeber\u00eda de aprovechar esta oportunidad\u201c.<br \/>\n\u201eNutz die Zeit!\u201c (Imperativo). \u201e\u00a1Aprovecha el tiempo!\u201c.<br \/>\n\u201eEr nutzte diesen Vorteil, um zu gewinnen.\u201c. \u201e\u00c9l aprovecha esta ventaja para ganar\u201c.<\/p>\n<h2>benutzen = ben\u00fctzen<\/h2>\n<p>\u201ebenutzen\u201c significa \u201egebrauchen\u201c o \u201everwenden\u201c, es decir, usar. Benutzen se utiliza siempre con cosas concretas, por tanto se oye a menudo como \u201enutzen\u201c.<br \/>\nConjugaci\u00f3n: ich benutze, du benutzt, er benutzt\u2026<br \/>\nPret\u00e9rito: ich benutzte, du benutztest, er benutzte\u2026<br \/>\nPerfecto: ich habe\u2026benutzt<br \/>\ndie Benutzung\u00e8<br \/>\n\u201eDarf ich die Gabel benutzen?\u201c. \u201e\u00bfPuedo usar el tenedor?\u201c<br \/>\n\u201eMein Onkel benutzt ziemlich viele Schimpfw\u00f6rter.\u201c. \u201eMi t\u00edo usa bastantes tacos\u201c.<br \/>\n\u201eWelches Werkzeug benutzt man am besten f\u00fcr diese Arbeit?\u201c. \u201e\u00bfQu\u00e9 herramientas se usan mejor para este trabajo?\u201d<\/p>\n<h2>N\u00fctzen<\/h2>\n<p>Esta palabra se significa la mayor\u00eda de veces \u201en\u00fctzlich sein\u201c (ser \u00fatil). En estos casos se utiliza con un objeto en dativo.<br \/>\n\u201eFremdsprachen k\u00f6nnen dir sehr n\u00fctzen (o nutzen).\u201c (= \u201eFremdsprachen k\u00f6nnen dir sehr n\u00fctzlich sein.\u201c). \u201e Idiomas extranjeros pueden serte \u00fatil. \u201e<br \/>\n\u201eWarum soll ich die Polizei rufen, das n\u00fctzt (o nutzt) [uns] bestimmt nichts!\u201c (= \u201eDas ist bestimmt nicht n\u00fctzlich f\u00fcr uns!\u201c) \u201e \u00bfPara qu\u00e9 debo de llamar a la polic\u00eda?, \u00a1no es \u00fatil!<\/p>\n<p>Ahora debes de tener claro cuando usar cada palabra. En todo caso es un verbo muy \u00fatil, \u00bfno te parece?<\/p>\n<h3>Otros art\u00edculos y cursos interesantes<\/h3>\n<ul>\n<li><a href=\"https:\/\/www.sprachschule-aktiv-muenchen.de\/es\/cursos-intensivos-de-aleman-en-munich\/\">Cursos intensivos de alem\u00e1n<\/a><\/li>\n<li><a href=\"https:\/\/www.sprachschule-aktiv-muenchen.de\/es\/es-gibt-da-ist-da-sind-definicion-y-diferencias\/\">Es gibt, da ist, da sind &#8211; Diferencias<\/a><\/li>\n<\/ul>\n","protected":false},"excerpt":{"rendered":"<p>Nutzen o Benutzen \u2013 Explicaciones, diferencias, definici\u00f3n \u00bfQu\u00e9 beneficio tiene el hecho de que de este verbo haya dos variantes? \u00bfCuando se utiliza cada verbo? \u00bfQu\u00e9 significado tiene realmente \u201en\u00fctzen\u201c y \u201eben\u00fctzen\u201c? La respuesta a esta \u00faltima frase es sencilla: benutzen = ben\u00fctzen. nutzen + n\u00fctzen pueden emplearse como sin\u00f3minos, pero hay una tendencia a [&hellip;]<\/p>\n","protected":false},"author":2,"featured_media":43713,"comment_status":"open","ping_status":"open","sticky":false,"template":"","format":"standard","meta":{"footnotes":""},"categories":[45],"tags":[],"class_list":["post-43712","post","type-post","status-publish","format-standard","has-post-thumbnail","hentry","category-aprender-aleman-gratis"],"yoast_head":"<!-- This site is optimized with the Yoast SEO plugin v27.1.1 - https:\/\/yoast.com\/product\/yoast-seo-wordpress\/ -->\n<title>Nutzen o Benutzen \u2013 Explicaciones, definici\u00f3n, diferencias<\/title>\n<meta name=\"description\" content=\"Nutzen o Benutzen \u2013 Explicaciones, diferencias, definici\u00f3n. \u00bfCuando se utiliza cada verbo? \u00bfQu\u00e9 significado tiene realmente \u201en\u00fctzen\u201c y \u201eben\u00fctzen\u201c?\" \/>\n<meta name=\"robots\" content=\"index, follow, max-snippet:-1, max-image-preview:large, max-video-preview:-1\" \/>\n<link rel=\"canonical\" href=\"https:\/\/www.sprachschule-aktiv-muenchen.de\/es\/nutzen-o-benutzen-explicaciones-diferencias-definicion\/\" \/>\n<meta property=\"og:locale\" content=\"es_ES\" \/>\n<meta property=\"og:type\" content=\"article\" \/>\n<meta property=\"og:title\" content=\"Nutzen o Benutzen \u2013 Explicaciones, definici\u00f3n, diferencias\" \/>\n<meta property=\"og:description\" content=\"Nutzen o Benutzen \u2013 Explicaciones, diferencias, definici\u00f3n. \u00bfCuando se utiliza cada verbo? \u00bfQu\u00e9 significado tiene realmente \u201en\u00fctzen\u201c y \u201eben\u00fctzen\u201c?\" \/>\n<meta property=\"og:url\" content=\"https:\/\/www.sprachschule-aktiv-muenchen.de\/es\/nutzen-o-benutzen-explicaciones-diferencias-definicion\/\" \/>\n<meta property=\"og:site_name\" content=\"Sprachschule Aktiv\" \/>\n<meta property=\"article:published_time\" content=\"2018-03-10T05:21:47+00:00\" \/>\n<meta property=\"article:modified_time\" content=\"2019-04-12T07:59:29+00:00\" \/>\n<meta property=\"og:image\" content=\"https:\/\/www.sprachschule-aktiv-muenchen.de\/wp-content\/uploads\/2018\/03\/nutzen-benutzen-explicacion-diferencias.jpg\" \/>\n\t<meta property=\"og:image:width\" content=\"552\" \/>\n\t<meta property=\"og:image:height\" content=\"325\" \/>\n\t<meta property=\"og:image:type\" content=\"image\/jpeg\" \/>\n<meta name=\"author\" content=\"Martin Polo\" \/>\n<meta name=\"twitter:card\" content=\"summary_large_image\" \/>\n<meta name=\"twitter:label1\" content=\"Escrito por\" \/>\n\t<meta name=\"twitter:data1\" content=\"Martin Polo\" \/>\n\t<meta name=\"twitter:label2\" content=\"Tiempo de lectura\" \/>\n\t<meta name=\"twitter:data2\" content=\"2 minutos\" \/>\n<script type=\"application\/ld+json\" class=\"yoast-schema-graph\">{\"@context\":\"https:\/\/schema.org\",\"@graph\":[{\"@type\":\"Article\",\"@id\":\"https:\/\/www.sprachschule-aktiv-muenchen.de\/es\/nutzen-o-benutzen-explicaciones-diferencias-definicion\/#article\",\"isPartOf\":{\"@id\":\"https:\/\/www.sprachschule-aktiv-muenchen.de\/es\/nutzen-o-benutzen-explicaciones-diferencias-definicion\/\"},\"author\":{\"name\":\"Martin Polo\",\"@id\":\"https:\/\/www.sprachschule-aktiv-muenchen.de\/#\/schema\/person\/a74a6322db9745fd586f7e97f1ee5724\"},\"headline\":\"Nutzen o Benutzen \u2013 Explicaciones, diferencias, definici\u00f3n\",\"datePublished\":\"2018-03-10T05:21:47+00:00\",\"dateModified\":\"2019-04-12T07:59:29+00:00\",\"mainEntityOfPage\":{\"@id\":\"https:\/\/www.sprachschule-aktiv-muenchen.de\/es\/nutzen-o-benutzen-explicaciones-diferencias-definicion\/\"},\"wordCount\":404,\"commentCount\":0,\"image\":{\"@id\":\"https:\/\/www.sprachschule-aktiv-muenchen.de\/es\/nutzen-o-benutzen-explicaciones-diferencias-definicion\/#primaryimage\"},\"thumbnailUrl\":\"https:\/\/www.sprachschule-aktiv-muenchen.de\/wp-content\/uploads\/2018\/03\/nutzen-benutzen-explicacion-diferencias.jpg\",\"articleSection\":[\"Aprender alem\u00e1n gratis\"],\"inLanguage\":\"es\"},{\"@type\":\"WebPage\",\"@id\":\"https:\/\/www.sprachschule-aktiv-muenchen.de\/es\/nutzen-o-benutzen-explicaciones-diferencias-definicion\/\",\"url\":\"https:\/\/www.sprachschule-aktiv-muenchen.de\/es\/nutzen-o-benutzen-explicaciones-diferencias-definicion\/\",\"name\":\"Nutzen o Benutzen \u2013 Explicaciones, definici\u00f3n, diferencias\",\"isPartOf\":{\"@id\":\"https:\/\/www.sprachschule-aktiv-muenchen.de\/#website\"},\"primaryImageOfPage\":{\"@id\":\"https:\/\/www.sprachschule-aktiv-muenchen.de\/es\/nutzen-o-benutzen-explicaciones-diferencias-definicion\/#primaryimage\"},\"image\":{\"@id\":\"https:\/\/www.sprachschule-aktiv-muenchen.de\/es\/nutzen-o-benutzen-explicaciones-diferencias-definicion\/#primaryimage\"},\"thumbnailUrl\":\"https:\/\/www.sprachschule-aktiv-muenchen.de\/wp-content\/uploads\/2018\/03\/nutzen-benutzen-explicacion-diferencias.jpg\",\"datePublished\":\"2018-03-10T05:21:47+00:00\",\"dateModified\":\"2019-04-12T07:59:29+00:00\",\"author\":{\"@id\":\"https:\/\/www.sprachschule-aktiv-muenchen.de\/#\/schema\/person\/a74a6322db9745fd586f7e97f1ee5724\"},\"description\":\"Nutzen o Benutzen \u2013 Explicaciones, diferencias, definici\u00f3n. \u00bfCuando se utiliza cada verbo? \u00bfQu\u00e9 significado tiene realmente \u201en\u00fctzen\u201c y \u201eben\u00fctzen\u201c?\",\"breadcrumb\":{\"@id\":\"https:\/\/www.sprachschule-aktiv-muenchen.de\/es\/nutzen-o-benutzen-explicaciones-diferencias-definicion\/#breadcrumb\"},\"inLanguage\":\"es\",\"potentialAction\":[{\"@type\":\"ReadAction\",\"target\":[\"https:\/\/www.sprachschule-aktiv-muenchen.de\/es\/nutzen-o-benutzen-explicaciones-diferencias-definicion\/\"]}]},{\"@type\":\"ImageObject\",\"inLanguage\":\"es\",\"@id\":\"https:\/\/www.sprachschule-aktiv-muenchen.de\/es\/nutzen-o-benutzen-explicaciones-diferencias-definicion\/#primaryimage\",\"url\":\"https:\/\/www.sprachschule-aktiv-muenchen.de\/wp-content\/uploads\/2018\/03\/nutzen-benutzen-explicacion-diferencias.jpg\",\"contentUrl\":\"https:\/\/www.sprachschule-aktiv-muenchen.de\/wp-content\/uploads\/2018\/03\/nutzen-benutzen-explicacion-diferencias.jpg\",\"width\":\"552\",\"height\":\"325\",\"caption\":\"Nutzen o Benutzen - Explicaciones y diferencias\"},{\"@type\":\"BreadcrumbList\",\"@id\":\"https:\/\/www.sprachschule-aktiv-muenchen.de\/es\/nutzen-o-benutzen-explicaciones-diferencias-definicion\/#breadcrumb\",\"itemListElement\":[{\"@type\":\"ListItem\",\"position\":1,\"name\":\"Portada\",\"item\":\"https:\/\/www.sprachschule-aktiv-muenchen.de\/es\/\"},{\"@type\":\"ListItem\",\"position\":2,\"name\":\"Nutzen o Benutzen \u2013 Explicaciones, diferencias, definici\u00f3n\"}]},{\"@type\":\"WebSite\",\"@id\":\"https:\/\/www.sprachschule-aktiv-muenchen.de\/#website\",\"url\":\"https:\/\/www.sprachschule-aktiv-muenchen.de\/\",\"name\":\"Sprachschule Aktiv\",\"description\":\"\",\"potentialAction\":[{\"@type\":\"SearchAction\",\"target\":{\"@type\":\"EntryPoint\",\"urlTemplate\":\"https:\/\/www.sprachschule-aktiv-muenchen.de\/?s={search_term_string}\"},\"query-input\":{\"@type\":\"PropertyValueSpecification\",\"valueRequired\":true,\"valueName\":\"search_term_string\"}}],\"inLanguage\":\"es\"},{\"@type\":\"Person\",\"@id\":\"https:\/\/www.sprachschule-aktiv-muenchen.de\/#\/schema\/person\/a74a6322db9745fd586f7e97f1ee5724\",\"name\":\"Martin Polo\",\"image\":{\"@type\":\"ImageObject\",\"inLanguage\":\"es\",\"@id\":\"https:\/\/www.sprachschule-aktiv-muenchen.de\/#\/schema\/person\/image\/\",\"url\":\"https:\/\/secure.gravatar.com\/avatar\/2cbe6176b6be8b122284c50d9e7a11af9502529eae284fd73534defd313e4152?s=96&d=mm&r=g\",\"contentUrl\":\"https:\/\/secure.gravatar.com\/avatar\/2cbe6176b6be8b122284c50d9e7a11af9502529eae284fd73534defd313e4152?s=96&d=mm&r=g\",\"caption\":\"Martin Polo\"}}]}<\/script>\n<!-- \/ Yoast SEO plugin. -->","yoast_head_json":{"title":"Nutzen o Benutzen \u2013 Explicaciones, definici\u00f3n, diferencias","description":"Nutzen o Benutzen \u2013 Explicaciones, diferencias, definici\u00f3n. \u00bfCuando se utiliza cada verbo? \u00bfQu\u00e9 significado tiene realmente \u201en\u00fctzen\u201c y \u201eben\u00fctzen\u201c?","robots":{"index":"index","follow":"follow","max-snippet":"max-snippet:-1","max-image-preview":"max-image-preview:large","max-video-preview":"max-video-preview:-1"},"canonical":"https:\/\/www.sprachschule-aktiv-muenchen.de\/es\/nutzen-o-benutzen-explicaciones-diferencias-definicion\/","og_locale":"es_ES","og_type":"article","og_title":"Nutzen o Benutzen \u2013 Explicaciones, definici\u00f3n, diferencias","og_description":"Nutzen o Benutzen \u2013 Explicaciones, diferencias, definici\u00f3n. \u00bfCuando se utiliza cada verbo? \u00bfQu\u00e9 significado tiene realmente \u201en\u00fctzen\u201c y \u201eben\u00fctzen\u201c?","og_url":"https:\/\/www.sprachschule-aktiv-muenchen.de\/es\/nutzen-o-benutzen-explicaciones-diferencias-definicion\/","og_site_name":"Sprachschule Aktiv","article_published_time":"2018-03-10T05:21:47+00:00","article_modified_time":"2019-04-12T07:59:29+00:00","og_image":[{"width":552,"height":325,"url":"https:\/\/www.sprachschule-aktiv-muenchen.de\/wp-content\/uploads\/2018\/03\/nutzen-benutzen-explicacion-diferencias.jpg","type":"image\/jpeg"}],"author":"Martin Polo","twitter_card":"summary_large_image","twitter_misc":{"Escrito por":"Martin Polo","Tiempo de lectura":"2 minutos"},"schema":{"@context":"https:\/\/schema.org","@graph":[{"@type":"Article","@id":"https:\/\/www.sprachschule-aktiv-muenchen.de\/es\/nutzen-o-benutzen-explicaciones-diferencias-definicion\/#article","isPartOf":{"@id":"https:\/\/www.sprachschule-aktiv-muenchen.de\/es\/nutzen-o-benutzen-explicaciones-diferencias-definicion\/"},"author":{"name":"Martin Polo","@id":"https:\/\/www.sprachschule-aktiv-muenchen.de\/#\/schema\/person\/a74a6322db9745fd586f7e97f1ee5724"},"headline":"Nutzen o Benutzen \u2013 Explicaciones, diferencias, definici\u00f3n","datePublished":"2018-03-10T05:21:47+00:00","dateModified":"2019-04-12T07:59:29+00:00","mainEntityOfPage":{"@id":"https:\/\/www.sprachschule-aktiv-muenchen.de\/es\/nutzen-o-benutzen-explicaciones-diferencias-definicion\/"},"wordCount":404,"commentCount":0,"image":{"@id":"https:\/\/www.sprachschule-aktiv-muenchen.de\/es\/nutzen-o-benutzen-explicaciones-diferencias-definicion\/#primaryimage"},"thumbnailUrl":"https:\/\/www.sprachschule-aktiv-muenchen.de\/wp-content\/uploads\/2018\/03\/nutzen-benutzen-explicacion-diferencias.jpg","articleSection":["Aprender alem\u00e1n gratis"],"inLanguage":"es"},{"@type":"WebPage","@id":"https:\/\/www.sprachschule-aktiv-muenchen.de\/es\/nutzen-o-benutzen-explicaciones-diferencias-definicion\/","url":"https:\/\/www.sprachschule-aktiv-muenchen.de\/es\/nutzen-o-benutzen-explicaciones-diferencias-definicion\/","name":"Nutzen o Benutzen \u2013 Explicaciones, definici\u00f3n, diferencias","isPartOf":{"@id":"https:\/\/www.sprachschule-aktiv-muenchen.de\/#website"},"primaryImageOfPage":{"@id":"https:\/\/www.sprachschule-aktiv-muenchen.de\/es\/nutzen-o-benutzen-explicaciones-diferencias-definicion\/#primaryimage"},"image":{"@id":"https:\/\/www.sprachschule-aktiv-muenchen.de\/es\/nutzen-o-benutzen-explicaciones-diferencias-definicion\/#primaryimage"},"thumbnailUrl":"https:\/\/www.sprachschule-aktiv-muenchen.de\/wp-content\/uploads\/2018\/03\/nutzen-benutzen-explicacion-diferencias.jpg","datePublished":"2018-03-10T05:21:47+00:00","dateModified":"2019-04-12T07:59:29+00:00","author":{"@id":"https:\/\/www.sprachschule-aktiv-muenchen.de\/#\/schema\/person\/a74a6322db9745fd586f7e97f1ee5724"},"description":"Nutzen o Benutzen \u2013 Explicaciones, diferencias, definici\u00f3n. \u00bfCuando se utiliza cada verbo? \u00bfQu\u00e9 significado tiene realmente \u201en\u00fctzen\u201c y \u201eben\u00fctzen\u201c?","breadcrumb":{"@id":"https:\/\/www.sprachschule-aktiv-muenchen.de\/es\/nutzen-o-benutzen-explicaciones-diferencias-definicion\/#breadcrumb"},"inLanguage":"es","potentialAction":[{"@type":"ReadAction","target":["https:\/\/www.sprachschule-aktiv-muenchen.de\/es\/nutzen-o-benutzen-explicaciones-diferencias-definicion\/"]}]},{"@type":"ImageObject","inLanguage":"es","@id":"https:\/\/www.sprachschule-aktiv-muenchen.de\/es\/nutzen-o-benutzen-explicaciones-diferencias-definicion\/#primaryimage","url":"https:\/\/www.sprachschule-aktiv-muenchen.de\/wp-content\/uploads\/2018\/03\/nutzen-benutzen-explicacion-diferencias.jpg","contentUrl":"https:\/\/www.sprachschule-aktiv-muenchen.de\/wp-content\/uploads\/2018\/03\/nutzen-benutzen-explicacion-diferencias.jpg","width":"552","height":"325","caption":"Nutzen o Benutzen - Explicaciones y diferencias"},{"@type":"BreadcrumbList","@id":"https:\/\/www.sprachschule-aktiv-muenchen.de\/es\/nutzen-o-benutzen-explicaciones-diferencias-definicion\/#breadcrumb","itemListElement":[{"@type":"ListItem","position":1,"name":"Portada","item":"https:\/\/www.sprachschule-aktiv-muenchen.de\/es\/"},{"@type":"ListItem","position":2,"name":"Nutzen o Benutzen \u2013 Explicaciones, diferencias, definici\u00f3n"}]},{"@type":"WebSite","@id":"https:\/\/www.sprachschule-aktiv-muenchen.de\/#website","url":"https:\/\/www.sprachschule-aktiv-muenchen.de\/","name":"Sprachschule Aktiv","description":"","potentialAction":[{"@type":"SearchAction","target":{"@type":"EntryPoint","urlTemplate":"https:\/\/www.sprachschule-aktiv-muenchen.de\/?s={search_term_string}"},"query-input":{"@type":"PropertyValueSpecification","valueRequired":true,"valueName":"search_term_string"}}],"inLanguage":"es"},{"@type":"Person","@id":"https:\/\/www.sprachschule-aktiv-muenchen.de\/#\/schema\/person\/a74a6322db9745fd586f7e97f1ee5724","name":"Martin Polo","image":{"@type":"ImageObject","inLanguage":"es","@id":"https:\/\/www.sprachschule-aktiv-muenchen.de\/#\/schema\/person\/image\/","url":"https:\/\/secure.gravatar.com\/avatar\/2cbe6176b6be8b122284c50d9e7a11af9502529eae284fd73534defd313e4152?s=96&d=mm&r=g","contentUrl":"https:\/\/secure.gravatar.com\/avatar\/2cbe6176b6be8b122284c50d9e7a11af9502529eae284fd73534defd313e4152?s=96&d=mm&r=g","caption":"Martin Polo"}}]}},"_links":{"self":[{"href":"https:\/\/www.sprachschule-aktiv-muenchen.de\/es\/wp-json\/wp\/v2\/posts\/43712","targetHints":{"allow":["GET"]}}],"collection":[{"href":"https:\/\/www.sprachschule-aktiv-muenchen.de\/es\/wp-json\/wp\/v2\/posts"}],"about":[{"href":"https:\/\/www.sprachschule-aktiv-muenchen.de\/es\/wp-json\/wp\/v2\/types\/post"}],"author":[{"embeddable":true,"href":"https:\/\/www.sprachschule-aktiv-muenchen.de\/es\/wp-json\/wp\/v2\/users\/2"}],"replies":[{"embeddable":true,"href":"https:\/\/www.sprachschule-aktiv-muenchen.de\/es\/wp-json\/wp\/v2\/comments?post=43712"}],"version-history":[{"count":0,"href":"https:\/\/www.sprachschule-aktiv-muenchen.de\/es\/wp-json\/wp\/v2\/posts\/43712\/revisions"}],"wp:featuredmedia":[{"embeddable":true,"href":"https:\/\/www.sprachschule-aktiv-muenchen.de\/es\/wp-json\/wp\/v2\/media\/43713"}],"wp:attachment":[{"href":"https:\/\/www.sprachschule-aktiv-muenchen.de\/es\/wp-json\/wp\/v2\/media?parent=43712"}],"wp:term":[{"taxonomy":"category","embeddable":true,"href":"https:\/\/www.sprachschule-aktiv-muenchen.de\/es\/wp-json\/wp\/v2\/categories?post=43712"},{"taxonomy":"post_tag","embeddable":true,"href":"https:\/\/www.sprachschule-aktiv-muenchen.de\/es\/wp-json\/wp\/v2\/tags?post=43712"}],"curies":[{"name":"wp","href":"https:\/\/api.w.org\/{rel}","templated":true}]}}