{"id":39520,"date":"2017-12-25T08:30:53","date_gmt":"2017-12-25T07:30:53","guid":{"rendered":"https:\/\/www.sprachschule-aktiv-muenchen.de\/?p=39520"},"modified":"2021-06-11T08:19:39","modified_gmt":"2021-06-11T06:19:39","slug":"alemania-para-trabajar-estudiar-vacaciones","status":"publish","type":"post","link":"https:\/\/www.sprachschule-aktiv-muenchen.de\/es\/alemania-para-trabajar-estudiar-vacaciones\/","title":{"rendered":"Alemania para trabajar, estudiar, de vacaciones"},"content":{"rendered":"<h1>Alemania \u2013 para trabajar, estudiar o simplemente vacaciones<\/h1>\n<p>Alemania es un pa\u00eds que te ofrece una incre\u00edble cantidad de opciones: ya sea que quieras aprender alem\u00e1n, trabajar en Alemania o estudiar en Alemania, puedes hacerlo ya que en este pa\u00eds hay muchas posibilidades. Pero debes organizarte bien y planificar todas tus acciones para que consigas el \u00e9xito.<\/p>\n<p>Para trabajar, estudiar o simplemente vacaciones les hemos dedicado este blog para que puedas encontrar todo las informaci\u00f3nes necesarias.<\/p>\n<p><strong><img decoding=\"async\" class=\"alignnone size-full wp-image-39523\" src=\"https:\/\/www.sprachschule-aktiv-muenchen.de\/wp-content\/uploads\/2017\/12\/trabajar-y-estudiar-en-alemania.jpg\" alt=\"Trabajar y estudiar en Alemania\" width=\"609\" height=\"342\" srcset=\"https:\/\/www.sprachschule-aktiv-muenchen.de\/wp-content\/uploads\/2017\/12\/trabajar-y-estudiar-en-alemania.jpg 609w, https:\/\/www.sprachschule-aktiv-muenchen.de\/wp-content\/uploads\/2017\/12\/trabajar-y-estudiar-en-alemania-300x168.jpg 300w\" sizes=\"(max-width: 609px) 100vw, 609px\" \/><\/strong><\/p>\n<h2>Conoce Alemania<\/h2>\n<p>Este pa\u00eds cuenta con m\u00e1s de 83 millones de habitantes y es el hogar de muchos emigrantes de una gran variedad de pa\u00edses. \u00a1S\u00ed! Alemania recibe en su territorio a una gran cantidad de extranjeros porque es un destino muy popular para migrar. El segundo, luego de los Estados Unidos. \u00bfQuieres ser uno de esos emigrantes? \u00a1Toma nota!<\/p>\n<h2>Estudiar en Alemania<\/h2>\n<p>La calidad educativa de las universidades alemanas es reconocida mundialmente. De hecho, de acuerdo a un estudio de QS World University Rankings 2013, trece universidades alemanas est\u00e1n ubicadas entre las primeras doscientas mejores universidades del mundo.<\/p>\n<p>Un dato muy importante es el costo de <a href=\"https:\/\/www.sprachschule-aktiv-muenchen.de\/es\/estudiar-en-alemania-universidades-de-munich\/\">estudiar en Alemania<\/a> porque hay muchas universidades p\u00fablicas a las que puedes optar. La investigaci\u00f3n previa es fundamental si tu plan es emigrar como estudiante.<\/p>\n<h2>Trabajar en Alemania<\/h2>\n<p>Por otro lado, puede que tu intenci\u00f3n no sea estudiar sino que te resulte m\u00e1s atractivo ir directamente a <a href=\"https:\/\/www.sprachschule-aktiv.de\/es\/trabajo-en-alemania-para-estudiantes-extranjeros\/\" target=\"_blank\" rel=\"noopener\">trabajar en Alemania<\/a>. Bueno, es cierto que este pa\u00eds ocupa el cuarto lugar en lo que se refiere a la econom\u00eda mundial en cuanto al\u00a0PIB nominal. Y es la primera potencia econ\u00f3mica de Europa. As\u00ed que estudia las ofertas laborales antes de atreverte y cu\u00e1les son los requisitos para que te tomen en cuenta en los procesos de selecci\u00f3n de personal.<\/p>\n<h2>Aprender alem\u00e1n en Alemania<\/h2>\n<p>Ya sea que tu plan sea estudiar en una universidad alemana o ir directamente a trabajar, el manejo suficiente del idioma es esencial para poder hacerlo. El estudiar el idioma directamente en el pa\u00eds te puede ayudar a conseguirlo m\u00e1s r\u00e1pidamente debido al proceso de inmersi\u00f3n cultural que te obliga a compartir y conversar con los nativos del idioma y as\u00ed ir practicando tus conversaciones en alem\u00e1n. <a href=\"https:\/\/sprachschule-aktiv.de\/\" target=\"_blank\" rel=\"noopener noreferrer\">Una lista de escuelas de alem\u00e1n las encuentras aqu\u00ed!<\/a><\/p>\n<p><a href=\"\/es\/cursos-intensivos-de-aleman-en-munich\/\"><span style=\"font-size: 14px;\"><img decoding=\"async\" class=\"aligncenter size-full wp-image-66395\" src=\"https:\/\/www.sprachschule-aktiv-muenchen.de\/wp-content\/uploads\/2021\/06\/especial-oferta-aprender-aleman-munich.jpg\" alt=\"Cursos de alem\u00e1n en M\u00fanich \u2013 Aprender alem\u00e1n \u2013 Escuela de alem\u00e1n \u2013 Academia alemana\" width=\"604\" height=\"356\" srcset=\"https:\/\/www.sprachschule-aktiv-muenchen.de\/wp-content\/uploads\/2021\/06\/especial-oferta-aprender-aleman-munich.jpg 604w, https:\/\/www.sprachschule-aktiv-muenchen.de\/wp-content\/uploads\/2021\/06\/especial-oferta-aprender-aleman-munich-300x177.jpg 300w, https:\/\/www.sprachschule-aktiv-muenchen.de\/wp-content\/uploads\/2021\/06\/especial-oferta-aprender-aleman-munich-124x74.jpg 124w\" sizes=\"(max-width: 604px) 100vw, 604px\" \/><\/span><\/a><\/p>\n<h2>Vacaciones en Alemania<\/h2>\n<p>Ahora si solo vas a disfrutar del turismo en Alemania tambi\u00e9n necesitar\u00e1s del manejo de idioma pero en un nivel menos t\u00e9cnico. Un nivel que sea suficiente para que puedas pedir direcciones y tal vez ordenar el desayuno. Este pa\u00eds tiene muchas ciudades para visitar dependiendo de cu\u00e1les sean tus intereses: gastronom\u00eda, fiesta, historia y cultura alemana, una escapada rom\u00e1ntica, etc.<\/p>\n<h2>Alojamiento en Alemania<\/h2>\n<p>En este pa\u00eds puedes encontrar una gran variedad de opciones para alojarte, que depender\u00e1n del presupuesto del que dispongas. Puedes conseguir alojamiento en hoteles muy lujosos, pasando por casas rurales, rentar departamentos o incluso disponer de los populares, y mucho m\u00e1s sencillos, Bed &amp; Breakfast. En este Blog te dejamos consejos pr\u00e1cticos para encontrar <a href=\"https:\/\/www.sprachschule-aktiv-muenchen.de\/es\/encontrar-alojamiento-en-munich-para-su-curso-de-aleman\/\">alojamiento en Alemania.<\/a><\/p>\n<p>Todo esto, y mucho m\u00e1s, lo puedes hacer en Alemania, te invitamos a descubrir este pa\u00eds y toda la oferta que tiene para ti.<\/p>\n","protected":false},"excerpt":{"rendered":"<p>Alemania \u2013 para trabajar, estudiar o simplemente vacaciones Alemania es un pa\u00eds que te ofrece una incre\u00edble cantidad de opciones: ya sea que quieras aprender alem\u00e1n, trabajar en Alemania o estudiar en Alemania, puedes hacerlo ya que en este pa\u00eds hay muchas posibilidades. Pero debes organizarte bien y planificar todas tus acciones para que consigas [&hellip;]<\/p>\n","protected":false},"author":2,"featured_media":39546,"comment_status":"open","ping_status":"open","sticky":false,"template":"","format":"standard","meta":{"footnotes":""},"categories":[45],"tags":[],"class_list":["post-39520","post","type-post","status-publish","format-standard","has-post-thumbnail","hentry","category-aprender-aleman-gratis"],"yoast_head":"<!-- This site is optimized with the Yoast SEO plugin v27.1.1 - https:\/\/yoast.com\/product\/yoast-seo-wordpress\/ -->\n<title>Alemania para trabajar, estudiar o ir de vacaciones<\/title>\n<meta name=\"description\" content=\"Si piensas ir a Alemania te dejamos aqu\u00ed informaciones pr\u00e1cticas para trabajar, estudiar, vacaciones, aprender alem\u00e1n o alojamiento en Alemania\" \/>\n<meta name=\"robots\" content=\"index, follow, max-snippet:-1, max-image-preview:large, max-video-preview:-1\" \/>\n<link rel=\"canonical\" href=\"https:\/\/www.sprachschule-aktiv-muenchen.de\/es\/alemania-para-trabajar-estudiar-vacaciones\/\" \/>\n<meta property=\"og:locale\" content=\"es_ES\" \/>\n<meta property=\"og:type\" content=\"article\" \/>\n<meta property=\"og:title\" content=\"Alemania para trabajar, estudiar o ir de vacaciones\" \/>\n<meta property=\"og:description\" content=\"Si piensas ir a Alemania te dejamos aqu\u00ed informaciones pr\u00e1cticas para trabajar, estudiar, vacaciones, aprender alem\u00e1n o alojamiento en Alemania\" \/>\n<meta property=\"og:url\" content=\"https:\/\/www.sprachschule-aktiv-muenchen.de\/es\/alemania-para-trabajar-estudiar-vacaciones\/\" \/>\n<meta property=\"og:site_name\" content=\"Sprachschule Aktiv\" \/>\n<meta property=\"article:published_time\" content=\"2017-12-25T07:30:53+00:00\" \/>\n<meta property=\"article:modified_time\" content=\"2021-06-11T06:19:39+00:00\" \/>\n<meta property=\"og:image\" content=\"https:\/\/www.sprachschule-aktiv-muenchen.de\/wp-content\/uploads\/2017\/12\/alemania-para-trabajar-estudiar-ir-de-vacaciones.jpg\" \/>\n\t<meta property=\"og:image:width\" content=\"600\" \/>\n\t<meta property=\"og:image:height\" content=\"352\" \/>\n\t<meta property=\"og:image:type\" content=\"image\/jpeg\" \/>\n<meta name=\"author\" content=\"Martin Polo\" \/>\n<meta name=\"twitter:card\" content=\"summary_large_image\" \/>\n<meta name=\"twitter:label1\" content=\"Escrito por\" \/>\n\t<meta name=\"twitter:data1\" content=\"Martin Polo\" \/>\n\t<meta name=\"twitter:label2\" content=\"Tiempo de lectura\" \/>\n\t<meta name=\"twitter:data2\" content=\"3 minutos\" \/>\n<script type=\"application\/ld+json\" class=\"yoast-schema-graph\">{\"@context\":\"https:\/\/schema.org\",\"@graph\":[{\"@type\":\"Article\",\"@id\":\"https:\/\/www.sprachschule-aktiv-muenchen.de\/es\/alemania-para-trabajar-estudiar-vacaciones\/#article\",\"isPartOf\":{\"@id\":\"https:\/\/www.sprachschule-aktiv-muenchen.de\/es\/alemania-para-trabajar-estudiar-vacaciones\/\"},\"author\":{\"name\":\"Martin Polo\",\"@id\":\"https:\/\/www.sprachschule-aktiv-muenchen.de\/#\/schema\/person\/a74a6322db9745fd586f7e97f1ee5724\"},\"headline\":\"Alemania para trabajar, estudiar, de vacaciones\",\"datePublished\":\"2017-12-25T07:30:53+00:00\",\"dateModified\":\"2021-06-11T06:19:39+00:00\",\"mainEntityOfPage\":{\"@id\":\"https:\/\/www.sprachschule-aktiv-muenchen.de\/es\/alemania-para-trabajar-estudiar-vacaciones\/\"},\"wordCount\":561,\"commentCount\":0,\"image\":{\"@id\":\"https:\/\/www.sprachschule-aktiv-muenchen.de\/es\/alemania-para-trabajar-estudiar-vacaciones\/#primaryimage\"},\"thumbnailUrl\":\"https:\/\/www.sprachschule-aktiv-muenchen.de\/wp-content\/uploads\/2017\/12\/alemania-para-trabajar-estudiar-ir-de-vacaciones.jpg\",\"articleSection\":[\"Aprender alem\u00e1n gratis\"],\"inLanguage\":\"es\"},{\"@type\":\"WebPage\",\"@id\":\"https:\/\/www.sprachschule-aktiv-muenchen.de\/es\/alemania-para-trabajar-estudiar-vacaciones\/\",\"url\":\"https:\/\/www.sprachschule-aktiv-muenchen.de\/es\/alemania-para-trabajar-estudiar-vacaciones\/\",\"name\":\"Alemania para trabajar, estudiar o ir de vacaciones\",\"isPartOf\":{\"@id\":\"https:\/\/www.sprachschule-aktiv-muenchen.de\/#website\"},\"primaryImageOfPage\":{\"@id\":\"https:\/\/www.sprachschule-aktiv-muenchen.de\/es\/alemania-para-trabajar-estudiar-vacaciones\/#primaryimage\"},\"image\":{\"@id\":\"https:\/\/www.sprachschule-aktiv-muenchen.de\/es\/alemania-para-trabajar-estudiar-vacaciones\/#primaryimage\"},\"thumbnailUrl\":\"https:\/\/www.sprachschule-aktiv-muenchen.de\/wp-content\/uploads\/2017\/12\/alemania-para-trabajar-estudiar-ir-de-vacaciones.jpg\",\"datePublished\":\"2017-12-25T07:30:53+00:00\",\"dateModified\":\"2021-06-11T06:19:39+00:00\",\"author\":{\"@id\":\"https:\/\/www.sprachschule-aktiv-muenchen.de\/#\/schema\/person\/a74a6322db9745fd586f7e97f1ee5724\"},\"description\":\"Si piensas ir a Alemania te dejamos aqu\u00ed informaciones pr\u00e1cticas para trabajar, estudiar, vacaciones, aprender alem\u00e1n o alojamiento en Alemania\",\"breadcrumb\":{\"@id\":\"https:\/\/www.sprachschule-aktiv-muenchen.de\/es\/alemania-para-trabajar-estudiar-vacaciones\/#breadcrumb\"},\"inLanguage\":\"es\",\"potentialAction\":[{\"@type\":\"ReadAction\",\"target\":[\"https:\/\/www.sprachschule-aktiv-muenchen.de\/es\/alemania-para-trabajar-estudiar-vacaciones\/\"]}]},{\"@type\":\"ImageObject\",\"inLanguage\":\"es\",\"@id\":\"https:\/\/www.sprachschule-aktiv-muenchen.de\/es\/alemania-para-trabajar-estudiar-vacaciones\/#primaryimage\",\"url\":\"https:\/\/www.sprachschule-aktiv-muenchen.de\/wp-content\/uploads\/2017\/12\/alemania-para-trabajar-estudiar-ir-de-vacaciones.jpg\",\"contentUrl\":\"https:\/\/www.sprachschule-aktiv-muenchen.de\/wp-content\/uploads\/2017\/12\/alemania-para-trabajar-estudiar-ir-de-vacaciones.jpg\",\"width\":\"600\",\"height\":\"352\",\"caption\":\"Alemania para trabajar, estudiar o ir de Vacaciones\"},{\"@type\":\"BreadcrumbList\",\"@id\":\"https:\/\/www.sprachschule-aktiv-muenchen.de\/es\/alemania-para-trabajar-estudiar-vacaciones\/#breadcrumb\",\"itemListElement\":[{\"@type\":\"ListItem\",\"position\":1,\"name\":\"Portada\",\"item\":\"https:\/\/www.sprachschule-aktiv-muenchen.de\/es\/\"},{\"@type\":\"ListItem\",\"position\":2,\"name\":\"Alemania para trabajar, estudiar, de vacaciones\"}]},{\"@type\":\"WebSite\",\"@id\":\"https:\/\/www.sprachschule-aktiv-muenchen.de\/#website\",\"url\":\"https:\/\/www.sprachschule-aktiv-muenchen.de\/\",\"name\":\"Sprachschule Aktiv\",\"description\":\"\",\"potentialAction\":[{\"@type\":\"SearchAction\",\"target\":{\"@type\":\"EntryPoint\",\"urlTemplate\":\"https:\/\/www.sprachschule-aktiv-muenchen.de\/?s={search_term_string}\"},\"query-input\":{\"@type\":\"PropertyValueSpecification\",\"valueRequired\":true,\"valueName\":\"search_term_string\"}}],\"inLanguage\":\"es\"},{\"@type\":\"Person\",\"@id\":\"https:\/\/www.sprachschule-aktiv-muenchen.de\/#\/schema\/person\/a74a6322db9745fd586f7e97f1ee5724\",\"name\":\"Martin Polo\",\"image\":{\"@type\":\"ImageObject\",\"inLanguage\":\"es\",\"@id\":\"https:\/\/www.sprachschule-aktiv-muenchen.de\/#\/schema\/person\/image\/\",\"url\":\"https:\/\/secure.gravatar.com\/avatar\/2cbe6176b6be8b122284c50d9e7a11af9502529eae284fd73534defd313e4152?s=96&d=mm&r=g\",\"contentUrl\":\"https:\/\/secure.gravatar.com\/avatar\/2cbe6176b6be8b122284c50d9e7a11af9502529eae284fd73534defd313e4152?s=96&d=mm&r=g\",\"caption\":\"Martin Polo\"}}]}<\/script>\n<!-- \/ Yoast SEO plugin. -->","yoast_head_json":{"title":"Alemania para trabajar, estudiar o ir de vacaciones","description":"Si piensas ir a Alemania te dejamos aqu\u00ed informaciones pr\u00e1cticas para trabajar, estudiar, vacaciones, aprender alem\u00e1n o alojamiento en Alemania","robots":{"index":"index","follow":"follow","max-snippet":"max-snippet:-1","max-image-preview":"max-image-preview:large","max-video-preview":"max-video-preview:-1"},"canonical":"https:\/\/www.sprachschule-aktiv-muenchen.de\/es\/alemania-para-trabajar-estudiar-vacaciones\/","og_locale":"es_ES","og_type":"article","og_title":"Alemania para trabajar, estudiar o ir de vacaciones","og_description":"Si piensas ir a Alemania te dejamos aqu\u00ed informaciones pr\u00e1cticas para trabajar, estudiar, vacaciones, aprender alem\u00e1n o alojamiento en Alemania","og_url":"https:\/\/www.sprachschule-aktiv-muenchen.de\/es\/alemania-para-trabajar-estudiar-vacaciones\/","og_site_name":"Sprachschule Aktiv","article_published_time":"2017-12-25T07:30:53+00:00","article_modified_time":"2021-06-11T06:19:39+00:00","og_image":[{"width":600,"height":352,"url":"https:\/\/www.sprachschule-aktiv-muenchen.de\/wp-content\/uploads\/2017\/12\/alemania-para-trabajar-estudiar-ir-de-vacaciones.jpg","type":"image\/jpeg"}],"author":"Martin Polo","twitter_card":"summary_large_image","twitter_misc":{"Escrito por":"Martin Polo","Tiempo de lectura":"3 minutos"},"schema":{"@context":"https:\/\/schema.org","@graph":[{"@type":"Article","@id":"https:\/\/www.sprachschule-aktiv-muenchen.de\/es\/alemania-para-trabajar-estudiar-vacaciones\/#article","isPartOf":{"@id":"https:\/\/www.sprachschule-aktiv-muenchen.de\/es\/alemania-para-trabajar-estudiar-vacaciones\/"},"author":{"name":"Martin Polo","@id":"https:\/\/www.sprachschule-aktiv-muenchen.de\/#\/schema\/person\/a74a6322db9745fd586f7e97f1ee5724"},"headline":"Alemania para trabajar, estudiar, de vacaciones","datePublished":"2017-12-25T07:30:53+00:00","dateModified":"2021-06-11T06:19:39+00:00","mainEntityOfPage":{"@id":"https:\/\/www.sprachschule-aktiv-muenchen.de\/es\/alemania-para-trabajar-estudiar-vacaciones\/"},"wordCount":561,"commentCount":0,"image":{"@id":"https:\/\/www.sprachschule-aktiv-muenchen.de\/es\/alemania-para-trabajar-estudiar-vacaciones\/#primaryimage"},"thumbnailUrl":"https:\/\/www.sprachschule-aktiv-muenchen.de\/wp-content\/uploads\/2017\/12\/alemania-para-trabajar-estudiar-ir-de-vacaciones.jpg","articleSection":["Aprender alem\u00e1n gratis"],"inLanguage":"es"},{"@type":"WebPage","@id":"https:\/\/www.sprachschule-aktiv-muenchen.de\/es\/alemania-para-trabajar-estudiar-vacaciones\/","url":"https:\/\/www.sprachschule-aktiv-muenchen.de\/es\/alemania-para-trabajar-estudiar-vacaciones\/","name":"Alemania para trabajar, estudiar o ir de vacaciones","isPartOf":{"@id":"https:\/\/www.sprachschule-aktiv-muenchen.de\/#website"},"primaryImageOfPage":{"@id":"https:\/\/www.sprachschule-aktiv-muenchen.de\/es\/alemania-para-trabajar-estudiar-vacaciones\/#primaryimage"},"image":{"@id":"https:\/\/www.sprachschule-aktiv-muenchen.de\/es\/alemania-para-trabajar-estudiar-vacaciones\/#primaryimage"},"thumbnailUrl":"https:\/\/www.sprachschule-aktiv-muenchen.de\/wp-content\/uploads\/2017\/12\/alemania-para-trabajar-estudiar-ir-de-vacaciones.jpg","datePublished":"2017-12-25T07:30:53+00:00","dateModified":"2021-06-11T06:19:39+00:00","author":{"@id":"https:\/\/www.sprachschule-aktiv-muenchen.de\/#\/schema\/person\/a74a6322db9745fd586f7e97f1ee5724"},"description":"Si piensas ir a Alemania te dejamos aqu\u00ed informaciones pr\u00e1cticas para trabajar, estudiar, vacaciones, aprender alem\u00e1n o alojamiento en Alemania","breadcrumb":{"@id":"https:\/\/www.sprachschule-aktiv-muenchen.de\/es\/alemania-para-trabajar-estudiar-vacaciones\/#breadcrumb"},"inLanguage":"es","potentialAction":[{"@type":"ReadAction","target":["https:\/\/www.sprachschule-aktiv-muenchen.de\/es\/alemania-para-trabajar-estudiar-vacaciones\/"]}]},{"@type":"ImageObject","inLanguage":"es","@id":"https:\/\/www.sprachschule-aktiv-muenchen.de\/es\/alemania-para-trabajar-estudiar-vacaciones\/#primaryimage","url":"https:\/\/www.sprachschule-aktiv-muenchen.de\/wp-content\/uploads\/2017\/12\/alemania-para-trabajar-estudiar-ir-de-vacaciones.jpg","contentUrl":"https:\/\/www.sprachschule-aktiv-muenchen.de\/wp-content\/uploads\/2017\/12\/alemania-para-trabajar-estudiar-ir-de-vacaciones.jpg","width":"600","height":"352","caption":"Alemania para trabajar, estudiar o ir de Vacaciones"},{"@type":"BreadcrumbList","@id":"https:\/\/www.sprachschule-aktiv-muenchen.de\/es\/alemania-para-trabajar-estudiar-vacaciones\/#breadcrumb","itemListElement":[{"@type":"ListItem","position":1,"name":"Portada","item":"https:\/\/www.sprachschule-aktiv-muenchen.de\/es\/"},{"@type":"ListItem","position":2,"name":"Alemania para trabajar, estudiar, de vacaciones"}]},{"@type":"WebSite","@id":"https:\/\/www.sprachschule-aktiv-muenchen.de\/#website","url":"https:\/\/www.sprachschule-aktiv-muenchen.de\/","name":"Sprachschule Aktiv","description":"","potentialAction":[{"@type":"SearchAction","target":{"@type":"EntryPoint","urlTemplate":"https:\/\/www.sprachschule-aktiv-muenchen.de\/?s={search_term_string}"},"query-input":{"@type":"PropertyValueSpecification","valueRequired":true,"valueName":"search_term_string"}}],"inLanguage":"es"},{"@type":"Person","@id":"https:\/\/www.sprachschule-aktiv-muenchen.de\/#\/schema\/person\/a74a6322db9745fd586f7e97f1ee5724","name":"Martin Polo","image":{"@type":"ImageObject","inLanguage":"es","@id":"https:\/\/www.sprachschule-aktiv-muenchen.de\/#\/schema\/person\/image\/","url":"https:\/\/secure.gravatar.com\/avatar\/2cbe6176b6be8b122284c50d9e7a11af9502529eae284fd73534defd313e4152?s=96&d=mm&r=g","contentUrl":"https:\/\/secure.gravatar.com\/avatar\/2cbe6176b6be8b122284c50d9e7a11af9502529eae284fd73534defd313e4152?s=96&d=mm&r=g","caption":"Martin Polo"}}]}},"_links":{"self":[{"href":"https:\/\/www.sprachschule-aktiv-muenchen.de\/es\/wp-json\/wp\/v2\/posts\/39520","targetHints":{"allow":["GET"]}}],"collection":[{"href":"https:\/\/www.sprachschule-aktiv-muenchen.de\/es\/wp-json\/wp\/v2\/posts"}],"about":[{"href":"https:\/\/www.sprachschule-aktiv-muenchen.de\/es\/wp-json\/wp\/v2\/types\/post"}],"author":[{"embeddable":true,"href":"https:\/\/www.sprachschule-aktiv-muenchen.de\/es\/wp-json\/wp\/v2\/users\/2"}],"replies":[{"embeddable":true,"href":"https:\/\/www.sprachschule-aktiv-muenchen.de\/es\/wp-json\/wp\/v2\/comments?post=39520"}],"version-history":[{"count":3,"href":"https:\/\/www.sprachschule-aktiv-muenchen.de\/es\/wp-json\/wp\/v2\/posts\/39520\/revisions"}],"predecessor-version":[{"id":67224,"href":"https:\/\/www.sprachschule-aktiv-muenchen.de\/es\/wp-json\/wp\/v2\/posts\/39520\/revisions\/67224"}],"wp:featuredmedia":[{"embeddable":true,"href":"https:\/\/www.sprachschule-aktiv-muenchen.de\/es\/wp-json\/wp\/v2\/media\/39546"}],"wp:attachment":[{"href":"https:\/\/www.sprachschule-aktiv-muenchen.de\/es\/wp-json\/wp\/v2\/media?parent=39520"}],"wp:term":[{"taxonomy":"category","embeddable":true,"href":"https:\/\/www.sprachschule-aktiv-muenchen.de\/es\/wp-json\/wp\/v2\/categories?post=39520"},{"taxonomy":"post_tag","embeddable":true,"href":"https:\/\/www.sprachschule-aktiv-muenchen.de\/es\/wp-json\/wp\/v2\/tags?post=39520"}],"curies":[{"name":"wp","href":"https:\/\/api.w.org\/{rel}","templated":true}]}}