{"id":22468,"date":"2017-08-16T15:11:05","date_gmt":"2017-08-16T13:11:05","guid":{"rendered":"https:\/\/www.sprachschule-aktiv-muenchen.de\/los-mejores-biergarten-de-munich\/"},"modified":"2018-02-20T12:17:08","modified_gmt":"2018-02-20T11:17:08","slug":"los-mejores-biergarten-de-munich","status":"publish","type":"post","link":"https:\/\/www.sprachschule-aktiv-muenchen.de\/es\/los-mejores-biergarten-de-munich\/","title":{"rendered":"Los mejores Biergarten de M\u00fanich \u2013 Jardines de Cerveza en M\u00fanich"},"content":{"rendered":"<h1><strong>Los mejores Biergarten de M\u00fanich \u2013 Jardines de Cerveza en M\u00fanich<\/strong><\/h1>\n<p>Un biergarten, jard\u00edn de la cerveza, como su nombre indica es una terraza enorme de sillas, bancos y mesas llenas de gente divertidamente hablando y haciendo amigos y pasando la tarde entre cervezas y pretzels. Aqu\u00ed hacemos una peque\u00f1a rese\u00f1a de los cinco mejores biergarten para que pases una velada perfecta con tus amigos o tu pareja!<\/p>\n<img decoding=\"async\" src=\"https:\/\/www.sprachschule-aktiv-muenchen.de\/uploads\/image\/54fb378c1ad04a8f8e5d23912c276ea3\/ausfluge-bei-der-sprachschule-aktiv-muenchen.jpg\" alt=\"Los mejores Biergarten en M\u00fanich - Jardines de Cerveza\" \/>\n<h2><strong>El Biergarten Viktualienmarkt<\/strong><\/h2>\n<p>Est\u00e1 en el coraz\u00f3n mismo de la ciudad dentro del\u00a0mercado\u00a0del mismo nombre. Es una excepci\u00f3n en su g\u00e9nero y en \u00e9l se sirven las seis cervezas originales muniquesas: Augustiner, Hacker-Pschorr, Hofbr\u00e4uhaus, L\u00f6wenbr\u00e4u, Paulaner y Spaten. Eso s\u00ed, cada d\u00eda se vende solamente una de ellas, y se alternan en turnos rotatorios. Tiene capacidad para unas 1.000 personas.<br \/>\nViktualienmarkt 9, 80331 M\u00fcnchen<\/p>\n<h2><strong>El Biergarten Chinesischer Turm<\/strong><\/h2>\n<p>Igualmente es un fijo de todas las gu\u00edas y uno de los m\u00e1s concurridos de M\u00fanich. Pero no por ello menos atractivo, principalmente gracias a su ubicaci\u00f3n en el\u00a0Englischer Garten\u00a0rodeando la Torre china del parque. Es uno de los m\u00e1s grandes, con capacidad para unas 7.500 personas. Sirven cerveza Hofbr\u00e4uhaus.<\/p>\n<h2><strong>El Biergarten Seehaus<\/strong><\/h2>\n<p>Unos metros m\u00e1s all\u00e1 de la Torre china, encontramos el Biergarten de Seehaus.. Tiene capacidad para unas 2.500 personas, por lo que es m\u00e1s tranquilo que su vecino; sirven cerveza Paulaner. Acompa\u00f1ado por un restaurante con terraza, su enclave es inmejorable a las orillas del lago Kleinhesseloher y con unas magn\u00edficas vistas del Englischer.<br \/>\nKleinhesselohe 3, 80802 M\u00fcnchen<\/p>\n<h2><strong>El Biergarten Augustinerkeller<\/strong><\/h2>\n<p>Es uno de los mejores de la ciudad tanto por su cerveza como por el ambiente, si bien el entorno quiz\u00e1 sea el menos atractivo si lo comparamos con el resto de jardines seleccionados. Con capacidad para unas 5.000 personas, se sit\u00faa junto al Keller y restaurante tradicional de la casa.<\/p>\n<p>5. Al norte de M\u00fanich se halla uno de los BG m\u00e1s agradables de la ciudad, el\u00a0St. Emmeramsm\u00fchle. Situado en el barrio de Oberf\u00f6hring las frondosas riberas del Isar lo ocultan y por ello es mejor llegar hasta \u00e9l en bicicleta. Es peque\u00f1o y t\u00edpicamente b\u00e1varo. Una bella rareza.<\/p>\n<h2><strong>El Biergarten Hofbr\u00e4ukeller am Wiener Platz<\/strong><\/h2>\n<p>Este jard\u00edn de la cerveza con su vieja casta\u00f1a es un idilio en el coraz\u00f3n del pintoresco y bullicioso ambiente de plaza Viena.<br \/>\nInnere Wiener Stra\u00dfe 19, 81667 M\u00fcnchen<\/p>\n<h2><strong>El Biergarten Hirschgarten<\/strong><\/h2>\n<p>Este jard\u00edn es el m\u00e1s grande y conocido, tiene restaurante y comida tradicional B\u00e1vara, relativamente queda alejado del centro es muy recomendable para familias ya que tiene jard\u00edn para ni\u00f1os.<br \/>\nDe-la-Paz-Stra\u00dfe 71, 80639 M\u00fcnchen<\/p>\n<h2><strong>El Biergarten Muffatwerk<\/strong><\/h2>\n<p>Est\u00e1 muy cerca al Isar, tiene muy buena vista.<\/p>\n<p>Zellstra\u00dfe 4, 81667 M\u00fcnchen<\/p>\n<h2><strong>El Biergarten Am Nockherberg<\/strong><\/h2>\n<p>Este Biergarten es uno de los m\u00e1s hist\u00f3ricos de M\u00fanich.<\/p>\n<p>Hochstra\u00dfe 77, 81541 M\u00fcnchen<\/p>\n<h2><strong>El Biergarten Waldwirdschaf<\/strong>t<\/h2>\n<p>Tiene un excelente panorama del Isar, hay m\u00fasica en vivo, buen ambiente.<\/p>\n<p>Georg-Kalb-Stra\u00dfe 3, 82049 M\u00fcnchen<\/p>\n<h2><strong>El Biergarten Emmeransm\u00fchle<\/strong><\/h2>\n<p>Es peque\u00f1o y est\u00e1 situado en un barrio llamado Oberf\u00f6hring, est\u00e1 casi oculta por las riberas del Isar que es mejor llegar ah\u00ed en bicicleta. T\u00edpicamente B\u00e1varo.<br \/>\nSt. Emmeram 41, 81925 M\u00fcnchen<\/p>\n<h2><strong>El Biergarten Max Emanuel Brauerei<\/strong><\/h2>\n<p>Este lugar preferido por estudiantes ya que est\u00e1 muy cerca de la universidad Ludwig-Maximilians M\u00fcnchen, sitio muy c\u00f3modo, con buen ambiente.<\/p>\n<p>Adalbertstra\u00dfe 33, 80799 M\u00fcnchen<\/p>\n<h3>Otros blog que te pueden interesar:<\/h3>\n<ul>\n<li><a href=\"https:\/\/www.sprachschule-aktiv-muenchen.de\/es\/la-fiesta-de-la-cerveza-en-munich-el-oktoberfest\/\">La fiesta de la cerveza en M\u00fanich &#8211; El Oktoberfest<\/a><\/li>\n<li><a href=\"https:\/\/www.sprachschule-aktiv-muenchen.de\/es\/empadronamiento-en-alemania-munich\/\">Empadronamiento en Alemania: M\u00fanich<\/a><\/li>\n<li><a href=\"https:\/\/www.sprachschule-aktiv-muenchen.de\/es\/clases-privadas-de-aleman-en-munich\/\">Clases privadas de alem\u00e1n en M\u00fanich<\/a><\/li>\n<\/ul>\n","protected":false},"excerpt":{"rendered":"<p>Los mejores Biergarten de M\u00fanich \u2013 Jardines de Cerveza en M\u00fanich Un biergarten, jard\u00edn de la cerveza, como su nombre indica es una terraza enorme de sillas, bancos y mesas llenas de gente divertidamente hablando y haciendo amigos y pasando la tarde entre cervezas y pretzels. Aqu\u00ed hacemos una peque\u00f1a rese\u00f1a de los cinco mejores [&hellip;]<\/p>\n","protected":false},"author":2,"featured_media":33474,"comment_status":"open","ping_status":"open","sticky":false,"template":"","format":"standard","meta":{"footnotes":""},"categories":[45],"tags":[],"class_list":["post-22468","post","type-post","status-publish","format-standard","has-post-thumbnail","hentry","category-aprender-aleman-gratis"],"yoast_head":"<!-- This site is optimized with the Yoast SEO plugin v27.1.1 - https:\/\/yoast.com\/product\/yoast-seo-wordpress\/ -->\n<title>Los mejores Biergarten de M\u00fanich<\/title>\n<meta name=\"description\" content=\"Un biergarten, jard\u00edn de la cerveza, como su nombre indica es una terraza enorme de sillas, bancos y mesas llenas de gente divertidamente.\" \/>\n<meta name=\"robots\" content=\"index, follow, max-snippet:-1, max-image-preview:large, max-video-preview:-1\" \/>\n<link rel=\"canonical\" href=\"https:\/\/www.sprachschule-aktiv-muenchen.de\/es\/los-mejores-biergarten-de-munich\/\" \/>\n<meta property=\"og:locale\" content=\"es_ES\" \/>\n<meta property=\"og:type\" content=\"article\" \/>\n<meta property=\"og:title\" content=\"Los mejores Biergarten de M\u00fanich\" \/>\n<meta property=\"og:description\" content=\"Un biergarten, jard\u00edn de la cerveza, como su nombre indica es una terraza enorme de sillas, bancos y mesas llenas de gente divertidamente.\" \/>\n<meta property=\"og:url\" content=\"https:\/\/www.sprachschule-aktiv-muenchen.de\/es\/los-mejores-biergarten-de-munich\/\" \/>\n<meta property=\"og:site_name\" content=\"Sprachschule Aktiv\" \/>\n<meta property=\"article:published_time\" content=\"2017-08-16T13:11:05+00:00\" \/>\n<meta property=\"article:modified_time\" content=\"2018-02-20T11:17:08+00:00\" \/>\n<meta property=\"og:image\" content=\"https:\/\/www.sprachschule-aktiv-muenchen.de\/wp-content\/uploads\/2017\/08\/los-mejores-biergarten-de-munich-jardines-de-cerveza-en-munich.jpg\" \/>\n\t<meta property=\"og:image:width\" content=\"500\" \/>\n\t<meta property=\"og:image:height\" content=\"375\" \/>\n\t<meta property=\"og:image:type\" content=\"image\/jpeg\" \/>\n<meta name=\"author\" content=\"Martin Polo\" \/>\n<meta name=\"twitter:card\" content=\"summary_large_image\" \/>\n<meta name=\"twitter:label1\" content=\"Escrito por\" \/>\n\t<meta name=\"twitter:data1\" content=\"Martin Polo\" \/>\n\t<meta name=\"twitter:label2\" content=\"Tiempo de lectura\" \/>\n\t<meta name=\"twitter:data2\" content=\"3 minutos\" \/>\n<script type=\"application\/ld+json\" class=\"yoast-schema-graph\">{\"@context\":\"https:\/\/schema.org\",\"@graph\":[{\"@type\":\"Article\",\"@id\":\"https:\/\/www.sprachschule-aktiv-muenchen.de\/es\/los-mejores-biergarten-de-munich\/#article\",\"isPartOf\":{\"@id\":\"https:\/\/www.sprachschule-aktiv-muenchen.de\/es\/los-mejores-biergarten-de-munich\/\"},\"author\":{\"name\":\"Martin Polo\",\"@id\":\"https:\/\/www.sprachschule-aktiv-muenchen.de\/#\/schema\/person\/a74a6322db9745fd586f7e97f1ee5724\"},\"headline\":\"Los mejores Biergarten de M\u00fanich \u2013 Jardines de Cerveza en M\u00fanich\",\"datePublished\":\"2017-08-16T13:11:05+00:00\",\"dateModified\":\"2018-02-20T11:17:08+00:00\",\"mainEntityOfPage\":{\"@id\":\"https:\/\/www.sprachschule-aktiv-muenchen.de\/es\/los-mejores-biergarten-de-munich\/\"},\"wordCount\":628,\"commentCount\":0,\"image\":{\"@id\":\"https:\/\/www.sprachschule-aktiv-muenchen.de\/es\/los-mejores-biergarten-de-munich\/#primaryimage\"},\"thumbnailUrl\":\"https:\/\/www.sprachschule-aktiv-muenchen.de\/wp-content\/uploads\/2017\/08\/los-mejores-biergarten-de-munich-jardines-de-cerveza-en-munich.jpg\",\"articleSection\":[\"Aprender alem\u00e1n gratis\"],\"inLanguage\":\"es\"},{\"@type\":\"WebPage\",\"@id\":\"https:\/\/www.sprachschule-aktiv-muenchen.de\/es\/los-mejores-biergarten-de-munich\/\",\"url\":\"https:\/\/www.sprachschule-aktiv-muenchen.de\/es\/los-mejores-biergarten-de-munich\/\",\"name\":\"Los mejores Biergarten de M\u00fanich\",\"isPartOf\":{\"@id\":\"https:\/\/www.sprachschule-aktiv-muenchen.de\/#website\"},\"primaryImageOfPage\":{\"@id\":\"https:\/\/www.sprachschule-aktiv-muenchen.de\/es\/los-mejores-biergarten-de-munich\/#primaryimage\"},\"image\":{\"@id\":\"https:\/\/www.sprachschule-aktiv-muenchen.de\/es\/los-mejores-biergarten-de-munich\/#primaryimage\"},\"thumbnailUrl\":\"https:\/\/www.sprachschule-aktiv-muenchen.de\/wp-content\/uploads\/2017\/08\/los-mejores-biergarten-de-munich-jardines-de-cerveza-en-munich.jpg\",\"datePublished\":\"2017-08-16T13:11:05+00:00\",\"dateModified\":\"2018-02-20T11:17:08+00:00\",\"author\":{\"@id\":\"https:\/\/www.sprachschule-aktiv-muenchen.de\/#\/schema\/person\/a74a6322db9745fd586f7e97f1ee5724\"},\"description\":\"Un biergarten, jard\u00edn de la cerveza, como su nombre indica es una terraza enorme de sillas, bancos y mesas llenas de gente divertidamente.\",\"breadcrumb\":{\"@id\":\"https:\/\/www.sprachschule-aktiv-muenchen.de\/es\/los-mejores-biergarten-de-munich\/#breadcrumb\"},\"inLanguage\":\"es\",\"potentialAction\":[{\"@type\":\"ReadAction\",\"target\":[\"https:\/\/www.sprachschule-aktiv-muenchen.de\/es\/los-mejores-biergarten-de-munich\/\"]}]},{\"@type\":\"ImageObject\",\"inLanguage\":\"es\",\"@id\":\"https:\/\/www.sprachschule-aktiv-muenchen.de\/es\/los-mejores-biergarten-de-munich\/#primaryimage\",\"url\":\"https:\/\/www.sprachschule-aktiv-muenchen.de\/wp-content\/uploads\/2017\/08\/los-mejores-biergarten-de-munich-jardines-de-cerveza-en-munich.jpg\",\"contentUrl\":\"https:\/\/www.sprachschule-aktiv-muenchen.de\/wp-content\/uploads\/2017\/08\/los-mejores-biergarten-de-munich-jardines-de-cerveza-en-munich.jpg\",\"width\":500,\"height\":375,\"caption\":\"Los mejores Biergarten de M\u00fanich \u2013 Jardines de Cerveza en M\u00fanich\"},{\"@type\":\"BreadcrumbList\",\"@id\":\"https:\/\/www.sprachschule-aktiv-muenchen.de\/es\/los-mejores-biergarten-de-munich\/#breadcrumb\",\"itemListElement\":[{\"@type\":\"ListItem\",\"position\":1,\"name\":\"Portada\",\"item\":\"https:\/\/www.sprachschule-aktiv-muenchen.de\/es\/\"},{\"@type\":\"ListItem\",\"position\":2,\"name\":\"Los mejores Biergarten de M\u00fanich \u2013 Jardines de Cerveza en M\u00fanich\"}]},{\"@type\":\"WebSite\",\"@id\":\"https:\/\/www.sprachschule-aktiv-muenchen.de\/#website\",\"url\":\"https:\/\/www.sprachschule-aktiv-muenchen.de\/\",\"name\":\"Sprachschule Aktiv\",\"description\":\"\",\"potentialAction\":[{\"@type\":\"SearchAction\",\"target\":{\"@type\":\"EntryPoint\",\"urlTemplate\":\"https:\/\/www.sprachschule-aktiv-muenchen.de\/?s={search_term_string}\"},\"query-input\":{\"@type\":\"PropertyValueSpecification\",\"valueRequired\":true,\"valueName\":\"search_term_string\"}}],\"inLanguage\":\"es\"},{\"@type\":\"Person\",\"@id\":\"https:\/\/www.sprachschule-aktiv-muenchen.de\/#\/schema\/person\/a74a6322db9745fd586f7e97f1ee5724\",\"name\":\"Martin Polo\",\"image\":{\"@type\":\"ImageObject\",\"inLanguage\":\"es\",\"@id\":\"https:\/\/www.sprachschule-aktiv-muenchen.de\/#\/schema\/person\/image\/\",\"url\":\"https:\/\/secure.gravatar.com\/avatar\/2cbe6176b6be8b122284c50d9e7a11af9502529eae284fd73534defd313e4152?s=96&d=mm&r=g\",\"contentUrl\":\"https:\/\/secure.gravatar.com\/avatar\/2cbe6176b6be8b122284c50d9e7a11af9502529eae284fd73534defd313e4152?s=96&d=mm&r=g\",\"caption\":\"Martin Polo\"}}]}<\/script>\n<!-- \/ Yoast SEO plugin. -->","yoast_head_json":{"title":"Los mejores Biergarten de M\u00fanich","description":"Un biergarten, jard\u00edn de la cerveza, como su nombre indica es una terraza enorme de sillas, bancos y mesas llenas de gente divertidamente.","robots":{"index":"index","follow":"follow","max-snippet":"max-snippet:-1","max-image-preview":"max-image-preview:large","max-video-preview":"max-video-preview:-1"},"canonical":"https:\/\/www.sprachschule-aktiv-muenchen.de\/es\/los-mejores-biergarten-de-munich\/","og_locale":"es_ES","og_type":"article","og_title":"Los mejores Biergarten de M\u00fanich","og_description":"Un biergarten, jard\u00edn de la cerveza, como su nombre indica es una terraza enorme de sillas, bancos y mesas llenas de gente divertidamente.","og_url":"https:\/\/www.sprachschule-aktiv-muenchen.de\/es\/los-mejores-biergarten-de-munich\/","og_site_name":"Sprachschule Aktiv","article_published_time":"2017-08-16T13:11:05+00:00","article_modified_time":"2018-02-20T11:17:08+00:00","og_image":[{"width":500,"height":375,"url":"https:\/\/www.sprachschule-aktiv-muenchen.de\/wp-content\/uploads\/2017\/08\/los-mejores-biergarten-de-munich-jardines-de-cerveza-en-munich.jpg","type":"image\/jpeg"}],"author":"Martin Polo","twitter_card":"summary_large_image","twitter_misc":{"Escrito por":"Martin Polo","Tiempo de lectura":"3 minutos"},"schema":{"@context":"https:\/\/schema.org","@graph":[{"@type":"Article","@id":"https:\/\/www.sprachschule-aktiv-muenchen.de\/es\/los-mejores-biergarten-de-munich\/#article","isPartOf":{"@id":"https:\/\/www.sprachschule-aktiv-muenchen.de\/es\/los-mejores-biergarten-de-munich\/"},"author":{"name":"Martin Polo","@id":"https:\/\/www.sprachschule-aktiv-muenchen.de\/#\/schema\/person\/a74a6322db9745fd586f7e97f1ee5724"},"headline":"Los mejores Biergarten de M\u00fanich \u2013 Jardines de Cerveza en M\u00fanich","datePublished":"2017-08-16T13:11:05+00:00","dateModified":"2018-02-20T11:17:08+00:00","mainEntityOfPage":{"@id":"https:\/\/www.sprachschule-aktiv-muenchen.de\/es\/los-mejores-biergarten-de-munich\/"},"wordCount":628,"commentCount":0,"image":{"@id":"https:\/\/www.sprachschule-aktiv-muenchen.de\/es\/los-mejores-biergarten-de-munich\/#primaryimage"},"thumbnailUrl":"https:\/\/www.sprachschule-aktiv-muenchen.de\/wp-content\/uploads\/2017\/08\/los-mejores-biergarten-de-munich-jardines-de-cerveza-en-munich.jpg","articleSection":["Aprender alem\u00e1n gratis"],"inLanguage":"es"},{"@type":"WebPage","@id":"https:\/\/www.sprachschule-aktiv-muenchen.de\/es\/los-mejores-biergarten-de-munich\/","url":"https:\/\/www.sprachschule-aktiv-muenchen.de\/es\/los-mejores-biergarten-de-munich\/","name":"Los mejores Biergarten de M\u00fanich","isPartOf":{"@id":"https:\/\/www.sprachschule-aktiv-muenchen.de\/#website"},"primaryImageOfPage":{"@id":"https:\/\/www.sprachschule-aktiv-muenchen.de\/es\/los-mejores-biergarten-de-munich\/#primaryimage"},"image":{"@id":"https:\/\/www.sprachschule-aktiv-muenchen.de\/es\/los-mejores-biergarten-de-munich\/#primaryimage"},"thumbnailUrl":"https:\/\/www.sprachschule-aktiv-muenchen.de\/wp-content\/uploads\/2017\/08\/los-mejores-biergarten-de-munich-jardines-de-cerveza-en-munich.jpg","datePublished":"2017-08-16T13:11:05+00:00","dateModified":"2018-02-20T11:17:08+00:00","author":{"@id":"https:\/\/www.sprachschule-aktiv-muenchen.de\/#\/schema\/person\/a74a6322db9745fd586f7e97f1ee5724"},"description":"Un biergarten, jard\u00edn de la cerveza, como su nombre indica es una terraza enorme de sillas, bancos y mesas llenas de gente divertidamente.","breadcrumb":{"@id":"https:\/\/www.sprachschule-aktiv-muenchen.de\/es\/los-mejores-biergarten-de-munich\/#breadcrumb"},"inLanguage":"es","potentialAction":[{"@type":"ReadAction","target":["https:\/\/www.sprachschule-aktiv-muenchen.de\/es\/los-mejores-biergarten-de-munich\/"]}]},{"@type":"ImageObject","inLanguage":"es","@id":"https:\/\/www.sprachschule-aktiv-muenchen.de\/es\/los-mejores-biergarten-de-munich\/#primaryimage","url":"https:\/\/www.sprachschule-aktiv-muenchen.de\/wp-content\/uploads\/2017\/08\/los-mejores-biergarten-de-munich-jardines-de-cerveza-en-munich.jpg","contentUrl":"https:\/\/www.sprachschule-aktiv-muenchen.de\/wp-content\/uploads\/2017\/08\/los-mejores-biergarten-de-munich-jardines-de-cerveza-en-munich.jpg","width":500,"height":375,"caption":"Los mejores Biergarten de M\u00fanich \u2013 Jardines de Cerveza en M\u00fanich"},{"@type":"BreadcrumbList","@id":"https:\/\/www.sprachschule-aktiv-muenchen.de\/es\/los-mejores-biergarten-de-munich\/#breadcrumb","itemListElement":[{"@type":"ListItem","position":1,"name":"Portada","item":"https:\/\/www.sprachschule-aktiv-muenchen.de\/es\/"},{"@type":"ListItem","position":2,"name":"Los mejores Biergarten de M\u00fanich \u2013 Jardines de Cerveza en M\u00fanich"}]},{"@type":"WebSite","@id":"https:\/\/www.sprachschule-aktiv-muenchen.de\/#website","url":"https:\/\/www.sprachschule-aktiv-muenchen.de\/","name":"Sprachschule Aktiv","description":"","potentialAction":[{"@type":"SearchAction","target":{"@type":"EntryPoint","urlTemplate":"https:\/\/www.sprachschule-aktiv-muenchen.de\/?s={search_term_string}"},"query-input":{"@type":"PropertyValueSpecification","valueRequired":true,"valueName":"search_term_string"}}],"inLanguage":"es"},{"@type":"Person","@id":"https:\/\/www.sprachschule-aktiv-muenchen.de\/#\/schema\/person\/a74a6322db9745fd586f7e97f1ee5724","name":"Martin Polo","image":{"@type":"ImageObject","inLanguage":"es","@id":"https:\/\/www.sprachschule-aktiv-muenchen.de\/#\/schema\/person\/image\/","url":"https:\/\/secure.gravatar.com\/avatar\/2cbe6176b6be8b122284c50d9e7a11af9502529eae284fd73534defd313e4152?s=96&d=mm&r=g","contentUrl":"https:\/\/secure.gravatar.com\/avatar\/2cbe6176b6be8b122284c50d9e7a11af9502529eae284fd73534defd313e4152?s=96&d=mm&r=g","caption":"Martin Polo"}}]}},"_links":{"self":[{"href":"https:\/\/www.sprachschule-aktiv-muenchen.de\/es\/wp-json\/wp\/v2\/posts\/22468","targetHints":{"allow":["GET"]}}],"collection":[{"href":"https:\/\/www.sprachschule-aktiv-muenchen.de\/es\/wp-json\/wp\/v2\/posts"}],"about":[{"href":"https:\/\/www.sprachschule-aktiv-muenchen.de\/es\/wp-json\/wp\/v2\/types\/post"}],"author":[{"embeddable":true,"href":"https:\/\/www.sprachschule-aktiv-muenchen.de\/es\/wp-json\/wp\/v2\/users\/2"}],"replies":[{"embeddable":true,"href":"https:\/\/www.sprachschule-aktiv-muenchen.de\/es\/wp-json\/wp\/v2\/comments?post=22468"}],"version-history":[{"count":0,"href":"https:\/\/www.sprachschule-aktiv-muenchen.de\/es\/wp-json\/wp\/v2\/posts\/22468\/revisions"}],"wp:featuredmedia":[{"embeddable":true,"href":"https:\/\/www.sprachschule-aktiv-muenchen.de\/es\/wp-json\/wp\/v2\/media\/33474"}],"wp:attachment":[{"href":"https:\/\/www.sprachschule-aktiv-muenchen.de\/es\/wp-json\/wp\/v2\/media?parent=22468"}],"wp:term":[{"taxonomy":"category","embeddable":true,"href":"https:\/\/www.sprachschule-aktiv-muenchen.de\/es\/wp-json\/wp\/v2\/categories?post=22468"},{"taxonomy":"post_tag","embeddable":true,"href":"https:\/\/www.sprachschule-aktiv-muenchen.de\/es\/wp-json\/wp\/v2\/tags?post=22468"}],"curies":[{"name":"wp","href":"https:\/\/api.w.org\/{rel}","templated":true}]}}