{"id":22464,"date":"2017-08-17T10:05:06","date_gmt":"2017-08-17T08:05:06","guid":{"rendered":"https:\/\/www.sprachschule-aktiv-muenchen.de\/la-fiesta-de-la-cerveza-en-munich-el-oktoberfest\/"},"modified":"2018-02-20T12:09:35","modified_gmt":"2018-02-20T11:09:35","slug":"la-fiesta-de-la-cerveza-en-munich-el-oktoberfest","status":"publish","type":"post","link":"https:\/\/www.sprachschule-aktiv-muenchen.de\/es\/la-fiesta-de-la-cerveza-en-munich-el-oktoberfest\/","title":{"rendered":"La fiesta de la cerveza en M\u00fanich &#8211; El Oktoberfest"},"content":{"rendered":"<h1><strong>La fiesta de la cerveza en M\u00fanich &#8211; El Oktoberfest\u00a0<\/strong><\/h1>\n<p><strong>Oktoberfest-\u00a0el festival m\u00e1s grande del mundo.<\/strong> Oktoberfest es un festival que se celebra anualmente en M\u00fanich, Alemania. Es un festival de 16 d\u00edas que va desde finales de septiembre hasta la primera semana de octubre con m\u00e1s de 6 millones de personas de todo el mundo. Este festival es muy importante en la cultura de Baviera y se a llevado a cabo desde 1810. Otras ciudades de todo el mundo tambi\u00e9n celebran las celebraciones de Oktoberfest, modeladas despu\u00e9s del acontecimiento original de Munich.<\/p>\n<img decoding=\"async\" title=\"Oktoberfest mit der Sprachschule Aktiv \" src=\"https:\/\/www.sprachschule-aktiv-muenchen.de\/uploads\/image\/54fb378c1ad04a8f8e5d23912c276ea3\/ausfluge-bei-der-sprachschule-aktiv-muenchen.jpg\" alt=\"Oktoberfest mit der Sprachschule Aktiv \" \/>\n<h2><strong>D\u00f3nde se celebra el Oktoberfest?<\/strong><\/h2>\n<p>El festival se celebra en un \u00e1rea llamada el Theresienwiese (campo o prado, de Teresa), a menudo llamado Wiesn para abreviar, situado cerca del centro de Munich. Grandes cantidades de cerveza se consumen, con casi 7 millones de litros servidos durante el festival de 16 d\u00edas en 2007. Los visitantes tambi\u00e9n pueden disfrutar de una mezcla de atracciones, tales como monta\u00f1as rusas, juegos de feria y shows.<\/p>\n<p>A las personas que atienden este festival les gusta usar el traje t\u00edpico Dirdnl para las mujeres y los hombres usan Lederhose.<\/p>\n<h2><strong>C\u00faales son los t\u00edpicos platos de comer en la fiesta de la cerveza Oktoberfest?<\/strong><\/h2>\n<p>Tambi\u00e9n ofrecen una amplia variedad de platos tradicionales, tales como Hendl (pollo asado), Schweinebraten (cerdo asado), Schweinshaxe (jam\u00f3n a la parrilla), Steckerlfisch (pescado a la parrilla en un palo), W\u00fcrstl (salchichas), junto con Brezen (pretzel), K\u00e4sesp\u00e4tzle (fideos de queso), Reiberdatschi (tortitas de patata), junto con tales exquisiteces b\u00e1varas como Obatzda (un queso de untar con mantequilla con especias) y Weisswurst (una salchicha blanca).<\/p>\n<h3>Otros interesantes blogs para ti:<\/h3>\n<ul>\n<li><a href=\"https:\/\/www.sprachschule-aktiv-muenchen.de\/es\/turismo-en-alemania-cuales-ciudades-visitar\/\">Turismo en Alemania:\u00a0\u00bfC\u00faales ciudades visitar?<\/a><\/li>\n<li><a href=\"https:\/\/www.sprachschule-aktiv-muenchen.de\/es\/los-mejores-biergarten-de-munich\/\">Los mejores Biergarten de M\u00fanich &#8211; Jardines de cerveza en M\u00fanich<\/a><\/li>\n<li><a href=\"https:\/\/www.sprachschule-aktiv-muenchen.de\/es\/cursos-de-aleman-con-alojamiento-en-munich\/\">Cursos de alem\u00e1n con alojamiento en M\u00fanich<\/a><\/li>\n<\/ul>\n","protected":false},"excerpt":{"rendered":"<p>La fiesta de la cerveza en M\u00fanich &#8211; El Oktoberfest\u00a0 Oktoberfest-\u00a0el festival m\u00e1s grande del mundo. Oktoberfest es un festival que se celebra anualmente en M\u00fanich, Alemania. Es un festival de 16 d\u00edas que va desde finales de septiembre hasta la primera semana de octubre con m\u00e1s de 6 millones de personas de todo el [&hellip;]<\/p>\n","protected":false},"author":2,"featured_media":33496,"comment_status":"open","ping_status":"open","sticky":false,"template":"","format":"standard","meta":{"footnotes":""},"categories":[45],"tags":[],"class_list":["post-22464","post","type-post","status-publish","format-standard","has-post-thumbnail","hentry","category-aprender-aleman-gratis"],"yoast_head":"<!-- This site is optimized with the Yoast SEO plugin v27.1.1 - https:\/\/yoast.com\/product\/yoast-seo-wordpress\/ -->\n<title>La fiesta de la cerveza en M\u00fanich - Oktoberfest<\/title>\n<meta name=\"description\" content=\"La fiesta de la cerveza en M\u00fanich. La Oktoberfest es un festival que se celebra anualmente en M\u00fanich. Dura 16 d\u00edas con m\u00e1s de 6 millones de visitantes.\" \/>\n<meta name=\"robots\" content=\"index, follow, max-snippet:-1, max-image-preview:large, max-video-preview:-1\" \/>\n<link rel=\"canonical\" href=\"https:\/\/www.sprachschule-aktiv-muenchen.de\/es\/la-fiesta-de-la-cerveza-en-munich-el-oktoberfest\/\" \/>\n<meta property=\"og:locale\" content=\"es_ES\" \/>\n<meta property=\"og:type\" content=\"article\" \/>\n<meta property=\"og:title\" content=\"La fiesta de la cerveza en M\u00fanich - Oktoberfest\" \/>\n<meta property=\"og:description\" content=\"La fiesta de la cerveza en M\u00fanich. La Oktoberfest es un festival que se celebra anualmente en M\u00fanich. Dura 16 d\u00edas con m\u00e1s de 6 millones de visitantes.\" \/>\n<meta property=\"og:url\" content=\"https:\/\/www.sprachschule-aktiv-muenchen.de\/es\/la-fiesta-de-la-cerveza-en-munich-el-oktoberfest\/\" \/>\n<meta property=\"og:site_name\" content=\"Sprachschule Aktiv\" \/>\n<meta property=\"article:published_time\" content=\"2017-08-17T08:05:06+00:00\" \/>\n<meta property=\"article:modified_time\" content=\"2018-02-20T11:09:35+00:00\" \/>\n<meta property=\"og:image\" content=\"https:\/\/www.sprachschule-aktiv-muenchen.de\/wp-content\/uploads\/2017\/08\/la-fiesta-de-la-cerveza-en-munich-el-oktoberfest.jpg\" \/>\n\t<meta property=\"og:image:width\" content=\"723\" \/>\n\t<meta property=\"og:image:height\" content=\"542\" \/>\n\t<meta property=\"og:image:type\" content=\"image\/jpeg\" \/>\n<meta name=\"author\" content=\"Martin Polo\" \/>\n<meta name=\"twitter:card\" content=\"summary_large_image\" \/>\n<meta name=\"twitter:label1\" content=\"Escrito por\" \/>\n\t<meta name=\"twitter:data1\" content=\"Martin Polo\" \/>\n\t<meta name=\"twitter:label2\" content=\"Tiempo de lectura\" \/>\n\t<meta name=\"twitter:data2\" content=\"2 minutos\" \/>\n<script type=\"application\/ld+json\" class=\"yoast-schema-graph\">{\"@context\":\"https:\/\/schema.org\",\"@graph\":[{\"@type\":\"Article\",\"@id\":\"https:\/\/www.sprachschule-aktiv-muenchen.de\/es\/la-fiesta-de-la-cerveza-en-munich-el-oktoberfest\/#article\",\"isPartOf\":{\"@id\":\"https:\/\/www.sprachschule-aktiv-muenchen.de\/es\/la-fiesta-de-la-cerveza-en-munich-el-oktoberfest\/\"},\"author\":{\"name\":\"Martin Polo\",\"@id\":\"https:\/\/www.sprachschule-aktiv-muenchen.de\/#\/schema\/person\/a74a6322db9745fd586f7e97f1ee5724\"},\"headline\":\"La fiesta de la cerveza en M\u00fanich &#8211; El Oktoberfest\",\"datePublished\":\"2017-08-17T08:05:06+00:00\",\"dateModified\":\"2018-02-20T11:09:35+00:00\",\"mainEntityOfPage\":{\"@id\":\"https:\/\/www.sprachschule-aktiv-muenchen.de\/es\/la-fiesta-de-la-cerveza-en-munich-el-oktoberfest\/\"},\"wordCount\":324,\"commentCount\":0,\"image\":{\"@id\":\"https:\/\/www.sprachschule-aktiv-muenchen.de\/es\/la-fiesta-de-la-cerveza-en-munich-el-oktoberfest\/#primaryimage\"},\"thumbnailUrl\":\"https:\/\/www.sprachschule-aktiv-muenchen.de\/wp-content\/uploads\/2017\/08\/la-fiesta-de-la-cerveza-en-munich-el-oktoberfest.jpg\",\"articleSection\":[\"Aprender alem\u00e1n gratis\"],\"inLanguage\":\"es\"},{\"@type\":\"WebPage\",\"@id\":\"https:\/\/www.sprachschule-aktiv-muenchen.de\/es\/la-fiesta-de-la-cerveza-en-munich-el-oktoberfest\/\",\"url\":\"https:\/\/www.sprachschule-aktiv-muenchen.de\/es\/la-fiesta-de-la-cerveza-en-munich-el-oktoberfest\/\",\"name\":\"La fiesta de la cerveza en M\u00fanich - Oktoberfest\",\"isPartOf\":{\"@id\":\"https:\/\/www.sprachschule-aktiv-muenchen.de\/#website\"},\"primaryImageOfPage\":{\"@id\":\"https:\/\/www.sprachschule-aktiv-muenchen.de\/es\/la-fiesta-de-la-cerveza-en-munich-el-oktoberfest\/#primaryimage\"},\"image\":{\"@id\":\"https:\/\/www.sprachschule-aktiv-muenchen.de\/es\/la-fiesta-de-la-cerveza-en-munich-el-oktoberfest\/#primaryimage\"},\"thumbnailUrl\":\"https:\/\/www.sprachschule-aktiv-muenchen.de\/wp-content\/uploads\/2017\/08\/la-fiesta-de-la-cerveza-en-munich-el-oktoberfest.jpg\",\"datePublished\":\"2017-08-17T08:05:06+00:00\",\"dateModified\":\"2018-02-20T11:09:35+00:00\",\"author\":{\"@id\":\"https:\/\/www.sprachschule-aktiv-muenchen.de\/#\/schema\/person\/a74a6322db9745fd586f7e97f1ee5724\"},\"description\":\"La fiesta de la cerveza en M\u00fanich. La Oktoberfest es un festival que se celebra anualmente en M\u00fanich. Dura 16 d\u00edas con m\u00e1s de 6 millones de visitantes.\",\"breadcrumb\":{\"@id\":\"https:\/\/www.sprachschule-aktiv-muenchen.de\/es\/la-fiesta-de-la-cerveza-en-munich-el-oktoberfest\/#breadcrumb\"},\"inLanguage\":\"es\",\"potentialAction\":[{\"@type\":\"ReadAction\",\"target\":[\"https:\/\/www.sprachschule-aktiv-muenchen.de\/es\/la-fiesta-de-la-cerveza-en-munich-el-oktoberfest\/\"]}]},{\"@type\":\"ImageObject\",\"inLanguage\":\"es\",\"@id\":\"https:\/\/www.sprachschule-aktiv-muenchen.de\/es\/la-fiesta-de-la-cerveza-en-munich-el-oktoberfest\/#primaryimage\",\"url\":\"https:\/\/www.sprachschule-aktiv-muenchen.de\/wp-content\/uploads\/2017\/08\/la-fiesta-de-la-cerveza-en-munich-el-oktoberfest.jpg\",\"contentUrl\":\"https:\/\/www.sprachschule-aktiv-muenchen.de\/wp-content\/uploads\/2017\/08\/la-fiesta-de-la-cerveza-en-munich-el-oktoberfest.jpg\",\"width\":723,\"height\":542,\"caption\":\"La fiesta de la cerveza en M\u00fanich \u2013 El Oktoberfest\"},{\"@type\":\"BreadcrumbList\",\"@id\":\"https:\/\/www.sprachschule-aktiv-muenchen.de\/es\/la-fiesta-de-la-cerveza-en-munich-el-oktoberfest\/#breadcrumb\",\"itemListElement\":[{\"@type\":\"ListItem\",\"position\":1,\"name\":\"Portada\",\"item\":\"https:\/\/www.sprachschule-aktiv-muenchen.de\/es\/\"},{\"@type\":\"ListItem\",\"position\":2,\"name\":\"La fiesta de la cerveza en M\u00fanich &#8211; El Oktoberfest\"}]},{\"@type\":\"WebSite\",\"@id\":\"https:\/\/www.sprachschule-aktiv-muenchen.de\/#website\",\"url\":\"https:\/\/www.sprachschule-aktiv-muenchen.de\/\",\"name\":\"Sprachschule Aktiv\",\"description\":\"\",\"potentialAction\":[{\"@type\":\"SearchAction\",\"target\":{\"@type\":\"EntryPoint\",\"urlTemplate\":\"https:\/\/www.sprachschule-aktiv-muenchen.de\/?s={search_term_string}\"},\"query-input\":{\"@type\":\"PropertyValueSpecification\",\"valueRequired\":true,\"valueName\":\"search_term_string\"}}],\"inLanguage\":\"es\"},{\"@type\":\"Person\",\"@id\":\"https:\/\/www.sprachschule-aktiv-muenchen.de\/#\/schema\/person\/a74a6322db9745fd586f7e97f1ee5724\",\"name\":\"Martin Polo\",\"image\":{\"@type\":\"ImageObject\",\"inLanguage\":\"es\",\"@id\":\"https:\/\/www.sprachschule-aktiv-muenchen.de\/#\/schema\/person\/image\/\",\"url\":\"https:\/\/secure.gravatar.com\/avatar\/2cbe6176b6be8b122284c50d9e7a11af9502529eae284fd73534defd313e4152?s=96&d=mm&r=g\",\"contentUrl\":\"https:\/\/secure.gravatar.com\/avatar\/2cbe6176b6be8b122284c50d9e7a11af9502529eae284fd73534defd313e4152?s=96&d=mm&r=g\",\"caption\":\"Martin Polo\"}}]}<\/script>\n<!-- \/ Yoast SEO plugin. -->","yoast_head_json":{"title":"La fiesta de la cerveza en M\u00fanich - Oktoberfest","description":"La fiesta de la cerveza en M\u00fanich. La Oktoberfest es un festival que se celebra anualmente en M\u00fanich. Dura 16 d\u00edas con m\u00e1s de 6 millones de visitantes.","robots":{"index":"index","follow":"follow","max-snippet":"max-snippet:-1","max-image-preview":"max-image-preview:large","max-video-preview":"max-video-preview:-1"},"canonical":"https:\/\/www.sprachschule-aktiv-muenchen.de\/es\/la-fiesta-de-la-cerveza-en-munich-el-oktoberfest\/","og_locale":"es_ES","og_type":"article","og_title":"La fiesta de la cerveza en M\u00fanich - Oktoberfest","og_description":"La fiesta de la cerveza en M\u00fanich. La Oktoberfest es un festival que se celebra anualmente en M\u00fanich. Dura 16 d\u00edas con m\u00e1s de 6 millones de visitantes.","og_url":"https:\/\/www.sprachschule-aktiv-muenchen.de\/es\/la-fiesta-de-la-cerveza-en-munich-el-oktoberfest\/","og_site_name":"Sprachschule Aktiv","article_published_time":"2017-08-17T08:05:06+00:00","article_modified_time":"2018-02-20T11:09:35+00:00","og_image":[{"width":723,"height":542,"url":"https:\/\/www.sprachschule-aktiv-muenchen.de\/wp-content\/uploads\/2017\/08\/la-fiesta-de-la-cerveza-en-munich-el-oktoberfest.jpg","type":"image\/jpeg"}],"author":"Martin Polo","twitter_card":"summary_large_image","twitter_misc":{"Escrito por":"Martin Polo","Tiempo de lectura":"2 minutos"},"schema":{"@context":"https:\/\/schema.org","@graph":[{"@type":"Article","@id":"https:\/\/www.sprachschule-aktiv-muenchen.de\/es\/la-fiesta-de-la-cerveza-en-munich-el-oktoberfest\/#article","isPartOf":{"@id":"https:\/\/www.sprachschule-aktiv-muenchen.de\/es\/la-fiesta-de-la-cerveza-en-munich-el-oktoberfest\/"},"author":{"name":"Martin Polo","@id":"https:\/\/www.sprachschule-aktiv-muenchen.de\/#\/schema\/person\/a74a6322db9745fd586f7e97f1ee5724"},"headline":"La fiesta de la cerveza en M\u00fanich &#8211; El Oktoberfest","datePublished":"2017-08-17T08:05:06+00:00","dateModified":"2018-02-20T11:09:35+00:00","mainEntityOfPage":{"@id":"https:\/\/www.sprachschule-aktiv-muenchen.de\/es\/la-fiesta-de-la-cerveza-en-munich-el-oktoberfest\/"},"wordCount":324,"commentCount":0,"image":{"@id":"https:\/\/www.sprachschule-aktiv-muenchen.de\/es\/la-fiesta-de-la-cerveza-en-munich-el-oktoberfest\/#primaryimage"},"thumbnailUrl":"https:\/\/www.sprachschule-aktiv-muenchen.de\/wp-content\/uploads\/2017\/08\/la-fiesta-de-la-cerveza-en-munich-el-oktoberfest.jpg","articleSection":["Aprender alem\u00e1n gratis"],"inLanguage":"es"},{"@type":"WebPage","@id":"https:\/\/www.sprachschule-aktiv-muenchen.de\/es\/la-fiesta-de-la-cerveza-en-munich-el-oktoberfest\/","url":"https:\/\/www.sprachschule-aktiv-muenchen.de\/es\/la-fiesta-de-la-cerveza-en-munich-el-oktoberfest\/","name":"La fiesta de la cerveza en M\u00fanich - Oktoberfest","isPartOf":{"@id":"https:\/\/www.sprachschule-aktiv-muenchen.de\/#website"},"primaryImageOfPage":{"@id":"https:\/\/www.sprachschule-aktiv-muenchen.de\/es\/la-fiesta-de-la-cerveza-en-munich-el-oktoberfest\/#primaryimage"},"image":{"@id":"https:\/\/www.sprachschule-aktiv-muenchen.de\/es\/la-fiesta-de-la-cerveza-en-munich-el-oktoberfest\/#primaryimage"},"thumbnailUrl":"https:\/\/www.sprachschule-aktiv-muenchen.de\/wp-content\/uploads\/2017\/08\/la-fiesta-de-la-cerveza-en-munich-el-oktoberfest.jpg","datePublished":"2017-08-17T08:05:06+00:00","dateModified":"2018-02-20T11:09:35+00:00","author":{"@id":"https:\/\/www.sprachschule-aktiv-muenchen.de\/#\/schema\/person\/a74a6322db9745fd586f7e97f1ee5724"},"description":"La fiesta de la cerveza en M\u00fanich. La Oktoberfest es un festival que se celebra anualmente en M\u00fanich. Dura 16 d\u00edas con m\u00e1s de 6 millones de visitantes.","breadcrumb":{"@id":"https:\/\/www.sprachschule-aktiv-muenchen.de\/es\/la-fiesta-de-la-cerveza-en-munich-el-oktoberfest\/#breadcrumb"},"inLanguage":"es","potentialAction":[{"@type":"ReadAction","target":["https:\/\/www.sprachschule-aktiv-muenchen.de\/es\/la-fiesta-de-la-cerveza-en-munich-el-oktoberfest\/"]}]},{"@type":"ImageObject","inLanguage":"es","@id":"https:\/\/www.sprachschule-aktiv-muenchen.de\/es\/la-fiesta-de-la-cerveza-en-munich-el-oktoberfest\/#primaryimage","url":"https:\/\/www.sprachschule-aktiv-muenchen.de\/wp-content\/uploads\/2017\/08\/la-fiesta-de-la-cerveza-en-munich-el-oktoberfest.jpg","contentUrl":"https:\/\/www.sprachschule-aktiv-muenchen.de\/wp-content\/uploads\/2017\/08\/la-fiesta-de-la-cerveza-en-munich-el-oktoberfest.jpg","width":723,"height":542,"caption":"La fiesta de la cerveza en M\u00fanich \u2013 El Oktoberfest"},{"@type":"BreadcrumbList","@id":"https:\/\/www.sprachschule-aktiv-muenchen.de\/es\/la-fiesta-de-la-cerveza-en-munich-el-oktoberfest\/#breadcrumb","itemListElement":[{"@type":"ListItem","position":1,"name":"Portada","item":"https:\/\/www.sprachschule-aktiv-muenchen.de\/es\/"},{"@type":"ListItem","position":2,"name":"La fiesta de la cerveza en M\u00fanich &#8211; El Oktoberfest"}]},{"@type":"WebSite","@id":"https:\/\/www.sprachschule-aktiv-muenchen.de\/#website","url":"https:\/\/www.sprachschule-aktiv-muenchen.de\/","name":"Sprachschule Aktiv","description":"","potentialAction":[{"@type":"SearchAction","target":{"@type":"EntryPoint","urlTemplate":"https:\/\/www.sprachschule-aktiv-muenchen.de\/?s={search_term_string}"},"query-input":{"@type":"PropertyValueSpecification","valueRequired":true,"valueName":"search_term_string"}}],"inLanguage":"es"},{"@type":"Person","@id":"https:\/\/www.sprachschule-aktiv-muenchen.de\/#\/schema\/person\/a74a6322db9745fd586f7e97f1ee5724","name":"Martin Polo","image":{"@type":"ImageObject","inLanguage":"es","@id":"https:\/\/www.sprachschule-aktiv-muenchen.de\/#\/schema\/person\/image\/","url":"https:\/\/secure.gravatar.com\/avatar\/2cbe6176b6be8b122284c50d9e7a11af9502529eae284fd73534defd313e4152?s=96&d=mm&r=g","contentUrl":"https:\/\/secure.gravatar.com\/avatar\/2cbe6176b6be8b122284c50d9e7a11af9502529eae284fd73534defd313e4152?s=96&d=mm&r=g","caption":"Martin Polo"}}]}},"_links":{"self":[{"href":"https:\/\/www.sprachschule-aktiv-muenchen.de\/es\/wp-json\/wp\/v2\/posts\/22464","targetHints":{"allow":["GET"]}}],"collection":[{"href":"https:\/\/www.sprachschule-aktiv-muenchen.de\/es\/wp-json\/wp\/v2\/posts"}],"about":[{"href":"https:\/\/www.sprachschule-aktiv-muenchen.de\/es\/wp-json\/wp\/v2\/types\/post"}],"author":[{"embeddable":true,"href":"https:\/\/www.sprachschule-aktiv-muenchen.de\/es\/wp-json\/wp\/v2\/users\/2"}],"replies":[{"embeddable":true,"href":"https:\/\/www.sprachschule-aktiv-muenchen.de\/es\/wp-json\/wp\/v2\/comments?post=22464"}],"version-history":[{"count":0,"href":"https:\/\/www.sprachschule-aktiv-muenchen.de\/es\/wp-json\/wp\/v2\/posts\/22464\/revisions"}],"wp:featuredmedia":[{"embeddable":true,"href":"https:\/\/www.sprachschule-aktiv-muenchen.de\/es\/wp-json\/wp\/v2\/media\/33496"}],"wp:attachment":[{"href":"https:\/\/www.sprachschule-aktiv-muenchen.de\/es\/wp-json\/wp\/v2\/media?parent=22464"}],"wp:term":[{"taxonomy":"category","embeddable":true,"href":"https:\/\/www.sprachschule-aktiv-muenchen.de\/es\/wp-json\/wp\/v2\/categories?post=22464"},{"taxonomy":"post_tag","embeddable":true,"href":"https:\/\/www.sprachschule-aktiv-muenchen.de\/es\/wp-json\/wp\/v2\/tags?post=22464"}],"curies":[{"name":"wp","href":"https:\/\/api.w.org\/{rel}","templated":true}]}}