{"id":22245,"date":"2017-08-14T15:28:31","date_gmt":"2017-08-14T13:28:31","guid":{"rendered":"https:\/\/www.sprachschule-aktiv-muenchen.de\/?p=22245\/"},"modified":"2021-09-15T05:42:25","modified_gmt":"2021-09-15T03:42:25","slug":"empadronamiento-en-alemania-munich","status":"publish","type":"post","link":"https:\/\/www.sprachschule-aktiv-muenchen.de\/es\/empadronamiento-en-alemania-munich\/","title":{"rendered":"Empadronamiento en Alemania: M\u00fanich"},"content":{"rendered":"<h1>Empadronamiento en Alemania &#8211; como registrarse en M\u00fanich<\/h1>\n<h2>Cursos de alem\u00e1n en Munich &#8211; Formalidades : c\u00f3mo empadronarse en M\u00fanich Alemania<\/h2>\n<p>\u00bfEst\u00e1 pensando en aprender alem\u00e1n y vivir en M\u00fanich? Si quiere aprender alem\u00e1n y vivir en Munich , primero debe registrarse en la oficina de administraci\u00f3n local de la ciudad. Pero no se preocupe . No es tan complicado. Aqu\u00ed le damos cinco informaciones importantes para el empadronamiento:<\/p>\n<h2>\u00bfQu\u00e9 es la oficina de administraci\u00f3n local y qui\u00e9n tiene que registrarse ?<\/h2>\n<p>El Kreisverwaltungsreferat ( KVR ) es la oficina de seguridad y la autoridad legal de la ciudad de Munich. Trata temas tan diversos como el transporte, la vivienda y los asuntos de migraci\u00f3n.Si quiere aprender alem\u00e1n en Munich y no pertenece a la Comunidad Europea, al llegar a M\u00fanich debe registrarse personalmente en la Oficina Civil de la KVR. Cualquier persona que quiera alojarse o pasar unas vacaciones en M\u00fanich, debe ser registrado all\u00ed.<\/p>\n<h2>\u00bfC\u00f3mo funciona el registro en M\u00fanich ?<\/h2>\n<p>Usted debe registrarse dentro de los primeros ocho d\u00edas de su llegada en la oficina de la administraci\u00f3n local. \u00a0Debe llevar y mostrar su pasaporte y a la vez llenar un formulario \u2013 al terminar este tr\u00e1mite estar\u00e1 empadronado.<\/p>\n<a href=\"https:\/\/www.sprachschule-aktiv-muenchen.de\/es\/cursos-intensivos-de-aleman-en-munich\/\"><img decoding=\"async\" class=\"aligncenter size-full wp-image-66395\" src=\"https:\/\/www.sprachschule-aktiv-muenchen.de\/wp-content\/uploads\/2021\/06\/especial-oferta-aprender-aleman-munich.jpg\" alt=\"Cursos de alem\u00e1n en M\u00fanich \u2013 Aprender alem\u00e1n \u2013 Escuela de alem\u00e1n \u2013 Academia alemana\" width=\"604\" height=\"356\" srcset=\"https:\/\/www.sprachschule-aktiv-muenchen.de\/wp-content\/uploads\/2021\/06\/especial-oferta-aprender-aleman-munich.jpg 604w, https:\/\/www.sprachschule-aktiv-muenchen.de\/wp-content\/uploads\/2021\/06\/especial-oferta-aprender-aleman-munich-300x177.jpg 300w, https:\/\/www.sprachschule-aktiv-muenchen.de\/wp-content\/uploads\/2021\/06\/especial-oferta-aprender-aleman-munich-124x74.jpg 124w\" sizes=\"(max-width: 604px) 100vw, 604px\" \/><\/a>\n<h2>\u00bfQu\u00e9 puedo hacer si tengo poco tiempo ?<\/h2>\n<p>Le recomendamos no venir a la KVR durante los d\u00edas de puente, porque entonces encontrar\u00e1 mucha gente que habr\u00e1 tomado vacaciones y querr\u00e1n realizar sus tr\u00e1mites administrativos. Lo mejor es venir un d\u00eda normal durante la semana.<\/p>\n<h2>Es posible registrarse y empadronarse en M\u00fanich online?<\/h2>\n<p>Lamentablemente no es posible un registro- online. Usted puede llamar en cualquier momento a la l\u00ednea directa del servicio de la oficina de administraci\u00f3n de la ciudad. Ellos le dir\u00e1n , por ejemplo, cu\u00e1les son los documentos que necesita para llevar a cabo la inscripci\u00f3n o empadronamiento. De esta manera ahorrar\u00e1 tiempo y evitar\u00e1 las colas innecesarias.<\/p>\n<h2>\u00bfAlgo m\u00e1s que saber?<\/h2>\n<p>\u00bfDesea quedarse por m\u00e1s de tres meses en M\u00fanich para aprender alem\u00e1n? Si usted no pertenece a un pa\u00eds de la UE o a un pa\u00eds de la EEE (Espacio Econ\u00f3mico Europeo) , debe solicitar su permiso temporal en la oficina de inmigraci\u00f3n antes de que expire su visado. Usted necesitar\u00e1 varios documentos: comprobante de seguro m\u00e9dico, un seguro de vida y una confirmaci\u00f3n de que est\u00e1 haciendo un curso de alem\u00e1n de al menos 20 horas por semana.<\/p>\n<p>Si usted tiene alguna pregunta con respecto a la inscripci\u00f3n o necesita ayuda con el idioma para comunicarse con las autoridades, puede contactarnos en cualquier momento \u2013 en Sprachschule aktiv ayudamos a nuestros estudiantes a superar las barreras del idioma.<\/p>\n<p>\u00bfQuiere aprender alem\u00e1n? Sprachschule aktiv es una de las escuelas m\u00e1s visitadas de M\u00fanich . Con nosotros, podr\u00e1 lograr r\u00e1pidamente el nivel de alem\u00e1n que desea a precios bajos y divertimiento garantizado. Las fechas de inicio para nuestros cursos de alem\u00e1n en M\u00fanich puede consultarlas llamando al: 00.49.89.20062435 o puede consultarnos a trav\u00e9s de nuestro correo electr\u00f3nico: \u00a0info@sprachschule-aktiv.de<\/p>\n<img decoding=\"async\" class=\"alignnone\" title=\"Empadronamiento en Alemania\" src=\"https:\/\/www.sprachschule-aktiv-muenchen.de\/uploads\/image\/e732cb5ea1914492b387a16ac30bdc13\/sprachschule-aktiv-muenchen-deutsch-kompakt-2.jpg\" alt=\"Empadronamiento en Alemania\" width=\"723\" height=\"482\" \/>\n<p style=\"text-align: center;\"><a href=\"https:\/\/www.sprachschule-aktiv-muenchen.de\/es\/contacto-ubicacion\/\"><img decoding=\"async\" class=\"alignnone\" style=\"width: 100%;\" title=\"Empadronamiento M\u00fanich\" src=\"https:\/\/www.sprachschule-aktiv-muenchen.de\/uploads\/image\/29c6cd52b44e464290c388d861df0e9a\/wir_sind_fuer_sie_da_in_der_sprachschule_aktiv_muenchen.png\" alt=\"Empadronamiento M\u00fanich\" width=\"723\" height=\"125\" \/><\/a><\/p>\n","protected":false},"excerpt":{"rendered":"<p>Empadronamiento en Alemania &#8211; como registrarse en M\u00fanich Cursos de alem\u00e1n en Munich &#8211; Formalidades : c\u00f3mo empadronarse en M\u00fanich Alemania \u00bfEst\u00e1 pensando en aprender alem\u00e1n y vivir en M\u00fanich? Si quiere aprender alem\u00e1n y vivir en Munich , primero debe registrarse en la oficina de administraci\u00f3n local de la ciudad. Pero no se preocupe [&hellip;]<\/p>\n","protected":false},"author":2,"featured_media":33825,"comment_status":"open","ping_status":"open","sticky":false,"template":"","format":"standard","meta":{"footnotes":""},"categories":[45],"tags":[],"class_list":["post-22245","post","type-post","status-publish","format-standard","has-post-thumbnail","hentry","category-aprender-aleman-gratis"],"yoast_head":"<!-- This site is optimized with the Yoast SEO plugin v27.1.1 - https:\/\/yoast.com\/product\/yoast-seo-wordpress\/ -->\n<title>Empadronamiento en Alemania - registrarse en M\u00fanich<\/title>\n<meta name=\"description\" content=\"Si planeas vivir en Munich, primero debes registrarte en la oficina de empadronamiento. Todas las informaciones aqu\u00ed!\" \/>\n<meta name=\"robots\" content=\"index, follow, max-snippet:-1, max-image-preview:large, max-video-preview:-1\" \/>\n<link rel=\"canonical\" href=\"https:\/\/www.sprachschule-aktiv-muenchen.de\/es\/empadronamiento-en-alemania-munich\/\" \/>\n<meta property=\"og:locale\" content=\"es_ES\" \/>\n<meta property=\"og:type\" content=\"article\" \/>\n<meta property=\"og:title\" content=\"Empadronamiento en Alemania - registrarse en M\u00fanich\" \/>\n<meta property=\"og:description\" content=\"Si planeas vivir en Munich, primero debes registrarte en la oficina de empadronamiento. Todas las informaciones aqu\u00ed!\" \/>\n<meta property=\"og:url\" content=\"https:\/\/www.sprachschule-aktiv-muenchen.de\/es\/empadronamiento-en-alemania-munich\/\" \/>\n<meta property=\"og:site_name\" content=\"Sprachschule Aktiv\" \/>\n<meta property=\"article:published_time\" content=\"2017-08-14T13:28:31+00:00\" \/>\n<meta property=\"article:modified_time\" content=\"2021-09-15T03:42:25+00:00\" \/>\n<meta property=\"og:image\" content=\"https:\/\/www.sprachschule-aktiv-muenchen.de\/wp-content\/uploads\/2017\/08\/empadronamiento-en-alemania-munich.jpg\" \/>\n\t<meta property=\"og:image:width\" content=\"639\" \/>\n\t<meta property=\"og:image:height\" content=\"479\" \/>\n\t<meta property=\"og:image:type\" content=\"image\/jpeg\" \/>\n<meta name=\"author\" content=\"Martin Polo\" \/>\n<meta name=\"twitter:card\" content=\"summary_large_image\" \/>\n<meta name=\"twitter:label1\" content=\"Escrito por\" \/>\n\t<meta name=\"twitter:data1\" content=\"Martin Polo\" \/>\n\t<meta name=\"twitter:label2\" content=\"Tiempo de lectura\" \/>\n\t<meta name=\"twitter:data2\" content=\"3 minutos\" \/>\n<script type=\"application\/ld+json\" class=\"yoast-schema-graph\">{\"@context\":\"https:\/\/schema.org\",\"@graph\":[{\"@type\":\"Article\",\"@id\":\"https:\/\/www.sprachschule-aktiv-muenchen.de\/es\/empadronamiento-en-alemania-munich\/#article\",\"isPartOf\":{\"@id\":\"https:\/\/www.sprachschule-aktiv-muenchen.de\/es\/empadronamiento-en-alemania-munich\/\"},\"author\":{\"name\":\"Martin Polo\",\"@id\":\"https:\/\/www.sprachschule-aktiv-muenchen.de\/#\/schema\/person\/a74a6322db9745fd586f7e97f1ee5724\"},\"headline\":\"Empadronamiento en Alemania: M\u00fanich\",\"datePublished\":\"2017-08-14T13:28:31+00:00\",\"dateModified\":\"2021-09-15T03:42:25+00:00\",\"mainEntityOfPage\":{\"@id\":\"https:\/\/www.sprachschule-aktiv-muenchen.de\/es\/empadronamiento-en-alemania-munich\/\"},\"wordCount\":536,\"commentCount\":0,\"image\":{\"@id\":\"https:\/\/www.sprachschule-aktiv-muenchen.de\/es\/empadronamiento-en-alemania-munich\/#primaryimage\"},\"thumbnailUrl\":\"https:\/\/www.sprachschule-aktiv-muenchen.de\/wp-content\/uploads\/2017\/08\/empadronamiento-en-alemania-munich.jpg\",\"articleSection\":[\"Aprender alem\u00e1n gratis\"],\"inLanguage\":\"es\"},{\"@type\":\"WebPage\",\"@id\":\"https:\/\/www.sprachschule-aktiv-muenchen.de\/es\/empadronamiento-en-alemania-munich\/\",\"url\":\"https:\/\/www.sprachschule-aktiv-muenchen.de\/es\/empadronamiento-en-alemania-munich\/\",\"name\":\"Empadronamiento en Alemania - registrarse en M\u00fanich\",\"isPartOf\":{\"@id\":\"https:\/\/www.sprachschule-aktiv-muenchen.de\/#website\"},\"primaryImageOfPage\":{\"@id\":\"https:\/\/www.sprachschule-aktiv-muenchen.de\/es\/empadronamiento-en-alemania-munich\/#primaryimage\"},\"image\":{\"@id\":\"https:\/\/www.sprachschule-aktiv-muenchen.de\/es\/empadronamiento-en-alemania-munich\/#primaryimage\"},\"thumbnailUrl\":\"https:\/\/www.sprachschule-aktiv-muenchen.de\/wp-content\/uploads\/2017\/08\/empadronamiento-en-alemania-munich.jpg\",\"datePublished\":\"2017-08-14T13:28:31+00:00\",\"dateModified\":\"2021-09-15T03:42:25+00:00\",\"author\":{\"@id\":\"https:\/\/www.sprachschule-aktiv-muenchen.de\/#\/schema\/person\/a74a6322db9745fd586f7e97f1ee5724\"},\"description\":\"Si planeas vivir en Munich, primero debes registrarte en la oficina de empadronamiento. Todas las informaciones aqu\u00ed!\",\"breadcrumb\":{\"@id\":\"https:\/\/www.sprachschule-aktiv-muenchen.de\/es\/empadronamiento-en-alemania-munich\/#breadcrumb\"},\"inLanguage\":\"es\",\"potentialAction\":[{\"@type\":\"ReadAction\",\"target\":[\"https:\/\/www.sprachschule-aktiv-muenchen.de\/es\/empadronamiento-en-alemania-munich\/\"]}]},{\"@type\":\"ImageObject\",\"inLanguage\":\"es\",\"@id\":\"https:\/\/www.sprachschule-aktiv-muenchen.de\/es\/empadronamiento-en-alemania-munich\/#primaryimage\",\"url\":\"https:\/\/www.sprachschule-aktiv-muenchen.de\/wp-content\/uploads\/2017\/08\/empadronamiento-en-alemania-munich.jpg\",\"contentUrl\":\"https:\/\/www.sprachschule-aktiv-muenchen.de\/wp-content\/uploads\/2017\/08\/empadronamiento-en-alemania-munich.jpg\",\"width\":639,\"height\":479,\"caption\":\"Empadronamiento en Alemania: M\u00fanich\"},{\"@type\":\"BreadcrumbList\",\"@id\":\"https:\/\/www.sprachschule-aktiv-muenchen.de\/es\/empadronamiento-en-alemania-munich\/#breadcrumb\",\"itemListElement\":[{\"@type\":\"ListItem\",\"position\":1,\"name\":\"Portada\",\"item\":\"https:\/\/www.sprachschule-aktiv-muenchen.de\/es\/\"},{\"@type\":\"ListItem\",\"position\":2,\"name\":\"Empadronamiento en Alemania: M\u00fanich\"}]},{\"@type\":\"WebSite\",\"@id\":\"https:\/\/www.sprachschule-aktiv-muenchen.de\/#website\",\"url\":\"https:\/\/www.sprachschule-aktiv-muenchen.de\/\",\"name\":\"Sprachschule Aktiv\",\"description\":\"\",\"potentialAction\":[{\"@type\":\"SearchAction\",\"target\":{\"@type\":\"EntryPoint\",\"urlTemplate\":\"https:\/\/www.sprachschule-aktiv-muenchen.de\/?s={search_term_string}\"},\"query-input\":{\"@type\":\"PropertyValueSpecification\",\"valueRequired\":true,\"valueName\":\"search_term_string\"}}],\"inLanguage\":\"es\"},{\"@type\":\"Person\",\"@id\":\"https:\/\/www.sprachschule-aktiv-muenchen.de\/#\/schema\/person\/a74a6322db9745fd586f7e97f1ee5724\",\"name\":\"Martin Polo\",\"image\":{\"@type\":\"ImageObject\",\"inLanguage\":\"es\",\"@id\":\"https:\/\/www.sprachschule-aktiv-muenchen.de\/#\/schema\/person\/image\/\",\"url\":\"https:\/\/secure.gravatar.com\/avatar\/2cbe6176b6be8b122284c50d9e7a11af9502529eae284fd73534defd313e4152?s=96&d=mm&r=g\",\"contentUrl\":\"https:\/\/secure.gravatar.com\/avatar\/2cbe6176b6be8b122284c50d9e7a11af9502529eae284fd73534defd313e4152?s=96&d=mm&r=g\",\"caption\":\"Martin Polo\"}}]}<\/script>\n<!-- \/ Yoast SEO plugin. -->","yoast_head_json":{"title":"Empadronamiento en Alemania - registrarse en M\u00fanich","description":"Si planeas vivir en Munich, primero debes registrarte en la oficina de empadronamiento. Todas las informaciones aqu\u00ed!","robots":{"index":"index","follow":"follow","max-snippet":"max-snippet:-1","max-image-preview":"max-image-preview:large","max-video-preview":"max-video-preview:-1"},"canonical":"https:\/\/www.sprachschule-aktiv-muenchen.de\/es\/empadronamiento-en-alemania-munich\/","og_locale":"es_ES","og_type":"article","og_title":"Empadronamiento en Alemania - registrarse en M\u00fanich","og_description":"Si planeas vivir en Munich, primero debes registrarte en la oficina de empadronamiento. Todas las informaciones aqu\u00ed!","og_url":"https:\/\/www.sprachschule-aktiv-muenchen.de\/es\/empadronamiento-en-alemania-munich\/","og_site_name":"Sprachschule Aktiv","article_published_time":"2017-08-14T13:28:31+00:00","article_modified_time":"2021-09-15T03:42:25+00:00","og_image":[{"width":639,"height":479,"url":"https:\/\/www.sprachschule-aktiv-muenchen.de\/wp-content\/uploads\/2017\/08\/empadronamiento-en-alemania-munich.jpg","type":"image\/jpeg"}],"author":"Martin Polo","twitter_card":"summary_large_image","twitter_misc":{"Escrito por":"Martin Polo","Tiempo de lectura":"3 minutos"},"schema":{"@context":"https:\/\/schema.org","@graph":[{"@type":"Article","@id":"https:\/\/www.sprachschule-aktiv-muenchen.de\/es\/empadronamiento-en-alemania-munich\/#article","isPartOf":{"@id":"https:\/\/www.sprachschule-aktiv-muenchen.de\/es\/empadronamiento-en-alemania-munich\/"},"author":{"name":"Martin Polo","@id":"https:\/\/www.sprachschule-aktiv-muenchen.de\/#\/schema\/person\/a74a6322db9745fd586f7e97f1ee5724"},"headline":"Empadronamiento en Alemania: M\u00fanich","datePublished":"2017-08-14T13:28:31+00:00","dateModified":"2021-09-15T03:42:25+00:00","mainEntityOfPage":{"@id":"https:\/\/www.sprachschule-aktiv-muenchen.de\/es\/empadronamiento-en-alemania-munich\/"},"wordCount":536,"commentCount":0,"image":{"@id":"https:\/\/www.sprachschule-aktiv-muenchen.de\/es\/empadronamiento-en-alemania-munich\/#primaryimage"},"thumbnailUrl":"https:\/\/www.sprachschule-aktiv-muenchen.de\/wp-content\/uploads\/2017\/08\/empadronamiento-en-alemania-munich.jpg","articleSection":["Aprender alem\u00e1n gratis"],"inLanguage":"es"},{"@type":"WebPage","@id":"https:\/\/www.sprachschule-aktiv-muenchen.de\/es\/empadronamiento-en-alemania-munich\/","url":"https:\/\/www.sprachschule-aktiv-muenchen.de\/es\/empadronamiento-en-alemania-munich\/","name":"Empadronamiento en Alemania - registrarse en M\u00fanich","isPartOf":{"@id":"https:\/\/www.sprachschule-aktiv-muenchen.de\/#website"},"primaryImageOfPage":{"@id":"https:\/\/www.sprachschule-aktiv-muenchen.de\/es\/empadronamiento-en-alemania-munich\/#primaryimage"},"image":{"@id":"https:\/\/www.sprachschule-aktiv-muenchen.de\/es\/empadronamiento-en-alemania-munich\/#primaryimage"},"thumbnailUrl":"https:\/\/www.sprachschule-aktiv-muenchen.de\/wp-content\/uploads\/2017\/08\/empadronamiento-en-alemania-munich.jpg","datePublished":"2017-08-14T13:28:31+00:00","dateModified":"2021-09-15T03:42:25+00:00","author":{"@id":"https:\/\/www.sprachschule-aktiv-muenchen.de\/#\/schema\/person\/a74a6322db9745fd586f7e97f1ee5724"},"description":"Si planeas vivir en Munich, primero debes registrarte en la oficina de empadronamiento. Todas las informaciones aqu\u00ed!","breadcrumb":{"@id":"https:\/\/www.sprachschule-aktiv-muenchen.de\/es\/empadronamiento-en-alemania-munich\/#breadcrumb"},"inLanguage":"es","potentialAction":[{"@type":"ReadAction","target":["https:\/\/www.sprachschule-aktiv-muenchen.de\/es\/empadronamiento-en-alemania-munich\/"]}]},{"@type":"ImageObject","inLanguage":"es","@id":"https:\/\/www.sprachschule-aktiv-muenchen.de\/es\/empadronamiento-en-alemania-munich\/#primaryimage","url":"https:\/\/www.sprachschule-aktiv-muenchen.de\/wp-content\/uploads\/2017\/08\/empadronamiento-en-alemania-munich.jpg","contentUrl":"https:\/\/www.sprachschule-aktiv-muenchen.de\/wp-content\/uploads\/2017\/08\/empadronamiento-en-alemania-munich.jpg","width":639,"height":479,"caption":"Empadronamiento en Alemania: M\u00fanich"},{"@type":"BreadcrumbList","@id":"https:\/\/www.sprachschule-aktiv-muenchen.de\/es\/empadronamiento-en-alemania-munich\/#breadcrumb","itemListElement":[{"@type":"ListItem","position":1,"name":"Portada","item":"https:\/\/www.sprachschule-aktiv-muenchen.de\/es\/"},{"@type":"ListItem","position":2,"name":"Empadronamiento en Alemania: M\u00fanich"}]},{"@type":"WebSite","@id":"https:\/\/www.sprachschule-aktiv-muenchen.de\/#website","url":"https:\/\/www.sprachschule-aktiv-muenchen.de\/","name":"Sprachschule Aktiv","description":"","potentialAction":[{"@type":"SearchAction","target":{"@type":"EntryPoint","urlTemplate":"https:\/\/www.sprachschule-aktiv-muenchen.de\/?s={search_term_string}"},"query-input":{"@type":"PropertyValueSpecification","valueRequired":true,"valueName":"search_term_string"}}],"inLanguage":"es"},{"@type":"Person","@id":"https:\/\/www.sprachschule-aktiv-muenchen.de\/#\/schema\/person\/a74a6322db9745fd586f7e97f1ee5724","name":"Martin Polo","image":{"@type":"ImageObject","inLanguage":"es","@id":"https:\/\/www.sprachschule-aktiv-muenchen.de\/#\/schema\/person\/image\/","url":"https:\/\/secure.gravatar.com\/avatar\/2cbe6176b6be8b122284c50d9e7a11af9502529eae284fd73534defd313e4152?s=96&d=mm&r=g","contentUrl":"https:\/\/secure.gravatar.com\/avatar\/2cbe6176b6be8b122284c50d9e7a11af9502529eae284fd73534defd313e4152?s=96&d=mm&r=g","caption":"Martin Polo"}}]}},"_links":{"self":[{"href":"https:\/\/www.sprachschule-aktiv-muenchen.de\/es\/wp-json\/wp\/v2\/posts\/22245","targetHints":{"allow":["GET"]}}],"collection":[{"href":"https:\/\/www.sprachschule-aktiv-muenchen.de\/es\/wp-json\/wp\/v2\/posts"}],"about":[{"href":"https:\/\/www.sprachschule-aktiv-muenchen.de\/es\/wp-json\/wp\/v2\/types\/post"}],"author":[{"embeddable":true,"href":"https:\/\/www.sprachschule-aktiv-muenchen.de\/es\/wp-json\/wp\/v2\/users\/2"}],"replies":[{"embeddable":true,"href":"https:\/\/www.sprachschule-aktiv-muenchen.de\/es\/wp-json\/wp\/v2\/comments?post=22245"}],"version-history":[{"count":2,"href":"https:\/\/www.sprachschule-aktiv-muenchen.de\/es\/wp-json\/wp\/v2\/posts\/22245\/revisions"}],"predecessor-version":[{"id":69371,"href":"https:\/\/www.sprachschule-aktiv-muenchen.de\/es\/wp-json\/wp\/v2\/posts\/22245\/revisions\/69371"}],"wp:featuredmedia":[{"embeddable":true,"href":"https:\/\/www.sprachschule-aktiv-muenchen.de\/es\/wp-json\/wp\/v2\/media\/33825"}],"wp:attachment":[{"href":"https:\/\/www.sprachschule-aktiv-muenchen.de\/es\/wp-json\/wp\/v2\/media?parent=22245"}],"wp:term":[{"taxonomy":"category","embeddable":true,"href":"https:\/\/www.sprachschule-aktiv-muenchen.de\/es\/wp-json\/wp\/v2\/categories?post=22245"},{"taxonomy":"post_tag","embeddable":true,"href":"https:\/\/www.sprachschule-aktiv-muenchen.de\/es\/wp-json\/wp\/v2\/tags?post=22245"}],"curies":[{"name":"wp","href":"https:\/\/api.w.org\/{rel}","templated":true}]}}