{"id":22243,"date":"2017-08-14T15:23:24","date_gmt":"2017-08-14T13:23:24","guid":{"rendered":"https:\/\/www.sprachschule-aktiv-muenchen.de\/?p=22243\/"},"modified":"2021-12-16T08:24:32","modified_gmt":"2021-12-16T07:24:32","slug":"encontrar-alojamiento-en-munich-para-su-curso-de-aleman","status":"publish","type":"post","link":"https:\/\/www.sprachschule-aktiv-muenchen.de\/es\/encontrar-alojamiento-en-munich-para-su-curso-de-aleman\/","title":{"rendered":"Encontrar alojamiento en M\u00fanich para su curso de alem\u00e1n"},"content":{"rendered":"<h1>Encontrar alojamiento en M\u00fanich para su curso de alem\u00e1n<\/h1>\n<h2>Cursos de alem\u00e1n en Munich \u2013 Consejos para encontrarar su hospedaje perfecto<\/h2>\n<p>Si viene a Munich podr\u00e1 experimentar en primera persona la hospitalidad muniquesa. Los muniqueses son aut\u00e9nticos y est\u00e1n abiertos a otras culturas, pero sobre todo reciben con agrado a sus \u201cinvitados\u201d.<\/p>\n<p>No es casualidad que en el 2013 un total de 6.1 millones de visitantes hayan venido y permanecido en los hoteles y pensiones de la ciudad. As\u00ed Munich anot\u00f3 su d\u00e9cimo a\u00f1o de r\u00e9cord consecutivo. Esto quiere decir que M\u00fanich fue y sigue siendo uno de los destinos m\u00e1s buscados en Europa.<\/p>\n<p>Si usted ha llegado a Munich para estudiar alem\u00e1n, ahora solo necesita un lugar para quedarse y vivir su propia experiencia como visitante. Para lograrlo es muy simple, si busca en google &#8221; \u00bfD\u00f3nde alojarse en M\u00fanich?&#8221; , usted se sentir\u00e1 abrumado por una avalancha de ofertas, sobre todo en los barrios como, Schwabing, Giesing o entre Bogenhausen y Pasing, donde hay un sinn\u00famero de posibilidades para encontrar un alojamiento.<\/p>\n<p><a href=\"\/es\/cursos-intensivos-de-aleman-en-munich\/\"><span style=\"font-size: 14px;\"><img decoding=\"async\" class=\"aligncenter size-full wp-image-66395\" src=\"https:\/\/www.sprachschule-aktiv-muenchen.de\/wp-content\/uploads\/2021\/06\/especial-oferta-aprender-aleman-munich.jpg\" alt=\"Cursos de alem\u00e1n en M\u00fanich \u2013 Aprender alem\u00e1n \u2013 Escuela de alem\u00e1n \u2013 Academia alemana\" width=\"604\" height=\"356\" srcset=\"https:\/\/www.sprachschule-aktiv-muenchen.de\/wp-content\/uploads\/2021\/06\/especial-oferta-aprender-aleman-munich.jpg 604w, https:\/\/www.sprachschule-aktiv-muenchen.de\/wp-content\/uploads\/2021\/06\/especial-oferta-aprender-aleman-munich-300x177.jpg 300w, https:\/\/www.sprachschule-aktiv-muenchen.de\/wp-content\/uploads\/2021\/06\/especial-oferta-aprender-aleman-munich-124x74.jpg 124w\" sizes=\"(max-width: 604px) 100vw, 604px\" \/><\/span><\/a><\/p>\n<h2>La versi\u00f3n cl\u00e1sica \u2013 Habitaci\u00f3n en un hotel<\/h2>\n<p>Si para usted la privacidad es muy importante y desea algo simple de encontrar \u2013 \u00e9sto se lo garantiza una habitaci\u00f3n en un hotel.<\/p>\n<p>En M\u00fanich usted encontrar\u00e1 desde una habitaci\u00f3n sencilla , pero limpia (a partir de 35 \u20ac por persona\/ habitaci\u00f3n doble) hasta un hotel de dise\u00f1o, muy elegante y con spa, \u00a1todo es posible!. \u00bfCual elegir?, depender\u00e1 de lo que desee y de su presupuesto.\u00a0<\/span><\/p>\n<h2>Sencillo y acogedor \u2013 Pensiones en M\u00fanich><\/h2>\n<p>Una buena alternativa a un hotel, es una pensi\u00f3n. Desde 20 \u20ac por persona en una habitaci\u00f3n compartida, o a partir de 25 \u20ac por persona en una habitaci\u00f3n individual, se puede disfrutar de su hospitalidad y un ambiente agradable. Adem\u00e1s, las pensiones tienen todo lo necesario: una c\u00f3moda cama , armario, escritorio y un delicioso desayuno buffet.<\/p>\n<h2>prender alem\u00e1n compartiendo con otros j\u00f3venes &#8211; en los albergues de M\u00fanich<\/h2>\n<p>A los j\u00f3venes que le guste salir y sentir la vida de la ciudad, se sentir\u00e1n a gusto en un hostal o albergue juvenil. Alojar en habitaciones compartidas, sencillas (desde 10 \u20ac por Pers.), usted puede ahorrar mucho dinero. Adem\u00e1s, hay muchas maneras de practicar el alem\u00e1n. Ya sea en el comedor o en la sala de eventos o recreaci\u00f3n: siempre hay alguien ah\u00ed con quien pueda intercambiar ideas en alem\u00e1n sobre las atracciones de Munich.\u00a0<\/p>\n<h2>\u201cSentirse como en casa\u201d, pero en M\u00fanich &#8211; habitaci\u00f3n o apartamento en casas privadas con familias<\/h2>\n<p>\u00bfQui\u00e9n no desea la comodidad de un sal\u00f3n o una comida casera mientras se est\u00e1 viajando? lo mejor es alquilar una habitaci\u00f3n en una familia de acogida (desde 12 \u20ac por persona ) por una sola persona . \u00bfSus amigos y familia est\u00e1n con usted? Tambi\u00e9n se puede alquilar un piso entero o una casa a partir de 40 \u20ac la noche . En varios sitios de Internet se pueden ver fotos de pisos o casas, y tambi\u00e9n elegir el barrio , el tama\u00f1o de la propiedad y el tipo de casa o piso.\u00a0<\/p>\n<h2>Cursos de alem\u00e1n de\u201d primera mano\u201d en M\u00fanich &#8211; con el proyecto CouchSurfing<\/h2>\n<p>Fiel al lema: \u00a0&#8220;Usted tiene amigos en todo el mundo , solo tiene que ir a conocerlos &#8221; as\u00ed funciona &#8221; Proyecto CouchSurfing&#8221; . Como miembro de esta comunidad en l\u00ednea usted es libre para ponerse en contacto con otros miembros y hospedarse en sus casas o ellos pueden hospedarse en la suya.<\/p>\n<p>\u00bf\u00c9sto tiene alg\u00fan inconveniente ? Ninguno . Lo importante de este proyecto es que las personas de diferentes nacionalidades se encuentren, conozcan y compartan experiencias . De esta manera aprender alem\u00e1n en Munich es f\u00e1cil y divertido!<\/p>\n<h3>Le deseamos una buena estancia y que disfrute aprendiendo alem\u00e1n en M\u00fanich!<\/h3>\n<p>\u00bfQuiere aprender alem\u00e1n? Sprachschule aktiv es una de las escuelas m\u00e1s visitadas de M\u00fanich . Con nosotros, podr\u00e1 lograr r\u00e1pidamente el nivel de alem\u00e1n que desea a precios bajos y diversi\u00f3n garantizada. Las fechas de inicio para nuestros cursos de alem\u00e1n en M\u00fanich puede consultarlas llamando al: 00.49.89.20062435 o puede consultarnos a trav\u00e9s de nuestra correo electr\u00f3nico: \u00a0info@sprachschule-aktiv.de<\/p>\n<h3>Otros Blogs y cursos de alem\u00e1n interesantes para ti<\/h3>\n<ul>\n<li><a href=\"https:\/\/www.sprachschule-aktiv-muenchen.de\/es\/cursos-intensivos-de-aleman-en-munich\/\">Cursos de alem\u00e1n a s\u00f3lo 279 \u20ac por todo un mes<\/a><\/li>\n<li><a href=\"\/es\/el-plural-en-aleman\/\">El plural en alem\u00e1n<\/a><\/li>\n<\/ul>\n","protected":false},"excerpt":{"rendered":"<p>Encontrar alojamiento en M\u00fanich para su curso de alem\u00e1n Cursos de alem\u00e1n en Munich \u2013 Consejos para encontrarar su hospedaje perfecto Si viene a Munich podr\u00e1 experimentar en primera persona la hospitalidad muniquesa. Los muniqueses son aut\u00e9nticos y est\u00e1n abiertos a otras culturas, pero sobre todo reciben con agrado a sus \u201cinvitados\u201d. No es casualidad [&hellip;]<\/p>\n","protected":false},"author":2,"featured_media":45567,"comment_status":"open","ping_status":"open","sticky":false,"template":"","format":"standard","meta":{"footnotes":""},"categories":[45],"tags":[],"class_list":["post-22243","post","type-post","status-publish","format-standard","has-post-thumbnail","hentry","category-aprender-aleman-gratis"],"yoast_head":"<!-- This site is optimized with the Yoast SEO plugin v27.1.1 - https:\/\/yoast.com\/product\/yoast-seo-wordpress\/ -->\n<title>Encontrar alojamiento en M\u00fanich para su curso de alem\u00e1n<\/title>\n<meta name=\"description\" content=\"Encontrar alojamiento en M\u00fanich para su curso de alem\u00e1n: Consejos pr\u00e1ctico para encontrar el hospedaje perfecto en Familias o residencia de estudiantes\" \/>\n<meta name=\"robots\" content=\"index, follow, max-snippet:-1, max-image-preview:large, max-video-preview:-1\" \/>\n<link rel=\"canonical\" href=\"https:\/\/www.sprachschule-aktiv-muenchen.de\/es\/encontrar-alojamiento-en-munich-para-su-curso-de-aleman\/\" \/>\n<meta property=\"og:locale\" content=\"es_ES\" \/>\n<meta property=\"og:type\" content=\"article\" \/>\n<meta property=\"og:title\" content=\"Encontrar alojamiento en M\u00fanich para su curso de alem\u00e1n\" \/>\n<meta property=\"og:description\" content=\"Encontrar alojamiento en M\u00fanich para su curso de alem\u00e1n: Consejos pr\u00e1ctico para encontrar el hospedaje perfecto en Familias o residencia de estudiantes\" \/>\n<meta property=\"og:url\" content=\"https:\/\/www.sprachschule-aktiv-muenchen.de\/es\/encontrar-alojamiento-en-munich-para-su-curso-de-aleman\/\" \/>\n<meta property=\"og:site_name\" content=\"Sprachschule Aktiv\" \/>\n<meta property=\"article:published_time\" content=\"2017-08-14T13:23:24+00:00\" \/>\n<meta property=\"article:modified_time\" content=\"2021-12-16T07:24:32+00:00\" \/>\n<meta property=\"og:image\" content=\"https:\/\/www.sprachschule-aktiv-muenchen.de\/wp-content\/uploads\/2017\/08\/alojamiento-munich.jpg\" \/>\n\t<meta property=\"og:image:width\" content=\"723\" \/>\n\t<meta property=\"og:image:height\" content=\"479\" \/>\n\t<meta property=\"og:image:type\" content=\"image\/jpeg\" \/>\n<meta name=\"author\" content=\"Martin Polo\" \/>\n<meta name=\"twitter:card\" content=\"summary_large_image\" \/>\n<meta name=\"twitter:label1\" content=\"Escrito por\" \/>\n\t<meta name=\"twitter:data1\" content=\"Martin Polo\" \/>\n\t<meta name=\"twitter:label2\" content=\"Tiempo de lectura\" \/>\n\t<meta name=\"twitter:data2\" content=\"4 minutos\" \/>\n<script type=\"application\/ld+json\" class=\"yoast-schema-graph\">{\"@context\":\"https:\/\/schema.org\",\"@graph\":[{\"@type\":\"Article\",\"@id\":\"https:\/\/www.sprachschule-aktiv-muenchen.de\/es\/encontrar-alojamiento-en-munich-para-su-curso-de-aleman\/#article\",\"isPartOf\":{\"@id\":\"https:\/\/www.sprachschule-aktiv-muenchen.de\/es\/encontrar-alojamiento-en-munich-para-su-curso-de-aleman\/\"},\"author\":{\"name\":\"Martin Polo\",\"@id\":\"https:\/\/www.sprachschule-aktiv-muenchen.de\/#\/schema\/person\/a74a6322db9745fd586f7e97f1ee5724\"},\"headline\":\"Encontrar alojamiento en M\u00fanich para su curso de alem\u00e1n\",\"datePublished\":\"2017-08-14T13:23:24+00:00\",\"dateModified\":\"2021-12-16T07:24:32+00:00\",\"mainEntityOfPage\":{\"@id\":\"https:\/\/www.sprachschule-aktiv-muenchen.de\/es\/encontrar-alojamiento-en-munich-para-su-curso-de-aleman\/\"},\"wordCount\":754,\"commentCount\":0,\"image\":{\"@id\":\"https:\/\/www.sprachschule-aktiv-muenchen.de\/es\/encontrar-alojamiento-en-munich-para-su-curso-de-aleman\/#primaryimage\"},\"thumbnailUrl\":\"https:\/\/www.sprachschule-aktiv-muenchen.de\/wp-content\/uploads\/2017\/08\/alojamiento-munich.jpg\",\"articleSection\":[\"Aprender alem\u00e1n gratis\"],\"inLanguage\":\"es\"},{\"@type\":\"WebPage\",\"@id\":\"https:\/\/www.sprachschule-aktiv-muenchen.de\/es\/encontrar-alojamiento-en-munich-para-su-curso-de-aleman\/\",\"url\":\"https:\/\/www.sprachschule-aktiv-muenchen.de\/es\/encontrar-alojamiento-en-munich-para-su-curso-de-aleman\/\",\"name\":\"Encontrar alojamiento en M\u00fanich para su curso de alem\u00e1n\",\"isPartOf\":{\"@id\":\"https:\/\/www.sprachschule-aktiv-muenchen.de\/#website\"},\"primaryImageOfPage\":{\"@id\":\"https:\/\/www.sprachschule-aktiv-muenchen.de\/es\/encontrar-alojamiento-en-munich-para-su-curso-de-aleman\/#primaryimage\"},\"image\":{\"@id\":\"https:\/\/www.sprachschule-aktiv-muenchen.de\/es\/encontrar-alojamiento-en-munich-para-su-curso-de-aleman\/#primaryimage\"},\"thumbnailUrl\":\"https:\/\/www.sprachschule-aktiv-muenchen.de\/wp-content\/uploads\/2017\/08\/alojamiento-munich.jpg\",\"datePublished\":\"2017-08-14T13:23:24+00:00\",\"dateModified\":\"2021-12-16T07:24:32+00:00\",\"author\":{\"@id\":\"https:\/\/www.sprachschule-aktiv-muenchen.de\/#\/schema\/person\/a74a6322db9745fd586f7e97f1ee5724\"},\"description\":\"Encontrar alojamiento en M\u00fanich para su curso de alem\u00e1n: Consejos pr\u00e1ctico para encontrar el hospedaje perfecto en Familias o residencia de estudiantes\",\"breadcrumb\":{\"@id\":\"https:\/\/www.sprachschule-aktiv-muenchen.de\/es\/encontrar-alojamiento-en-munich-para-su-curso-de-aleman\/#breadcrumb\"},\"inLanguage\":\"es\",\"potentialAction\":[{\"@type\":\"ReadAction\",\"target\":[\"https:\/\/www.sprachschule-aktiv-muenchen.de\/es\/encontrar-alojamiento-en-munich-para-su-curso-de-aleman\/\"]}]},{\"@type\":\"ImageObject\",\"inLanguage\":\"es\",\"@id\":\"https:\/\/www.sprachschule-aktiv-muenchen.de\/es\/encontrar-alojamiento-en-munich-para-su-curso-de-aleman\/#primaryimage\",\"url\":\"https:\/\/www.sprachschule-aktiv-muenchen.de\/wp-content\/uploads\/2017\/08\/alojamiento-munich.jpg\",\"contentUrl\":\"https:\/\/www.sprachschule-aktiv-muenchen.de\/wp-content\/uploads\/2017\/08\/alojamiento-munich.jpg\",\"width\":\"723\",\"height\":\"479\",\"caption\":\"Encontrar alojamiento en M\u00fanich\"},{\"@type\":\"BreadcrumbList\",\"@id\":\"https:\/\/www.sprachschule-aktiv-muenchen.de\/es\/encontrar-alojamiento-en-munich-para-su-curso-de-aleman\/#breadcrumb\",\"itemListElement\":[{\"@type\":\"ListItem\",\"position\":1,\"name\":\"Portada\",\"item\":\"https:\/\/www.sprachschule-aktiv-muenchen.de\/es\/\"},{\"@type\":\"ListItem\",\"position\":2,\"name\":\"Encontrar alojamiento en M\u00fanich para su curso de alem\u00e1n\"}]},{\"@type\":\"WebSite\",\"@id\":\"https:\/\/www.sprachschule-aktiv-muenchen.de\/#website\",\"url\":\"https:\/\/www.sprachschule-aktiv-muenchen.de\/\",\"name\":\"Sprachschule Aktiv\",\"description\":\"\",\"potentialAction\":[{\"@type\":\"SearchAction\",\"target\":{\"@type\":\"EntryPoint\",\"urlTemplate\":\"https:\/\/www.sprachschule-aktiv-muenchen.de\/?s={search_term_string}\"},\"query-input\":{\"@type\":\"PropertyValueSpecification\",\"valueRequired\":true,\"valueName\":\"search_term_string\"}}],\"inLanguage\":\"es\"},{\"@type\":\"Person\",\"@id\":\"https:\/\/www.sprachschule-aktiv-muenchen.de\/#\/schema\/person\/a74a6322db9745fd586f7e97f1ee5724\",\"name\":\"Martin Polo\",\"image\":{\"@type\":\"ImageObject\",\"inLanguage\":\"es\",\"@id\":\"https:\/\/www.sprachschule-aktiv-muenchen.de\/#\/schema\/person\/image\/\",\"url\":\"https:\/\/secure.gravatar.com\/avatar\/2cbe6176b6be8b122284c50d9e7a11af9502529eae284fd73534defd313e4152?s=96&d=mm&r=g\",\"contentUrl\":\"https:\/\/secure.gravatar.com\/avatar\/2cbe6176b6be8b122284c50d9e7a11af9502529eae284fd73534defd313e4152?s=96&d=mm&r=g\",\"caption\":\"Martin Polo\"}}]}<\/script>\n<!-- \/ Yoast SEO plugin. -->","yoast_head_json":{"title":"Encontrar alojamiento en M\u00fanich para su curso de alem\u00e1n","description":"Encontrar alojamiento en M\u00fanich para su curso de alem\u00e1n: Consejos pr\u00e1ctico para encontrar el hospedaje perfecto en Familias o residencia de estudiantes","robots":{"index":"index","follow":"follow","max-snippet":"max-snippet:-1","max-image-preview":"max-image-preview:large","max-video-preview":"max-video-preview:-1"},"canonical":"https:\/\/www.sprachschule-aktiv-muenchen.de\/es\/encontrar-alojamiento-en-munich-para-su-curso-de-aleman\/","og_locale":"es_ES","og_type":"article","og_title":"Encontrar alojamiento en M\u00fanich para su curso de alem\u00e1n","og_description":"Encontrar alojamiento en M\u00fanich para su curso de alem\u00e1n: Consejos pr\u00e1ctico para encontrar el hospedaje perfecto en Familias o residencia de estudiantes","og_url":"https:\/\/www.sprachschule-aktiv-muenchen.de\/es\/encontrar-alojamiento-en-munich-para-su-curso-de-aleman\/","og_site_name":"Sprachschule Aktiv","article_published_time":"2017-08-14T13:23:24+00:00","article_modified_time":"2021-12-16T07:24:32+00:00","og_image":[{"width":723,"height":479,"url":"https:\/\/www.sprachschule-aktiv-muenchen.de\/wp-content\/uploads\/2017\/08\/alojamiento-munich.jpg","type":"image\/jpeg"}],"author":"Martin Polo","twitter_card":"summary_large_image","twitter_misc":{"Escrito por":"Martin Polo","Tiempo de lectura":"4 minutos"},"schema":{"@context":"https:\/\/schema.org","@graph":[{"@type":"Article","@id":"https:\/\/www.sprachschule-aktiv-muenchen.de\/es\/encontrar-alojamiento-en-munich-para-su-curso-de-aleman\/#article","isPartOf":{"@id":"https:\/\/www.sprachschule-aktiv-muenchen.de\/es\/encontrar-alojamiento-en-munich-para-su-curso-de-aleman\/"},"author":{"name":"Martin Polo","@id":"https:\/\/www.sprachschule-aktiv-muenchen.de\/#\/schema\/person\/a74a6322db9745fd586f7e97f1ee5724"},"headline":"Encontrar alojamiento en M\u00fanich para su curso de alem\u00e1n","datePublished":"2017-08-14T13:23:24+00:00","dateModified":"2021-12-16T07:24:32+00:00","mainEntityOfPage":{"@id":"https:\/\/www.sprachschule-aktiv-muenchen.de\/es\/encontrar-alojamiento-en-munich-para-su-curso-de-aleman\/"},"wordCount":754,"commentCount":0,"image":{"@id":"https:\/\/www.sprachschule-aktiv-muenchen.de\/es\/encontrar-alojamiento-en-munich-para-su-curso-de-aleman\/#primaryimage"},"thumbnailUrl":"https:\/\/www.sprachschule-aktiv-muenchen.de\/wp-content\/uploads\/2017\/08\/alojamiento-munich.jpg","articleSection":["Aprender alem\u00e1n gratis"],"inLanguage":"es"},{"@type":"WebPage","@id":"https:\/\/www.sprachschule-aktiv-muenchen.de\/es\/encontrar-alojamiento-en-munich-para-su-curso-de-aleman\/","url":"https:\/\/www.sprachschule-aktiv-muenchen.de\/es\/encontrar-alojamiento-en-munich-para-su-curso-de-aleman\/","name":"Encontrar alojamiento en M\u00fanich para su curso de alem\u00e1n","isPartOf":{"@id":"https:\/\/www.sprachschule-aktiv-muenchen.de\/#website"},"primaryImageOfPage":{"@id":"https:\/\/www.sprachschule-aktiv-muenchen.de\/es\/encontrar-alojamiento-en-munich-para-su-curso-de-aleman\/#primaryimage"},"image":{"@id":"https:\/\/www.sprachschule-aktiv-muenchen.de\/es\/encontrar-alojamiento-en-munich-para-su-curso-de-aleman\/#primaryimage"},"thumbnailUrl":"https:\/\/www.sprachschule-aktiv-muenchen.de\/wp-content\/uploads\/2017\/08\/alojamiento-munich.jpg","datePublished":"2017-08-14T13:23:24+00:00","dateModified":"2021-12-16T07:24:32+00:00","author":{"@id":"https:\/\/www.sprachschule-aktiv-muenchen.de\/#\/schema\/person\/a74a6322db9745fd586f7e97f1ee5724"},"description":"Encontrar alojamiento en M\u00fanich para su curso de alem\u00e1n: Consejos pr\u00e1ctico para encontrar el hospedaje perfecto en Familias o residencia de estudiantes","breadcrumb":{"@id":"https:\/\/www.sprachschule-aktiv-muenchen.de\/es\/encontrar-alojamiento-en-munich-para-su-curso-de-aleman\/#breadcrumb"},"inLanguage":"es","potentialAction":[{"@type":"ReadAction","target":["https:\/\/www.sprachschule-aktiv-muenchen.de\/es\/encontrar-alojamiento-en-munich-para-su-curso-de-aleman\/"]}]},{"@type":"ImageObject","inLanguage":"es","@id":"https:\/\/www.sprachschule-aktiv-muenchen.de\/es\/encontrar-alojamiento-en-munich-para-su-curso-de-aleman\/#primaryimage","url":"https:\/\/www.sprachschule-aktiv-muenchen.de\/wp-content\/uploads\/2017\/08\/alojamiento-munich.jpg","contentUrl":"https:\/\/www.sprachschule-aktiv-muenchen.de\/wp-content\/uploads\/2017\/08\/alojamiento-munich.jpg","width":"723","height":"479","caption":"Encontrar alojamiento en M\u00fanich"},{"@type":"BreadcrumbList","@id":"https:\/\/www.sprachschule-aktiv-muenchen.de\/es\/encontrar-alojamiento-en-munich-para-su-curso-de-aleman\/#breadcrumb","itemListElement":[{"@type":"ListItem","position":1,"name":"Portada","item":"https:\/\/www.sprachschule-aktiv-muenchen.de\/es\/"},{"@type":"ListItem","position":2,"name":"Encontrar alojamiento en M\u00fanich para su curso de alem\u00e1n"}]},{"@type":"WebSite","@id":"https:\/\/www.sprachschule-aktiv-muenchen.de\/#website","url":"https:\/\/www.sprachschule-aktiv-muenchen.de\/","name":"Sprachschule Aktiv","description":"","potentialAction":[{"@type":"SearchAction","target":{"@type":"EntryPoint","urlTemplate":"https:\/\/www.sprachschule-aktiv-muenchen.de\/?s={search_term_string}"},"query-input":{"@type":"PropertyValueSpecification","valueRequired":true,"valueName":"search_term_string"}}],"inLanguage":"es"},{"@type":"Person","@id":"https:\/\/www.sprachschule-aktiv-muenchen.de\/#\/schema\/person\/a74a6322db9745fd586f7e97f1ee5724","name":"Martin Polo","image":{"@type":"ImageObject","inLanguage":"es","@id":"https:\/\/www.sprachschule-aktiv-muenchen.de\/#\/schema\/person\/image\/","url":"https:\/\/secure.gravatar.com\/avatar\/2cbe6176b6be8b122284c50d9e7a11af9502529eae284fd73534defd313e4152?s=96&d=mm&r=g","contentUrl":"https:\/\/secure.gravatar.com\/avatar\/2cbe6176b6be8b122284c50d9e7a11af9502529eae284fd73534defd313e4152?s=96&d=mm&r=g","caption":"Martin Polo"}}]}},"_links":{"self":[{"href":"https:\/\/www.sprachschule-aktiv-muenchen.de\/es\/wp-json\/wp\/v2\/posts\/22243","targetHints":{"allow":["GET"]}}],"collection":[{"href":"https:\/\/www.sprachschule-aktiv-muenchen.de\/es\/wp-json\/wp\/v2\/posts"}],"about":[{"href":"https:\/\/www.sprachschule-aktiv-muenchen.de\/es\/wp-json\/wp\/v2\/types\/post"}],"author":[{"embeddable":true,"href":"https:\/\/www.sprachschule-aktiv-muenchen.de\/es\/wp-json\/wp\/v2\/users\/2"}],"replies":[{"embeddable":true,"href":"https:\/\/www.sprachschule-aktiv-muenchen.de\/es\/wp-json\/wp\/v2\/comments?post=22243"}],"version-history":[{"count":4,"href":"https:\/\/www.sprachschule-aktiv-muenchen.de\/es\/wp-json\/wp\/v2\/posts\/22243\/revisions"}],"predecessor-version":[{"id":70475,"href":"https:\/\/www.sprachschule-aktiv-muenchen.de\/es\/wp-json\/wp\/v2\/posts\/22243\/revisions\/70475"}],"wp:featuredmedia":[{"embeddable":true,"href":"https:\/\/www.sprachschule-aktiv-muenchen.de\/es\/wp-json\/wp\/v2\/media\/45567"}],"wp:attachment":[{"href":"https:\/\/www.sprachschule-aktiv-muenchen.de\/es\/wp-json\/wp\/v2\/media?parent=22243"}],"wp:term":[{"taxonomy":"category","embeddable":true,"href":"https:\/\/www.sprachschule-aktiv-muenchen.de\/es\/wp-json\/wp\/v2\/categories?post=22243"},{"taxonomy":"post_tag","embeddable":true,"href":"https:\/\/www.sprachschule-aktiv-muenchen.de\/es\/wp-json\/wp\/v2\/tags?post=22243"}],"curies":[{"name":"wp","href":"https:\/\/api.w.org\/{rel}","templated":true}]}}