{"id":22223,"date":"2017-08-14T14:42:48","date_gmt":"2017-08-14T12:42:48","guid":{"rendered":"https:\/\/www.sprachschule-aktiv-muenchen.de\/?p=22223\/"},"modified":"2019-11-27T10:32:50","modified_gmt":"2019-11-27T09:32:50","slug":"lagos-en-baviera","status":"publish","type":"post","link":"https:\/\/www.sprachschule-aktiv-muenchen.de\/es\/lagos-en-baviera\/","title":{"rendered":"Los lagos m\u00e1s tur\u00edsticos para visitar en Baviera, Alemania"},"content":{"rendered":"<h1>Los lagos m\u00e1s tur\u00edsticos para visitar en Baviera, Alemania<\/h1>\n<p>Aqu\u00ed algunos lagos que te recomendamos a visitar en Alemania.\u00a0Los lagos m\u00e1s tur\u00edsticos para visitar en Baviera, Alemania como el K\u00f6nigssee y el Tegernsee.<\/p>\n<h2 style=\"text-align: justify;\">El lago de K\u00f6nigssee<\/h2>\n<p style=\"text-align: justify;\">El primer lago del que os vamos a hablar hoy es el Lago del Rey, en alem\u00e1n \u201cK\u00f6nigssee\u201d, se encuentra en el extremo sur de Alemania, cerca de Austria. Se puede acceder en coche, o en autob\u00fas. Tambi\u00e9n se puede llegar en tren hasta Salzburgo y tomar un autob\u00fas desde all\u00ed que os deja en el lago.<\/p>\n<p style=\"text-align: justify;\">\u00a0Sus aguas son cristalinas y el paisaje es impresionante. El lago tiene 8 kil\u00f3metros de largo, hasta 1250 metros de ancho y casi 200 metros de profundidad. Su agua tiene una calidad potable excelente.<\/p>\n<p style=\"text-align: justify;\">Est\u00e1 rodeado de monta\u00f1as, Los Alpes y se encuentra en un parque natural. Desde el embarcadero se pueden realizar excursiones en barco a varios puntos del lago. Se puede visitar la iglesia de St. Bartholom\u00e4 (Iglesia de San Bartolom\u00e9) y el lago Obersee. El precio del barco es algo elevado, pero os aseguramos que merecer\u00e1 la pena, casi unos 14 euros ida y vuelta.<\/p>\n<p>Si decid\u00eds tomar el barco, es interesante saber que existe la posibilidad de adquirir un billete combinado para usar el Jennerbahn, un funicular que os lleva a lo m\u00e1s alto del Monte Jenner (1800m) para tener unas inmejorables vistas en el coraz\u00f3n del Parque Nacional de Berchtesgaden.<\/p>\n<p>Todo lo que os hemos contado es suficiente para hacerte la idea de c\u00f3mo es el lago, y el entorno, pero como una imagen vale m\u00e1s que mil palabras, en el siguiente video se puede ver el encanto de este lugar, as\u00ed como el paisaje.<\/p>\n<a href=\"https:\/\/www.sprachschule-aktiv-muenchen.de\/deutsch-lernen\"><img decoding=\"async\" title=\"visita los lagos en Alemania y aprende alem\u00e1n\" src=\"https:\/\/www.sprachschule-aktiv-muenchen.de\/uploads\/image\/6d2665c62313426eaac1b68099b9cf25\/sprachschule-aktiv-muenchen-foto-19.jpg\" alt=\"visita los lagos en Alemania y aprende alem\u00e1n\" \/><\/a>\n<h2><span style=\"line-height: 1.6em;\">Video ilustrativo de lagos en Alemania<\/span><\/h2>\n<p><iframe src=\"https:\/\/www.youtube.com\/embed\/RuWNRHyuzH0\" width=\"560\" height=\"315\" frameborder=\"0\" allowfullscreen=\"allowfullscreen\"><\/iframe><\/p>\n<h2>El Lago Tegernsee<\/h2>\n<p><span style=\"line-height: 1.6em;\">El segundo lago es el Tegernsee se encuentra en Baviera, a unos 55 km al <\/span><strong style=\"line-height: 1.6em;\">sur de M\u00fanich <span style=\"line-height: 1.6em;\">. Para llegar en transporte p\u00fablico hay que coger 2 trenes y un autob\u00fas porque no hay un tren directo y se tarda como una hora y media aproximadamente. El primer trayecto es para ir hasta la localidad de Holzkirchen. Una vez ah\u00ed, detr\u00e1s de la terminal de tren sale un bus en direcci\u00f3n a Schaftlach.All\u00ed se coge otro tren que os lleva directamente al Tegernsee.<\/span><\/p>\n<p>El pueblo es peque\u00f1o y no est\u00e1 masificado de turistas como otros sitios, por lo que es m\u00e1s agradable de visitar si te gusta la tranquilidad. Es un buen lugar para hacer senderismo por las monta\u00f1as de alrededor. Si ten\u00e9is tiempo pod\u00e9is ir en telef\u00e9rico hasta el monte Wallberg desde Rottach Egern.<\/p>\n<p>Tambi\u00e9n est\u00e1 la opci\u00f3n de alquilar una barca el\u00e9ctrica para dar un paseo por el lago cuyo coste es de 10\u20ac con una duraci\u00f3n de treinta minutos, en la que pueden ir hasta 4 personas. Tambi\u00e9n se pueden alquilar barquitas de remo por 5\u20ac media hora o a pedales por 8\u20ac media hora, tambi\u00e9n pueden ir hasta 4 personas.<\/p>\n","protected":false},"excerpt":{"rendered":"<p>Los lagos m\u00e1s tur\u00edsticos para visitar en Baviera, Alemania Aqu\u00ed algunos lagos que te recomendamos a visitar en Alemania.\u00a0Los lagos m\u00e1s tur\u00edsticos para visitar en Baviera, Alemania como el K\u00f6nigssee y el Tegernsee. El lago de K\u00f6nigssee El primer lago del que os vamos a hablar hoy es el Lago del Rey, en alem\u00e1n \u201cK\u00f6nigssee\u201d, [&hellip;]<\/p>\n","protected":false},"author":2,"featured_media":33909,"comment_status":"open","ping_status":"open","sticky":false,"template":"","format":"standard","meta":{"footnotes":""},"categories":[45],"tags":[],"class_list":["post-22223","post","type-post","status-publish","format-standard","has-post-thumbnail","hentry","category-aprender-aleman-gratis"],"yoast_head":"<!-- This site is optimized with the Yoast SEO plugin v27.1.1 - https:\/\/yoast.com\/product\/yoast-seo-wordpress\/ -->\n<title>Los lagos m\u00e1s tur\u00edsticos para visitar en Baviera, Alemania<\/title>\n<meta name=\"description\" content=\"Los lagos m\u00e1s tur\u00edsticos para visitar en Baviera, Alemania. Aqu\u00ed te recomendamos visitar los lagos K\u00f6nigssee y el lago de Tegernsee.\" \/>\n<meta name=\"robots\" content=\"index, follow, max-snippet:-1, max-image-preview:large, max-video-preview:-1\" \/>\n<link rel=\"canonical\" href=\"https:\/\/www.sprachschule-aktiv-muenchen.de\/es\/lagos-en-baviera\/\" \/>\n<meta property=\"og:locale\" content=\"es_ES\" \/>\n<meta property=\"og:type\" content=\"article\" \/>\n<meta property=\"og:title\" content=\"Los lagos m\u00e1s tur\u00edsticos para visitar en Baviera, Alemania\" \/>\n<meta property=\"og:description\" content=\"Los lagos m\u00e1s tur\u00edsticos para visitar en Baviera, Alemania. Aqu\u00ed te recomendamos visitar los lagos K\u00f6nigssee y el lago de Tegernsee.\" \/>\n<meta property=\"og:url\" content=\"https:\/\/www.sprachschule-aktiv-muenchen.de\/es\/lagos-en-baviera\/\" \/>\n<meta property=\"og:site_name\" content=\"Sprachschule Aktiv\" \/>\n<meta property=\"article:published_time\" content=\"2017-08-14T12:42:48+00:00\" \/>\n<meta property=\"article:modified_time\" content=\"2019-11-27T09:32:50+00:00\" \/>\n<meta property=\"og:image\" content=\"https:\/\/www.sprachschule-aktiv-muenchen.de\/wp-content\/uploads\/2017\/08\/los-lagos-mas-turisticos-para-visitar-en-baviera-alemania.jpg\" \/>\n\t<meta property=\"og:image:width\" content=\"600\" \/>\n\t<meta property=\"og:image:height\" content=\"352\" \/>\n\t<meta property=\"og:image:type\" content=\"image\/jpeg\" \/>\n<meta name=\"author\" content=\"Martin Polo\" \/>\n<meta name=\"twitter:card\" content=\"summary_large_image\" \/>\n<meta name=\"twitter:label1\" content=\"Escrito por\" \/>\n\t<meta name=\"twitter:data1\" content=\"Martin Polo\" \/>\n\t<meta name=\"twitter:label2\" content=\"Tiempo de lectura\" \/>\n\t<meta name=\"twitter:data2\" content=\"3 minutos\" \/>\n<script type=\"application\/ld+json\" class=\"yoast-schema-graph\">{\"@context\":\"https:\/\/schema.org\",\"@graph\":[{\"@type\":\"Article\",\"@id\":\"https:\/\/www.sprachschule-aktiv-muenchen.de\/es\/lagos-en-baviera\/#article\",\"isPartOf\":{\"@id\":\"https:\/\/www.sprachschule-aktiv-muenchen.de\/es\/lagos-en-baviera\/\"},\"author\":{\"name\":\"Martin Polo\",\"@id\":\"https:\/\/www.sprachschule-aktiv-muenchen.de\/#\/schema\/person\/a74a6322db9745fd586f7e97f1ee5724\"},\"headline\":\"Los lagos m\u00e1s tur\u00edsticos para visitar en Baviera, Alemania\",\"datePublished\":\"2017-08-14T12:42:48+00:00\",\"dateModified\":\"2019-11-27T09:32:50+00:00\",\"mainEntityOfPage\":{\"@id\":\"https:\/\/www.sprachschule-aktiv-muenchen.de\/es\/lagos-en-baviera\/\"},\"wordCount\":524,\"commentCount\":0,\"image\":{\"@id\":\"https:\/\/www.sprachschule-aktiv-muenchen.de\/es\/lagos-en-baviera\/#primaryimage\"},\"thumbnailUrl\":\"https:\/\/www.sprachschule-aktiv-muenchen.de\/wp-content\/uploads\/2017\/08\/los-lagos-mas-turisticos-para-visitar-en-baviera-alemania.jpg\",\"articleSection\":[\"Aprender alem\u00e1n gratis\"],\"inLanguage\":\"es\"},{\"@type\":\"WebPage\",\"@id\":\"https:\/\/www.sprachschule-aktiv-muenchen.de\/es\/lagos-en-baviera\/\",\"url\":\"https:\/\/www.sprachschule-aktiv-muenchen.de\/es\/lagos-en-baviera\/\",\"name\":\"Los lagos m\u00e1s tur\u00edsticos para visitar en Baviera, Alemania\",\"isPartOf\":{\"@id\":\"https:\/\/www.sprachschule-aktiv-muenchen.de\/#website\"},\"primaryImageOfPage\":{\"@id\":\"https:\/\/www.sprachschule-aktiv-muenchen.de\/es\/lagos-en-baviera\/#primaryimage\"},\"image\":{\"@id\":\"https:\/\/www.sprachschule-aktiv-muenchen.de\/es\/lagos-en-baviera\/#primaryimage\"},\"thumbnailUrl\":\"https:\/\/www.sprachschule-aktiv-muenchen.de\/wp-content\/uploads\/2017\/08\/los-lagos-mas-turisticos-para-visitar-en-baviera-alemania.jpg\",\"datePublished\":\"2017-08-14T12:42:48+00:00\",\"dateModified\":\"2019-11-27T09:32:50+00:00\",\"author\":{\"@id\":\"https:\/\/www.sprachschule-aktiv-muenchen.de\/#\/schema\/person\/a74a6322db9745fd586f7e97f1ee5724\"},\"description\":\"Los lagos m\u00e1s tur\u00edsticos para visitar en Baviera, Alemania. Aqu\u00ed te recomendamos visitar los lagos K\u00f6nigssee y el lago de Tegernsee.\",\"breadcrumb\":{\"@id\":\"https:\/\/www.sprachschule-aktiv-muenchen.de\/es\/lagos-en-baviera\/#breadcrumb\"},\"inLanguage\":\"es\",\"potentialAction\":[{\"@type\":\"ReadAction\",\"target\":[\"https:\/\/www.sprachschule-aktiv-muenchen.de\/es\/lagos-en-baviera\/\"]}]},{\"@type\":\"ImageObject\",\"inLanguage\":\"es\",\"@id\":\"https:\/\/www.sprachschule-aktiv-muenchen.de\/es\/lagos-en-baviera\/#primaryimage\",\"url\":\"https:\/\/www.sprachschule-aktiv-muenchen.de\/wp-content\/uploads\/2017\/08\/los-lagos-mas-turisticos-para-visitar-en-baviera-alemania.jpg\",\"contentUrl\":\"https:\/\/www.sprachschule-aktiv-muenchen.de\/wp-content\/uploads\/2017\/08\/los-lagos-mas-turisticos-para-visitar-en-baviera-alemania.jpg\",\"width\":600,\"height\":352,\"caption\":\"Los lagos m\u00e1s tur\u00edsticos para visitar en Baviera, Alemania\"},{\"@type\":\"BreadcrumbList\",\"@id\":\"https:\/\/www.sprachschule-aktiv-muenchen.de\/es\/lagos-en-baviera\/#breadcrumb\",\"itemListElement\":[{\"@type\":\"ListItem\",\"position\":1,\"name\":\"Portada\",\"item\":\"https:\/\/www.sprachschule-aktiv-muenchen.de\/es\/\"},{\"@type\":\"ListItem\",\"position\":2,\"name\":\"Los lagos m\u00e1s tur\u00edsticos para visitar en Baviera, Alemania\"}]},{\"@type\":\"WebSite\",\"@id\":\"https:\/\/www.sprachschule-aktiv-muenchen.de\/#website\",\"url\":\"https:\/\/www.sprachschule-aktiv-muenchen.de\/\",\"name\":\"Sprachschule Aktiv\",\"description\":\"\",\"potentialAction\":[{\"@type\":\"SearchAction\",\"target\":{\"@type\":\"EntryPoint\",\"urlTemplate\":\"https:\/\/www.sprachschule-aktiv-muenchen.de\/?s={search_term_string}\"},\"query-input\":{\"@type\":\"PropertyValueSpecification\",\"valueRequired\":true,\"valueName\":\"search_term_string\"}}],\"inLanguage\":\"es\"},{\"@type\":\"Person\",\"@id\":\"https:\/\/www.sprachschule-aktiv-muenchen.de\/#\/schema\/person\/a74a6322db9745fd586f7e97f1ee5724\",\"name\":\"Martin Polo\",\"image\":{\"@type\":\"ImageObject\",\"inLanguage\":\"es\",\"@id\":\"https:\/\/www.sprachschule-aktiv-muenchen.de\/#\/schema\/person\/image\/\",\"url\":\"https:\/\/secure.gravatar.com\/avatar\/2cbe6176b6be8b122284c50d9e7a11af9502529eae284fd73534defd313e4152?s=96&d=mm&r=g\",\"contentUrl\":\"https:\/\/secure.gravatar.com\/avatar\/2cbe6176b6be8b122284c50d9e7a11af9502529eae284fd73534defd313e4152?s=96&d=mm&r=g\",\"caption\":\"Martin Polo\"}}]}<\/script>\n<!-- \/ Yoast SEO plugin. -->","yoast_head_json":{"title":"Los lagos m\u00e1s tur\u00edsticos para visitar en Baviera, Alemania","description":"Los lagos m\u00e1s tur\u00edsticos para visitar en Baviera, Alemania. Aqu\u00ed te recomendamos visitar los lagos K\u00f6nigssee y el lago de Tegernsee.","robots":{"index":"index","follow":"follow","max-snippet":"max-snippet:-1","max-image-preview":"max-image-preview:large","max-video-preview":"max-video-preview:-1"},"canonical":"https:\/\/www.sprachschule-aktiv-muenchen.de\/es\/lagos-en-baviera\/","og_locale":"es_ES","og_type":"article","og_title":"Los lagos m\u00e1s tur\u00edsticos para visitar en Baviera, Alemania","og_description":"Los lagos m\u00e1s tur\u00edsticos para visitar en Baviera, Alemania. Aqu\u00ed te recomendamos visitar los lagos K\u00f6nigssee y el lago de Tegernsee.","og_url":"https:\/\/www.sprachschule-aktiv-muenchen.de\/es\/lagos-en-baviera\/","og_site_name":"Sprachschule Aktiv","article_published_time":"2017-08-14T12:42:48+00:00","article_modified_time":"2019-11-27T09:32:50+00:00","og_image":[{"width":600,"height":352,"url":"https:\/\/www.sprachschule-aktiv-muenchen.de\/wp-content\/uploads\/2017\/08\/los-lagos-mas-turisticos-para-visitar-en-baviera-alemania.jpg","type":"image\/jpeg"}],"author":"Martin Polo","twitter_card":"summary_large_image","twitter_misc":{"Escrito por":"Martin Polo","Tiempo de lectura":"3 minutos"},"schema":{"@context":"https:\/\/schema.org","@graph":[{"@type":"Article","@id":"https:\/\/www.sprachschule-aktiv-muenchen.de\/es\/lagos-en-baviera\/#article","isPartOf":{"@id":"https:\/\/www.sprachschule-aktiv-muenchen.de\/es\/lagos-en-baviera\/"},"author":{"name":"Martin Polo","@id":"https:\/\/www.sprachschule-aktiv-muenchen.de\/#\/schema\/person\/a74a6322db9745fd586f7e97f1ee5724"},"headline":"Los lagos m\u00e1s tur\u00edsticos para visitar en Baviera, Alemania","datePublished":"2017-08-14T12:42:48+00:00","dateModified":"2019-11-27T09:32:50+00:00","mainEntityOfPage":{"@id":"https:\/\/www.sprachschule-aktiv-muenchen.de\/es\/lagos-en-baviera\/"},"wordCount":524,"commentCount":0,"image":{"@id":"https:\/\/www.sprachschule-aktiv-muenchen.de\/es\/lagos-en-baviera\/#primaryimage"},"thumbnailUrl":"https:\/\/www.sprachschule-aktiv-muenchen.de\/wp-content\/uploads\/2017\/08\/los-lagos-mas-turisticos-para-visitar-en-baviera-alemania.jpg","articleSection":["Aprender alem\u00e1n gratis"],"inLanguage":"es"},{"@type":"WebPage","@id":"https:\/\/www.sprachschule-aktiv-muenchen.de\/es\/lagos-en-baviera\/","url":"https:\/\/www.sprachschule-aktiv-muenchen.de\/es\/lagos-en-baviera\/","name":"Los lagos m\u00e1s tur\u00edsticos para visitar en Baviera, Alemania","isPartOf":{"@id":"https:\/\/www.sprachschule-aktiv-muenchen.de\/#website"},"primaryImageOfPage":{"@id":"https:\/\/www.sprachschule-aktiv-muenchen.de\/es\/lagos-en-baviera\/#primaryimage"},"image":{"@id":"https:\/\/www.sprachschule-aktiv-muenchen.de\/es\/lagos-en-baviera\/#primaryimage"},"thumbnailUrl":"https:\/\/www.sprachschule-aktiv-muenchen.de\/wp-content\/uploads\/2017\/08\/los-lagos-mas-turisticos-para-visitar-en-baviera-alemania.jpg","datePublished":"2017-08-14T12:42:48+00:00","dateModified":"2019-11-27T09:32:50+00:00","author":{"@id":"https:\/\/www.sprachschule-aktiv-muenchen.de\/#\/schema\/person\/a74a6322db9745fd586f7e97f1ee5724"},"description":"Los lagos m\u00e1s tur\u00edsticos para visitar en Baviera, Alemania. Aqu\u00ed te recomendamos visitar los lagos K\u00f6nigssee y el lago de Tegernsee.","breadcrumb":{"@id":"https:\/\/www.sprachschule-aktiv-muenchen.de\/es\/lagos-en-baviera\/#breadcrumb"},"inLanguage":"es","potentialAction":[{"@type":"ReadAction","target":["https:\/\/www.sprachschule-aktiv-muenchen.de\/es\/lagos-en-baviera\/"]}]},{"@type":"ImageObject","inLanguage":"es","@id":"https:\/\/www.sprachschule-aktiv-muenchen.de\/es\/lagos-en-baviera\/#primaryimage","url":"https:\/\/www.sprachschule-aktiv-muenchen.de\/wp-content\/uploads\/2017\/08\/los-lagos-mas-turisticos-para-visitar-en-baviera-alemania.jpg","contentUrl":"https:\/\/www.sprachschule-aktiv-muenchen.de\/wp-content\/uploads\/2017\/08\/los-lagos-mas-turisticos-para-visitar-en-baviera-alemania.jpg","width":600,"height":352,"caption":"Los lagos m\u00e1s tur\u00edsticos para visitar en Baviera, Alemania"},{"@type":"BreadcrumbList","@id":"https:\/\/www.sprachschule-aktiv-muenchen.de\/es\/lagos-en-baviera\/#breadcrumb","itemListElement":[{"@type":"ListItem","position":1,"name":"Portada","item":"https:\/\/www.sprachschule-aktiv-muenchen.de\/es\/"},{"@type":"ListItem","position":2,"name":"Los lagos m\u00e1s tur\u00edsticos para visitar en Baviera, Alemania"}]},{"@type":"WebSite","@id":"https:\/\/www.sprachschule-aktiv-muenchen.de\/#website","url":"https:\/\/www.sprachschule-aktiv-muenchen.de\/","name":"Sprachschule Aktiv","description":"","potentialAction":[{"@type":"SearchAction","target":{"@type":"EntryPoint","urlTemplate":"https:\/\/www.sprachschule-aktiv-muenchen.de\/?s={search_term_string}"},"query-input":{"@type":"PropertyValueSpecification","valueRequired":true,"valueName":"search_term_string"}}],"inLanguage":"es"},{"@type":"Person","@id":"https:\/\/www.sprachschule-aktiv-muenchen.de\/#\/schema\/person\/a74a6322db9745fd586f7e97f1ee5724","name":"Martin Polo","image":{"@type":"ImageObject","inLanguage":"es","@id":"https:\/\/www.sprachschule-aktiv-muenchen.de\/#\/schema\/person\/image\/","url":"https:\/\/secure.gravatar.com\/avatar\/2cbe6176b6be8b122284c50d9e7a11af9502529eae284fd73534defd313e4152?s=96&d=mm&r=g","contentUrl":"https:\/\/secure.gravatar.com\/avatar\/2cbe6176b6be8b122284c50d9e7a11af9502529eae284fd73534defd313e4152?s=96&d=mm&r=g","caption":"Martin Polo"}}]}},"_links":{"self":[{"href":"https:\/\/www.sprachschule-aktiv-muenchen.de\/es\/wp-json\/wp\/v2\/posts\/22223","targetHints":{"allow":["GET"]}}],"collection":[{"href":"https:\/\/www.sprachschule-aktiv-muenchen.de\/es\/wp-json\/wp\/v2\/posts"}],"about":[{"href":"https:\/\/www.sprachschule-aktiv-muenchen.de\/es\/wp-json\/wp\/v2\/types\/post"}],"author":[{"embeddable":true,"href":"https:\/\/www.sprachschule-aktiv-muenchen.de\/es\/wp-json\/wp\/v2\/users\/2"}],"replies":[{"embeddable":true,"href":"https:\/\/www.sprachschule-aktiv-muenchen.de\/es\/wp-json\/wp\/v2\/comments?post=22223"}],"version-history":[{"count":2,"href":"https:\/\/www.sprachschule-aktiv-muenchen.de\/es\/wp-json\/wp\/v2\/posts\/22223\/revisions"}],"predecessor-version":[{"id":53142,"href":"https:\/\/www.sprachschule-aktiv-muenchen.de\/es\/wp-json\/wp\/v2\/posts\/22223\/revisions\/53142"}],"wp:featuredmedia":[{"embeddable":true,"href":"https:\/\/www.sprachschule-aktiv-muenchen.de\/es\/wp-json\/wp\/v2\/media\/33909"}],"wp:attachment":[{"href":"https:\/\/www.sprachschule-aktiv-muenchen.de\/es\/wp-json\/wp\/v2\/media?parent=22223"}],"wp:term":[{"taxonomy":"category","embeddable":true,"href":"https:\/\/www.sprachschule-aktiv-muenchen.de\/es\/wp-json\/wp\/v2\/categories?post=22223"},{"taxonomy":"post_tag","embeddable":true,"href":"https:\/\/www.sprachschule-aktiv-muenchen.de\/es\/wp-json\/wp\/v2\/tags?post=22223"}],"curies":[{"name":"wp","href":"https:\/\/api.w.org\/{rel}","templated":true}]}}