{"id":22221,"date":"2017-08-14T14:33:12","date_gmt":"2017-08-14T12:33:12","guid":{"rendered":"https:\/\/www.sprachschule-aktiv-muenchen.de\/?p=22221\/"},"modified":"2018-09-09T05:15:03","modified_gmt":"2018-09-09T03:15:03","slug":"como-encontrar-un-alojamiento-en-munich","status":"publish","type":"post","link":"https:\/\/www.sprachschule-aktiv-muenchen.de\/es\/como-encontrar-un-alojamiento-en-munich\/","title":{"rendered":"C\u00f3mo encontrar un alojamiento en M\u00fanich?"},"content":{"rendered":"<h1 align=\"center\"><strong>C\u00f3mo encontrar un alojamiento en M\u00fanich?<\/strong><\/h1>\n<p>No siempre es f\u00e1cil encontrar un piso compartido adecuado. Actualmente en M\u00fanich, encontrar un piso compartido es una de las tareas m\u00e1s dif\u00edciles. El problema es conocido, la explotaci\u00f3n de los precios de los alquileres y una larga lista de candidatos son la regla. A pesar de que ahora existen un buen mont\u00f3n de portales en l\u00ednea para el \u00e1rea metropolitana de M\u00fanich, los buscadores de pisos compartidos (WG) tienen grandes problemas para encontrar algo.<\/p>\n<p>Qui\u00e9n por estudios quisiera vivir en M\u00fanich en un piso compartido, tiene que tener en cuenta que el alquiler medio estimado por una habitaci\u00f3n de 20 m2 es de 521\u20ac.<\/p>\n<h2>1. La situaci\u00f3n en M\u00fanich: Hospedaje &#8211; Alojamiento<\/h2>\n<p>En toda Alemania, cada vez m\u00e1s personas comienzan a estudiar. Seg\u00fan las estad\u00edsticas del semestre de invierno del 2013\/14, 67.500 nuevos alumnos comenzaron estudios superiores en Baviera. En toda Alemania ha habido un aumento del 5,5%. Por encima de todo, la ciudad de M\u00fanich es inquietantemente popular. La Universidad T\u00e9cnica de M\u00fanich dio la bienvenida este a\u00f1o a 6000 nuevos estudiantes, un 11% m\u00e1s que el a\u00f1o pasado. En la universidad Ludwig-Maximilians, un panorama similar se est\u00e1 cerniendo.<\/p>\n<p>El gran problema: La universidad de M\u00fanich se est\u00e1 convirtiendo cada vez m\u00e1s popular, pero la oferta de vivienda no se ve aumentada. Hay largas colas de solicitantes en los pisos compartidos (WG) y lamentablemente, los per\u00edodos de espera de 4 semestres para los pisos de estudiantes son habituales.<\/p>\n<p>La b\u00fasqueda de piso compartido no es f\u00e1cil en M\u00fanich y los hombres lo tienen especialmente dif\u00edcil. El prejuicio de que son desordenados y poco fiables sigue siendo generalizado. Sin embargo, con el fin de encontrar un buen piso compartido, aqu\u00ed algunos consejos \u00fatiles para la b\u00fasqueda.<\/p>\n<h2><strong>2. Consejos para encontrar un alojamiento en M\u00fanich<\/strong><\/h2>\n<p style=\"margin-left: 18.75pt;\">Usted debe comenzar a tiempo con la b\u00fasqueda debido a la escasa oferta inmobiliaria que M\u00fanich ofrece. Tambi\u00e9n deben decidir c\u00f3mo y d\u00f3nde quieren vivir. En M\u00fanich existen las siguientes opciones:<\/p>\n<p style=\"margin-left: 18.75pt;\">\u2022 Hay dormitorios disponibles para estudiantes y universitarios. Hay listas de espera, por lo que debe comenzar tan pronto como sea posible con la b\u00fasqueda. Los estudiantes pueden pasar 4 semestres esperando con tal de conseguir una vivienda.<\/p>\n<p style=\"margin-left: 18.75pt;\">\u2022 Las agencias inmobiliarias o el alquiler privado de habitaciones puede ser una soluci\u00f3n para estancias cortas (por ej. una pasant\u00eda).<\/p>\n<p style=\"margin-left: 18.75pt;\">\u2022 Los pisos compartidos en M\u00fanich todav\u00eda siguen siendo la alternativa m\u00e1s f\u00e1cil y econ\u00f3mica. Los portales de pisos compartidos son populares. \u201cWg-gesucht.de\u201d tiene las mejores ofertas y \u201cDreamflat.de\u201d es el m\u00e1s f\u00e1cil de usar. Tambi\u00e9n deber\u00eda estar aqu\u00ed presencialmente tan pronto como sea posible si usted quiere conseguir un apartamento. Problema: el contacto, muchos ofertantes no responden a cada correo electr\u00f3nico. Por lo tanto, uno debe seguir siendo insistente y probar suerte con m\u00e1s de un piso compartido (WG) a la vez.<\/p>\n<p style=\"margin-left: 18.75pt;\">\u2022 Un vistazo en el peri\u00f3dico tambi\u00e9n puede ser \u00fatil. Dado que muchos solo buscan en Internet, las respuestas a los anuncios de los peri\u00f3dicos suelen ser menos severas. Aqu\u00ed el mercado no es tan altamente competitivo. Sin embargo, el rango de oferta es tambi\u00e9n mucho menor.<\/p>\n<table border=\"\" cellspacing=\"0\" cellpadding=\"0\">\n<tbody>\n<tr>\n<td style=\"width: 302px;\">&nbsp;<\/p>\n<p>3<strong>. Los Distritos m\u00e1s solicitados en M\u00fanich<\/strong><\/p>\n<p>&nbsp;<\/td>\n<td style=\"width: 302px;\"><\/td>\n<\/tr>\n<tr>\n<td style=\"width: 302px;\">Distrito<\/td>\n<td style=\"width: 302px;\">Breve descripci\u00f3n y alquileres medios<\/td>\n<\/tr>\n<tr>\n<td style=\"width: 302px;\">Nymphenburg<\/td>\n<td style=\"width: 302px;\">Alrededor del castillo de Nymphenburg hay rentas especialmente reales. Precios entre 18-28 \u20ac por metro cuadrado son la norma aqu\u00ed.<\/td>\n<\/tr>\n<tr>\n<td style=\"width: 302px;\">Lehel<\/td>\n<td style=\"width: 302px;\">Este municipio tiene su propio encanto de pueblo. Los alquileres 15-20 \u20ac por metro cuadrado son bastante asequibles para algunos.<\/td>\n<\/tr>\n<tr>\n<td style=\"width: 302px;\">Englschalking<\/td>\n<td style=\"width: 302px;\">Esta parte fue incorporada en 1930 y ahora es uno de los lugares privilegiados de M\u00fanich. Precio: 18 \u20ac el metro cuadrado en alquiler.<\/td>\n<\/tr>\n<tr>\n<td style=\"width: 302px;\">Schwabing<\/td>\n<td style=\"width: 302px;\">Si quieres estar justo en el Jard\u00edn Ingl\u00e9s, debe tener en cuenta las rentas de 15 a 21 \u20ac por metro cuadrado.<\/td>\n<\/tr>\n<tr>\n<td style=\"width: 302px;\">Bogenhausen<\/td>\n<td style=\"width: 302px;\">Quien quiera vivir cerca del Parque Maximiliano, debe estar preparado para fuertes rentas de hasta 28 \u20ac por metro cuadrado.<\/td>\n<\/tr>\n<tr>\n<td style=\"width: 302px;\">Maxvorstadt<\/td>\n<td style=\"width: 302px;\">Una de las calles m\u00e1s bellas de la Richard-Wagner-Stra\u00dfe. Aqu\u00ed usted puede permanecer de manera relativamente asequible, a unos 20\u20ac por metro cuadrado.<\/td>\n<\/tr>\n<tr>\n<td style=\"width: 302px;\">Altstadt<\/td>\n<td style=\"width: 302px;\">Su cercan\u00eda a la Catedral y Frauenplatz podr\u00eda ser tentador para rentas de hasta 35 \u20ac por metro cuadrado.<\/td>\n<\/tr>\n<tr>\n<td style=\"width: 302px;\">Harlaching<\/td>\n<td style=\"width: 302px;\">Una zona residencial en el sur, a cierta distancia del centro del pueblo. Aqu\u00ed el alquiler oscila entre 15-20 \u20ac por metro cuadrado.<\/td>\n<\/tr>\n<tr>\n<td style=\"width: 302px;\">Ludwigsvorstadt<\/td>\n<td style=\"width: 302px;\">Cerca de la plaza del Oktoberfest tambi\u00e9n puede encontrar apartamentos. Por lo general, 19 \u20ac por metro cuadrado hay que pagar si quieres quedarte aqu\u00ed.<\/td>\n<\/tr>\n<\/tbody>\n<\/table>\n<p><a name=\"_GoBack\"><\/a><\/p>\n<h3>Otros blogs y cursos de alem\u00e1n interesantes para Usted:<\/h3>\n<ul>\n<li><a href=\"https:\/\/www.sprachschule-aktiv-muenchen.de\/es\/cursos-de-aleman-en-munich\/\">Nuestros cursos de alem\u00e1n en M\u00fanich<\/a><\/li>\n<li><a href=\"https:\/\/www.sprachschule-aktiv-muenchen.de\/es\/el-dativo-en-aleman\/\">El dativo en alem\u00e1n<\/a><\/li>\n<\/ul>\n","protected":false},"excerpt":{"rendered":"<p>C\u00f3mo encontrar un alojamiento en M\u00fanich? No siempre es f\u00e1cil encontrar un piso compartido adecuado. Actualmente en M\u00fanich, encontrar un piso compartido es una de las tareas m\u00e1s dif\u00edciles. El problema es conocido, la explotaci\u00f3n de los precios de los alquileres y una larga lista de candidatos son la regla. A pesar de que ahora [&hellip;]<\/p>\n","protected":false},"author":2,"featured_media":45555,"comment_status":"open","ping_status":"open","sticky":false,"template":"","format":"standard","meta":{"footnotes":""},"categories":[45],"tags":[],"class_list":["post-22221","post","type-post","status-publish","format-standard","has-post-thumbnail","hentry","category-aprender-aleman-gratis"],"yoast_head":"<!-- This site is optimized with the Yoast SEO plugin v27.1.1 - https:\/\/yoast.com\/product\/yoast-seo-wordpress\/ -->\n<title>C\u00f3mo encontrar un alojamiento en M\u00fanich?<\/title>\n<meta name=\"description\" content=\"C\u00f3mo encontrar un alojamiento en M\u00fanich? Consejos pr\u00e1cticos para encontrar hospedaje en Familias y en Residencias de estudiantes\" \/>\n<meta name=\"robots\" content=\"index, follow, max-snippet:-1, max-image-preview:large, max-video-preview:-1\" \/>\n<link rel=\"canonical\" href=\"https:\/\/www.sprachschule-aktiv-muenchen.de\/es\/como-encontrar-un-alojamiento-en-munich\/\" \/>\n<meta property=\"og:locale\" content=\"es_ES\" \/>\n<meta property=\"og:type\" content=\"article\" \/>\n<meta property=\"og:title\" content=\"C\u00f3mo encontrar un alojamiento en M\u00fanich?\" \/>\n<meta property=\"og:description\" content=\"C\u00f3mo encontrar un alojamiento en M\u00fanich? Consejos pr\u00e1cticos para encontrar hospedaje en Familias y en Residencias de estudiantes\" \/>\n<meta property=\"og:url\" content=\"https:\/\/www.sprachschule-aktiv-muenchen.de\/es\/como-encontrar-un-alojamiento-en-munich\/\" \/>\n<meta property=\"og:site_name\" content=\"Sprachschule Aktiv\" \/>\n<meta property=\"article:published_time\" content=\"2017-08-14T12:33:12+00:00\" \/>\n<meta property=\"article:modified_time\" content=\"2018-09-09T03:15:03+00:00\" \/>\n<meta property=\"og:image\" content=\"https:\/\/www.sprachschule-aktiv-muenchen.de\/wp-content\/uploads\/2017\/08\/como-encontrar-alojamiento-en-munich.jpg\" \/>\n\t<meta property=\"og:image:width\" content=\"700\" \/>\n\t<meta property=\"og:image:height\" content=\"574\" \/>\n\t<meta property=\"og:image:type\" content=\"image\/jpeg\" \/>\n<meta name=\"author\" content=\"Martin Polo\" \/>\n<meta name=\"twitter:card\" content=\"summary_large_image\" \/>\n<meta name=\"twitter:label1\" content=\"Escrito por\" \/>\n\t<meta name=\"twitter:data1\" content=\"Martin Polo\" \/>\n\t<meta name=\"twitter:label2\" content=\"Tiempo de lectura\" \/>\n\t<meta name=\"twitter:data2\" content=\"4 minutos\" \/>\n<script type=\"application\/ld+json\" class=\"yoast-schema-graph\">{\"@context\":\"https:\/\/schema.org\",\"@graph\":[{\"@type\":\"Article\",\"@id\":\"https:\/\/www.sprachschule-aktiv-muenchen.de\/es\/como-encontrar-un-alojamiento-en-munich\/#article\",\"isPartOf\":{\"@id\":\"https:\/\/www.sprachschule-aktiv-muenchen.de\/es\/como-encontrar-un-alojamiento-en-munich\/\"},\"author\":{\"name\":\"Martin Polo\",\"@id\":\"https:\/\/www.sprachschule-aktiv-muenchen.de\/#\/schema\/person\/a74a6322db9745fd586f7e97f1ee5724\"},\"headline\":\"C\u00f3mo encontrar un alojamiento en M\u00fanich?\",\"datePublished\":\"2017-08-14T12:33:12+00:00\",\"dateModified\":\"2018-09-09T03:15:03+00:00\",\"mainEntityOfPage\":{\"@id\":\"https:\/\/www.sprachschule-aktiv-muenchen.de\/es\/como-encontrar-un-alojamiento-en-munich\/\"},\"wordCount\":810,\"commentCount\":0,\"image\":{\"@id\":\"https:\/\/www.sprachschule-aktiv-muenchen.de\/es\/como-encontrar-un-alojamiento-en-munich\/#primaryimage\"},\"thumbnailUrl\":\"https:\/\/www.sprachschule-aktiv-muenchen.de\/wp-content\/uploads\/2017\/08\/como-encontrar-alojamiento-en-munich.jpg\",\"articleSection\":[\"Aprender alem\u00e1n gratis\"],\"inLanguage\":\"es\"},{\"@type\":\"WebPage\",\"@id\":\"https:\/\/www.sprachschule-aktiv-muenchen.de\/es\/como-encontrar-un-alojamiento-en-munich\/\",\"url\":\"https:\/\/www.sprachschule-aktiv-muenchen.de\/es\/como-encontrar-un-alojamiento-en-munich\/\",\"name\":\"C\u00f3mo encontrar un alojamiento en M\u00fanich?\",\"isPartOf\":{\"@id\":\"https:\/\/www.sprachschule-aktiv-muenchen.de\/#website\"},\"primaryImageOfPage\":{\"@id\":\"https:\/\/www.sprachschule-aktiv-muenchen.de\/es\/como-encontrar-un-alojamiento-en-munich\/#primaryimage\"},\"image\":{\"@id\":\"https:\/\/www.sprachschule-aktiv-muenchen.de\/es\/como-encontrar-un-alojamiento-en-munich\/#primaryimage\"},\"thumbnailUrl\":\"https:\/\/www.sprachschule-aktiv-muenchen.de\/wp-content\/uploads\/2017\/08\/como-encontrar-alojamiento-en-munich.jpg\",\"datePublished\":\"2017-08-14T12:33:12+00:00\",\"dateModified\":\"2018-09-09T03:15:03+00:00\",\"author\":{\"@id\":\"https:\/\/www.sprachschule-aktiv-muenchen.de\/#\/schema\/person\/a74a6322db9745fd586f7e97f1ee5724\"},\"description\":\"C\u00f3mo encontrar un alojamiento en M\u00fanich? Consejos pr\u00e1cticos para encontrar hospedaje en Familias y en Residencias de estudiantes\",\"breadcrumb\":{\"@id\":\"https:\/\/www.sprachschule-aktiv-muenchen.de\/es\/como-encontrar-un-alojamiento-en-munich\/#breadcrumb\"},\"inLanguage\":\"es\",\"potentialAction\":[{\"@type\":\"ReadAction\",\"target\":[\"https:\/\/www.sprachschule-aktiv-muenchen.de\/es\/como-encontrar-un-alojamiento-en-munich\/\"]}]},{\"@type\":\"ImageObject\",\"inLanguage\":\"es\",\"@id\":\"https:\/\/www.sprachschule-aktiv-muenchen.de\/es\/como-encontrar-un-alojamiento-en-munich\/#primaryimage\",\"url\":\"https:\/\/www.sprachschule-aktiv-muenchen.de\/wp-content\/uploads\/2017\/08\/como-encontrar-alojamiento-en-munich.jpg\",\"contentUrl\":\"https:\/\/www.sprachschule-aktiv-muenchen.de\/wp-content\/uploads\/2017\/08\/como-encontrar-alojamiento-en-munich.jpg\",\"width\":\"700\",\"height\":\"574\",\"caption\":\"Como encontrar alojamiento en M\u00fanich\"},{\"@type\":\"BreadcrumbList\",\"@id\":\"https:\/\/www.sprachschule-aktiv-muenchen.de\/es\/como-encontrar-un-alojamiento-en-munich\/#breadcrumb\",\"itemListElement\":[{\"@type\":\"ListItem\",\"position\":1,\"name\":\"Portada\",\"item\":\"https:\/\/www.sprachschule-aktiv-muenchen.de\/es\/\"},{\"@type\":\"ListItem\",\"position\":2,\"name\":\"C\u00f3mo encontrar un alojamiento en M\u00fanich?\"}]},{\"@type\":\"WebSite\",\"@id\":\"https:\/\/www.sprachschule-aktiv-muenchen.de\/#website\",\"url\":\"https:\/\/www.sprachschule-aktiv-muenchen.de\/\",\"name\":\"Sprachschule Aktiv\",\"description\":\"\",\"potentialAction\":[{\"@type\":\"SearchAction\",\"target\":{\"@type\":\"EntryPoint\",\"urlTemplate\":\"https:\/\/www.sprachschule-aktiv-muenchen.de\/?s={search_term_string}\"},\"query-input\":{\"@type\":\"PropertyValueSpecification\",\"valueRequired\":true,\"valueName\":\"search_term_string\"}}],\"inLanguage\":\"es\"},{\"@type\":\"Person\",\"@id\":\"https:\/\/www.sprachschule-aktiv-muenchen.de\/#\/schema\/person\/a74a6322db9745fd586f7e97f1ee5724\",\"name\":\"Martin Polo\",\"image\":{\"@type\":\"ImageObject\",\"inLanguage\":\"es\",\"@id\":\"https:\/\/www.sprachschule-aktiv-muenchen.de\/#\/schema\/person\/image\/\",\"url\":\"https:\/\/secure.gravatar.com\/avatar\/2cbe6176b6be8b122284c50d9e7a11af9502529eae284fd73534defd313e4152?s=96&d=mm&r=g\",\"contentUrl\":\"https:\/\/secure.gravatar.com\/avatar\/2cbe6176b6be8b122284c50d9e7a11af9502529eae284fd73534defd313e4152?s=96&d=mm&r=g\",\"caption\":\"Martin Polo\"}}]}<\/script>\n<!-- \/ Yoast SEO plugin. -->","yoast_head_json":{"title":"C\u00f3mo encontrar un alojamiento en M\u00fanich?","description":"C\u00f3mo encontrar un alojamiento en M\u00fanich? Consejos pr\u00e1cticos para encontrar hospedaje en Familias y en Residencias de estudiantes","robots":{"index":"index","follow":"follow","max-snippet":"max-snippet:-1","max-image-preview":"max-image-preview:large","max-video-preview":"max-video-preview:-1"},"canonical":"https:\/\/www.sprachschule-aktiv-muenchen.de\/es\/como-encontrar-un-alojamiento-en-munich\/","og_locale":"es_ES","og_type":"article","og_title":"C\u00f3mo encontrar un alojamiento en M\u00fanich?","og_description":"C\u00f3mo encontrar un alojamiento en M\u00fanich? Consejos pr\u00e1cticos para encontrar hospedaje en Familias y en Residencias de estudiantes","og_url":"https:\/\/www.sprachschule-aktiv-muenchen.de\/es\/como-encontrar-un-alojamiento-en-munich\/","og_site_name":"Sprachschule Aktiv","article_published_time":"2017-08-14T12:33:12+00:00","article_modified_time":"2018-09-09T03:15:03+00:00","og_image":[{"width":700,"height":574,"url":"https:\/\/www.sprachschule-aktiv-muenchen.de\/wp-content\/uploads\/2017\/08\/como-encontrar-alojamiento-en-munich.jpg","type":"image\/jpeg"}],"author":"Martin Polo","twitter_card":"summary_large_image","twitter_misc":{"Escrito por":"Martin Polo","Tiempo de lectura":"4 minutos"},"schema":{"@context":"https:\/\/schema.org","@graph":[{"@type":"Article","@id":"https:\/\/www.sprachschule-aktiv-muenchen.de\/es\/como-encontrar-un-alojamiento-en-munich\/#article","isPartOf":{"@id":"https:\/\/www.sprachschule-aktiv-muenchen.de\/es\/como-encontrar-un-alojamiento-en-munich\/"},"author":{"name":"Martin Polo","@id":"https:\/\/www.sprachschule-aktiv-muenchen.de\/#\/schema\/person\/a74a6322db9745fd586f7e97f1ee5724"},"headline":"C\u00f3mo encontrar un alojamiento en M\u00fanich?","datePublished":"2017-08-14T12:33:12+00:00","dateModified":"2018-09-09T03:15:03+00:00","mainEntityOfPage":{"@id":"https:\/\/www.sprachschule-aktiv-muenchen.de\/es\/como-encontrar-un-alojamiento-en-munich\/"},"wordCount":810,"commentCount":0,"image":{"@id":"https:\/\/www.sprachschule-aktiv-muenchen.de\/es\/como-encontrar-un-alojamiento-en-munich\/#primaryimage"},"thumbnailUrl":"https:\/\/www.sprachschule-aktiv-muenchen.de\/wp-content\/uploads\/2017\/08\/como-encontrar-alojamiento-en-munich.jpg","articleSection":["Aprender alem\u00e1n gratis"],"inLanguage":"es"},{"@type":"WebPage","@id":"https:\/\/www.sprachschule-aktiv-muenchen.de\/es\/como-encontrar-un-alojamiento-en-munich\/","url":"https:\/\/www.sprachschule-aktiv-muenchen.de\/es\/como-encontrar-un-alojamiento-en-munich\/","name":"C\u00f3mo encontrar un alojamiento en M\u00fanich?","isPartOf":{"@id":"https:\/\/www.sprachschule-aktiv-muenchen.de\/#website"},"primaryImageOfPage":{"@id":"https:\/\/www.sprachschule-aktiv-muenchen.de\/es\/como-encontrar-un-alojamiento-en-munich\/#primaryimage"},"image":{"@id":"https:\/\/www.sprachschule-aktiv-muenchen.de\/es\/como-encontrar-un-alojamiento-en-munich\/#primaryimage"},"thumbnailUrl":"https:\/\/www.sprachschule-aktiv-muenchen.de\/wp-content\/uploads\/2017\/08\/como-encontrar-alojamiento-en-munich.jpg","datePublished":"2017-08-14T12:33:12+00:00","dateModified":"2018-09-09T03:15:03+00:00","author":{"@id":"https:\/\/www.sprachschule-aktiv-muenchen.de\/#\/schema\/person\/a74a6322db9745fd586f7e97f1ee5724"},"description":"C\u00f3mo encontrar un alojamiento en M\u00fanich? Consejos pr\u00e1cticos para encontrar hospedaje en Familias y en Residencias de estudiantes","breadcrumb":{"@id":"https:\/\/www.sprachschule-aktiv-muenchen.de\/es\/como-encontrar-un-alojamiento-en-munich\/#breadcrumb"},"inLanguage":"es","potentialAction":[{"@type":"ReadAction","target":["https:\/\/www.sprachschule-aktiv-muenchen.de\/es\/como-encontrar-un-alojamiento-en-munich\/"]}]},{"@type":"ImageObject","inLanguage":"es","@id":"https:\/\/www.sprachschule-aktiv-muenchen.de\/es\/como-encontrar-un-alojamiento-en-munich\/#primaryimage","url":"https:\/\/www.sprachschule-aktiv-muenchen.de\/wp-content\/uploads\/2017\/08\/como-encontrar-alojamiento-en-munich.jpg","contentUrl":"https:\/\/www.sprachschule-aktiv-muenchen.de\/wp-content\/uploads\/2017\/08\/como-encontrar-alojamiento-en-munich.jpg","width":"700","height":"574","caption":"Como encontrar alojamiento en M\u00fanich"},{"@type":"BreadcrumbList","@id":"https:\/\/www.sprachschule-aktiv-muenchen.de\/es\/como-encontrar-un-alojamiento-en-munich\/#breadcrumb","itemListElement":[{"@type":"ListItem","position":1,"name":"Portada","item":"https:\/\/www.sprachschule-aktiv-muenchen.de\/es\/"},{"@type":"ListItem","position":2,"name":"C\u00f3mo encontrar un alojamiento en M\u00fanich?"}]},{"@type":"WebSite","@id":"https:\/\/www.sprachschule-aktiv-muenchen.de\/#website","url":"https:\/\/www.sprachschule-aktiv-muenchen.de\/","name":"Sprachschule Aktiv","description":"","potentialAction":[{"@type":"SearchAction","target":{"@type":"EntryPoint","urlTemplate":"https:\/\/www.sprachschule-aktiv-muenchen.de\/?s={search_term_string}"},"query-input":{"@type":"PropertyValueSpecification","valueRequired":true,"valueName":"search_term_string"}}],"inLanguage":"es"},{"@type":"Person","@id":"https:\/\/www.sprachschule-aktiv-muenchen.de\/#\/schema\/person\/a74a6322db9745fd586f7e97f1ee5724","name":"Martin Polo","image":{"@type":"ImageObject","inLanguage":"es","@id":"https:\/\/www.sprachschule-aktiv-muenchen.de\/#\/schema\/person\/image\/","url":"https:\/\/secure.gravatar.com\/avatar\/2cbe6176b6be8b122284c50d9e7a11af9502529eae284fd73534defd313e4152?s=96&d=mm&r=g","contentUrl":"https:\/\/secure.gravatar.com\/avatar\/2cbe6176b6be8b122284c50d9e7a11af9502529eae284fd73534defd313e4152?s=96&d=mm&r=g","caption":"Martin Polo"}}]}},"_links":{"self":[{"href":"https:\/\/www.sprachschule-aktiv-muenchen.de\/es\/wp-json\/wp\/v2\/posts\/22221","targetHints":{"allow":["GET"]}}],"collection":[{"href":"https:\/\/www.sprachschule-aktiv-muenchen.de\/es\/wp-json\/wp\/v2\/posts"}],"about":[{"href":"https:\/\/www.sprachschule-aktiv-muenchen.de\/es\/wp-json\/wp\/v2\/types\/post"}],"author":[{"embeddable":true,"href":"https:\/\/www.sprachschule-aktiv-muenchen.de\/es\/wp-json\/wp\/v2\/users\/2"}],"replies":[{"embeddable":true,"href":"https:\/\/www.sprachschule-aktiv-muenchen.de\/es\/wp-json\/wp\/v2\/comments?post=22221"}],"version-history":[{"count":0,"href":"https:\/\/www.sprachschule-aktiv-muenchen.de\/es\/wp-json\/wp\/v2\/posts\/22221\/revisions"}],"wp:featuredmedia":[{"embeddable":true,"href":"https:\/\/www.sprachschule-aktiv-muenchen.de\/es\/wp-json\/wp\/v2\/media\/45555"}],"wp:attachment":[{"href":"https:\/\/www.sprachschule-aktiv-muenchen.de\/es\/wp-json\/wp\/v2\/media?parent=22221"}],"wp:term":[{"taxonomy":"category","embeddable":true,"href":"https:\/\/www.sprachschule-aktiv-muenchen.de\/es\/wp-json\/wp\/v2\/categories?post=22221"},{"taxonomy":"post_tag","embeddable":true,"href":"https:\/\/www.sprachschule-aktiv-muenchen.de\/es\/wp-json\/wp\/v2\/tags?post=22221"}],"curies":[{"name":"wp","href":"https:\/\/api.w.org\/{rel}","templated":true}]}}