{"id":22196,"date":"2017-08-14T08:36:04","date_gmt":"2017-08-14T06:36:04","guid":{"rendered":"https:\/\/www.sprachschule-aktiv-muenchen.de\/?p=22196\/"},"modified":"2017-09-27T12:54:43","modified_gmt":"2017-09-27T10:54:43","slug":"trabajar-en-alemania","status":"publish","type":"post","link":"https:\/\/www.sprachschule-aktiv-muenchen.de\/es\/trabajar-en-alemania\/","title":{"rendered":"Trabajar en Alemania"},"content":{"rendered":"<h1><strong>Trabajar en Alemania<\/strong><\/h1>\n<p>Una de las cosas que puede ser muy importante tener la informaci\u00f3n adecuada es c\u00f3mo podemos conseguir trabajo cuando pensamos mudarnos a otro pa\u00eds. Es por esto que aqu\u00ed compliamos informaci\u00f3n que te ser\u00e1 neecsaria por si est\u00e1s pensando irte a vivir a Alemania.<\/p>\n<p>Alemania\u00a0es un pa\u00eds muy interesante y desarrollado que cuenta con muchos apsectos inetersabtses si hablamos desde el p\u00fanto de vista art\u00edstico y cultural. Adem\u00e1s tambi\u00e9n tiene un estable y alto nivel socioecon\u00f3mico, por lo que es un pa\u00eds en el que puede ser muy conveniente vivir y trabajar. Adem\u00e1s de contar con salarios y condiciones laborales atractivas, se pueden tener beneficios muy importantes como la seguridad social y la protecci\u00f3n laboral obligatoria.<\/p>\n<p>Sin embargo, no todo es de color rosa, tambi\u00e9n tiene una parte negativa que hay que tener en cuenta. Cuando se est\u00e1 pensando en irse a otro pa\u00eds es importante observar la tasa de desempleo y las normas del mercado laboral. Actualmente el porcentahe de desempleo en Alemania no sobrepasa del 10% pero tambi\u00e9n es cierto que los llamados \u201cminijobs\u201d y trabajos estacionales hace que este n\u00famero fluct\u00fae.<\/p>\n<h2><strong>Regiones de trabajo en Alemania<\/strong><\/h2>\n<p>En cuanto a las regiones de Alemania donde se consigue m\u00e1s f\u00e1cilmenta el trabajo, esto puede ser cambiante de una a otra. Por ejemplo,\u00a0hay mayor demanda de empleados en la zona de Alemania Occidental, excepto en\u00a0Berl\u00edn\u00a0y la zona sur. Y, como es de suponer, en las zonas m\u00e1s rurales, el desempleo es mucho mayor que en las \u00e1reas m\u00e1s urbanizadas.<\/p>\n<h2><strong>La importancia del idioma para encontrar un empleo en Alemania<\/strong><\/h2>\n<p>Si tienes pensado irte a Alemania es b\u00e1sico que sepas el idioma si quieres conseguir un trabajo de calidad y estable. Y si adem\u00e1s, cuentas con el ingl\u00e9s mucho mejor.<\/p>\n<p>Aunque esto tampoco es garant\u00eda porque el contar con un buen nivel de ingl\u00e9s no te asegura nada ya que muchos alemanes tambi\u00e9n han estuadiado ingles desde el colegio. Es por esto que saber alem\u00e1n e ingl\u00e9s ser\u00e1 una ventaja pero igual deber\u00e1s destacar para ser escogido.<\/p>\n<p>Cuando busques trabajo en Alemania, te recomendamos que no pienses solo en peque\u00f1o y que apuntes alto. Al ser un pa\u00eds tan insdutrializado, puedes apuntar tus objetivos a empresas multinacionales, o sucursales de grandes empresas extranjeras si manejas el alemn\u00e1n y el ingl\u00e9s.<\/p>\n<a href=\"https:\/\/www.sprachschule-aktiv-muenchen.de\/es\/\"><img decoding=\"async\" title=\"Curso intensivo de alem\u00e1n en Alemania\" src=\"https:\/\/www.sprachschule-aktiv-muenchen.de\/uploads\/image\/3173a6dadd274147a5e82cf5a781112b\/curso-intensivo-de-aleman-en-sprachschule-aktiv-alemania-para-relocacion.jpg\" alt=\"Curso intensivo de alem\u00e1n en Alemania\" \/><\/a>\n<h2><strong>Criterios de selecci\u00f3n<\/strong><\/h2>\n<p>Muchas de las profesiones en Alemania est\u00e1n sometidas a rigurosas pruebas y muchos trabajos en Alemania exigen una cualificaci\u00f3n profesional. De hecho, como parte de la ense\u00f1anza y la formaci\u00f3n profesional en ese pa\u00eds, los estudiantes pasan alrededor de 2 o 3 a\u00f1os de pruebas para formar parte del mercado laboral. Esto, por supuesto, les da una gran experiencia en el trabajo que van a desempe\u00f1ar.<\/p>\n<p>Esta pr\u00e1ctica viene a ser una limitaci\u00f3n para quien viaja a Alemania solo para buscar trabajo. Es por ello que es muy importante que si tienes pensado hacerlo tomes las previsiones de buscar que tu t\u00edtulo profesional sea certificado por alguna entidad competente en Alemania, como un gremio o asociaci\u00f3n profesional. Esto supondr\u00e1 mayores oportunidades que si no lo haces.<\/p>\n","protected":false},"excerpt":{"rendered":"<p>Trabajar en Alemania Una de las cosas que puede ser muy importante tener la informaci\u00f3n adecuada es c\u00f3mo podemos conseguir trabajo cuando pensamos mudarnos a otro pa\u00eds. Es por esto que aqu\u00ed compliamos informaci\u00f3n que te ser\u00e1 neecsaria por si est\u00e1s pensando irte a vivir a Alemania. Alemania\u00a0es un pa\u00eds muy interesante y desarrollado que [&hellip;]<\/p>\n","protected":false},"author":2,"featured_media":34119,"comment_status":"open","ping_status":"open","sticky":false,"template":"","format":"standard","meta":{"footnotes":""},"categories":[45],"tags":[],"class_list":["post-22196","post","type-post","status-publish","format-standard","has-post-thumbnail","hentry","category-aprender-aleman-gratis"],"yoast_head":"<!-- This site is optimized with the Yoast SEO plugin v27.1.1 - https:\/\/yoast.com\/product\/yoast-seo-wordpress\/ -->\n<title>Trabajar en Alemania - C\u00f3mo buscar un empleo?<\/title>\n<meta name=\"description\" content=\"Trabajar en Alemania. C\u00f3mo buscar un empleo en Alemania. recomendaciones y Informaciones b\u00e1sicas para trabajar en M\u00fanich, Berl\u00edn, Hamburgo, etc...\" \/>\n<meta name=\"robots\" content=\"index, follow, max-snippet:-1, max-image-preview:large, max-video-preview:-1\" \/>\n<link rel=\"canonical\" href=\"https:\/\/www.sprachschule-aktiv-muenchen.de\/es\/trabajar-en-alemania\/\" \/>\n<meta property=\"og:locale\" content=\"es_ES\" \/>\n<meta property=\"og:type\" content=\"article\" \/>\n<meta property=\"og:title\" content=\"Trabajar en Alemania - C\u00f3mo buscar un empleo?\" \/>\n<meta property=\"og:description\" content=\"Trabajar en Alemania. C\u00f3mo buscar un empleo en Alemania. recomendaciones y Informaciones b\u00e1sicas para trabajar en M\u00fanich, Berl\u00edn, Hamburgo, etc...\" \/>\n<meta property=\"og:url\" content=\"https:\/\/www.sprachschule-aktiv-muenchen.de\/es\/trabajar-en-alemania\/\" \/>\n<meta property=\"og:site_name\" content=\"Sprachschule Aktiv\" \/>\n<meta property=\"article:published_time\" content=\"2017-08-14T06:36:04+00:00\" \/>\n<meta property=\"article:modified_time\" content=\"2017-09-27T10:54:43+00:00\" \/>\n<meta property=\"og:image\" content=\"https:\/\/www.sprachschule-aktiv-muenchen.de\/wp-content\/uploads\/2017\/08\/trabajar-en-alemania.jpg\" \/>\n\t<meta property=\"og:image:width\" content=\"700\" \/>\n\t<meta property=\"og:image:height\" content=\"574\" \/>\n\t<meta property=\"og:image:type\" content=\"image\/jpeg\" \/>\n<meta name=\"author\" content=\"Martin Polo\" \/>\n<meta name=\"twitter:card\" content=\"summary_large_image\" \/>\n<meta name=\"twitter:label1\" content=\"Escrito por\" \/>\n\t<meta name=\"twitter:data1\" content=\"Martin Polo\" \/>\n\t<meta name=\"twitter:label2\" content=\"Tiempo de lectura\" \/>\n\t<meta name=\"twitter:data2\" content=\"3 minutos\" \/>\n<script type=\"application\/ld+json\" class=\"yoast-schema-graph\">{\"@context\":\"https:\/\/schema.org\",\"@graph\":[{\"@type\":\"Article\",\"@id\":\"https:\/\/www.sprachschule-aktiv-muenchen.de\/es\/trabajar-en-alemania\/#article\",\"isPartOf\":{\"@id\":\"https:\/\/www.sprachschule-aktiv-muenchen.de\/es\/trabajar-en-alemania\/\"},\"author\":{\"name\":\"Martin Polo\",\"@id\":\"https:\/\/www.sprachschule-aktiv-muenchen.de\/#\/schema\/person\/a74a6322db9745fd586f7e97f1ee5724\"},\"headline\":\"Trabajar en Alemania\",\"datePublished\":\"2017-08-14T06:36:04+00:00\",\"dateModified\":\"2017-09-27T10:54:43+00:00\",\"mainEntityOfPage\":{\"@id\":\"https:\/\/www.sprachschule-aktiv-muenchen.de\/es\/trabajar-en-alemania\/\"},\"wordCount\":564,\"commentCount\":0,\"image\":{\"@id\":\"https:\/\/www.sprachschule-aktiv-muenchen.de\/es\/trabajar-en-alemania\/#primaryimage\"},\"thumbnailUrl\":\"https:\/\/www.sprachschule-aktiv-muenchen.de\/wp-content\/uploads\/2017\/08\/trabajar-en-alemania.jpg\",\"articleSection\":[\"Aprender alem\u00e1n gratis\"],\"inLanguage\":\"es\"},{\"@type\":\"WebPage\",\"@id\":\"https:\/\/www.sprachschule-aktiv-muenchen.de\/es\/trabajar-en-alemania\/\",\"url\":\"https:\/\/www.sprachschule-aktiv-muenchen.de\/es\/trabajar-en-alemania\/\",\"name\":\"Trabajar en Alemania - C\u00f3mo buscar un empleo?\",\"isPartOf\":{\"@id\":\"https:\/\/www.sprachschule-aktiv-muenchen.de\/#website\"},\"primaryImageOfPage\":{\"@id\":\"https:\/\/www.sprachschule-aktiv-muenchen.de\/es\/trabajar-en-alemania\/#primaryimage\"},\"image\":{\"@id\":\"https:\/\/www.sprachschule-aktiv-muenchen.de\/es\/trabajar-en-alemania\/#primaryimage\"},\"thumbnailUrl\":\"https:\/\/www.sprachschule-aktiv-muenchen.de\/wp-content\/uploads\/2017\/08\/trabajar-en-alemania.jpg\",\"datePublished\":\"2017-08-14T06:36:04+00:00\",\"dateModified\":\"2017-09-27T10:54:43+00:00\",\"author\":{\"@id\":\"https:\/\/www.sprachschule-aktiv-muenchen.de\/#\/schema\/person\/a74a6322db9745fd586f7e97f1ee5724\"},\"description\":\"Trabajar en Alemania. C\u00f3mo buscar un empleo en Alemania. recomendaciones y Informaciones b\u00e1sicas para trabajar en M\u00fanich, Berl\u00edn, Hamburgo, etc...\",\"breadcrumb\":{\"@id\":\"https:\/\/www.sprachschule-aktiv-muenchen.de\/es\/trabajar-en-alemania\/#breadcrumb\"},\"inLanguage\":\"es\",\"potentialAction\":[{\"@type\":\"ReadAction\",\"target\":[\"https:\/\/www.sprachschule-aktiv-muenchen.de\/es\/trabajar-en-alemania\/\"]}]},{\"@type\":\"ImageObject\",\"inLanguage\":\"es\",\"@id\":\"https:\/\/www.sprachschule-aktiv-muenchen.de\/es\/trabajar-en-alemania\/#primaryimage\",\"url\":\"https:\/\/www.sprachschule-aktiv-muenchen.de\/wp-content\/uploads\/2017\/08\/trabajar-en-alemania.jpg\",\"contentUrl\":\"https:\/\/www.sprachschule-aktiv-muenchen.de\/wp-content\/uploads\/2017\/08\/trabajar-en-alemania.jpg\",\"width\":700,\"height\":574,\"caption\":\"Trabajar en Alemania\"},{\"@type\":\"BreadcrumbList\",\"@id\":\"https:\/\/www.sprachschule-aktiv-muenchen.de\/es\/trabajar-en-alemania\/#breadcrumb\",\"itemListElement\":[{\"@type\":\"ListItem\",\"position\":1,\"name\":\"Portada\",\"item\":\"https:\/\/www.sprachschule-aktiv-muenchen.de\/es\/\"},{\"@type\":\"ListItem\",\"position\":2,\"name\":\"Trabajar en Alemania\"}]},{\"@type\":\"WebSite\",\"@id\":\"https:\/\/www.sprachschule-aktiv-muenchen.de\/#website\",\"url\":\"https:\/\/www.sprachschule-aktiv-muenchen.de\/\",\"name\":\"Sprachschule Aktiv\",\"description\":\"\",\"potentialAction\":[{\"@type\":\"SearchAction\",\"target\":{\"@type\":\"EntryPoint\",\"urlTemplate\":\"https:\/\/www.sprachschule-aktiv-muenchen.de\/?s={search_term_string}\"},\"query-input\":{\"@type\":\"PropertyValueSpecification\",\"valueRequired\":true,\"valueName\":\"search_term_string\"}}],\"inLanguage\":\"es\"},{\"@type\":\"Person\",\"@id\":\"https:\/\/www.sprachschule-aktiv-muenchen.de\/#\/schema\/person\/a74a6322db9745fd586f7e97f1ee5724\",\"name\":\"Martin Polo\",\"image\":{\"@type\":\"ImageObject\",\"inLanguage\":\"es\",\"@id\":\"https:\/\/www.sprachschule-aktiv-muenchen.de\/#\/schema\/person\/image\/\",\"url\":\"https:\/\/secure.gravatar.com\/avatar\/2cbe6176b6be8b122284c50d9e7a11af9502529eae284fd73534defd313e4152?s=96&d=mm&r=g\",\"contentUrl\":\"https:\/\/secure.gravatar.com\/avatar\/2cbe6176b6be8b122284c50d9e7a11af9502529eae284fd73534defd313e4152?s=96&d=mm&r=g\",\"caption\":\"Martin Polo\"}}]}<\/script>\n<!-- \/ Yoast SEO plugin. -->","yoast_head_json":{"title":"Trabajar en Alemania - C\u00f3mo buscar un empleo?","description":"Trabajar en Alemania. C\u00f3mo buscar un empleo en Alemania. recomendaciones y Informaciones b\u00e1sicas para trabajar en M\u00fanich, Berl\u00edn, Hamburgo, etc...","robots":{"index":"index","follow":"follow","max-snippet":"max-snippet:-1","max-image-preview":"max-image-preview:large","max-video-preview":"max-video-preview:-1"},"canonical":"https:\/\/www.sprachschule-aktiv-muenchen.de\/es\/trabajar-en-alemania\/","og_locale":"es_ES","og_type":"article","og_title":"Trabajar en Alemania - C\u00f3mo buscar un empleo?","og_description":"Trabajar en Alemania. C\u00f3mo buscar un empleo en Alemania. recomendaciones y Informaciones b\u00e1sicas para trabajar en M\u00fanich, Berl\u00edn, Hamburgo, etc...","og_url":"https:\/\/www.sprachschule-aktiv-muenchen.de\/es\/trabajar-en-alemania\/","og_site_name":"Sprachschule Aktiv","article_published_time":"2017-08-14T06:36:04+00:00","article_modified_time":"2017-09-27T10:54:43+00:00","og_image":[{"width":700,"height":574,"url":"https:\/\/www.sprachschule-aktiv-muenchen.de\/wp-content\/uploads\/2017\/08\/trabajar-en-alemania.jpg","type":"image\/jpeg"}],"author":"Martin Polo","twitter_card":"summary_large_image","twitter_misc":{"Escrito por":"Martin Polo","Tiempo de lectura":"3 minutos"},"schema":{"@context":"https:\/\/schema.org","@graph":[{"@type":"Article","@id":"https:\/\/www.sprachschule-aktiv-muenchen.de\/es\/trabajar-en-alemania\/#article","isPartOf":{"@id":"https:\/\/www.sprachschule-aktiv-muenchen.de\/es\/trabajar-en-alemania\/"},"author":{"name":"Martin Polo","@id":"https:\/\/www.sprachschule-aktiv-muenchen.de\/#\/schema\/person\/a74a6322db9745fd586f7e97f1ee5724"},"headline":"Trabajar en Alemania","datePublished":"2017-08-14T06:36:04+00:00","dateModified":"2017-09-27T10:54:43+00:00","mainEntityOfPage":{"@id":"https:\/\/www.sprachschule-aktiv-muenchen.de\/es\/trabajar-en-alemania\/"},"wordCount":564,"commentCount":0,"image":{"@id":"https:\/\/www.sprachschule-aktiv-muenchen.de\/es\/trabajar-en-alemania\/#primaryimage"},"thumbnailUrl":"https:\/\/www.sprachschule-aktiv-muenchen.de\/wp-content\/uploads\/2017\/08\/trabajar-en-alemania.jpg","articleSection":["Aprender alem\u00e1n gratis"],"inLanguage":"es"},{"@type":"WebPage","@id":"https:\/\/www.sprachschule-aktiv-muenchen.de\/es\/trabajar-en-alemania\/","url":"https:\/\/www.sprachschule-aktiv-muenchen.de\/es\/trabajar-en-alemania\/","name":"Trabajar en Alemania - C\u00f3mo buscar un empleo?","isPartOf":{"@id":"https:\/\/www.sprachschule-aktiv-muenchen.de\/#website"},"primaryImageOfPage":{"@id":"https:\/\/www.sprachschule-aktiv-muenchen.de\/es\/trabajar-en-alemania\/#primaryimage"},"image":{"@id":"https:\/\/www.sprachschule-aktiv-muenchen.de\/es\/trabajar-en-alemania\/#primaryimage"},"thumbnailUrl":"https:\/\/www.sprachschule-aktiv-muenchen.de\/wp-content\/uploads\/2017\/08\/trabajar-en-alemania.jpg","datePublished":"2017-08-14T06:36:04+00:00","dateModified":"2017-09-27T10:54:43+00:00","author":{"@id":"https:\/\/www.sprachschule-aktiv-muenchen.de\/#\/schema\/person\/a74a6322db9745fd586f7e97f1ee5724"},"description":"Trabajar en Alemania. C\u00f3mo buscar un empleo en Alemania. recomendaciones y Informaciones b\u00e1sicas para trabajar en M\u00fanich, Berl\u00edn, Hamburgo, etc...","breadcrumb":{"@id":"https:\/\/www.sprachschule-aktiv-muenchen.de\/es\/trabajar-en-alemania\/#breadcrumb"},"inLanguage":"es","potentialAction":[{"@type":"ReadAction","target":["https:\/\/www.sprachschule-aktiv-muenchen.de\/es\/trabajar-en-alemania\/"]}]},{"@type":"ImageObject","inLanguage":"es","@id":"https:\/\/www.sprachschule-aktiv-muenchen.de\/es\/trabajar-en-alemania\/#primaryimage","url":"https:\/\/www.sprachschule-aktiv-muenchen.de\/wp-content\/uploads\/2017\/08\/trabajar-en-alemania.jpg","contentUrl":"https:\/\/www.sprachschule-aktiv-muenchen.de\/wp-content\/uploads\/2017\/08\/trabajar-en-alemania.jpg","width":700,"height":574,"caption":"Trabajar en Alemania"},{"@type":"BreadcrumbList","@id":"https:\/\/www.sprachschule-aktiv-muenchen.de\/es\/trabajar-en-alemania\/#breadcrumb","itemListElement":[{"@type":"ListItem","position":1,"name":"Portada","item":"https:\/\/www.sprachschule-aktiv-muenchen.de\/es\/"},{"@type":"ListItem","position":2,"name":"Trabajar en Alemania"}]},{"@type":"WebSite","@id":"https:\/\/www.sprachschule-aktiv-muenchen.de\/#website","url":"https:\/\/www.sprachschule-aktiv-muenchen.de\/","name":"Sprachschule Aktiv","description":"","potentialAction":[{"@type":"SearchAction","target":{"@type":"EntryPoint","urlTemplate":"https:\/\/www.sprachschule-aktiv-muenchen.de\/?s={search_term_string}"},"query-input":{"@type":"PropertyValueSpecification","valueRequired":true,"valueName":"search_term_string"}}],"inLanguage":"es"},{"@type":"Person","@id":"https:\/\/www.sprachschule-aktiv-muenchen.de\/#\/schema\/person\/a74a6322db9745fd586f7e97f1ee5724","name":"Martin Polo","image":{"@type":"ImageObject","inLanguage":"es","@id":"https:\/\/www.sprachschule-aktiv-muenchen.de\/#\/schema\/person\/image\/","url":"https:\/\/secure.gravatar.com\/avatar\/2cbe6176b6be8b122284c50d9e7a11af9502529eae284fd73534defd313e4152?s=96&d=mm&r=g","contentUrl":"https:\/\/secure.gravatar.com\/avatar\/2cbe6176b6be8b122284c50d9e7a11af9502529eae284fd73534defd313e4152?s=96&d=mm&r=g","caption":"Martin Polo"}}]}},"_links":{"self":[{"href":"https:\/\/www.sprachschule-aktiv-muenchen.de\/es\/wp-json\/wp\/v2\/posts\/22196","targetHints":{"allow":["GET"]}}],"collection":[{"href":"https:\/\/www.sprachschule-aktiv-muenchen.de\/es\/wp-json\/wp\/v2\/posts"}],"about":[{"href":"https:\/\/www.sprachschule-aktiv-muenchen.de\/es\/wp-json\/wp\/v2\/types\/post"}],"author":[{"embeddable":true,"href":"https:\/\/www.sprachschule-aktiv-muenchen.de\/es\/wp-json\/wp\/v2\/users\/2"}],"replies":[{"embeddable":true,"href":"https:\/\/www.sprachschule-aktiv-muenchen.de\/es\/wp-json\/wp\/v2\/comments?post=22196"}],"version-history":[{"count":0,"href":"https:\/\/www.sprachschule-aktiv-muenchen.de\/es\/wp-json\/wp\/v2\/posts\/22196\/revisions"}],"wp:featuredmedia":[{"embeddable":true,"href":"https:\/\/www.sprachschule-aktiv-muenchen.de\/es\/wp-json\/wp\/v2\/media\/34119"}],"wp:attachment":[{"href":"https:\/\/www.sprachschule-aktiv-muenchen.de\/es\/wp-json\/wp\/v2\/media?parent=22196"}],"wp:term":[{"taxonomy":"category","embeddable":true,"href":"https:\/\/www.sprachschule-aktiv-muenchen.de\/es\/wp-json\/wp\/v2\/categories?post=22196"},{"taxonomy":"post_tag","embeddable":true,"href":"https:\/\/www.sprachschule-aktiv-muenchen.de\/es\/wp-json\/wp\/v2\/tags?post=22196"}],"curies":[{"name":"wp","href":"https:\/\/api.w.org\/{rel}","templated":true}]}}